{"id":177,"date":"2012-02-28T20:27:33","date_gmt":"2012-02-28T19:27:33","guid":{"rendered":"http:\/\/kdljungby.wordpress.com\/?p=115"},"modified":"2012-02-28T20:27:33","modified_gmt":"2012-02-28T19:27:33","slug":"officiella-uttalanden-fran-kristdemokraterna-i-ljungby-avseende-ljungby-energis-styrelse-2","status":"publish","type":"post","link":"https:\/\/wp.kristdemokraterna.se\/ljungby\/officiella-uttalanden-fran-kristdemokraterna-i-ljungby-avseende-ljungby-energis-styrelse-2\/","title":{"rendered":"Officiella uttalanden fr\u00e5n Kristdemokraterna i Ljungby avseende Ljungby Energis styrelse"},"content":{"rendered":"<p>Med anledning av att Ljungby kommunfullm\u00e4ktige med siffrorna 37 mot 12 valt att avs\u00e4tta Ljungby Energis Styrelse med bl.a. Ordf\u00f6rande Christer Henriksson (KD) och ers\u00e4ttare Josef Tingbratt (KD) p.g.a. vad som s\u00e4gs vara &#8221;bristande f\u00f6rtroende&#8221; v\u00e4ljer vi att publicera v\u00e5r reservation avseende beslutet:<\/p>\n<blockquote><p><strong>RESERVATION<\/strong><\/p>\n<p>Vi reservarar oss mot beslutet att avs\u00e4tta styrelsen f\u00f6r Ljungby Energi AB.<\/p>\n<p>Av handlingarna i \u00e4rendet framg\u00e5r inte n\u00e5got sakligt sk\u00e4l f\u00f6r beslutet. Av<br \/>\ndebatten har emellertid framg\u00e5tt att anledningen <strong>INTE<\/strong> \u00e4r att styrelsen missk\u00f6tt sitt uppdrag. Anledningen \u00e4r att styrelsen f\u00f6rlorat sitt f\u00f6rtroende genom att inte se till att bolagets vd och \u00f6vrig personal inte uttalar sig i fr\u00e5gor r\u00f6rande Ljungby kommuns avkastningskrav och krav p\u00e5 utdelning fr\u00e5n bolaget. Styrelsen har med andra ord inte satt munkavel p\u00e5 bolagets personal.<\/p>\n<p>Vi anser att det finns en grundlagsskyddad yttrandefrihet i Sverige. En styrelse kan d\u00e4rf\u00f6r inte f\u00f6rbjuda ett bolags personal att uttala sig. Vi anser att yttrande-<br \/>\nfriheten \u00e4r en grundsten i den svenska demokratin. Mot denna bakgrund anser vi att det \u00e4r b\u00e5de uppseendev\u00e4ckande och skamligt att en majoritet av ledam\u00f6terna i Ljungby kommunfullm\u00e4ktige inte delar denna f\u00f6r oss sj\u00e4lvklara v\u00e4rdegrund.<\/p>\n<p><em>Nils-Erik Wetter (KD) Mats Karlsson (KD)<\/em><\/p><\/blockquote>\n<p>&nbsp;<\/p>\n","protected":false},"excerpt":{"rendered":"<p>Med anledning av att Ljungby kommunfullm\u00e4ktige med siffrorna 37 mot 12 valt att avs\u00e4tta Ljungby Energis Styrelse med bl.a. Ordf\u00f6rande Christer Henriksson (KD) och ers\u00e4ttare Josef Tingbratt (KD) p.g.a. vad som s\u00e4gs vara &#8221;bristande f\u00f6rtroende&#8221; v\u00e4ljer vi att publicera v\u00e5r reservation avseende beslutet: RESERVATION Vi reservarar oss mot beslutet att avs\u00e4tta styrelsen f\u00f6r Ljungby Energi <a class=\"read-more-link\" href=\"https:\/\/wp.kristdemokraterna.se\/ljungby\/officiella-uttalanden-fran-kristdemokraterna-i-ljungby-avseende-ljungby-energis-styrelse-2\/\">Read More<\/a><\/p>\n","protected":false},"author":434,"featured_media":0,"comment_status":"open","ping_status":"open","sticky":false,"template":"","format":"standard","meta":{"_acf_changed":false,"footnotes":""},"categories":[4,5,9],"tags":[],"class_list":["post-177","post","type-post","status-publish","format-standard","hentry","category-debattinlagg","category-information","category-rostforklaringar"],"acf":[],"yoast_head":"<!-- This site is optimized with the Yoast SEO plugin v27.4 - https:\/\/yoast.com\/product\/yoast-seo-wordpress\/ -->\n<title>Officiella uttalanden fr\u00e5n Kristdemokraterna i Ljungby avseende Ljungby Energis styrelse - Kristdemokraterna Ljungby<\/title>\n<meta name=\"robots\" content=\"index, follow, max-snippet:-1, max-image-preview:large, max-video-preview:-1\" \/>\n<link rel=\"canonical\" href=\"https:\/\/wp.kristdemokraterna.se\/ljungby\/officiella-uttalanden-fran-kristdemokraterna-i-ljungby-avseende-ljungby-energis-styrelse-2\/\" \/>\n<meta property=\"og:locale\" content=\"sv_SE\" \/>\n<meta property=\"og:type\" content=\"article\" \/>\n<meta property=\"og:title\" content=\"Officiella uttalanden fr\u00e5n Kristdemokraterna i Ljungby avseende Ljungby Energis styrelse - Kristdemokraterna Ljungby\" \/>\n<meta property=\"og:description\" content=\"Med anledning av att Ljungby kommunfullm\u00e4ktige med siffrorna 37 mot 12 valt att avs\u00e4tta Ljungby Energis Styrelse med bl.a. Ordf\u00f6rande Christer Henriksson (KD) och ers\u00e4ttare Josef Tingbratt (KD) p.g.a. vad som s\u00e4gs vara &#8221;bristande f\u00f6rtroende&#8221; v\u00e4ljer vi att publicera v\u00e5r reservation avseende beslutet: RESERVATION Vi reservarar oss mot beslutet att avs\u00e4tta styrelsen f\u00f6r Ljungby Energi Read More\" \/>\n<meta property=\"og:url\" content=\"https:\/\/wp.kristdemokraterna.se\/ljungby\/officiella-uttalanden-fran-kristdemokraterna-i-ljungby-avseende-ljungby-energis-styrelse-2\/\" \/>\n<meta property=\"og:site_name\" content=\"Kristdemokraterna Ljungby\" \/>\n<meta property=\"article:published_time\" content=\"2012-02-28T19:27:33+00:00\" \/>\n<meta name=\"author\" content=\"ljungby\" \/>\n<meta name=\"twitter:card\" content=\"summary_large_image\" \/>\n<meta name=\"twitter:label1\" content=\"Skriven av\" \/>\n\t<meta name=\"twitter:data1\" content=\"ljungby\" \/>\n\t<meta name=\"twitter:label2\" content=\"Ber\u00e4knad l\u00e4stid\" \/>\n\t<meta name=\"twitter:data2\" content=\"1 minut\" \/>\n<script type=\"application\/ld+json\" class=\"yoast-schema-graph\">{\"@context\":\"https:\\\/\\\/schema.org\",\"@graph\":[{\"@type\":\"Article\",\"@id\":\"https:\\\/\\\/wp.kristdemokraterna.se\\\/ljungby\\\/officiella-uttalanden-fran-kristdemokraterna-i-ljungby-avseende-ljungby-energis-styrelse-2\\\/#article\",\"isPartOf\":{\"@id\":\"https:\\\/\\\/wp.kristdemokraterna.se\\\/ljungby\\\/officiella-uttalanden-fran-kristdemokraterna-i-ljungby-avseende-ljungby-energis-styrelse-2\\\/\"},\"author\":{\"name\":\"ljungby\",\"@id\":\"https:\\\/\\\/wp.kristdemokraterna.se\\\/ljungby\\\/#\\\/schema\\\/person\\\/ada662c5d4d309d880402ec01bfa9fc3\"},\"headline\":\"Officiella uttalanden fr\u00e5n Kristdemokraterna i Ljungby avseende Ljungby Energis styrelse\",\"datePublished\":\"2012-02-28T19:27:33+00:00\",\"mainEntityOfPage\":{\"@id\":\"https:\\\/\\\/wp.kristdemokraterna.se\\\/ljungby\\\/officiella-uttalanden-fran-kristdemokraterna-i-ljungby-avseende-ljungby-energis-styrelse-2\\\/\"},\"wordCount\":236,\"commentCount\":0,\"articleSection\":[\"Debattinl\u00e4gg\",\"Information\",\"R\u00f6stf\u00f6rklaringar\"],\"inLanguage\":\"sv-SE\"},{\"@type\":\"WebPage\",\"@id\":\"https:\\\/\\\/wp.kristdemokraterna.se\\\/ljungby\\\/officiella-uttalanden-fran-kristdemokraterna-i-ljungby-avseende-ljungby-energis-styrelse-2\\\/\",\"url\":\"https:\\\/\\\/wp.kristdemokraterna.se\\\/ljungby\\\/officiella-uttalanden-fran-kristdemokraterna-i-ljungby-avseende-ljungby-energis-styrelse-2\\\/\",\"name\":\"Officiella uttalanden fr\u00e5n Kristdemokraterna i Ljungby avseende Ljungby Energis styrelse - Kristdemokraterna Ljungby\",\"isPartOf\":{\"@id\":\"https:\\\/\\\/wp.kristdemokraterna.se\\\/ljungby\\\/#website\"},\"datePublished\":\"2012-02-28T19:27:33+00:00\",\"author\":{\"@id\":\"https:\\\/\\\/wp.kristdemokraterna.se\\\/ljungby\\\/#\\\/schema\\\/person\\\/ada662c5d4d309d880402ec01bfa9fc3\"},\"breadcrumb\":{\"@id\":\"https:\\\/\\\/wp.kristdemokraterna.se\\\/ljungby\\\/officiella-uttalanden-fran-kristdemokraterna-i-ljungby-avseende-ljungby-energis-styrelse-2\\\/#breadcrumb\"},\"inLanguage\":\"sv-SE\",\"potentialAction\":[{\"@type\":\"ReadAction\",\"target\":[\"https:\\\/\\\/wp.kristdemokraterna.se\\\/ljungby\\\/officiella-uttalanden-fran-kristdemokraterna-i-ljungby-avseende-ljungby-energis-styrelse-2\\\/\"]}]},{\"@type\":\"BreadcrumbList\",\"@id\":\"https:\\\/\\\/wp.kristdemokraterna.se\\\/ljungby\\\/officiella-uttalanden-fran-kristdemokraterna-i-ljungby-avseende-ljungby-energis-styrelse-2\\\/#breadcrumb\",\"itemListElement\":[{\"@type\":\"ListItem\",\"position\":1,\"name\":\"Hem\",\"item\":\"https:\\\/\\\/wp.kristdemokraterna.se\\\/ljungby\\\/\"},{\"@type\":\"ListItem\",\"position\":2,\"name\":\"Officiella uttalanden fr\u00e5n Kristdemokraterna i Ljungby avseende Ljungby Energis styrelse\"}]},{\"@type\":\"WebSite\",\"@id\":\"https:\\\/\\\/wp.kristdemokraterna.se\\\/ljungby\\\/#website\",\"url\":\"https:\\\/\\\/wp.kristdemokraterna.se\\\/ljungby\\\/\",\"name\":\"Kristdemokraterna Ljungby\",\"description\":\"\",\"inLanguage\":\"sv-SE\"},{\"@type\":\"Person\",\"@id\":\"https:\\\/\\\/wp.kristdemokraterna.se\\\/ljungby\\\/#\\\/schema\\\/person\\\/ada662c5d4d309d880402ec01bfa9fc3\",\"name\":\"ljungby\",\"image\":{\"@type\":\"ImageObject\",\"inLanguage\":\"sv-SE\",\"@id\":\"https:\\\/\\\/secure.gravatar.com\\\/avatar\\\/c094a9577724be90ddee7ea9cac26c1171055fef8cdee8b46ee0cfed89509ab1?s=96&r=g\",\"url\":\"https:\\\/\\\/secure.gravatar.com\\\/avatar\\\/c094a9577724be90ddee7ea9cac26c1171055fef8cdee8b46ee0cfed89509ab1?s=96&r=g\",\"contentUrl\":\"https:\\\/\\\/secure.gravatar.com\\\/avatar\\\/c094a9577724be90ddee7ea9cac26c1171055fef8cdee8b46ee0cfed89509ab1?s=96&r=g\",\"caption\":\"ljungby\"},\"url\":\"https:\\\/\\\/wp.kristdemokraterna.se\\\/ljungby\\\/author\\\/ljungby\\\/\"}]}<\/script>\n<!-- \/ Yoast SEO plugin. -->","yoast_head_json":{"title":"Officiella uttalanden fr\u00e5n Kristdemokraterna i Ljungby avseende Ljungby Energis styrelse - Kristdemokraterna Ljungby","robots":{"index":"index","follow":"follow","max-snippet":"max-snippet:-1","max-image-preview":"max-image-preview:large","max-video-preview":"max-video-preview:-1"},"canonical":"https:\/\/wp.kristdemokraterna.se\/ljungby\/officiella-uttalanden-fran-kristdemokraterna-i-ljungby-avseende-ljungby-energis-styrelse-2\/","og_locale":"sv_SE","og_type":"article","og_title":"Officiella uttalanden fr\u00e5n Kristdemokraterna i Ljungby avseende Ljungby Energis styrelse - Kristdemokraterna Ljungby","og_description":"Med anledning av att Ljungby kommunfullm\u00e4ktige med siffrorna 37 mot 12 valt att avs\u00e4tta Ljungby Energis Styrelse med bl.a. Ordf\u00f6rande Christer Henriksson (KD) och ers\u00e4ttare Josef Tingbratt (KD) p.g.a. vad som s\u00e4gs vara &#8221;bristande f\u00f6rtroende&#8221; v\u00e4ljer vi att publicera v\u00e5r reservation avseende beslutet: RESERVATION Vi reservarar oss mot beslutet att avs\u00e4tta styrelsen f\u00f6r Ljungby Energi Read More","og_url":"https:\/\/wp.kristdemokraterna.se\/ljungby\/officiella-uttalanden-fran-kristdemokraterna-i-ljungby-avseende-ljungby-energis-styrelse-2\/","og_site_name":"Kristdemokraterna Ljungby","article_published_time":"2012-02-28T19:27:33+00:00","author":"ljungby","twitter_card":"summary_large_image","twitter_misc":{"Skriven av":"ljungby","Ber\u00e4knad l\u00e4stid":"1 minut"},"schema":{"@context":"https:\/\/schema.org","@graph":[{"@type":"Article","@id":"https:\/\/wp.kristdemokraterna.se\/ljungby\/officiella-uttalanden-fran-kristdemokraterna-i-ljungby-avseende-ljungby-energis-styrelse-2\/#article","isPartOf":{"@id":"https:\/\/wp.kristdemokraterna.se\/ljungby\/officiella-uttalanden-fran-kristdemokraterna-i-ljungby-avseende-ljungby-energis-styrelse-2\/"},"author":{"name":"ljungby","@id":"https:\/\/wp.kristdemokraterna.se\/ljungby\/#\/schema\/person\/ada662c5d4d309d880402ec01bfa9fc3"},"headline":"Officiella uttalanden fr\u00e5n Kristdemokraterna i Ljungby avseende Ljungby Energis styrelse","datePublished":"2012-02-28T19:27:33+00:00","mainEntityOfPage":{"@id":"https:\/\/wp.kristdemokraterna.se\/ljungby\/officiella-uttalanden-fran-kristdemokraterna-i-ljungby-avseende-ljungby-energis-styrelse-2\/"},"wordCount":236,"commentCount":0,"articleSection":["Debattinl\u00e4gg","Information","R\u00f6stf\u00f6rklaringar"],"inLanguage":"sv-SE"},{"@type":"WebPage","@id":"https:\/\/wp.kristdemokraterna.se\/ljungby\/officiella-uttalanden-fran-kristdemokraterna-i-ljungby-avseende-ljungby-energis-styrelse-2\/","url":"https:\/\/wp.kristdemokraterna.se\/ljungby\/officiella-uttalanden-fran-kristdemokraterna-i-ljungby-avseende-ljungby-energis-styrelse-2\/","name":"Officiella uttalanden fr\u00e5n Kristdemokraterna i Ljungby avseende Ljungby Energis styrelse - Kristdemokraterna Ljungby","isPartOf":{"@id":"https:\/\/wp.kristdemokraterna.se\/ljungby\/#website"},"datePublished":"2012-02-28T19:27:33+00:00","author":{"@id":"https:\/\/wp.kristdemokraterna.se\/ljungby\/#\/schema\/person\/ada662c5d4d309d880402ec01bfa9fc3"},"breadcrumb":{"@id":"https:\/\/wp.kristdemokraterna.se\/ljungby\/officiella-uttalanden-fran-kristdemokraterna-i-ljungby-avseende-ljungby-energis-styrelse-2\/#breadcrumb"},"inLanguage":"sv-SE","potentialAction":[{"@type":"ReadAction","target":["https:\/\/wp.kristdemokraterna.se\/ljungby\/officiella-uttalanden-fran-kristdemokraterna-i-ljungby-avseende-ljungby-energis-styrelse-2\/"]}]},{"@type":"BreadcrumbList","@id":"https:\/\/wp.kristdemokraterna.se\/ljungby\/officiella-uttalanden-fran-kristdemokraterna-i-ljungby-avseende-ljungby-energis-styrelse-2\/#breadcrumb","itemListElement":[{"@type":"ListItem","position":1,"name":"Hem","item":"https:\/\/wp.kristdemokraterna.se\/ljungby\/"},{"@type":"ListItem","position":2,"name":"Officiella uttalanden fr\u00e5n Kristdemokraterna i Ljungby avseende Ljungby Energis styrelse"}]},{"@type":"WebSite","@id":"https:\/\/wp.kristdemokraterna.se\/ljungby\/#website","url":"https:\/\/wp.kristdemokraterna.se\/ljungby\/","name":"Kristdemokraterna Ljungby","description":"","inLanguage":"sv-SE"},{"@type":"Person","@id":"https:\/\/wp.kristdemokraterna.se\/ljungby\/#\/schema\/person\/ada662c5d4d309d880402ec01bfa9fc3","name":"ljungby","image":{"@type":"ImageObject","inLanguage":"sv-SE","@id":"https:\/\/secure.gravatar.com\/avatar\/c094a9577724be90ddee7ea9cac26c1171055fef8cdee8b46ee0cfed89509ab1?s=96&r=g","url":"https:\/\/secure.gravatar.com\/avatar\/c094a9577724be90ddee7ea9cac26c1171055fef8cdee8b46ee0cfed89509ab1?s=96&r=g","contentUrl":"https:\/\/secure.gravatar.com\/avatar\/c094a9577724be90ddee7ea9cac26c1171055fef8cdee8b46ee0cfed89509ab1?s=96&r=g","caption":"ljungby"},"url":"https:\/\/wp.kristdemokraterna.se\/ljungby\/author\/ljungby\/"}]}},"_links":{"self":[{"href":"https:\/\/wp.kristdemokraterna.se\/ljungby\/wp-json\/wp\/v2\/posts\/177","targetHints":{"allow":["GET"]}}],"collection":[{"href":"https:\/\/wp.kristdemokraterna.se\/ljungby\/wp-json\/wp\/v2\/posts"}],"about":[{"href":"https:\/\/wp.kristdemokraterna.se\/ljungby\/wp-json\/wp\/v2\/types\/post"}],"author":[{"embeddable":true,"href":"https:\/\/wp.kristdemokraterna.se\/ljungby\/wp-json\/wp\/v2\/users\/434"}],"replies":[{"embeddable":true,"href":"https:\/\/wp.kristdemokraterna.se\/ljungby\/wp-json\/wp\/v2\/comments?post=177"}],"version-history":[{"count":0,"href":"https:\/\/wp.kristdemokraterna.se\/ljungby\/wp-json\/wp\/v2\/posts\/177\/revisions"}],"wp:attachment":[{"href":"https:\/\/wp.kristdemokraterna.se\/ljungby\/wp-json\/wp\/v2\/media?parent=177"}],"wp:term":[{"taxonomy":"category","embeddable":true,"href":"https:\/\/wp.kristdemokraterna.se\/ljungby\/wp-json\/wp\/v2\/categories?post=177"},{"taxonomy":"post_tag","embeddable":true,"href":"https:\/\/wp.kristdemokraterna.se\/ljungby\/wp-json\/wp\/v2\/tags?post=177"}],"curies":[{"name":"wp","href":"https:\/\/api.w.org\/{rel}","templated":true}]}}