{"id":178,"date":"2012-02-28T23:02:28","date_gmt":"2012-02-28T22:02:28","guid":{"rendered":"http:\/\/kdljungby.wordpress.com\/?p=117"},"modified":"2012-02-28T23:02:28","modified_gmt":"2012-02-28T22:02:28","slug":"sarskilt-yttrande-avseende-ny-styrelse-i-ljungby-energi-2","status":"publish","type":"post","link":"https:\/\/wp.kristdemokraterna.se\/ljungby\/sarskilt-yttrande-avseende-ny-styrelse-i-ljungby-energi-2\/","title":{"rendered":"S\u00e4rskilt yttrande avseende ny styrelse i Ljungby Energi"},"content":{"rendered":"<p><strong>S\u00c4RSKILT YTTRANDE<\/strong><\/p>\n<p>Vi deltar inte i beslutet ang\u00e5ende tills\u00e4ttande av ny styrelse i Ljungby Energi AB.<\/p>\n<p>Vi anser att den avsatta styrelsen skulle f\u00e5tt sitta kvar d\u00e5 den hade s\u00e5v\u00e4l kompetens<br \/>\nsom erforderlig erfarenhet. De nu f\u00f6reslagna styrelseledam\u00f6terna saknar d\u00e4remot<br \/>\nenligt v\u00e5r mening s\u00e5v\u00e4l kompetens som erfarenhet samt respekt f\u00f6r Sveriges<br \/>\ngrundlagar med undantag f\u00f6r Successionsordningen.<\/p>\n<p>Nils-Erik Wetter (KD) Mats Karlsson (KD)<\/p>\n","protected":false},"excerpt":{"rendered":"<p>S\u00c4RSKILT YTTRANDE Vi deltar inte i beslutet ang\u00e5ende tills\u00e4ttande av ny styrelse i Ljungby Energi AB. Vi anser att den avsatta styrelsen skulle f\u00e5tt sitta kvar d\u00e5 den hade s\u00e5v\u00e4l kompetens som erforderlig erfarenhet. De nu f\u00f6reslagna styrelseledam\u00f6terna saknar d\u00e4remot enligt v\u00e5r mening s\u00e5v\u00e4l kompetens som erfarenhet samt respekt f\u00f6r Sveriges grundlagar med undantag f\u00f6r <a class=\"read-more-link\" href=\"https:\/\/wp.kristdemokraterna.se\/ljungby\/sarskilt-yttrande-avseende-ny-styrelse-i-ljungby-energi-2\/\">Read More<\/a><\/p>\n","protected":false},"author":434,"featured_media":0,"comment_status":"open","ping_status":"open","sticky":false,"template":"","format":"standard","meta":{"_acf_changed":false,"footnotes":""},"categories":[4,9],"tags":[],"class_list":["post-178","post","type-post","status-publish","format-standard","hentry","category-debattinlagg","category-rostforklaringar","post_format-post-format-standard"],"acf":[],"yoast_head":"<!-- This site is optimized with the Yoast SEO plugin v27.4 - https:\/\/yoast.com\/product\/yoast-seo-wordpress\/ -->\n<title>S\u00e4rskilt yttrande avseende ny styrelse i Ljungby Energi - Kristdemokraterna Ljungby<\/title>\n<meta name=\"robots\" content=\"index, follow, max-snippet:-1, max-image-preview:large, max-video-preview:-1\" \/>\n<link rel=\"canonical\" href=\"https:\/\/wp.kristdemokraterna.se\/ljungby\/sarskilt-yttrande-avseende-ny-styrelse-i-ljungby-energi-2\/\" \/>\n<meta property=\"og:locale\" content=\"sv_SE\" \/>\n<meta property=\"og:type\" content=\"article\" \/>\n<meta property=\"og:title\" content=\"S\u00e4rskilt yttrande avseende ny styrelse i Ljungby Energi - Kristdemokraterna Ljungby\" \/>\n<meta property=\"og:description\" content=\"S\u00c4RSKILT YTTRANDE Vi deltar inte i beslutet ang\u00e5ende tills\u00e4ttande av ny styrelse i Ljungby Energi AB. Vi anser att den avsatta styrelsen skulle f\u00e5tt sitta kvar d\u00e5 den hade s\u00e5v\u00e4l kompetens som erforderlig erfarenhet. De nu f\u00f6reslagna styrelseledam\u00f6terna saknar d\u00e4remot enligt v\u00e5r mening s\u00e5v\u00e4l kompetens som erfarenhet samt respekt f\u00f6r Sveriges grundlagar med undantag f\u00f6r Read More\" \/>\n<meta property=\"og:url\" content=\"https:\/\/wp.kristdemokraterna.se\/ljungby\/sarskilt-yttrande-avseende-ny-styrelse-i-ljungby-energi-2\/\" \/>\n<meta property=\"og:site_name\" content=\"Kristdemokraterna Ljungby\" \/>\n<meta property=\"article:published_time\" content=\"2012-02-28T22:02:28+00:00\" \/>\n<meta name=\"author\" content=\"ljungby\" \/>\n<meta name=\"twitter:card\" content=\"summary_large_image\" \/>\n<meta name=\"twitter:label1\" content=\"Skriven av\" \/>\n\t<meta name=\"twitter:data1\" content=\"ljungby\" \/>\n<script type=\"application\/ld+json\" class=\"yoast-schema-graph\">{\"@context\":\"https:\\\/\\\/schema.org\",\"@graph\":[{\"@type\":\"Article\",\"@id\":\"https:\\\/\\\/wp.kristdemokraterna.se\\\/ljungby\\\/sarskilt-yttrande-avseende-ny-styrelse-i-ljungby-energi-2\\\/#article\",\"isPartOf\":{\"@id\":\"https:\\\/\\\/wp.kristdemokraterna.se\\\/ljungby\\\/sarskilt-yttrande-avseende-ny-styrelse-i-ljungby-energi-2\\\/\"},\"author\":{\"name\":\"ljungby\",\"@id\":\"https:\\\/\\\/wp.kristdemokraterna.se\\\/ljungby\\\/#\\\/schema\\\/person\\\/ada662c5d4d309d880402ec01bfa9fc3\"},\"headline\":\"S\u00e4rskilt yttrande avseende ny styrelse i Ljungby Energi\",\"datePublished\":\"2012-02-28T22:02:28+00:00\",\"mainEntityOfPage\":{\"@id\":\"https:\\\/\\\/wp.kristdemokraterna.se\\\/ljungby\\\/sarskilt-yttrande-avseende-ny-styrelse-i-ljungby-energi-2\\\/\"},\"wordCount\":85,\"commentCount\":0,\"articleSection\":[\"Debattinl\u00e4gg\",\"R\u00f6stf\u00f6rklaringar\"],\"inLanguage\":\"sv-SE\"},{\"@type\":\"WebPage\",\"@id\":\"https:\\\/\\\/wp.kristdemokraterna.se\\\/ljungby\\\/sarskilt-yttrande-avseende-ny-styrelse-i-ljungby-energi-2\\\/\",\"url\":\"https:\\\/\\\/wp.kristdemokraterna.se\\\/ljungby\\\/sarskilt-yttrande-avseende-ny-styrelse-i-ljungby-energi-2\\\/\",\"name\":\"S\u00e4rskilt yttrande avseende ny styrelse i Ljungby Energi - Kristdemokraterna Ljungby\",\"isPartOf\":{\"@id\":\"https:\\\/\\\/wp.kristdemokraterna.se\\\/ljungby\\\/#website\"},\"datePublished\":\"2012-02-28T22:02:28+00:00\",\"author\":{\"@id\":\"https:\\\/\\\/wp.kristdemokraterna.se\\\/ljungby\\\/#\\\/schema\\\/person\\\/ada662c5d4d309d880402ec01bfa9fc3\"},\"breadcrumb\":{\"@id\":\"https:\\\/\\\/wp.kristdemokraterna.se\\\/ljungby\\\/sarskilt-yttrande-avseende-ny-styrelse-i-ljungby-energi-2\\\/#breadcrumb\"},\"inLanguage\":\"sv-SE\",\"potentialAction\":[{\"@type\":\"ReadAction\",\"target\":[\"https:\\\/\\\/wp.kristdemokraterna.se\\\/ljungby\\\/sarskilt-yttrande-avseende-ny-styrelse-i-ljungby-energi-2\\\/\"]}]},{\"@type\":\"BreadcrumbList\",\"@id\":\"https:\\\/\\\/wp.kristdemokraterna.se\\\/ljungby\\\/sarskilt-yttrande-avseende-ny-styrelse-i-ljungby-energi-2\\\/#breadcrumb\",\"itemListElement\":[{\"@type\":\"ListItem\",\"position\":1,\"name\":\"Hem\",\"item\":\"https:\\\/\\\/wp.kristdemokraterna.se\\\/ljungby\\\/\"},{\"@type\":\"ListItem\",\"position\":2,\"name\":\"S\u00e4rskilt yttrande avseende ny styrelse i Ljungby Energi\"}]},{\"@type\":\"WebSite\",\"@id\":\"https:\\\/\\\/wp.kristdemokraterna.se\\\/ljungby\\\/#website\",\"url\":\"https:\\\/\\\/wp.kristdemokraterna.se\\\/ljungby\\\/\",\"name\":\"Kristdemokraterna Ljungby\",\"description\":\"\",\"inLanguage\":\"sv-SE\"},{\"@type\":\"Person\",\"@id\":\"https:\\\/\\\/wp.kristdemokraterna.se\\\/ljungby\\\/#\\\/schema\\\/person\\\/ada662c5d4d309d880402ec01bfa9fc3\",\"name\":\"ljungby\",\"image\":{\"@type\":\"ImageObject\",\"inLanguage\":\"sv-SE\",\"@id\":\"https:\\\/\\\/secure.gravatar.com\\\/avatar\\\/c094a9577724be90ddee7ea9cac26c1171055fef8cdee8b46ee0cfed89509ab1?s=96&r=g\",\"url\":\"https:\\\/\\\/secure.gravatar.com\\\/avatar\\\/c094a9577724be90ddee7ea9cac26c1171055fef8cdee8b46ee0cfed89509ab1?s=96&r=g\",\"contentUrl\":\"https:\\\/\\\/secure.gravatar.com\\\/avatar\\\/c094a9577724be90ddee7ea9cac26c1171055fef8cdee8b46ee0cfed89509ab1?s=96&r=g\",\"caption\":\"ljungby\"},\"url\":\"https:\\\/\\\/wp.kristdemokraterna.se\\\/ljungby\\\/author\\\/ljungby\\\/\"}]}<\/script>\n<!-- \/ Yoast SEO plugin. -->","yoast_head_json":{"title":"S\u00e4rskilt yttrande avseende ny styrelse i Ljungby Energi - Kristdemokraterna Ljungby","robots":{"index":"index","follow":"follow","max-snippet":"max-snippet:-1","max-image-preview":"max-image-preview:large","max-video-preview":"max-video-preview:-1"},"canonical":"https:\/\/wp.kristdemokraterna.se\/ljungby\/sarskilt-yttrande-avseende-ny-styrelse-i-ljungby-energi-2\/","og_locale":"sv_SE","og_type":"article","og_title":"S\u00e4rskilt yttrande avseende ny styrelse i Ljungby Energi - Kristdemokraterna Ljungby","og_description":"S\u00c4RSKILT YTTRANDE Vi deltar inte i beslutet ang\u00e5ende tills\u00e4ttande av ny styrelse i Ljungby Energi AB. Vi anser att den avsatta styrelsen skulle f\u00e5tt sitta kvar d\u00e5 den hade s\u00e5v\u00e4l kompetens som erforderlig erfarenhet. De nu f\u00f6reslagna styrelseledam\u00f6terna saknar d\u00e4remot enligt v\u00e5r mening s\u00e5v\u00e4l kompetens som erfarenhet samt respekt f\u00f6r Sveriges grundlagar med undantag f\u00f6r Read More","og_url":"https:\/\/wp.kristdemokraterna.se\/ljungby\/sarskilt-yttrande-avseende-ny-styrelse-i-ljungby-energi-2\/","og_site_name":"Kristdemokraterna Ljungby","article_published_time":"2012-02-28T22:02:28+00:00","author":"ljungby","twitter_card":"summary_large_image","twitter_misc":{"Skriven av":"ljungby"},"schema":{"@context":"https:\/\/schema.org","@graph":[{"@type":"Article","@id":"https:\/\/wp.kristdemokraterna.se\/ljungby\/sarskilt-yttrande-avseende-ny-styrelse-i-ljungby-energi-2\/#article","isPartOf":{"@id":"https:\/\/wp.kristdemokraterna.se\/ljungby\/sarskilt-yttrande-avseende-ny-styrelse-i-ljungby-energi-2\/"},"author":{"name":"ljungby","@id":"https:\/\/wp.kristdemokraterna.se\/ljungby\/#\/schema\/person\/ada662c5d4d309d880402ec01bfa9fc3"},"headline":"S\u00e4rskilt yttrande avseende ny styrelse i Ljungby Energi","datePublished":"2012-02-28T22:02:28+00:00","mainEntityOfPage":{"@id":"https:\/\/wp.kristdemokraterna.se\/ljungby\/sarskilt-yttrande-avseende-ny-styrelse-i-ljungby-energi-2\/"},"wordCount":85,"commentCount":0,"articleSection":["Debattinl\u00e4gg","R\u00f6stf\u00f6rklaringar"],"inLanguage":"sv-SE"},{"@type":"WebPage","@id":"https:\/\/wp.kristdemokraterna.se\/ljungby\/sarskilt-yttrande-avseende-ny-styrelse-i-ljungby-energi-2\/","url":"https:\/\/wp.kristdemokraterna.se\/ljungby\/sarskilt-yttrande-avseende-ny-styrelse-i-ljungby-energi-2\/","name":"S\u00e4rskilt yttrande avseende ny styrelse i Ljungby Energi - Kristdemokraterna Ljungby","isPartOf":{"@id":"https:\/\/wp.kristdemokraterna.se\/ljungby\/#website"},"datePublished":"2012-02-28T22:02:28+00:00","author":{"@id":"https:\/\/wp.kristdemokraterna.se\/ljungby\/#\/schema\/person\/ada662c5d4d309d880402ec01bfa9fc3"},"breadcrumb":{"@id":"https:\/\/wp.kristdemokraterna.se\/ljungby\/sarskilt-yttrande-avseende-ny-styrelse-i-ljungby-energi-2\/#breadcrumb"},"inLanguage":"sv-SE","potentialAction":[{"@type":"ReadAction","target":["https:\/\/wp.kristdemokraterna.se\/ljungby\/sarskilt-yttrande-avseende-ny-styrelse-i-ljungby-energi-2\/"]}]},{"@type":"BreadcrumbList","@id":"https:\/\/wp.kristdemokraterna.se\/ljungby\/sarskilt-yttrande-avseende-ny-styrelse-i-ljungby-energi-2\/#breadcrumb","itemListElement":[{"@type":"ListItem","position":1,"name":"Hem","item":"https:\/\/wp.kristdemokraterna.se\/ljungby\/"},{"@type":"ListItem","position":2,"name":"S\u00e4rskilt yttrande avseende ny styrelse i Ljungby Energi"}]},{"@type":"WebSite","@id":"https:\/\/wp.kristdemokraterna.se\/ljungby\/#website","url":"https:\/\/wp.kristdemokraterna.se\/ljungby\/","name":"Kristdemokraterna Ljungby","description":"","inLanguage":"sv-SE"},{"@type":"Person","@id":"https:\/\/wp.kristdemokraterna.se\/ljungby\/#\/schema\/person\/ada662c5d4d309d880402ec01bfa9fc3","name":"ljungby","image":{"@type":"ImageObject","inLanguage":"sv-SE","@id":"https:\/\/secure.gravatar.com\/avatar\/c094a9577724be90ddee7ea9cac26c1171055fef8cdee8b46ee0cfed89509ab1?s=96&r=g","url":"https:\/\/secure.gravatar.com\/avatar\/c094a9577724be90ddee7ea9cac26c1171055fef8cdee8b46ee0cfed89509ab1?s=96&r=g","contentUrl":"https:\/\/secure.gravatar.com\/avatar\/c094a9577724be90ddee7ea9cac26c1171055fef8cdee8b46ee0cfed89509ab1?s=96&r=g","caption":"ljungby"},"url":"https:\/\/wp.kristdemokraterna.se\/ljungby\/author\/ljungby\/"}]}},"_links":{"self":[{"href":"https:\/\/wp.kristdemokraterna.se\/ljungby\/wp-json\/wp\/v2\/posts\/178","targetHints":{"allow":["GET"]}}],"collection":[{"href":"https:\/\/wp.kristdemokraterna.se\/ljungby\/wp-json\/wp\/v2\/posts"}],"about":[{"href":"https:\/\/wp.kristdemokraterna.se\/ljungby\/wp-json\/wp\/v2\/types\/post"}],"author":[{"embeddable":true,"href":"https:\/\/wp.kristdemokraterna.se\/ljungby\/wp-json\/wp\/v2\/users\/434"}],"replies":[{"embeddable":true,"href":"https:\/\/wp.kristdemokraterna.se\/ljungby\/wp-json\/wp\/v2\/comments?post=178"}],"version-history":[{"count":0,"href":"https:\/\/wp.kristdemokraterna.se\/ljungby\/wp-json\/wp\/v2\/posts\/178\/revisions"}],"wp:attachment":[{"href":"https:\/\/wp.kristdemokraterna.se\/ljungby\/wp-json\/wp\/v2\/media?parent=178"}],"wp:term":[{"taxonomy":"category","embeddable":true,"href":"https:\/\/wp.kristdemokraterna.se\/ljungby\/wp-json\/wp\/v2\/categories?post=178"},{"taxonomy":"post_tag","embeddable":true,"href":"https:\/\/wp.kristdemokraterna.se\/ljungby\/wp-json\/wp\/v2\/tags?post=178"}],"curies":[{"name":"wp","href":"https:\/\/api.w.org\/{rel}","templated":true}]}}