{"id":180,"date":"2012-04-30T09:43:00","date_gmt":"2012-04-30T08:43:00","guid":{"rendered":"http:\/\/kdljungby.wordpress.com\/?p=127"},"modified":"2012-04-30T09:43:00","modified_gmt":"2012-04-30T08:43:00","slug":"angaende-folkomrostningen-om-landsbygdsskolorna-2","status":"publish","type":"post","link":"https:\/\/wp.kristdemokraterna.se\/ljungby\/angaende-folkomrostningen-om-landsbygdsskolorna-2\/","title":{"rendered":"Ang\u00e5ende folkomr\u00f6stningen om landsbygdsskolorna"},"content":{"rendered":"<p>Kristdemokraterna st\u00e5r bakom kommunstyrelsens beslut att inte riva upp beslutet om nedl\u00e4ggningen av skolorna i Torpa, S\u00f6dra Ljunga och K\u00e5nna.<\/p>\n<p>Orsaken \u00e4r samma som Christer Henriksson angav i <a href=\"http:\/\/ljungby.lokaltidningen.se\/vad-hander-efter-folkomrostningen-\/20120322\/artikler\/703229993\" target=\"_blank\">Lokaltidningen<\/a>:<\/p>\n<blockquote><p><strong>Christer Henriksson (KD<\/strong>)<br \/>\n\u2013 Ljungby kommuns beslut i skolfr\u00e5gan f\u00f6regicks av en omfattande och intensiv debatt. D\u00e4refter avgjordes fr\u00e5gan i demokratisk ordning av kommunens h\u00f6gsta beslutande organ \u2013 kommunfullm\u00e4ktige. KD f\u00f6ljer av princip och \u00f6vertygelse demokratiskt fattade beslut s\u00e5 l\u00e4nge dessa inte strider mot lag<\/p><\/blockquote>\n<div id=\"afstandbr\">Folkomr\u00f6stningen hade historiskt l\u00e5ga siffror, endast 28% av inv\u00e5narna r\u00f6stade. Inte ens i de drabbade omr\u00e5dena lyckades valdeltagandet n\u00e5 \u00f6ver 50%.<\/div>\n<div>62 % av de som r\u00f6stade sade &#8221;Ja&#8221; till \u00e5teruppstart men det motsvarar endast 16,6% av kommunens inv\u00e5nare.<\/div>\n<div><\/div>\n<div>En \u00e5teruppstart av dessa skolor skulle p\u00e5 ganska kort sikt inneb\u00e4ra ytterligare utredningar om skolors nedl\u00e4ggning d\u00e5 antalet skolor m\u00e5ste minskas f\u00f6r att dels uppfylla nya skollagen samt s\u00e4kerst\u00e4lla en god kvalitet f\u00f6r alla elever i kommunen.<\/div>\n<div><\/div>\n<div>Knappa 17% av de r\u00f6stber\u00e4ttigade motsvarar inte de f\u00f6rv\u00e4ntningar vi har p\u00e5 ett demokratiskt beslut och vi v\u00e4ljer d\u00e4rf\u00f6r att l\u00e5ta beslutet om skolornas nedl\u00e4ggning kvarst\u00e5.<\/div>\n","protected":false},"excerpt":{"rendered":"<p>Kristdemokraterna st\u00e5r bakom kommunstyrelsens beslut att inte riva upp beslutet om nedl\u00e4ggningen av skolorna i Torpa, S\u00f6dra Ljunga och K\u00e5nna. Orsaken \u00e4r samma som Christer Henriksson angav i Lokaltidningen: Christer Henriksson (KD) \u2013 Ljungby kommuns beslut i skolfr\u00e5gan f\u00f6regicks av en omfattande och intensiv debatt. D\u00e4refter avgjordes fr\u00e5gan i demokratisk ordning av kommunens h\u00f6gsta beslutande <a class=\"read-more-link\" href=\"https:\/\/wp.kristdemokraterna.se\/ljungby\/angaende-folkomrostningen-om-landsbygdsskolorna-2\/\">Read More<\/a><\/p>\n","protected":false},"author":434,"featured_media":0,"comment_status":"open","ping_status":"open","sticky":false,"template":"","format":"standard","meta":{"_acf_changed":false,"footnotes":""},"categories":[4,9],"tags":[],"class_list":["post-180","post","type-post","status-publish","format-standard","hentry","category-debattinlagg","category-rostforklaringar"],"acf":[],"yoast_head":"<!-- This site is optimized with the Yoast SEO plugin v27.4 - https:\/\/yoast.com\/product\/yoast-seo-wordpress\/ -->\n<title>Ang\u00e5ende folkomr\u00f6stningen om landsbygdsskolorna - Kristdemokraterna Ljungby<\/title>\n<meta name=\"robots\" content=\"index, follow, max-snippet:-1, max-image-preview:large, max-video-preview:-1\" \/>\n<link rel=\"canonical\" href=\"https:\/\/wp.kristdemokraterna.se\/ljungby\/angaende-folkomrostningen-om-landsbygdsskolorna-2\/\" \/>\n<meta property=\"og:locale\" content=\"sv_SE\" \/>\n<meta property=\"og:type\" content=\"article\" \/>\n<meta property=\"og:title\" content=\"Ang\u00e5ende folkomr\u00f6stningen om landsbygdsskolorna - Kristdemokraterna Ljungby\" \/>\n<meta property=\"og:description\" content=\"Kristdemokraterna st\u00e5r bakom kommunstyrelsens beslut att inte riva upp beslutet om nedl\u00e4ggningen av skolorna i Torpa, S\u00f6dra Ljunga och K\u00e5nna. Orsaken \u00e4r samma som Christer Henriksson angav i Lokaltidningen: Christer Henriksson (KD) \u2013 Ljungby kommuns beslut i skolfr\u00e5gan f\u00f6regicks av en omfattande och intensiv debatt. D\u00e4refter avgjordes fr\u00e5gan i demokratisk ordning av kommunens h\u00f6gsta beslutande Read More\" \/>\n<meta property=\"og:url\" content=\"https:\/\/wp.kristdemokraterna.se\/ljungby\/angaende-folkomrostningen-om-landsbygdsskolorna-2\/\" \/>\n<meta property=\"og:site_name\" content=\"Kristdemokraterna Ljungby\" \/>\n<meta property=\"article:published_time\" content=\"2012-04-30T08:43:00+00:00\" \/>\n<meta name=\"author\" content=\"ljungby\" \/>\n<meta name=\"twitter:card\" content=\"summary_large_image\" \/>\n<meta name=\"twitter:label1\" content=\"Skriven av\" \/>\n\t<meta name=\"twitter:data1\" content=\"ljungby\" \/>\n\t<meta name=\"twitter:label2\" content=\"Ber\u00e4knad l\u00e4stid\" \/>\n\t<meta name=\"twitter:data2\" content=\"1 minut\" \/>\n<script type=\"application\/ld+json\" class=\"yoast-schema-graph\">{\"@context\":\"https:\\\/\\\/schema.org\",\"@graph\":[{\"@type\":\"Article\",\"@id\":\"https:\\\/\\\/wp.kristdemokraterna.se\\\/ljungby\\\/angaende-folkomrostningen-om-landsbygdsskolorna-2\\\/#article\",\"isPartOf\":{\"@id\":\"https:\\\/\\\/wp.kristdemokraterna.se\\\/ljungby\\\/angaende-folkomrostningen-om-landsbygdsskolorna-2\\\/\"},\"author\":{\"name\":\"ljungby\",\"@id\":\"https:\\\/\\\/wp.kristdemokraterna.se\\\/ljungby\\\/#\\\/schema\\\/person\\\/ada662c5d4d309d880402ec01bfa9fc3\"},\"headline\":\"Ang\u00e5ende folkomr\u00f6stningen om landsbygdsskolorna\",\"datePublished\":\"2012-04-30T08:43:00+00:00\",\"mainEntityOfPage\":{\"@id\":\"https:\\\/\\\/wp.kristdemokraterna.se\\\/ljungby\\\/angaende-folkomrostningen-om-landsbygdsskolorna-2\\\/\"},\"wordCount\":209,\"commentCount\":0,\"articleSection\":[\"Debattinl\u00e4gg\",\"R\u00f6stf\u00f6rklaringar\"],\"inLanguage\":\"sv-SE\"},{\"@type\":\"WebPage\",\"@id\":\"https:\\\/\\\/wp.kristdemokraterna.se\\\/ljungby\\\/angaende-folkomrostningen-om-landsbygdsskolorna-2\\\/\",\"url\":\"https:\\\/\\\/wp.kristdemokraterna.se\\\/ljungby\\\/angaende-folkomrostningen-om-landsbygdsskolorna-2\\\/\",\"name\":\"Ang\u00e5ende folkomr\u00f6stningen om landsbygdsskolorna - Kristdemokraterna Ljungby\",\"isPartOf\":{\"@id\":\"https:\\\/\\\/wp.kristdemokraterna.se\\\/ljungby\\\/#website\"},\"datePublished\":\"2012-04-30T08:43:00+00:00\",\"author\":{\"@id\":\"https:\\\/\\\/wp.kristdemokraterna.se\\\/ljungby\\\/#\\\/schema\\\/person\\\/ada662c5d4d309d880402ec01bfa9fc3\"},\"breadcrumb\":{\"@id\":\"https:\\\/\\\/wp.kristdemokraterna.se\\\/ljungby\\\/angaende-folkomrostningen-om-landsbygdsskolorna-2\\\/#breadcrumb\"},\"inLanguage\":\"sv-SE\",\"potentialAction\":[{\"@type\":\"ReadAction\",\"target\":[\"https:\\\/\\\/wp.kristdemokraterna.se\\\/ljungby\\\/angaende-folkomrostningen-om-landsbygdsskolorna-2\\\/\"]}]},{\"@type\":\"BreadcrumbList\",\"@id\":\"https:\\\/\\\/wp.kristdemokraterna.se\\\/ljungby\\\/angaende-folkomrostningen-om-landsbygdsskolorna-2\\\/#breadcrumb\",\"itemListElement\":[{\"@type\":\"ListItem\",\"position\":1,\"name\":\"Hem\",\"item\":\"https:\\\/\\\/wp.kristdemokraterna.se\\\/ljungby\\\/\"},{\"@type\":\"ListItem\",\"position\":2,\"name\":\"Ang\u00e5ende folkomr\u00f6stningen om landsbygdsskolorna\"}]},{\"@type\":\"WebSite\",\"@id\":\"https:\\\/\\\/wp.kristdemokraterna.se\\\/ljungby\\\/#website\",\"url\":\"https:\\\/\\\/wp.kristdemokraterna.se\\\/ljungby\\\/\",\"name\":\"Kristdemokraterna Ljungby\",\"description\":\"\",\"inLanguage\":\"sv-SE\"},{\"@type\":\"Person\",\"@id\":\"https:\\\/\\\/wp.kristdemokraterna.se\\\/ljungby\\\/#\\\/schema\\\/person\\\/ada662c5d4d309d880402ec01bfa9fc3\",\"name\":\"ljungby\",\"image\":{\"@type\":\"ImageObject\",\"inLanguage\":\"sv-SE\",\"@id\":\"https:\\\/\\\/secure.gravatar.com\\\/avatar\\\/c094a9577724be90ddee7ea9cac26c1171055fef8cdee8b46ee0cfed89509ab1?s=96&r=g\",\"url\":\"https:\\\/\\\/secure.gravatar.com\\\/avatar\\\/c094a9577724be90ddee7ea9cac26c1171055fef8cdee8b46ee0cfed89509ab1?s=96&r=g\",\"contentUrl\":\"https:\\\/\\\/secure.gravatar.com\\\/avatar\\\/c094a9577724be90ddee7ea9cac26c1171055fef8cdee8b46ee0cfed89509ab1?s=96&r=g\",\"caption\":\"ljungby\"},\"url\":\"https:\\\/\\\/wp.kristdemokraterna.se\\\/ljungby\\\/author\\\/ljungby\\\/\"}]}<\/script>\n<!-- \/ Yoast SEO plugin. -->","yoast_head_json":{"title":"Ang\u00e5ende folkomr\u00f6stningen om landsbygdsskolorna - Kristdemokraterna Ljungby","robots":{"index":"index","follow":"follow","max-snippet":"max-snippet:-1","max-image-preview":"max-image-preview:large","max-video-preview":"max-video-preview:-1"},"canonical":"https:\/\/wp.kristdemokraterna.se\/ljungby\/angaende-folkomrostningen-om-landsbygdsskolorna-2\/","og_locale":"sv_SE","og_type":"article","og_title":"Ang\u00e5ende folkomr\u00f6stningen om landsbygdsskolorna - Kristdemokraterna Ljungby","og_description":"Kristdemokraterna st\u00e5r bakom kommunstyrelsens beslut att inte riva upp beslutet om nedl\u00e4ggningen av skolorna i Torpa, S\u00f6dra Ljunga och K\u00e5nna. Orsaken \u00e4r samma som Christer Henriksson angav i Lokaltidningen: Christer Henriksson (KD) \u2013 Ljungby kommuns beslut i skolfr\u00e5gan f\u00f6regicks av en omfattande och intensiv debatt. D\u00e4refter avgjordes fr\u00e5gan i demokratisk ordning av kommunens h\u00f6gsta beslutande Read More","og_url":"https:\/\/wp.kristdemokraterna.se\/ljungby\/angaende-folkomrostningen-om-landsbygdsskolorna-2\/","og_site_name":"Kristdemokraterna Ljungby","article_published_time":"2012-04-30T08:43:00+00:00","author":"ljungby","twitter_card":"summary_large_image","twitter_misc":{"Skriven av":"ljungby","Ber\u00e4knad l\u00e4stid":"1 minut"},"schema":{"@context":"https:\/\/schema.org","@graph":[{"@type":"Article","@id":"https:\/\/wp.kristdemokraterna.se\/ljungby\/angaende-folkomrostningen-om-landsbygdsskolorna-2\/#article","isPartOf":{"@id":"https:\/\/wp.kristdemokraterna.se\/ljungby\/angaende-folkomrostningen-om-landsbygdsskolorna-2\/"},"author":{"name":"ljungby","@id":"https:\/\/wp.kristdemokraterna.se\/ljungby\/#\/schema\/person\/ada662c5d4d309d880402ec01bfa9fc3"},"headline":"Ang\u00e5ende folkomr\u00f6stningen om landsbygdsskolorna","datePublished":"2012-04-30T08:43:00+00:00","mainEntityOfPage":{"@id":"https:\/\/wp.kristdemokraterna.se\/ljungby\/angaende-folkomrostningen-om-landsbygdsskolorna-2\/"},"wordCount":209,"commentCount":0,"articleSection":["Debattinl\u00e4gg","R\u00f6stf\u00f6rklaringar"],"inLanguage":"sv-SE"},{"@type":"WebPage","@id":"https:\/\/wp.kristdemokraterna.se\/ljungby\/angaende-folkomrostningen-om-landsbygdsskolorna-2\/","url":"https:\/\/wp.kristdemokraterna.se\/ljungby\/angaende-folkomrostningen-om-landsbygdsskolorna-2\/","name":"Ang\u00e5ende folkomr\u00f6stningen om landsbygdsskolorna - Kristdemokraterna Ljungby","isPartOf":{"@id":"https:\/\/wp.kristdemokraterna.se\/ljungby\/#website"},"datePublished":"2012-04-30T08:43:00+00:00","author":{"@id":"https:\/\/wp.kristdemokraterna.se\/ljungby\/#\/schema\/person\/ada662c5d4d309d880402ec01bfa9fc3"},"breadcrumb":{"@id":"https:\/\/wp.kristdemokraterna.se\/ljungby\/angaende-folkomrostningen-om-landsbygdsskolorna-2\/#breadcrumb"},"inLanguage":"sv-SE","potentialAction":[{"@type":"ReadAction","target":["https:\/\/wp.kristdemokraterna.se\/ljungby\/angaende-folkomrostningen-om-landsbygdsskolorna-2\/"]}]},{"@type":"BreadcrumbList","@id":"https:\/\/wp.kristdemokraterna.se\/ljungby\/angaende-folkomrostningen-om-landsbygdsskolorna-2\/#breadcrumb","itemListElement":[{"@type":"ListItem","position":1,"name":"Hem","item":"https:\/\/wp.kristdemokraterna.se\/ljungby\/"},{"@type":"ListItem","position":2,"name":"Ang\u00e5ende folkomr\u00f6stningen om landsbygdsskolorna"}]},{"@type":"WebSite","@id":"https:\/\/wp.kristdemokraterna.se\/ljungby\/#website","url":"https:\/\/wp.kristdemokraterna.se\/ljungby\/","name":"Kristdemokraterna Ljungby","description":"","inLanguage":"sv-SE"},{"@type":"Person","@id":"https:\/\/wp.kristdemokraterna.se\/ljungby\/#\/schema\/person\/ada662c5d4d309d880402ec01bfa9fc3","name":"ljungby","image":{"@type":"ImageObject","inLanguage":"sv-SE","@id":"https:\/\/secure.gravatar.com\/avatar\/c094a9577724be90ddee7ea9cac26c1171055fef8cdee8b46ee0cfed89509ab1?s=96&r=g","url":"https:\/\/secure.gravatar.com\/avatar\/c094a9577724be90ddee7ea9cac26c1171055fef8cdee8b46ee0cfed89509ab1?s=96&r=g","contentUrl":"https:\/\/secure.gravatar.com\/avatar\/c094a9577724be90ddee7ea9cac26c1171055fef8cdee8b46ee0cfed89509ab1?s=96&r=g","caption":"ljungby"},"url":"https:\/\/wp.kristdemokraterna.se\/ljungby\/author\/ljungby\/"}]}},"_links":{"self":[{"href":"https:\/\/wp.kristdemokraterna.se\/ljungby\/wp-json\/wp\/v2\/posts\/180","targetHints":{"allow":["GET"]}}],"collection":[{"href":"https:\/\/wp.kristdemokraterna.se\/ljungby\/wp-json\/wp\/v2\/posts"}],"about":[{"href":"https:\/\/wp.kristdemokraterna.se\/ljungby\/wp-json\/wp\/v2\/types\/post"}],"author":[{"embeddable":true,"href":"https:\/\/wp.kristdemokraterna.se\/ljungby\/wp-json\/wp\/v2\/users\/434"}],"replies":[{"embeddable":true,"href":"https:\/\/wp.kristdemokraterna.se\/ljungby\/wp-json\/wp\/v2\/comments?post=180"}],"version-history":[{"count":0,"href":"https:\/\/wp.kristdemokraterna.se\/ljungby\/wp-json\/wp\/v2\/posts\/180\/revisions"}],"wp:attachment":[{"href":"https:\/\/wp.kristdemokraterna.se\/ljungby\/wp-json\/wp\/v2\/media?parent=180"}],"wp:term":[{"taxonomy":"category","embeddable":true,"href":"https:\/\/wp.kristdemokraterna.se\/ljungby\/wp-json\/wp\/v2\/categories?post=180"},{"taxonomy":"post_tag","embeddable":true,"href":"https:\/\/wp.kristdemokraterna.se\/ljungby\/wp-json\/wp\/v2\/tags?post=180"}],"curies":[{"name":"wp","href":"https:\/\/api.w.org\/{rel}","templated":true}]}}