{"id":181,"date":"2012-04-12T09:38:33","date_gmt":"2012-04-12T08:38:33","guid":{"rendered":"http:\/\/kdljungby.wordpress.com\/?p=129"},"modified":"2012-04-12T09:38:33","modified_gmt":"2012-04-12T08:38:33","slug":"missa-inte-utbildningsdagen-i-vaxjo-med-goran-hagglund","status":"publish","type":"post","link":"https:\/\/wp.kristdemokraterna.se\/ljungby\/missa-inte-utbildningsdagen-i-vaxjo-med-goran-hagglund\/","title":{"rendered":"Missa inte utbildningsdagen i V\u00e4xj\u00f6 med G\u00f6ran H\u00e4gglund"},"content":{"rendered":"<p>Den 5\/5 kommer G\u00f6ran H\u00e4gglund och Sofia Modigh till V\u00e4xj\u00f6 f\u00f6r att h\u00e5lla i en utbildningsdag. F\u00f6r mer info se l\u00e4nken nedan.<\/p>\n<p>&nbsp;<\/p>\n<p><a href=\"http:\/\/kdljungby.files.wordpress.com\/2012\/04\/kdvaxjo_utbildningsdag120505_92015-kopia.pdf\">Utbildningsdag i V\u00e4xj\u00f6 med G\u00f6ran H\u00e4gglund<\/a><\/p>\n","protected":false},"excerpt":{"rendered":"<p>Den 5\/5 kommer G\u00f6ran H\u00e4gglund och Sofia Modigh till V\u00e4xj\u00f6 f\u00f6r att h\u00e5lla i en utbildningsdag. F\u00f6r mer info se l\u00e4nken nedan. &nbsp; Utbildningsdag i V\u00e4xj\u00f6 med G\u00f6ran H\u00e4gglund<\/p>\n","protected":false},"author":434,"featured_media":0,"comment_status":"open","ping_status":"open","sticky":false,"template":"","format":"standard","meta":{"_acf_changed":false,"footnotes":""},"categories":[3],"tags":[],"class_list":["post-181","post","type-post","status-publish","format-standard","hentry","category-inbjudningar"],"acf":[],"yoast_head":"<!-- This site is optimized with the Yoast SEO plugin v27.4 - https:\/\/yoast.com\/product\/yoast-seo-wordpress\/ -->\n<title>Missa inte utbildningsdagen i V\u00e4xj\u00f6 med G\u00f6ran H\u00e4gglund - Kristdemokraterna Ljungby<\/title>\n<meta name=\"robots\" content=\"index, follow, max-snippet:-1, max-image-preview:large, max-video-preview:-1\" \/>\n<link rel=\"canonical\" href=\"https:\/\/wp.kristdemokraterna.se\/ljungby\/missa-inte-utbildningsdagen-i-vaxjo-med-goran-hagglund\/\" \/>\n<meta property=\"og:locale\" content=\"sv_SE\" \/>\n<meta property=\"og:type\" content=\"article\" \/>\n<meta property=\"og:title\" content=\"Missa inte utbildningsdagen i V\u00e4xj\u00f6 med G\u00f6ran H\u00e4gglund - Kristdemokraterna Ljungby\" \/>\n<meta property=\"og:description\" content=\"Den 5\/5 kommer G\u00f6ran H\u00e4gglund och Sofia Modigh till V\u00e4xj\u00f6 f\u00f6r att h\u00e5lla i en utbildningsdag. F\u00f6r mer info se l\u00e4nken nedan. &nbsp; Utbildningsdag i V\u00e4xj\u00f6 med G\u00f6ran H\u00e4gglund\" \/>\n<meta property=\"og:url\" content=\"https:\/\/wp.kristdemokraterna.se\/ljungby\/missa-inte-utbildningsdagen-i-vaxjo-med-goran-hagglund\/\" \/>\n<meta property=\"og:site_name\" content=\"Kristdemokraterna Ljungby\" \/>\n<meta property=\"article:published_time\" content=\"2012-04-12T08:38:33+00:00\" \/>\n<meta name=\"author\" content=\"ljungby\" \/>\n<meta name=\"twitter:card\" content=\"summary_large_image\" \/>\n<meta name=\"twitter:label1\" content=\"Skriven av\" \/>\n\t<meta name=\"twitter:data1\" content=\"ljungby\" \/>\n<script type=\"application\/ld+json\" class=\"yoast-schema-graph\">{\"@context\":\"https:\\\/\\\/schema.org\",\"@graph\":[{\"@type\":\"Article\",\"@id\":\"https:\\\/\\\/wp.kristdemokraterna.se\\\/ljungby\\\/missa-inte-utbildningsdagen-i-vaxjo-med-goran-hagglund\\\/#article\",\"isPartOf\":{\"@id\":\"https:\\\/\\\/wp.kristdemokraterna.se\\\/ljungby\\\/missa-inte-utbildningsdagen-i-vaxjo-med-goran-hagglund\\\/\"},\"author\":{\"name\":\"ljungby\",\"@id\":\"https:\\\/\\\/wp.kristdemokraterna.se\\\/ljungby\\\/#\\\/schema\\\/person\\\/ada662c5d4d309d880402ec01bfa9fc3\"},\"headline\":\"Missa inte utbildningsdagen i V\u00e4xj\u00f6 med G\u00f6ran H\u00e4gglund\",\"datePublished\":\"2012-04-12T08:38:33+00:00\",\"mainEntityOfPage\":{\"@id\":\"https:\\\/\\\/wp.kristdemokraterna.se\\\/ljungby\\\/missa-inte-utbildningsdagen-i-vaxjo-med-goran-hagglund\\\/\"},\"wordCount\":49,\"commentCount\":0,\"articleSection\":[\"Inbjudningar\"],\"inLanguage\":\"sv-SE\"},{\"@type\":\"WebPage\",\"@id\":\"https:\\\/\\\/wp.kristdemokraterna.se\\\/ljungby\\\/missa-inte-utbildningsdagen-i-vaxjo-med-goran-hagglund\\\/\",\"url\":\"https:\\\/\\\/wp.kristdemokraterna.se\\\/ljungby\\\/missa-inte-utbildningsdagen-i-vaxjo-med-goran-hagglund\\\/\",\"name\":\"Missa inte utbildningsdagen i V\u00e4xj\u00f6 med G\u00f6ran H\u00e4gglund - Kristdemokraterna Ljungby\",\"isPartOf\":{\"@id\":\"https:\\\/\\\/wp.kristdemokraterna.se\\\/ljungby\\\/#website\"},\"datePublished\":\"2012-04-12T08:38:33+00:00\",\"author\":{\"@id\":\"https:\\\/\\\/wp.kristdemokraterna.se\\\/ljungby\\\/#\\\/schema\\\/person\\\/ada662c5d4d309d880402ec01bfa9fc3\"},\"breadcrumb\":{\"@id\":\"https:\\\/\\\/wp.kristdemokraterna.se\\\/ljungby\\\/missa-inte-utbildningsdagen-i-vaxjo-med-goran-hagglund\\\/#breadcrumb\"},\"inLanguage\":\"sv-SE\",\"potentialAction\":[{\"@type\":\"ReadAction\",\"target\":[\"https:\\\/\\\/wp.kristdemokraterna.se\\\/ljungby\\\/missa-inte-utbildningsdagen-i-vaxjo-med-goran-hagglund\\\/\"]}]},{\"@type\":\"BreadcrumbList\",\"@id\":\"https:\\\/\\\/wp.kristdemokraterna.se\\\/ljungby\\\/missa-inte-utbildningsdagen-i-vaxjo-med-goran-hagglund\\\/#breadcrumb\",\"itemListElement\":[{\"@type\":\"ListItem\",\"position\":1,\"name\":\"Hem\",\"item\":\"https:\\\/\\\/wp.kristdemokraterna.se\\\/ljungby\\\/\"},{\"@type\":\"ListItem\",\"position\":2,\"name\":\"Missa inte utbildningsdagen i V\u00e4xj\u00f6 med G\u00f6ran H\u00e4gglund\"}]},{\"@type\":\"WebSite\",\"@id\":\"https:\\\/\\\/wp.kristdemokraterna.se\\\/ljungby\\\/#website\",\"url\":\"https:\\\/\\\/wp.kristdemokraterna.se\\\/ljungby\\\/\",\"name\":\"Kristdemokraterna Ljungby\",\"description\":\"\",\"inLanguage\":\"sv-SE\"},{\"@type\":\"Person\",\"@id\":\"https:\\\/\\\/wp.kristdemokraterna.se\\\/ljungby\\\/#\\\/schema\\\/person\\\/ada662c5d4d309d880402ec01bfa9fc3\",\"name\":\"ljungby\",\"image\":{\"@type\":\"ImageObject\",\"inLanguage\":\"sv-SE\",\"@id\":\"https:\\\/\\\/secure.gravatar.com\\\/avatar\\\/c094a9577724be90ddee7ea9cac26c1171055fef8cdee8b46ee0cfed89509ab1?s=96&r=g\",\"url\":\"https:\\\/\\\/secure.gravatar.com\\\/avatar\\\/c094a9577724be90ddee7ea9cac26c1171055fef8cdee8b46ee0cfed89509ab1?s=96&r=g\",\"contentUrl\":\"https:\\\/\\\/secure.gravatar.com\\\/avatar\\\/c094a9577724be90ddee7ea9cac26c1171055fef8cdee8b46ee0cfed89509ab1?s=96&r=g\",\"caption\":\"ljungby\"},\"url\":\"https:\\\/\\\/wp.kristdemokraterna.se\\\/ljungby\\\/author\\\/ljungby\\\/\"}]}<\/script>\n<!-- \/ Yoast SEO plugin. -->","yoast_head_json":{"title":"Missa inte utbildningsdagen i V\u00e4xj\u00f6 med G\u00f6ran H\u00e4gglund - Kristdemokraterna Ljungby","robots":{"index":"index","follow":"follow","max-snippet":"max-snippet:-1","max-image-preview":"max-image-preview:large","max-video-preview":"max-video-preview:-1"},"canonical":"https:\/\/wp.kristdemokraterna.se\/ljungby\/missa-inte-utbildningsdagen-i-vaxjo-med-goran-hagglund\/","og_locale":"sv_SE","og_type":"article","og_title":"Missa inte utbildningsdagen i V\u00e4xj\u00f6 med G\u00f6ran H\u00e4gglund - Kristdemokraterna Ljungby","og_description":"Den 5\/5 kommer G\u00f6ran H\u00e4gglund och Sofia Modigh till V\u00e4xj\u00f6 f\u00f6r att h\u00e5lla i en utbildningsdag. F\u00f6r mer info se l\u00e4nken nedan. &nbsp; Utbildningsdag i V\u00e4xj\u00f6 med G\u00f6ran H\u00e4gglund","og_url":"https:\/\/wp.kristdemokraterna.se\/ljungby\/missa-inte-utbildningsdagen-i-vaxjo-med-goran-hagglund\/","og_site_name":"Kristdemokraterna Ljungby","article_published_time":"2012-04-12T08:38:33+00:00","author":"ljungby","twitter_card":"summary_large_image","twitter_misc":{"Skriven av":"ljungby"},"schema":{"@context":"https:\/\/schema.org","@graph":[{"@type":"Article","@id":"https:\/\/wp.kristdemokraterna.se\/ljungby\/missa-inte-utbildningsdagen-i-vaxjo-med-goran-hagglund\/#article","isPartOf":{"@id":"https:\/\/wp.kristdemokraterna.se\/ljungby\/missa-inte-utbildningsdagen-i-vaxjo-med-goran-hagglund\/"},"author":{"name":"ljungby","@id":"https:\/\/wp.kristdemokraterna.se\/ljungby\/#\/schema\/person\/ada662c5d4d309d880402ec01bfa9fc3"},"headline":"Missa inte utbildningsdagen i V\u00e4xj\u00f6 med G\u00f6ran H\u00e4gglund","datePublished":"2012-04-12T08:38:33+00:00","mainEntityOfPage":{"@id":"https:\/\/wp.kristdemokraterna.se\/ljungby\/missa-inte-utbildningsdagen-i-vaxjo-med-goran-hagglund\/"},"wordCount":49,"commentCount":0,"articleSection":["Inbjudningar"],"inLanguage":"sv-SE"},{"@type":"WebPage","@id":"https:\/\/wp.kristdemokraterna.se\/ljungby\/missa-inte-utbildningsdagen-i-vaxjo-med-goran-hagglund\/","url":"https:\/\/wp.kristdemokraterna.se\/ljungby\/missa-inte-utbildningsdagen-i-vaxjo-med-goran-hagglund\/","name":"Missa inte utbildningsdagen i V\u00e4xj\u00f6 med G\u00f6ran H\u00e4gglund - Kristdemokraterna Ljungby","isPartOf":{"@id":"https:\/\/wp.kristdemokraterna.se\/ljungby\/#website"},"datePublished":"2012-04-12T08:38:33+00:00","author":{"@id":"https:\/\/wp.kristdemokraterna.se\/ljungby\/#\/schema\/person\/ada662c5d4d309d880402ec01bfa9fc3"},"breadcrumb":{"@id":"https:\/\/wp.kristdemokraterna.se\/ljungby\/missa-inte-utbildningsdagen-i-vaxjo-med-goran-hagglund\/#breadcrumb"},"inLanguage":"sv-SE","potentialAction":[{"@type":"ReadAction","target":["https:\/\/wp.kristdemokraterna.se\/ljungby\/missa-inte-utbildningsdagen-i-vaxjo-med-goran-hagglund\/"]}]},{"@type":"BreadcrumbList","@id":"https:\/\/wp.kristdemokraterna.se\/ljungby\/missa-inte-utbildningsdagen-i-vaxjo-med-goran-hagglund\/#breadcrumb","itemListElement":[{"@type":"ListItem","position":1,"name":"Hem","item":"https:\/\/wp.kristdemokraterna.se\/ljungby\/"},{"@type":"ListItem","position":2,"name":"Missa inte utbildningsdagen i V\u00e4xj\u00f6 med G\u00f6ran H\u00e4gglund"}]},{"@type":"WebSite","@id":"https:\/\/wp.kristdemokraterna.se\/ljungby\/#website","url":"https:\/\/wp.kristdemokraterna.se\/ljungby\/","name":"Kristdemokraterna Ljungby","description":"","inLanguage":"sv-SE"},{"@type":"Person","@id":"https:\/\/wp.kristdemokraterna.se\/ljungby\/#\/schema\/person\/ada662c5d4d309d880402ec01bfa9fc3","name":"ljungby","image":{"@type":"ImageObject","inLanguage":"sv-SE","@id":"https:\/\/secure.gravatar.com\/avatar\/c094a9577724be90ddee7ea9cac26c1171055fef8cdee8b46ee0cfed89509ab1?s=96&r=g","url":"https:\/\/secure.gravatar.com\/avatar\/c094a9577724be90ddee7ea9cac26c1171055fef8cdee8b46ee0cfed89509ab1?s=96&r=g","contentUrl":"https:\/\/secure.gravatar.com\/avatar\/c094a9577724be90ddee7ea9cac26c1171055fef8cdee8b46ee0cfed89509ab1?s=96&r=g","caption":"ljungby"},"url":"https:\/\/wp.kristdemokraterna.se\/ljungby\/author\/ljungby\/"}]}},"_links":{"self":[{"href":"https:\/\/wp.kristdemokraterna.se\/ljungby\/wp-json\/wp\/v2\/posts\/181","targetHints":{"allow":["GET"]}}],"collection":[{"href":"https:\/\/wp.kristdemokraterna.se\/ljungby\/wp-json\/wp\/v2\/posts"}],"about":[{"href":"https:\/\/wp.kristdemokraterna.se\/ljungby\/wp-json\/wp\/v2\/types\/post"}],"author":[{"embeddable":true,"href":"https:\/\/wp.kristdemokraterna.se\/ljungby\/wp-json\/wp\/v2\/users\/434"}],"replies":[{"embeddable":true,"href":"https:\/\/wp.kristdemokraterna.se\/ljungby\/wp-json\/wp\/v2\/comments?post=181"}],"version-history":[{"count":0,"href":"https:\/\/wp.kristdemokraterna.se\/ljungby\/wp-json\/wp\/v2\/posts\/181\/revisions"}],"wp:attachment":[{"href":"https:\/\/wp.kristdemokraterna.se\/ljungby\/wp-json\/wp\/v2\/media?parent=181"}],"wp:term":[{"taxonomy":"category","embeddable":true,"href":"https:\/\/wp.kristdemokraterna.se\/ljungby\/wp-json\/wp\/v2\/categories?post=181"},{"taxonomy":"post_tag","embeddable":true,"href":"https:\/\/wp.kristdemokraterna.se\/ljungby\/wp-json\/wp\/v2\/tags?post=181"}],"curies":[{"name":"wp","href":"https:\/\/api.w.org\/{rel}","templated":true}]}}