{"id":182,"date":"2012-10-22T16:57:45","date_gmt":"2012-10-22T15:57:45","guid":{"rendered":"http:\/\/kdljungby.wordpress.com\/?p=157"},"modified":"2012-10-22T16:57:45","modified_gmt":"2012-10-22T15:57:45","slug":"darfor-behover-ljungby-kommun-en-besparingsplan-2","status":"publish","type":"post","link":"https:\/\/wp.kristdemokraterna.se\/ljungby\/darfor-behover-ljungby-kommun-en-besparingsplan-2\/","title":{"rendered":"D\u00e4rf\u00f6r beh\u00f6ver Ljungby kommun en besparingsplan"},"content":{"rendered":"<p>Denna debattartikel \u00e4r publicerad i Sm\u00e5l\u00e4nningen 2012-10-23<\/p>\n<p> ;<\/p>\n<blockquote><p>Ljungby 10\/10 2012<br \/>\nF\u00f6rra veckan l\u00e4mnade Ljungby kommun en ekonomisk del\u00e5rsrapport f\u00f6r<br \/>\njanuari \u2013augusti 2012 med prognos f\u00f6r hela 2012. D\u00e4rut\u00f6ver l\u00e4mnades det en prognos f\u00f6r 2013, 2014 och 2015. Den k\u00e4rva ekonomin refererades i Sm\u00e5l\u00e4nningen 4 oktober.<\/p>\n<p>Kommunens resultat r\u00e4ddas 2012 av en \u00e5terbetalning fr\u00e5n AFA F\u00f6rs\u00e4kringar om 27 miljoner kronor.<\/p>\n<p>F\u00f6r 2013 kommer skatten att h\u00f6jas med 0.50 kronor per skattekrona, vilket r\u00e4ddar den kommunala ekonomin detta \u00e5r.<\/p>\n<p>Det \u00e4r d\u00e4remot dystrare f\u00f6r \u00e5ren 2014 och 2015. N\u00e5gra eng\u00e5ngs\u00e5terbetalningar \u00e4r inte v\u00e4ntade. Ytterligare skatteh\u00f6jning under val\u00e5ret 2014 torde vara sv\u00e5rsm\u00e4lt. Endast besparingar kan r\u00e4dda resultatet.<\/p>\n<p>\u00c4r kommunledningen medveten om att besparingar i 2014 \u00e5rs budget m\u00e5ste f\u00f6rberedas redan nu f\u00f6r att vara m\u00f6jliga att genomf\u00f6ra 2014? Det tycks inte s\u00e5.<br \/>\nMitt yrkande om en redog\u00f6relse f\u00f6r vilka besparings\u00e5tg\u00e4rder som planeras och vilken besparingspotential som finns avslogs med r\u00f6stsiffrorna 12 \u2013 1 p\u00e5 kommunstyrelsens sammantr\u00e4de. \u00c4r man of\u00f6rm\u00f6gna att ta fram en s\u00e5dan redovisning? \u00c4r man r\u00e4dd f\u00f6r vad den kommer att visa? Eller \u00e4r man bara omedveten om vad som \u00e4r n\u00f6dv\u00e4ndigt?<\/p>\n<p>Besparingarna m\u00e5ste b\u00f6rja i kommunhuset f\u00f6r att sedan forts\u00e4tta ut i f\u00f6rvaltningarna. &#8221;En trappa st\u00e4das uppifr\u00e5n\u201d. Jag blir orolig d\u00e5 jag tar del av den nya skolorganisationen. Antalet barn i skolan minskar medan administrationen \u00f6kar. Tv\u00e5 nya enheter med tv\u00e5 nya chefer inr\u00e4ttas. Det \u00e4r utmanande d\u00e5 vi med stort motst\u00e5nd vid behandlingen av budgeten f\u00f6r 2013 lyckades f\u00f6rhindra att st\u00f6dresurser f\u00f6r elever med s\u00e4rskilda behov togs bort.<\/p>\n<p>Vissa av kommunens verksamheter \u00e4r v\u00e4l anpassade att l\u00e4ggas ut p\u00e5 entreprenad. Detta g\u00e4ller delar av den tekniska f\u00f6rvaltningen. Har man tittat p\u00e5 vilken besparingspotential det finns i outsourcing av delar av verksamheten?<\/p>\n<p>Socialf\u00f6rvaltningen har lagt ner ett stort arbete p\u00e5 genomg\u00e5ng av m\u00f6jliga besparingar. Detta skall den ha en eloge f\u00f6r. P\u00e5 andra h\u00e5ll har det visat sig ekonomiskt f\u00f6rdelaktigt att l\u00e4gga ut viss verksamhet p\u00e5 entreprenad. V\u00e5gar man pr\u00f6va detta \u00e4ven i Ljungby? \u00c4r vi beredda att ta en debatt om det?<\/p>\n<p>Det vore f\u00f6rm\u00e4tet av mig att l\u00e4mna mer konkreta besparingsf\u00f6rslag d\u00e5 det inom den kommunala f\u00f6rvaltningen och inom kommunledningen m\u00e5ste finnas personer som sitter inne med mycket st\u00f6rre detaljkunskaper. L\u00e5t dessa komma loss och ge oss underlag till de besparingar som m\u00e5ste komma till st\u00e5nd. L\u00e5t oss vidta \u00e5tg\u00e4rder nu f\u00f6r att slippa mycket mer drastiska nedsk\u00e4rningar i framtiden.<\/p>\n<p>Christer Henriksson (KD)<\/p>\n<p> ;<\/p><\/blockquote>\n","protected":false},"excerpt":{"rendered":"<p>Denna debattartikel \u00e4r publicerad i Sm\u00e5l\u00e4nningen 2012-10-23 ; Ljungby 10\/10 2012 F\u00f6rra veckan l\u00e4mnade Ljungby kommun en ekonomisk del\u00e5rsrapport f\u00f6r januari \u2013augusti 2012 med prognos f\u00f6r hela 2012. D\u00e4rut\u00f6ver l\u00e4mnades det en prognos f\u00f6r 2013, 2014 och 2015. Den k\u00e4rva ekonomin refererades i Sm\u00e5l\u00e4nningen 4 oktober. Kommunens resultat r\u00e4ddas 2012 av en \u00e5terbetalning fr\u00e5n AFA <a class=\"read-more-link\" href=\"https:\/\/wp.kristdemokraterna.se\/ljungby\/darfor-behover-ljungby-kommun-en-besparingsplan-2\/\">Read More<\/a><\/p>\n","protected":false},"author":434,"featured_media":0,"comment_status":"open","ping_status":"open","sticky":false,"template":"","format":"standard","meta":{"_acf_changed":false,"footnotes":""},"categories":[4],"tags":[],"class_list":["post-182","post","type-post","status-publish","format-standard","hentry","category-debattinlagg"],"acf":[],"yoast_head":"<!-- This site is optimized with the Yoast SEO plugin v27.4 - https:\/\/yoast.com\/product\/yoast-seo-wordpress\/ -->\n<title>D\u00e4rf\u00f6r beh\u00f6ver Ljungby kommun en besparingsplan - Kristdemokraterna Ljungby<\/title>\n<meta name=\"robots\" content=\"index, follow, max-snippet:-1, max-image-preview:large, max-video-preview:-1\" \/>\n<link rel=\"canonical\" href=\"https:\/\/wp.kristdemokraterna.se\/ljungby\/darfor-behover-ljungby-kommun-en-besparingsplan-2\/\" \/>\n<meta property=\"og:locale\" content=\"sv_SE\" \/>\n<meta property=\"og:type\" content=\"article\" \/>\n<meta property=\"og:title\" content=\"D\u00e4rf\u00f6r beh\u00f6ver Ljungby kommun en besparingsplan - Kristdemokraterna Ljungby\" \/>\n<meta property=\"og:description\" content=\"Denna debattartikel \u00e4r publicerad i Sm\u00e5l\u00e4nningen 2012-10-23 ; Ljungby 10\/10 2012 F\u00f6rra veckan l\u00e4mnade Ljungby kommun en ekonomisk del\u00e5rsrapport f\u00f6r januari \u2013augusti 2012 med prognos f\u00f6r hela 2012. D\u00e4rut\u00f6ver l\u00e4mnades det en prognos f\u00f6r 2013, 2014 och 2015. Den k\u00e4rva ekonomin refererades i Sm\u00e5l\u00e4nningen 4 oktober. Kommunens resultat r\u00e4ddas 2012 av en \u00e5terbetalning fr\u00e5n AFA Read More\" \/>\n<meta property=\"og:url\" content=\"https:\/\/wp.kristdemokraterna.se\/ljungby\/darfor-behover-ljungby-kommun-en-besparingsplan-2\/\" \/>\n<meta property=\"og:site_name\" content=\"Kristdemokraterna Ljungby\" \/>\n<meta property=\"article:published_time\" content=\"2012-10-22T15:57:45+00:00\" \/>\n<meta name=\"author\" content=\"ljungby\" \/>\n<meta name=\"twitter:card\" content=\"summary_large_image\" \/>\n<meta name=\"twitter:label1\" content=\"Skriven av\" \/>\n\t<meta name=\"twitter:data1\" content=\"ljungby\" \/>\n\t<meta name=\"twitter:label2\" content=\"Ber\u00e4knad l\u00e4stid\" \/>\n\t<meta name=\"twitter:data2\" content=\"2 minuter\" \/>\n<script type=\"application\/ld+json\" class=\"yoast-schema-graph\">{\"@context\":\"https:\\\/\\\/schema.org\",\"@graph\":[{\"@type\":\"Article\",\"@id\":\"https:\\\/\\\/wp.kristdemokraterna.se\\\/ljungby\\\/darfor-behover-ljungby-kommun-en-besparingsplan-2\\\/#article\",\"isPartOf\":{\"@id\":\"https:\\\/\\\/wp.kristdemokraterna.se\\\/ljungby\\\/darfor-behover-ljungby-kommun-en-besparingsplan-2\\\/\"},\"author\":{\"name\":\"ljungby\",\"@id\":\"https:\\\/\\\/wp.kristdemokraterna.se\\\/ljungby\\\/#\\\/schema\\\/person\\\/ada662c5d4d309d880402ec01bfa9fc3\"},\"headline\":\"D\u00e4rf\u00f6r beh\u00f6ver Ljungby kommun en besparingsplan\",\"datePublished\":\"2012-10-22T15:57:45+00:00\",\"mainEntityOfPage\":{\"@id\":\"https:\\\/\\\/wp.kristdemokraterna.se\\\/ljungby\\\/darfor-behover-ljungby-kommun-en-besparingsplan-2\\\/\"},\"wordCount\":475,\"commentCount\":0,\"articleSection\":[\"Debattinl\u00e4gg\"],\"inLanguage\":\"sv-SE\"},{\"@type\":\"WebPage\",\"@id\":\"https:\\\/\\\/wp.kristdemokraterna.se\\\/ljungby\\\/darfor-behover-ljungby-kommun-en-besparingsplan-2\\\/\",\"url\":\"https:\\\/\\\/wp.kristdemokraterna.se\\\/ljungby\\\/darfor-behover-ljungby-kommun-en-besparingsplan-2\\\/\",\"name\":\"D\u00e4rf\u00f6r beh\u00f6ver Ljungby kommun en besparingsplan - Kristdemokraterna Ljungby\",\"isPartOf\":{\"@id\":\"https:\\\/\\\/wp.kristdemokraterna.se\\\/ljungby\\\/#website\"},\"datePublished\":\"2012-10-22T15:57:45+00:00\",\"author\":{\"@id\":\"https:\\\/\\\/wp.kristdemokraterna.se\\\/ljungby\\\/#\\\/schema\\\/person\\\/ada662c5d4d309d880402ec01bfa9fc3\"},\"breadcrumb\":{\"@id\":\"https:\\\/\\\/wp.kristdemokraterna.se\\\/ljungby\\\/darfor-behover-ljungby-kommun-en-besparingsplan-2\\\/#breadcrumb\"},\"inLanguage\":\"sv-SE\",\"potentialAction\":[{\"@type\":\"ReadAction\",\"target\":[\"https:\\\/\\\/wp.kristdemokraterna.se\\\/ljungby\\\/darfor-behover-ljungby-kommun-en-besparingsplan-2\\\/\"]}]},{\"@type\":\"BreadcrumbList\",\"@id\":\"https:\\\/\\\/wp.kristdemokraterna.se\\\/ljungby\\\/darfor-behover-ljungby-kommun-en-besparingsplan-2\\\/#breadcrumb\",\"itemListElement\":[{\"@type\":\"ListItem\",\"position\":1,\"name\":\"Hem\",\"item\":\"https:\\\/\\\/wp.kristdemokraterna.se\\\/ljungby\\\/\"},{\"@type\":\"ListItem\",\"position\":2,\"name\":\"D\u00e4rf\u00f6r beh\u00f6ver Ljungby kommun en besparingsplan\"}]},{\"@type\":\"WebSite\",\"@id\":\"https:\\\/\\\/wp.kristdemokraterna.se\\\/ljungby\\\/#website\",\"url\":\"https:\\\/\\\/wp.kristdemokraterna.se\\\/ljungby\\\/\",\"name\":\"Kristdemokraterna Ljungby\",\"description\":\"\",\"inLanguage\":\"sv-SE\"},{\"@type\":\"Person\",\"@id\":\"https:\\\/\\\/wp.kristdemokraterna.se\\\/ljungby\\\/#\\\/schema\\\/person\\\/ada662c5d4d309d880402ec01bfa9fc3\",\"name\":\"ljungby\",\"image\":{\"@type\":\"ImageObject\",\"inLanguage\":\"sv-SE\",\"@id\":\"https:\\\/\\\/secure.gravatar.com\\\/avatar\\\/c094a9577724be90ddee7ea9cac26c1171055fef8cdee8b46ee0cfed89509ab1?s=96&r=g\",\"url\":\"https:\\\/\\\/secure.gravatar.com\\\/avatar\\\/c094a9577724be90ddee7ea9cac26c1171055fef8cdee8b46ee0cfed89509ab1?s=96&r=g\",\"contentUrl\":\"https:\\\/\\\/secure.gravatar.com\\\/avatar\\\/c094a9577724be90ddee7ea9cac26c1171055fef8cdee8b46ee0cfed89509ab1?s=96&r=g\",\"caption\":\"ljungby\"},\"url\":\"https:\\\/\\\/wp.kristdemokraterna.se\\\/ljungby\\\/author\\\/ljungby\\\/\"}]}<\/script>\n<!-- \/ Yoast SEO plugin. -->","yoast_head_json":{"title":"D\u00e4rf\u00f6r beh\u00f6ver Ljungby kommun en besparingsplan - Kristdemokraterna Ljungby","robots":{"index":"index","follow":"follow","max-snippet":"max-snippet:-1","max-image-preview":"max-image-preview:large","max-video-preview":"max-video-preview:-1"},"canonical":"https:\/\/wp.kristdemokraterna.se\/ljungby\/darfor-behover-ljungby-kommun-en-besparingsplan-2\/","og_locale":"sv_SE","og_type":"article","og_title":"D\u00e4rf\u00f6r beh\u00f6ver Ljungby kommun en besparingsplan - Kristdemokraterna Ljungby","og_description":"Denna debattartikel \u00e4r publicerad i Sm\u00e5l\u00e4nningen 2012-10-23 ; Ljungby 10\/10 2012 F\u00f6rra veckan l\u00e4mnade Ljungby kommun en ekonomisk del\u00e5rsrapport f\u00f6r januari \u2013augusti 2012 med prognos f\u00f6r hela 2012. D\u00e4rut\u00f6ver l\u00e4mnades det en prognos f\u00f6r 2013, 2014 och 2015. Den k\u00e4rva ekonomin refererades i Sm\u00e5l\u00e4nningen 4 oktober. Kommunens resultat r\u00e4ddas 2012 av en \u00e5terbetalning fr\u00e5n AFA Read More","og_url":"https:\/\/wp.kristdemokraterna.se\/ljungby\/darfor-behover-ljungby-kommun-en-besparingsplan-2\/","og_site_name":"Kristdemokraterna Ljungby","article_published_time":"2012-10-22T15:57:45+00:00","author":"ljungby","twitter_card":"summary_large_image","twitter_misc":{"Skriven av":"ljungby","Ber\u00e4knad l\u00e4stid":"2 minuter"},"schema":{"@context":"https:\/\/schema.org","@graph":[{"@type":"Article","@id":"https:\/\/wp.kristdemokraterna.se\/ljungby\/darfor-behover-ljungby-kommun-en-besparingsplan-2\/#article","isPartOf":{"@id":"https:\/\/wp.kristdemokraterna.se\/ljungby\/darfor-behover-ljungby-kommun-en-besparingsplan-2\/"},"author":{"name":"ljungby","@id":"https:\/\/wp.kristdemokraterna.se\/ljungby\/#\/schema\/person\/ada662c5d4d309d880402ec01bfa9fc3"},"headline":"D\u00e4rf\u00f6r beh\u00f6ver Ljungby kommun en besparingsplan","datePublished":"2012-10-22T15:57:45+00:00","mainEntityOfPage":{"@id":"https:\/\/wp.kristdemokraterna.se\/ljungby\/darfor-behover-ljungby-kommun-en-besparingsplan-2\/"},"wordCount":475,"commentCount":0,"articleSection":["Debattinl\u00e4gg"],"inLanguage":"sv-SE"},{"@type":"WebPage","@id":"https:\/\/wp.kristdemokraterna.se\/ljungby\/darfor-behover-ljungby-kommun-en-besparingsplan-2\/","url":"https:\/\/wp.kristdemokraterna.se\/ljungby\/darfor-behover-ljungby-kommun-en-besparingsplan-2\/","name":"D\u00e4rf\u00f6r beh\u00f6ver Ljungby kommun en besparingsplan - Kristdemokraterna Ljungby","isPartOf":{"@id":"https:\/\/wp.kristdemokraterna.se\/ljungby\/#website"},"datePublished":"2012-10-22T15:57:45+00:00","author":{"@id":"https:\/\/wp.kristdemokraterna.se\/ljungby\/#\/schema\/person\/ada662c5d4d309d880402ec01bfa9fc3"},"breadcrumb":{"@id":"https:\/\/wp.kristdemokraterna.se\/ljungby\/darfor-behover-ljungby-kommun-en-besparingsplan-2\/#breadcrumb"},"inLanguage":"sv-SE","potentialAction":[{"@type":"ReadAction","target":["https:\/\/wp.kristdemokraterna.se\/ljungby\/darfor-behover-ljungby-kommun-en-besparingsplan-2\/"]}]},{"@type":"BreadcrumbList","@id":"https:\/\/wp.kristdemokraterna.se\/ljungby\/darfor-behover-ljungby-kommun-en-besparingsplan-2\/#breadcrumb","itemListElement":[{"@type":"ListItem","position":1,"name":"Hem","item":"https:\/\/wp.kristdemokraterna.se\/ljungby\/"},{"@type":"ListItem","position":2,"name":"D\u00e4rf\u00f6r beh\u00f6ver Ljungby kommun en besparingsplan"}]},{"@type":"WebSite","@id":"https:\/\/wp.kristdemokraterna.se\/ljungby\/#website","url":"https:\/\/wp.kristdemokraterna.se\/ljungby\/","name":"Kristdemokraterna Ljungby","description":"","inLanguage":"sv-SE"},{"@type":"Person","@id":"https:\/\/wp.kristdemokraterna.se\/ljungby\/#\/schema\/person\/ada662c5d4d309d880402ec01bfa9fc3","name":"ljungby","image":{"@type":"ImageObject","inLanguage":"sv-SE","@id":"https:\/\/secure.gravatar.com\/avatar\/c094a9577724be90ddee7ea9cac26c1171055fef8cdee8b46ee0cfed89509ab1?s=96&r=g","url":"https:\/\/secure.gravatar.com\/avatar\/c094a9577724be90ddee7ea9cac26c1171055fef8cdee8b46ee0cfed89509ab1?s=96&r=g","contentUrl":"https:\/\/secure.gravatar.com\/avatar\/c094a9577724be90ddee7ea9cac26c1171055fef8cdee8b46ee0cfed89509ab1?s=96&r=g","caption":"ljungby"},"url":"https:\/\/wp.kristdemokraterna.se\/ljungby\/author\/ljungby\/"}]}},"_links":{"self":[{"href":"https:\/\/wp.kristdemokraterna.se\/ljungby\/wp-json\/wp\/v2\/posts\/182","targetHints":{"allow":["GET"]}}],"collection":[{"href":"https:\/\/wp.kristdemokraterna.se\/ljungby\/wp-json\/wp\/v2\/posts"}],"about":[{"href":"https:\/\/wp.kristdemokraterna.se\/ljungby\/wp-json\/wp\/v2\/types\/post"}],"author":[{"embeddable":true,"href":"https:\/\/wp.kristdemokraterna.se\/ljungby\/wp-json\/wp\/v2\/users\/434"}],"replies":[{"embeddable":true,"href":"https:\/\/wp.kristdemokraterna.se\/ljungby\/wp-json\/wp\/v2\/comments?post=182"}],"version-history":[{"count":0,"href":"https:\/\/wp.kristdemokraterna.se\/ljungby\/wp-json\/wp\/v2\/posts\/182\/revisions"}],"wp:attachment":[{"href":"https:\/\/wp.kristdemokraterna.se\/ljungby\/wp-json\/wp\/v2\/media?parent=182"}],"wp:term":[{"taxonomy":"category","embeddable":true,"href":"https:\/\/wp.kristdemokraterna.se\/ljungby\/wp-json\/wp\/v2\/categories?post=182"},{"taxonomy":"post_tag","embeddable":true,"href":"https:\/\/wp.kristdemokraterna.se\/ljungby\/wp-json\/wp\/v2\/tags?post=182"}],"curies":[{"name":"wp","href":"https:\/\/api.w.org\/{rel}","templated":true}]}}