{"id":183,"date":"2012-12-03T21:12:53","date_gmt":"2012-12-03T20:12:53","guid":{"rendered":"https:\/\/kdljungby.wordpress.com\/?p=160"},"modified":"2012-12-03T21:12:53","modified_gmt":"2012-12-03T20:12:53","slug":"kristdemokraterna-avstar-julbord-bekostade-av-kommunen-2","status":"publish","type":"post","link":"https:\/\/wp.kristdemokraterna.se\/ljungby\/kristdemokraterna-avstar-julbord-bekostade-av-kommunen-2\/","title":{"rendered":"Kristdemokraterna avst\u00e5r julbord bekostade av kommunen"},"content":{"rendered":"<p>Det har under \u00e5ret gjorts besparingar och nedsk\u00e4rningar i kommunens verksamhet. Besparingar som varit tr\u00e5kiga, men n\u00f6dv\u00e4ndiga f\u00f6r att klara ekonomin.  Vi kristdemokrater har med tanke p\u00e5 detta valt att tacka nej till julbord bekostade av kommunen i respektive n\u00e4mnder och styrelser d\u00e4r vi \u00e4r representerade. Vi tycker helt enkelt att det finns b\u00e4ttre saker att l\u00e4gga de pengarna p\u00e5 och att besparingar \u00e4ven ska ske p\u00e5 bekostnad av oss politiker. <\/p>\n<p>Kristdemokraterna i Ljungby<\/p>\n","protected":false},"excerpt":{"rendered":"<p>Det har under \u00e5ret gjorts besparingar och nedsk\u00e4rningar i kommunens verksamhet. Besparingar som varit tr\u00e5kiga, men n\u00f6dv\u00e4ndiga f\u00f6r att klara ekonomin. Vi kristdemokrater har med tanke p\u00e5 detta valt att tacka nej till julbord bekostade av kommunen i respektive n\u00e4mnder och styrelser d\u00e4r vi \u00e4r representerade. Vi tycker helt enkelt att det finns b\u00e4ttre saker <a class=\"read-more-link\" href=\"https:\/\/wp.kristdemokraterna.se\/ljungby\/kristdemokraterna-avstar-julbord-bekostade-av-kommunen-2\/\">Read More<\/a><\/p>\n","protected":false},"author":434,"featured_media":0,"comment_status":"open","ping_status":"open","sticky":false,"template":"","format":"standard","meta":{"_acf_changed":false,"footnotes":""},"categories":[4,5,6],"tags":[],"class_list":["post-183","post","type-post","status-publish","format-standard","hentry","category-debattinlagg","category-information","category-nyheter"],"acf":[],"yoast_head":"<!-- This site is optimized with the Yoast SEO plugin v27.4 - https:\/\/yoast.com\/product\/yoast-seo-wordpress\/ -->\n<title>Kristdemokraterna avst\u00e5r julbord bekostade av kommunen - Kristdemokraterna Ljungby<\/title>\n<meta name=\"robots\" content=\"index, follow, max-snippet:-1, max-image-preview:large, max-video-preview:-1\" \/>\n<link rel=\"canonical\" href=\"https:\/\/wp.kristdemokraterna.se\/ljungby\/kristdemokraterna-avstar-julbord-bekostade-av-kommunen-2\/\" \/>\n<meta property=\"og:locale\" content=\"sv_SE\" \/>\n<meta property=\"og:type\" content=\"article\" \/>\n<meta property=\"og:title\" content=\"Kristdemokraterna avst\u00e5r julbord bekostade av kommunen - Kristdemokraterna Ljungby\" \/>\n<meta property=\"og:description\" content=\"Det har under \u00e5ret gjorts besparingar och nedsk\u00e4rningar i kommunens verksamhet. Besparingar som varit tr\u00e5kiga, men n\u00f6dv\u00e4ndiga f\u00f6r att klara ekonomin. Vi kristdemokrater har med tanke p\u00e5 detta valt att tacka nej till julbord bekostade av kommunen i respektive n\u00e4mnder och styrelser d\u00e4r vi \u00e4r representerade. Vi tycker helt enkelt att det finns b\u00e4ttre saker Read More\" \/>\n<meta property=\"og:url\" content=\"https:\/\/wp.kristdemokraterna.se\/ljungby\/kristdemokraterna-avstar-julbord-bekostade-av-kommunen-2\/\" \/>\n<meta property=\"og:site_name\" content=\"Kristdemokraterna Ljungby\" \/>\n<meta property=\"article:published_time\" content=\"2012-12-03T20:12:53+00:00\" \/>\n<meta name=\"author\" content=\"ljungby\" \/>\n<meta name=\"twitter:card\" content=\"summary_large_image\" \/>\n<meta name=\"twitter:label1\" content=\"Skriven av\" \/>\n\t<meta name=\"twitter:data1\" content=\"ljungby\" \/>\n<script type=\"application\/ld+json\" class=\"yoast-schema-graph\">{\"@context\":\"https:\\\/\\\/schema.org\",\"@graph\":[{\"@type\":\"Article\",\"@id\":\"https:\\\/\\\/wp.kristdemokraterna.se\\\/ljungby\\\/kristdemokraterna-avstar-julbord-bekostade-av-kommunen-2\\\/#article\",\"isPartOf\":{\"@id\":\"https:\\\/\\\/wp.kristdemokraterna.se\\\/ljungby\\\/kristdemokraterna-avstar-julbord-bekostade-av-kommunen-2\\\/\"},\"author\":{\"name\":\"ljungby\",\"@id\":\"https:\\\/\\\/wp.kristdemokraterna.se\\\/ljungby\\\/#\\\/schema\\\/person\\\/ada662c5d4d309d880402ec01bfa9fc3\"},\"headline\":\"Kristdemokraterna avst\u00e5r julbord bekostade av kommunen\",\"datePublished\":\"2012-12-03T20:12:53+00:00\",\"mainEntityOfPage\":{\"@id\":\"https:\\\/\\\/wp.kristdemokraterna.se\\\/ljungby\\\/kristdemokraterna-avstar-julbord-bekostade-av-kommunen-2\\\/\"},\"wordCount\":90,\"commentCount\":0,\"articleSection\":[\"Debattinl\u00e4gg\",\"Information\",\"Nyheter\"],\"inLanguage\":\"sv-SE\"},{\"@type\":\"WebPage\",\"@id\":\"https:\\\/\\\/wp.kristdemokraterna.se\\\/ljungby\\\/kristdemokraterna-avstar-julbord-bekostade-av-kommunen-2\\\/\",\"url\":\"https:\\\/\\\/wp.kristdemokraterna.se\\\/ljungby\\\/kristdemokraterna-avstar-julbord-bekostade-av-kommunen-2\\\/\",\"name\":\"Kristdemokraterna avst\u00e5r julbord bekostade av kommunen - Kristdemokraterna Ljungby\",\"isPartOf\":{\"@id\":\"https:\\\/\\\/wp.kristdemokraterna.se\\\/ljungby\\\/#website\"},\"datePublished\":\"2012-12-03T20:12:53+00:00\",\"author\":{\"@id\":\"https:\\\/\\\/wp.kristdemokraterna.se\\\/ljungby\\\/#\\\/schema\\\/person\\\/ada662c5d4d309d880402ec01bfa9fc3\"},\"breadcrumb\":{\"@id\":\"https:\\\/\\\/wp.kristdemokraterna.se\\\/ljungby\\\/kristdemokraterna-avstar-julbord-bekostade-av-kommunen-2\\\/#breadcrumb\"},\"inLanguage\":\"sv-SE\",\"potentialAction\":[{\"@type\":\"ReadAction\",\"target\":[\"https:\\\/\\\/wp.kristdemokraterna.se\\\/ljungby\\\/kristdemokraterna-avstar-julbord-bekostade-av-kommunen-2\\\/\"]}]},{\"@type\":\"BreadcrumbList\",\"@id\":\"https:\\\/\\\/wp.kristdemokraterna.se\\\/ljungby\\\/kristdemokraterna-avstar-julbord-bekostade-av-kommunen-2\\\/#breadcrumb\",\"itemListElement\":[{\"@type\":\"ListItem\",\"position\":1,\"name\":\"Hem\",\"item\":\"https:\\\/\\\/wp.kristdemokraterna.se\\\/ljungby\\\/\"},{\"@type\":\"ListItem\",\"position\":2,\"name\":\"Kristdemokraterna avst\u00e5r julbord bekostade av kommunen\"}]},{\"@type\":\"WebSite\",\"@id\":\"https:\\\/\\\/wp.kristdemokraterna.se\\\/ljungby\\\/#website\",\"url\":\"https:\\\/\\\/wp.kristdemokraterna.se\\\/ljungby\\\/\",\"name\":\"Kristdemokraterna Ljungby\",\"description\":\"\",\"inLanguage\":\"sv-SE\"},{\"@type\":\"Person\",\"@id\":\"https:\\\/\\\/wp.kristdemokraterna.se\\\/ljungby\\\/#\\\/schema\\\/person\\\/ada662c5d4d309d880402ec01bfa9fc3\",\"name\":\"ljungby\",\"image\":{\"@type\":\"ImageObject\",\"inLanguage\":\"sv-SE\",\"@id\":\"https:\\\/\\\/secure.gravatar.com\\\/avatar\\\/c094a9577724be90ddee7ea9cac26c1171055fef8cdee8b46ee0cfed89509ab1?s=96&r=g\",\"url\":\"https:\\\/\\\/secure.gravatar.com\\\/avatar\\\/c094a9577724be90ddee7ea9cac26c1171055fef8cdee8b46ee0cfed89509ab1?s=96&r=g\",\"contentUrl\":\"https:\\\/\\\/secure.gravatar.com\\\/avatar\\\/c094a9577724be90ddee7ea9cac26c1171055fef8cdee8b46ee0cfed89509ab1?s=96&r=g\",\"caption\":\"ljungby\"},\"url\":\"https:\\\/\\\/wp.kristdemokraterna.se\\\/ljungby\\\/author\\\/ljungby\\\/\"}]}<\/script>\n<!-- \/ Yoast SEO plugin. -->","yoast_head_json":{"title":"Kristdemokraterna avst\u00e5r julbord bekostade av kommunen - Kristdemokraterna Ljungby","robots":{"index":"index","follow":"follow","max-snippet":"max-snippet:-1","max-image-preview":"max-image-preview:large","max-video-preview":"max-video-preview:-1"},"canonical":"https:\/\/wp.kristdemokraterna.se\/ljungby\/kristdemokraterna-avstar-julbord-bekostade-av-kommunen-2\/","og_locale":"sv_SE","og_type":"article","og_title":"Kristdemokraterna avst\u00e5r julbord bekostade av kommunen - Kristdemokraterna Ljungby","og_description":"Det har under \u00e5ret gjorts besparingar och nedsk\u00e4rningar i kommunens verksamhet. Besparingar som varit tr\u00e5kiga, men n\u00f6dv\u00e4ndiga f\u00f6r att klara ekonomin. Vi kristdemokrater har med tanke p\u00e5 detta valt att tacka nej till julbord bekostade av kommunen i respektive n\u00e4mnder och styrelser d\u00e4r vi \u00e4r representerade. Vi tycker helt enkelt att det finns b\u00e4ttre saker Read More","og_url":"https:\/\/wp.kristdemokraterna.se\/ljungby\/kristdemokraterna-avstar-julbord-bekostade-av-kommunen-2\/","og_site_name":"Kristdemokraterna Ljungby","article_published_time":"2012-12-03T20:12:53+00:00","author":"ljungby","twitter_card":"summary_large_image","twitter_misc":{"Skriven av":"ljungby"},"schema":{"@context":"https:\/\/schema.org","@graph":[{"@type":"Article","@id":"https:\/\/wp.kristdemokraterna.se\/ljungby\/kristdemokraterna-avstar-julbord-bekostade-av-kommunen-2\/#article","isPartOf":{"@id":"https:\/\/wp.kristdemokraterna.se\/ljungby\/kristdemokraterna-avstar-julbord-bekostade-av-kommunen-2\/"},"author":{"name":"ljungby","@id":"https:\/\/wp.kristdemokraterna.se\/ljungby\/#\/schema\/person\/ada662c5d4d309d880402ec01bfa9fc3"},"headline":"Kristdemokraterna avst\u00e5r julbord bekostade av kommunen","datePublished":"2012-12-03T20:12:53+00:00","mainEntityOfPage":{"@id":"https:\/\/wp.kristdemokraterna.se\/ljungby\/kristdemokraterna-avstar-julbord-bekostade-av-kommunen-2\/"},"wordCount":90,"commentCount":0,"articleSection":["Debattinl\u00e4gg","Information","Nyheter"],"inLanguage":"sv-SE"},{"@type":"WebPage","@id":"https:\/\/wp.kristdemokraterna.se\/ljungby\/kristdemokraterna-avstar-julbord-bekostade-av-kommunen-2\/","url":"https:\/\/wp.kristdemokraterna.se\/ljungby\/kristdemokraterna-avstar-julbord-bekostade-av-kommunen-2\/","name":"Kristdemokraterna avst\u00e5r julbord bekostade av kommunen - Kristdemokraterna Ljungby","isPartOf":{"@id":"https:\/\/wp.kristdemokraterna.se\/ljungby\/#website"},"datePublished":"2012-12-03T20:12:53+00:00","author":{"@id":"https:\/\/wp.kristdemokraterna.se\/ljungby\/#\/schema\/person\/ada662c5d4d309d880402ec01bfa9fc3"},"breadcrumb":{"@id":"https:\/\/wp.kristdemokraterna.se\/ljungby\/kristdemokraterna-avstar-julbord-bekostade-av-kommunen-2\/#breadcrumb"},"inLanguage":"sv-SE","potentialAction":[{"@type":"ReadAction","target":["https:\/\/wp.kristdemokraterna.se\/ljungby\/kristdemokraterna-avstar-julbord-bekostade-av-kommunen-2\/"]}]},{"@type":"BreadcrumbList","@id":"https:\/\/wp.kristdemokraterna.se\/ljungby\/kristdemokraterna-avstar-julbord-bekostade-av-kommunen-2\/#breadcrumb","itemListElement":[{"@type":"ListItem","position":1,"name":"Hem","item":"https:\/\/wp.kristdemokraterna.se\/ljungby\/"},{"@type":"ListItem","position":2,"name":"Kristdemokraterna avst\u00e5r julbord bekostade av kommunen"}]},{"@type":"WebSite","@id":"https:\/\/wp.kristdemokraterna.se\/ljungby\/#website","url":"https:\/\/wp.kristdemokraterna.se\/ljungby\/","name":"Kristdemokraterna Ljungby","description":"","inLanguage":"sv-SE"},{"@type":"Person","@id":"https:\/\/wp.kristdemokraterna.se\/ljungby\/#\/schema\/person\/ada662c5d4d309d880402ec01bfa9fc3","name":"ljungby","image":{"@type":"ImageObject","inLanguage":"sv-SE","@id":"https:\/\/secure.gravatar.com\/avatar\/c094a9577724be90ddee7ea9cac26c1171055fef8cdee8b46ee0cfed89509ab1?s=96&r=g","url":"https:\/\/secure.gravatar.com\/avatar\/c094a9577724be90ddee7ea9cac26c1171055fef8cdee8b46ee0cfed89509ab1?s=96&r=g","contentUrl":"https:\/\/secure.gravatar.com\/avatar\/c094a9577724be90ddee7ea9cac26c1171055fef8cdee8b46ee0cfed89509ab1?s=96&r=g","caption":"ljungby"},"url":"https:\/\/wp.kristdemokraterna.se\/ljungby\/author\/ljungby\/"}]}},"_links":{"self":[{"href":"https:\/\/wp.kristdemokraterna.se\/ljungby\/wp-json\/wp\/v2\/posts\/183","targetHints":{"allow":["GET"]}}],"collection":[{"href":"https:\/\/wp.kristdemokraterna.se\/ljungby\/wp-json\/wp\/v2\/posts"}],"about":[{"href":"https:\/\/wp.kristdemokraterna.se\/ljungby\/wp-json\/wp\/v2\/types\/post"}],"author":[{"embeddable":true,"href":"https:\/\/wp.kristdemokraterna.se\/ljungby\/wp-json\/wp\/v2\/users\/434"}],"replies":[{"embeddable":true,"href":"https:\/\/wp.kristdemokraterna.se\/ljungby\/wp-json\/wp\/v2\/comments?post=183"}],"version-history":[{"count":0,"href":"https:\/\/wp.kristdemokraterna.se\/ljungby\/wp-json\/wp\/v2\/posts\/183\/revisions"}],"wp:attachment":[{"href":"https:\/\/wp.kristdemokraterna.se\/ljungby\/wp-json\/wp\/v2\/media?parent=183"}],"wp:term":[{"taxonomy":"category","embeddable":true,"href":"https:\/\/wp.kristdemokraterna.se\/ljungby\/wp-json\/wp\/v2\/categories?post=183"},{"taxonomy":"post_tag","embeddable":true,"href":"https:\/\/wp.kristdemokraterna.se\/ljungby\/wp-json\/wp\/v2\/tags?post=183"}],"curies":[{"name":"wp","href":"https:\/\/api.w.org\/{rel}","templated":true}]}}