{"id":202,"date":"2013-04-30T11:08:38","date_gmt":"2013-04-30T09:08:38","guid":{"rendered":"http:\/\/wp.kristdemokraterna.se\/ljungby\/?p=202"},"modified":"2013-05-28T09:00:19","modified_gmt":"2013-05-28T07:00:19","slug":"en-handelserik-vecka","status":"publish","type":"post","link":"https:\/\/wp.kristdemokraterna.se\/ljungby\/en-handelserik-vecka\/","title":{"rendered":"En h\u00e4ndelserik vecka"},"content":{"rendered":"<p>Inskickad till Sm\u00e5l\u00e4nningen 2012-04-28<\/p>\n<blockquote><p><span style=\"color: #000000\">Under den g\u00e5ngna veckan de kommunala n\u00e4mnderna i Ljungby kommun sammantr\u00e4tt och fattat stora och viktiga beslut.<\/span><\/p>\n<p>&nbsp;<\/p>\n<p>Barn- utbildningsn\u00e4mnden var f\u00f6rst ut redan i m\u00e5ndags. N\u00e4mnden jobbar med stora budgetproblem fr\u00e4mst beroende p\u00e5 kostnaderna f\u00f6r gymnasiet. Problemen kan h\u00e4nf\u00f6ras till det vikande elevunderlaget och \u00e4r fr\u00e4mst en f\u00f6ljd av tidigare underl\u00e5tenhet att ta tag i problemen. Det kan knappast varit ok\u00e4nt att elevunderlaget \u00e4r vikande, men man har inte haft f\u00f6rm\u00e5gan att m\u00f6ta problemet. Dessv\u00e4rre tycks of\u00f6rm\u00e5gan best\u00e5.<\/p>\n<p>F\u00f6r att komma tillr\u00e4tta med underskottet har n\u00e4mnden d\u00e4rf\u00f6r, ist\u00e4llet f\u00f6r att stasa d\u00e4r budgeten bl\u00f6der, beslutat att vidta andra \u00e5tg\u00e4rder s\u00e5som att ta bort v\u00e5rdnadsbidraget, dagbarnsv\u00e5rdarna i Lagan och D\u00f6rarp samt att minska med en kurator i grundskolan. Detta sl\u00e5r mot dels familjernas r\u00e4tt att sj\u00e4lva ha r\u00e5dighet \u00f6ver sin familjesituation \u2013 vad vi ofta brukar kalla valfrihet \u2013 dels inskr\u00e4nka m\u00f6jligheten till en alternativ barnomsorgsform. Att ta bort en kuratorstj\u00e4nst fr\u00e5n grundskolan sl\u00e5r mot de mest utsatta barnen och att komma dessa till hj\u00e4lp p\u00e5 ett tidigt stadium innan barnets problem blivit f\u00f6r stora. Det \u00e4r sorgligt att insikten om detta \u00e4r s\u00e5 d\u00e5lig inom skolans ledning.<\/p>\n<p>Det indragna v\u00e5rdnadsbidraget visade sig emellertid inte vara m\u00f6jligt eftersom n\u00e4mnden saknade beh\u00f6righet, vilket konstaterades efter det att jag st\u00e4llt fr\u00e5gan i kommunfullm\u00e4ktige. Att detta inte var klarlagt inf\u00f6r n\u00e4mndens sammantr\u00e4de f\u00e5r anses vara en allvarlig brist i \u00e4rendets beredning. F\u00f6ljden blev att n\u00e4mndens sekreterare \u00e4ndrade i protokollet vilket strider mot alla regler. Protokollet skall \u00e5terge vad n\u00e4mnden beslutade. Det \u00e4ndrade protokollet har senare justerats. De olika turerna kan f\u00f6ljas i Sm\u00e5l\u00e4nningens rapportering. Jag v\u00e4ntar med sp\u00e4nning p\u00e5 forts\u00e4ttningen.<\/p>\n<p>De borttagna dagbarnv\u00e5rdarna bygger p\u00e5 den ideologiska grunden att alla barn \u00e4r lika och att d\u00e4rf\u00f6r alternativa barnomsorgsformer inte beh\u00f6vs. I st\u00e4llet f\u00f6r att avskaffa dagbarnv\u00e5rdarna borde man utreda om denna barnomsorgsform kunde utvecklas. L\u00e4mpligen borde d\u00e5 unders\u00f6kas om den \u00e4r l\u00e4mplig t ex d\u00e5 f\u00f6r\u00e4ldrarna arbetar p\u00e5 s k obekv\u00e4m arbetstid, vilket ju inte \u00e4r ovanlig inom v\u00e5rdyrkena. Av beslutsunderlaget framg\u00e5r inte vilka alternativkostnaderna \u00e4r f\u00f6r den f\u00f6rmenta besparingen.<\/p>\n<p>Sedan hade socialn\u00e4mnden sitt sammantr\u00e4de, vilket mycket kom att handla om flyttande av hyresg\u00e4ster fr\u00e5n det s\u00e4rskilda boendet p\u00e5 Brunnsg\u00e5rden till \u00c5sikten. Detta ber\u00f6r en grupp personer som f\u00e5r anses h\u00f6ra till de svagaste i samh\u00e4llet. Det \u00e4r ju d\u00e4rf\u00f6r de beviljats plats p\u00e5 s\u00e4rskilt boende. Detta inneb\u00e4r ju inte att de inte m\u00e5ste bem\u00f6tas med aktning och v\u00e4rdighet. Brunnsg\u00e5rden \u00e4r idag deras hem. De har hyreskontrakt p\u00e5 sina l\u00e4genheter. Nu skall de evakueras fr\u00e5n sina l\u00e4genheter, varvid de erbjuds nya l\u00e4genheter p\u00e5 \u00c5sikten. De \u00e4r inga schackpj\u00e4ser som kommunen kan flytta omkring som den finner b\u00e4st. S\u00e5vitt jag vet \u00e4r hyresavtalen utformade helt i \u00f6verensst\u00e4mmelse med hyreslagens regler, vilket inte m\u00f6jligg\u00f6r n\u00e5gra tv\u00e5ngsf\u00f6rflyttningar. Vem tillvaratar hyresg\u00e4sternas intressen? Vi har starka pension\u00e4rsorganisationer. Om de har agerat vet jag inte.<\/p>\n<p>Ovann\u00e4mnda beslut i BUN och Socialn\u00e4mnden riktar sig mot grupper i samh\u00e4llet som \u00e4r svaga och inte har s\u00e5 l\u00e4tt att f\u00e5 geh\u00f6r f\u00f6r sina \u00e5sikter. De kommunala besparingarna \u00e4r n\u00e4stan alltid riktade mot dessa grupper. Vi i Kristdemokraterna tycker att man b\u00f6r \u201dsopa trappan uppifr\u00e5n\u201d. Vad kan sparas i den politiska organisationen och vad kan sparas i den centrala kommun-<br \/>\norganisationen. En enda chef i kommunhuset kostar med sociala avgifter och \u00f6vriga kringkostnader lika mycket som v\u00e5rdnadsbidraget. Borde inte det motivera en \u00f6versyn av organisationen?<\/p>\n<p>Det \u00e4r viktigt att ett parti som Kristdemokraterna som v\u00e4rnar om de svagas intressen noga f\u00f6ljer utvecklingen.<\/p>\n<p>Slutligen vill jag understryka att ett samh\u00e4lle kan bed\u00f6mas efter hur man behandlar de unga och de \u00e4ldre. L\u00e5t oss hoppas att Ljungby kommun str\u00e4var efter att vara ett samh\u00e4lle d\u00e4r det \u00e4r gott f\u00f6r dessa grupper att leva.<\/p>\n<p>Christer Henriksson (KD)<\/p>\n<p>&nbsp;<\/p><\/blockquote>\n<div id=\"attachment_67\" style=\"width: 160px\" class=\"wp-caption alignnone\"><a href=\"http:\/\/wp.kristdemokraterna.se\/ljungby\/files\/2013\/02\/Christer-Henriksson.jpg\"><img loading=\"lazy\" decoding=\"async\" aria-describedby=\"caption-attachment-67\" class=\"size-thumbnail wp-image-67\" alt=\"Christer Henriksson\" src=\"http:\/\/wp.kristdemokraterna.se\/ljungby\/files\/2013\/02\/Christer-Henriksson-150x150.jpg\" width=\"150\" height=\"150\" \/><\/a><p id=\"caption-attachment-67\" class=\"wp-caption-text\">Christer Henriksson<\/p><\/div>\n","protected":false},"excerpt":{"rendered":"<p>Inskickad till Sm\u00e5l\u00e4nningen 2012-04-28 Under den g\u00e5ngna veckan de kommunala n\u00e4mnderna i Ljungby kommun sammantr\u00e4tt och fattat stora och viktiga beslut. &nbsp; Barn- utbildningsn\u00e4mnden var f\u00f6rst ut redan i m\u00e5ndags. N\u00e4mnden jobbar med stora budgetproblem fr\u00e4mst beroende p\u00e5 kostnaderna f\u00f6r gymnasiet. Problemen kan h\u00e4nf\u00f6ras till det vikande elevunderlaget och \u00e4r fr\u00e4mst en f\u00f6ljd av tidigare <a class=\"read-more-link\" href=\"https:\/\/wp.kristdemokraterna.se\/ljungby\/en-handelserik-vecka\/\">Read More<\/a><\/p>\n","protected":false},"author":434,"featured_media":0,"comment_status":"open","ping_status":"open","sticky":false,"template":"","format":"standard","meta":{"_acf_changed":false,"footnotes":""},"categories":[4],"tags":[],"class_list":["post-202","post","type-post","status-publish","format-standard","hentry","category-debattinlagg"],"acf":[],"yoast_head":"<!-- This site is optimized with the Yoast SEO plugin v27.4 - https:\/\/yoast.com\/product\/yoast-seo-wordpress\/ -->\n<title>En h\u00e4ndelserik vecka - Kristdemokraterna Ljungby<\/title>\n<meta name=\"robots\" content=\"index, follow, max-snippet:-1, max-image-preview:large, max-video-preview:-1\" \/>\n<link rel=\"canonical\" href=\"https:\/\/wp.kristdemokraterna.se\/ljungby\/en-handelserik-vecka\/\" \/>\n<meta property=\"og:locale\" content=\"sv_SE\" \/>\n<meta property=\"og:type\" content=\"article\" \/>\n<meta property=\"og:title\" content=\"En h\u00e4ndelserik vecka - Kristdemokraterna Ljungby\" \/>\n<meta property=\"og:description\" content=\"Inskickad till Sm\u00e5l\u00e4nningen 2012-04-28 Under den g\u00e5ngna veckan de kommunala n\u00e4mnderna i Ljungby kommun sammantr\u00e4tt och fattat stora och viktiga beslut. &nbsp; Barn- utbildningsn\u00e4mnden var f\u00f6rst ut redan i m\u00e5ndags. N\u00e4mnden jobbar med stora budgetproblem fr\u00e4mst beroende p\u00e5 kostnaderna f\u00f6r gymnasiet. Problemen kan h\u00e4nf\u00f6ras till det vikande elevunderlaget och \u00e4r fr\u00e4mst en f\u00f6ljd av tidigare Read More\" \/>\n<meta property=\"og:url\" content=\"https:\/\/wp.kristdemokraterna.se\/ljungby\/en-handelserik-vecka\/\" \/>\n<meta property=\"og:site_name\" content=\"Kristdemokraterna Ljungby\" \/>\n<meta property=\"article:published_time\" content=\"2013-04-30T09:08:38+00:00\" \/>\n<meta property=\"article:modified_time\" content=\"2013-05-28T07:00:19+00:00\" \/>\n<meta property=\"og:image\" content=\"http:\/\/wp.kristdemokraterna.se\/ljungby\/files\/2013\/02\/Christer-Henriksson-150x150.jpg\" \/>\n<meta name=\"author\" content=\"ljungby\" \/>\n<meta name=\"twitter:card\" content=\"summary_large_image\" \/>\n<meta name=\"twitter:label1\" content=\"Skriven av\" \/>\n\t<meta name=\"twitter:data1\" content=\"ljungby\" \/>\n\t<meta name=\"twitter:label2\" content=\"Ber\u00e4knad l\u00e4stid\" \/>\n\t<meta name=\"twitter:data2\" content=\"4 minuter\" \/>\n<script type=\"application\/ld+json\" class=\"yoast-schema-graph\">{\"@context\":\"https:\\\/\\\/schema.org\",\"@graph\":[{\"@type\":\"Article\",\"@id\":\"https:\\\/\\\/wp.kristdemokraterna.se\\\/ljungby\\\/en-handelserik-vecka\\\/#article\",\"isPartOf\":{\"@id\":\"https:\\\/\\\/wp.kristdemokraterna.se\\\/ljungby\\\/en-handelserik-vecka\\\/\"},\"author\":{\"name\":\"ljungby\",\"@id\":\"https:\\\/\\\/wp.kristdemokraterna.se\\\/ljungby\\\/#\\\/schema\\\/person\\\/ada662c5d4d309d880402ec01bfa9fc3\"},\"headline\":\"En h\u00e4ndelserik vecka\",\"datePublished\":\"2013-04-30T09:08:38+00:00\",\"dateModified\":\"2013-05-28T07:00:19+00:00\",\"mainEntityOfPage\":{\"@id\":\"https:\\\/\\\/wp.kristdemokraterna.se\\\/ljungby\\\/en-handelserik-vecka\\\/\"},\"wordCount\":766,\"commentCount\":0,\"image\":{\"@id\":\"https:\\\/\\\/wp.kristdemokraterna.se\\\/ljungby\\\/en-handelserik-vecka\\\/#primaryimage\"},\"thumbnailUrl\":\"http:\\\/\\\/wp.kristdemokraterna.se\\\/ljungby\\\/files\\\/2013\\\/02\\\/Christer-Henriksson-150x150.jpg\",\"articleSection\":[\"Debattinl\u00e4gg\"],\"inLanguage\":\"sv-SE\"},{\"@type\":\"WebPage\",\"@id\":\"https:\\\/\\\/wp.kristdemokraterna.se\\\/ljungby\\\/en-handelserik-vecka\\\/\",\"url\":\"https:\\\/\\\/wp.kristdemokraterna.se\\\/ljungby\\\/en-handelserik-vecka\\\/\",\"name\":\"En h\u00e4ndelserik vecka - Kristdemokraterna Ljungby\",\"isPartOf\":{\"@id\":\"https:\\\/\\\/wp.kristdemokraterna.se\\\/ljungby\\\/#website\"},\"primaryImageOfPage\":{\"@id\":\"https:\\\/\\\/wp.kristdemokraterna.se\\\/ljungby\\\/en-handelserik-vecka\\\/#primaryimage\"},\"image\":{\"@id\":\"https:\\\/\\\/wp.kristdemokraterna.se\\\/ljungby\\\/en-handelserik-vecka\\\/#primaryimage\"},\"thumbnailUrl\":\"http:\\\/\\\/wp.kristdemokraterna.se\\\/ljungby\\\/files\\\/2013\\\/02\\\/Christer-Henriksson-150x150.jpg\",\"datePublished\":\"2013-04-30T09:08:38+00:00\",\"dateModified\":\"2013-05-28T07:00:19+00:00\",\"author\":{\"@id\":\"https:\\\/\\\/wp.kristdemokraterna.se\\\/ljungby\\\/#\\\/schema\\\/person\\\/ada662c5d4d309d880402ec01bfa9fc3\"},\"breadcrumb\":{\"@id\":\"https:\\\/\\\/wp.kristdemokraterna.se\\\/ljungby\\\/en-handelserik-vecka\\\/#breadcrumb\"},\"inLanguage\":\"sv-SE\",\"potentialAction\":[{\"@type\":\"ReadAction\",\"target\":[\"https:\\\/\\\/wp.kristdemokraterna.se\\\/ljungby\\\/en-handelserik-vecka\\\/\"]}]},{\"@type\":\"ImageObject\",\"inLanguage\":\"sv-SE\",\"@id\":\"https:\\\/\\\/wp.kristdemokraterna.se\\\/ljungby\\\/en-handelserik-vecka\\\/#primaryimage\",\"url\":\"https:\\\/\\\/wp.kristdemokraterna.se\\\/ljungby\\\/files\\\/2013\\\/02\\\/Christer-Henriksson.jpg\",\"contentUrl\":\"https:\\\/\\\/wp.kristdemokraterna.se\\\/ljungby\\\/files\\\/2013\\\/02\\\/Christer-Henriksson.jpg\",\"width\":2592,\"height\":3888,\"caption\":\"Christer Henriksson\"},{\"@type\":\"BreadcrumbList\",\"@id\":\"https:\\\/\\\/wp.kristdemokraterna.se\\\/ljungby\\\/en-handelserik-vecka\\\/#breadcrumb\",\"itemListElement\":[{\"@type\":\"ListItem\",\"position\":1,\"name\":\"Hem\",\"item\":\"https:\\\/\\\/wp.kristdemokraterna.se\\\/ljungby\\\/\"},{\"@type\":\"ListItem\",\"position\":2,\"name\":\"En h\u00e4ndelserik vecka\"}]},{\"@type\":\"WebSite\",\"@id\":\"https:\\\/\\\/wp.kristdemokraterna.se\\\/ljungby\\\/#website\",\"url\":\"https:\\\/\\\/wp.kristdemokraterna.se\\\/ljungby\\\/\",\"name\":\"Kristdemokraterna Ljungby\",\"description\":\"\",\"inLanguage\":\"sv-SE\"},{\"@type\":\"Person\",\"@id\":\"https:\\\/\\\/wp.kristdemokraterna.se\\\/ljungby\\\/#\\\/schema\\\/person\\\/ada662c5d4d309d880402ec01bfa9fc3\",\"name\":\"ljungby\",\"image\":{\"@type\":\"ImageObject\",\"inLanguage\":\"sv-SE\",\"@id\":\"https:\\\/\\\/secure.gravatar.com\\\/avatar\\\/c094a9577724be90ddee7ea9cac26c1171055fef8cdee8b46ee0cfed89509ab1?s=96&r=g\",\"url\":\"https:\\\/\\\/secure.gravatar.com\\\/avatar\\\/c094a9577724be90ddee7ea9cac26c1171055fef8cdee8b46ee0cfed89509ab1?s=96&r=g\",\"contentUrl\":\"https:\\\/\\\/secure.gravatar.com\\\/avatar\\\/c094a9577724be90ddee7ea9cac26c1171055fef8cdee8b46ee0cfed89509ab1?s=96&r=g\",\"caption\":\"ljungby\"},\"url\":\"https:\\\/\\\/wp.kristdemokraterna.se\\\/ljungby\\\/author\\\/ljungby\\\/\"}]}<\/script>\n<!-- \/ Yoast SEO plugin. -->","yoast_head_json":{"title":"En h\u00e4ndelserik vecka - Kristdemokraterna Ljungby","robots":{"index":"index","follow":"follow","max-snippet":"max-snippet:-1","max-image-preview":"max-image-preview:large","max-video-preview":"max-video-preview:-1"},"canonical":"https:\/\/wp.kristdemokraterna.se\/ljungby\/en-handelserik-vecka\/","og_locale":"sv_SE","og_type":"article","og_title":"En h\u00e4ndelserik vecka - Kristdemokraterna Ljungby","og_description":"Inskickad till Sm\u00e5l\u00e4nningen 2012-04-28 Under den g\u00e5ngna veckan de kommunala n\u00e4mnderna i Ljungby kommun sammantr\u00e4tt och fattat stora och viktiga beslut. &nbsp; Barn- utbildningsn\u00e4mnden var f\u00f6rst ut redan i m\u00e5ndags. N\u00e4mnden jobbar med stora budgetproblem fr\u00e4mst beroende p\u00e5 kostnaderna f\u00f6r gymnasiet. Problemen kan h\u00e4nf\u00f6ras till det vikande elevunderlaget och \u00e4r fr\u00e4mst en f\u00f6ljd av tidigare Read More","og_url":"https:\/\/wp.kristdemokraterna.se\/ljungby\/en-handelserik-vecka\/","og_site_name":"Kristdemokraterna Ljungby","article_published_time":"2013-04-30T09:08:38+00:00","article_modified_time":"2013-05-28T07:00:19+00:00","og_image":[{"url":"http:\/\/wp.kristdemokraterna.se\/ljungby\/files\/2013\/02\/Christer-Henriksson-150x150.jpg","type":"","width":"","height":""}],"author":"ljungby","twitter_card":"summary_large_image","twitter_misc":{"Skriven av":"ljungby","Ber\u00e4knad l\u00e4stid":"4 minuter"},"schema":{"@context":"https:\/\/schema.org","@graph":[{"@type":"Article","@id":"https:\/\/wp.kristdemokraterna.se\/ljungby\/en-handelserik-vecka\/#article","isPartOf":{"@id":"https:\/\/wp.kristdemokraterna.se\/ljungby\/en-handelserik-vecka\/"},"author":{"name":"ljungby","@id":"https:\/\/wp.kristdemokraterna.se\/ljungby\/#\/schema\/person\/ada662c5d4d309d880402ec01bfa9fc3"},"headline":"En h\u00e4ndelserik vecka","datePublished":"2013-04-30T09:08:38+00:00","dateModified":"2013-05-28T07:00:19+00:00","mainEntityOfPage":{"@id":"https:\/\/wp.kristdemokraterna.se\/ljungby\/en-handelserik-vecka\/"},"wordCount":766,"commentCount":0,"image":{"@id":"https:\/\/wp.kristdemokraterna.se\/ljungby\/en-handelserik-vecka\/#primaryimage"},"thumbnailUrl":"http:\/\/wp.kristdemokraterna.se\/ljungby\/files\/2013\/02\/Christer-Henriksson-150x150.jpg","articleSection":["Debattinl\u00e4gg"],"inLanguage":"sv-SE"},{"@type":"WebPage","@id":"https:\/\/wp.kristdemokraterna.se\/ljungby\/en-handelserik-vecka\/","url":"https:\/\/wp.kristdemokraterna.se\/ljungby\/en-handelserik-vecka\/","name":"En h\u00e4ndelserik vecka - Kristdemokraterna Ljungby","isPartOf":{"@id":"https:\/\/wp.kristdemokraterna.se\/ljungby\/#website"},"primaryImageOfPage":{"@id":"https:\/\/wp.kristdemokraterna.se\/ljungby\/en-handelserik-vecka\/#primaryimage"},"image":{"@id":"https:\/\/wp.kristdemokraterna.se\/ljungby\/en-handelserik-vecka\/#primaryimage"},"thumbnailUrl":"http:\/\/wp.kristdemokraterna.se\/ljungby\/files\/2013\/02\/Christer-Henriksson-150x150.jpg","datePublished":"2013-04-30T09:08:38+00:00","dateModified":"2013-05-28T07:00:19+00:00","author":{"@id":"https:\/\/wp.kristdemokraterna.se\/ljungby\/#\/schema\/person\/ada662c5d4d309d880402ec01bfa9fc3"},"breadcrumb":{"@id":"https:\/\/wp.kristdemokraterna.se\/ljungby\/en-handelserik-vecka\/#breadcrumb"},"inLanguage":"sv-SE","potentialAction":[{"@type":"ReadAction","target":["https:\/\/wp.kristdemokraterna.se\/ljungby\/en-handelserik-vecka\/"]}]},{"@type":"ImageObject","inLanguage":"sv-SE","@id":"https:\/\/wp.kristdemokraterna.se\/ljungby\/en-handelserik-vecka\/#primaryimage","url":"https:\/\/wp.kristdemokraterna.se\/ljungby\/files\/2013\/02\/Christer-Henriksson.jpg","contentUrl":"https:\/\/wp.kristdemokraterna.se\/ljungby\/files\/2013\/02\/Christer-Henriksson.jpg","width":2592,"height":3888,"caption":"Christer Henriksson"},{"@type":"BreadcrumbList","@id":"https:\/\/wp.kristdemokraterna.se\/ljungby\/en-handelserik-vecka\/#breadcrumb","itemListElement":[{"@type":"ListItem","position":1,"name":"Hem","item":"https:\/\/wp.kristdemokraterna.se\/ljungby\/"},{"@type":"ListItem","position":2,"name":"En h\u00e4ndelserik vecka"}]},{"@type":"WebSite","@id":"https:\/\/wp.kristdemokraterna.se\/ljungby\/#website","url":"https:\/\/wp.kristdemokraterna.se\/ljungby\/","name":"Kristdemokraterna Ljungby","description":"","inLanguage":"sv-SE"},{"@type":"Person","@id":"https:\/\/wp.kristdemokraterna.se\/ljungby\/#\/schema\/person\/ada662c5d4d309d880402ec01bfa9fc3","name":"ljungby","image":{"@type":"ImageObject","inLanguage":"sv-SE","@id":"https:\/\/secure.gravatar.com\/avatar\/c094a9577724be90ddee7ea9cac26c1171055fef8cdee8b46ee0cfed89509ab1?s=96&r=g","url":"https:\/\/secure.gravatar.com\/avatar\/c094a9577724be90ddee7ea9cac26c1171055fef8cdee8b46ee0cfed89509ab1?s=96&r=g","contentUrl":"https:\/\/secure.gravatar.com\/avatar\/c094a9577724be90ddee7ea9cac26c1171055fef8cdee8b46ee0cfed89509ab1?s=96&r=g","caption":"ljungby"},"url":"https:\/\/wp.kristdemokraterna.se\/ljungby\/author\/ljungby\/"}]}},"_links":{"self":[{"href":"https:\/\/wp.kristdemokraterna.se\/ljungby\/wp-json\/wp\/v2\/posts\/202","targetHints":{"allow":["GET"]}}],"collection":[{"href":"https:\/\/wp.kristdemokraterna.se\/ljungby\/wp-json\/wp\/v2\/posts"}],"about":[{"href":"https:\/\/wp.kristdemokraterna.se\/ljungby\/wp-json\/wp\/v2\/types\/post"}],"author":[{"embeddable":true,"href":"https:\/\/wp.kristdemokraterna.se\/ljungby\/wp-json\/wp\/v2\/users\/434"}],"replies":[{"embeddable":true,"href":"https:\/\/wp.kristdemokraterna.se\/ljungby\/wp-json\/wp\/v2\/comments?post=202"}],"version-history":[{"count":2,"href":"https:\/\/wp.kristdemokraterna.se\/ljungby\/wp-json\/wp\/v2\/posts\/202\/revisions"}],"predecessor-version":[{"id":209,"href":"https:\/\/wp.kristdemokraterna.se\/ljungby\/wp-json\/wp\/v2\/posts\/202\/revisions\/209"}],"wp:attachment":[{"href":"https:\/\/wp.kristdemokraterna.se\/ljungby\/wp-json\/wp\/v2\/media?parent=202"}],"wp:term":[{"taxonomy":"category","embeddable":true,"href":"https:\/\/wp.kristdemokraterna.se\/ljungby\/wp-json\/wp\/v2\/categories?post=202"},{"taxonomy":"post_tag","embeddable":true,"href":"https:\/\/wp.kristdemokraterna.se\/ljungby\/wp-json\/wp\/v2\/tags?post=202"}],"curies":[{"name":"wp","href":"https:\/\/api.w.org\/{rel}","templated":true}]}}