{"id":215,"date":"2013-10-03T10:30:57","date_gmt":"2013-10-03T08:30:57","guid":{"rendered":"http:\/\/wp.kristdemokraterna.se\/ljungby\/?p=215"},"modified":"2014-08-25T16:05:10","modified_gmt":"2014-08-25T14:05:10","slug":"angaende-ljungby-arena","status":"publish","type":"post","link":"https:\/\/wp.kristdemokraterna.se\/ljungby\/angaende-ljungby-arena\/","title":{"rendered":"Ang\u00e5ende Ljungby Arena"},"content":{"rendered":"<p>P\u00e5 kommunstyrelsen den 1\/10 reserverade sig Christer Henriksson (KD) mot beslutet att g\u00e5 vidare med arenabygget i sin nuvarande form. Christer yrkade p\u00e5 \u00e5terremiss och n\u00e4r det inte gick igenom yrkades p\u00e5 avslag.<\/p>\n<p>H\u00e4r f\u00f6ljer reservationen fr\u00e5n Christer i sin helhet.<\/p>\n<blockquote><p><strong>Reservation<\/strong><br \/>\nI ett v\u00e4lskrivet tj\u00e4nsteutl\u00e5tande redovisas hur ett arenabolag skulle kunna bildas av Ljungby kommun och privata intressenter i Ljungby. Endast positiva effekter redovisas.I bilaga 3 i till tj\u00e4nsteutl\u00e5tandet fogat investerings-memorandum redovisas utan n\u00e5gon som helst analys ber\u00e4knade int\u00e4kter f\u00f6r s\u00e5v\u00e4l arenabolaget som det planerade servicebolaget.<\/p>\n<p>Underlaget f\u00f6r uppgifterna redovisas inte. Inte minst resturangint\u00e4kterna i servicebolaget framst\u00e5r som minst sagt tveksamma \u2013 inte minst med tanke p\u00e5 fiaskot vid upphandling av entrepren\u00f6r f\u00f6r restaurangen p\u00e5 \u00c5sikten. Det finns heller inte n\u00e5gon riskanalys av vad som intr\u00e4ffar om f\u00f6rv\u00e4ntningarna inte infrias. Kommunen \u00e4r visserligen bara minoritetsdel\u00e4gare med 49 procent av aktierna, men \u00e4r \u00e4nd\u00e5 den i s\u00e4rklass st\u00f6rste del\u00e4garen med ett ansvar inf\u00f6r kommun-inv\u00e5narna betr\u00e4ffande lokalf\u00f6rs\u00f6rjning f\u00f6r fritids\u00e4ndam\u00e5l. Kommunen \u00e4r i minoritet i bolagets styrelse. Vem kommer att b\u00e4ra ansvaret om kalkylerna inte h\u00e5ller?<\/p>\n<p>Fr\u00e5gorna om ekonomi och riskansvar \u00e4r otillr\u00e4ckligt utredda. Enligt min mening \u00e4r underlaget f\u00f6r beslut otillr\u00e4ckligt. Mot denna bakgrund har jag f\u00f6rst yrkat \u00e5terremiss f\u00f6r komplettering och d\u00e4rvid \u00f6verr\u00f6stad yrkat avslag. Jag reserverar mig mot styrelsens bifallsbeslut som jag finner oansvarigt.<\/p>\n<p>Christer Henriksson (KD)<\/p><\/blockquote>\n","protected":false},"excerpt":{"rendered":"<p>P\u00e5 kommunstyrelsen den 1\/10 reserverade sig Christer Henriksson (KD) mot beslutet att g\u00e5 vidare med arenabygget i sin nuvarande form. Christer yrkade p\u00e5 \u00e5terremiss och n\u00e4r det inte gick igenom yrkades p\u00e5 avslag. H\u00e4r f\u00f6ljer reservationen fr\u00e5n Christer i sin helhet. Reservation I ett v\u00e4lskrivet tj\u00e4nsteutl\u00e5tande redovisas hur ett arenabolag skulle kunna bildas av Ljungby <a class=\"read-more-link\" href=\"https:\/\/wp.kristdemokraterna.se\/ljungby\/angaende-ljungby-arena\/\">Read More<\/a><\/p>\n","protected":false},"author":434,"featured_media":0,"comment_status":"closed","ping_status":"closed","sticky":false,"template":"","format":"standard","meta":{"_acf_changed":false,"footnotes":""},"categories":[4,9],"tags":[11,21,15],"class_list":["post-215","post","type-post","status-publish","format-standard","hentry","category-debattinlagg","category-rostforklaringar","tag-arena","tag-christer-henriksson","tag-sunnerbohov"],"acf":[],"yoast_head":"<!-- This site is optimized with the Yoast SEO plugin v27.4 - https:\/\/yoast.com\/product\/yoast-seo-wordpress\/ -->\n<title>Ang\u00e5ende Ljungby Arena - Kristdemokraterna Ljungby<\/title>\n<meta name=\"robots\" content=\"index, follow, max-snippet:-1, max-image-preview:large, max-video-preview:-1\" \/>\n<link rel=\"canonical\" href=\"https:\/\/wp.kristdemokraterna.se\/ljungby\/angaende-ljungby-arena\/\" \/>\n<meta property=\"og:locale\" content=\"sv_SE\" \/>\n<meta property=\"og:type\" content=\"article\" \/>\n<meta property=\"og:title\" content=\"Ang\u00e5ende Ljungby Arena - Kristdemokraterna Ljungby\" \/>\n<meta property=\"og:description\" content=\"P\u00e5 kommunstyrelsen den 1\/10 reserverade sig Christer Henriksson (KD) mot beslutet att g\u00e5 vidare med arenabygget i sin nuvarande form. Christer yrkade p\u00e5 \u00e5terremiss och n\u00e4r det inte gick igenom yrkades p\u00e5 avslag. H\u00e4r f\u00f6ljer reservationen fr\u00e5n Christer i sin helhet. Reservation I ett v\u00e4lskrivet tj\u00e4nsteutl\u00e5tande redovisas hur ett arenabolag skulle kunna bildas av Ljungby Read More\" \/>\n<meta property=\"og:url\" content=\"https:\/\/wp.kristdemokraterna.se\/ljungby\/angaende-ljungby-arena\/\" \/>\n<meta property=\"og:site_name\" content=\"Kristdemokraterna Ljungby\" \/>\n<meta property=\"article:published_time\" content=\"2013-10-03T08:30:57+00:00\" \/>\n<meta property=\"article:modified_time\" content=\"2014-08-25T14:05:10+00:00\" \/>\n<meta name=\"author\" content=\"ljungby\" \/>\n<meta name=\"twitter:card\" content=\"summary_large_image\" \/>\n<meta name=\"twitter:label1\" content=\"Skriven av\" \/>\n\t<meta name=\"twitter:data1\" content=\"ljungby\" \/>\n\t<meta name=\"twitter:label2\" content=\"Ber\u00e4knad l\u00e4stid\" \/>\n\t<meta name=\"twitter:data2\" content=\"1 minut\" \/>\n<script type=\"application\/ld+json\" class=\"yoast-schema-graph\">{\"@context\":\"https:\\\/\\\/schema.org\",\"@graph\":[{\"@type\":\"Article\",\"@id\":\"https:\\\/\\\/wp.kristdemokraterna.se\\\/ljungby\\\/angaende-ljungby-arena\\\/#article\",\"isPartOf\":{\"@id\":\"https:\\\/\\\/wp.kristdemokraterna.se\\\/ljungby\\\/angaende-ljungby-arena\\\/\"},\"author\":{\"name\":\"ljungby\",\"@id\":\"https:\\\/\\\/wp.kristdemokraterna.se\\\/ljungby\\\/#\\\/schema\\\/person\\\/ada662c5d4d309d880402ec01bfa9fc3\"},\"headline\":\"Ang\u00e5ende Ljungby Arena\",\"datePublished\":\"2013-10-03T08:30:57+00:00\",\"dateModified\":\"2014-08-25T14:05:10+00:00\",\"mainEntityOfPage\":{\"@id\":\"https:\\\/\\\/wp.kristdemokraterna.se\\\/ljungby\\\/angaende-ljungby-arena\\\/\"},\"wordCount\":265,\"keywords\":[\"Arena\",\"Christer Henriksson\",\"Sunnerbohov\"],\"articleSection\":[\"Debattinl\u00e4gg\",\"R\u00f6stf\u00f6rklaringar\"],\"inLanguage\":\"sv-SE\"},{\"@type\":\"WebPage\",\"@id\":\"https:\\\/\\\/wp.kristdemokraterna.se\\\/ljungby\\\/angaende-ljungby-arena\\\/\",\"url\":\"https:\\\/\\\/wp.kristdemokraterna.se\\\/ljungby\\\/angaende-ljungby-arena\\\/\",\"name\":\"Ang\u00e5ende Ljungby Arena - Kristdemokraterna Ljungby\",\"isPartOf\":{\"@id\":\"https:\\\/\\\/wp.kristdemokraterna.se\\\/ljungby\\\/#website\"},\"datePublished\":\"2013-10-03T08:30:57+00:00\",\"dateModified\":\"2014-08-25T14:05:10+00:00\",\"author\":{\"@id\":\"https:\\\/\\\/wp.kristdemokraterna.se\\\/ljungby\\\/#\\\/schema\\\/person\\\/ada662c5d4d309d880402ec01bfa9fc3\"},\"breadcrumb\":{\"@id\":\"https:\\\/\\\/wp.kristdemokraterna.se\\\/ljungby\\\/angaende-ljungby-arena\\\/#breadcrumb\"},\"inLanguage\":\"sv-SE\",\"potentialAction\":[{\"@type\":\"ReadAction\",\"target\":[\"https:\\\/\\\/wp.kristdemokraterna.se\\\/ljungby\\\/angaende-ljungby-arena\\\/\"]}]},{\"@type\":\"BreadcrumbList\",\"@id\":\"https:\\\/\\\/wp.kristdemokraterna.se\\\/ljungby\\\/angaende-ljungby-arena\\\/#breadcrumb\",\"itemListElement\":[{\"@type\":\"ListItem\",\"position\":1,\"name\":\"Hem\",\"item\":\"https:\\\/\\\/wp.kristdemokraterna.se\\\/ljungby\\\/\"},{\"@type\":\"ListItem\",\"position\":2,\"name\":\"Ang\u00e5ende Ljungby Arena\"}]},{\"@type\":\"WebSite\",\"@id\":\"https:\\\/\\\/wp.kristdemokraterna.se\\\/ljungby\\\/#website\",\"url\":\"https:\\\/\\\/wp.kristdemokraterna.se\\\/ljungby\\\/\",\"name\":\"Kristdemokraterna Ljungby\",\"description\":\"\",\"inLanguage\":\"sv-SE\"},{\"@type\":\"Person\",\"@id\":\"https:\\\/\\\/wp.kristdemokraterna.se\\\/ljungby\\\/#\\\/schema\\\/person\\\/ada662c5d4d309d880402ec01bfa9fc3\",\"name\":\"ljungby\",\"image\":{\"@type\":\"ImageObject\",\"inLanguage\":\"sv-SE\",\"@id\":\"https:\\\/\\\/secure.gravatar.com\\\/avatar\\\/c094a9577724be90ddee7ea9cac26c1171055fef8cdee8b46ee0cfed89509ab1?s=96&r=g\",\"url\":\"https:\\\/\\\/secure.gravatar.com\\\/avatar\\\/c094a9577724be90ddee7ea9cac26c1171055fef8cdee8b46ee0cfed89509ab1?s=96&r=g\",\"contentUrl\":\"https:\\\/\\\/secure.gravatar.com\\\/avatar\\\/c094a9577724be90ddee7ea9cac26c1171055fef8cdee8b46ee0cfed89509ab1?s=96&r=g\",\"caption\":\"ljungby\"},\"url\":\"https:\\\/\\\/wp.kristdemokraterna.se\\\/ljungby\\\/author\\\/ljungby\\\/\"}]}<\/script>\n<!-- \/ Yoast SEO plugin. -->","yoast_head_json":{"title":"Ang\u00e5ende Ljungby Arena - Kristdemokraterna Ljungby","robots":{"index":"index","follow":"follow","max-snippet":"max-snippet:-1","max-image-preview":"max-image-preview:large","max-video-preview":"max-video-preview:-1"},"canonical":"https:\/\/wp.kristdemokraterna.se\/ljungby\/angaende-ljungby-arena\/","og_locale":"sv_SE","og_type":"article","og_title":"Ang\u00e5ende Ljungby Arena - Kristdemokraterna Ljungby","og_description":"P\u00e5 kommunstyrelsen den 1\/10 reserverade sig Christer Henriksson (KD) mot beslutet att g\u00e5 vidare med arenabygget i sin nuvarande form. Christer yrkade p\u00e5 \u00e5terremiss och n\u00e4r det inte gick igenom yrkades p\u00e5 avslag. H\u00e4r f\u00f6ljer reservationen fr\u00e5n Christer i sin helhet. Reservation I ett v\u00e4lskrivet tj\u00e4nsteutl\u00e5tande redovisas hur ett arenabolag skulle kunna bildas av Ljungby Read More","og_url":"https:\/\/wp.kristdemokraterna.se\/ljungby\/angaende-ljungby-arena\/","og_site_name":"Kristdemokraterna Ljungby","article_published_time":"2013-10-03T08:30:57+00:00","article_modified_time":"2014-08-25T14:05:10+00:00","author":"ljungby","twitter_card":"summary_large_image","twitter_misc":{"Skriven av":"ljungby","Ber\u00e4knad l\u00e4stid":"1 minut"},"schema":{"@context":"https:\/\/schema.org","@graph":[{"@type":"Article","@id":"https:\/\/wp.kristdemokraterna.se\/ljungby\/angaende-ljungby-arena\/#article","isPartOf":{"@id":"https:\/\/wp.kristdemokraterna.se\/ljungby\/angaende-ljungby-arena\/"},"author":{"name":"ljungby","@id":"https:\/\/wp.kristdemokraterna.se\/ljungby\/#\/schema\/person\/ada662c5d4d309d880402ec01bfa9fc3"},"headline":"Ang\u00e5ende Ljungby Arena","datePublished":"2013-10-03T08:30:57+00:00","dateModified":"2014-08-25T14:05:10+00:00","mainEntityOfPage":{"@id":"https:\/\/wp.kristdemokraterna.se\/ljungby\/angaende-ljungby-arena\/"},"wordCount":265,"keywords":["Arena","Christer Henriksson","Sunnerbohov"],"articleSection":["Debattinl\u00e4gg","R\u00f6stf\u00f6rklaringar"],"inLanguage":"sv-SE"},{"@type":"WebPage","@id":"https:\/\/wp.kristdemokraterna.se\/ljungby\/angaende-ljungby-arena\/","url":"https:\/\/wp.kristdemokraterna.se\/ljungby\/angaende-ljungby-arena\/","name":"Ang\u00e5ende Ljungby Arena - Kristdemokraterna Ljungby","isPartOf":{"@id":"https:\/\/wp.kristdemokraterna.se\/ljungby\/#website"},"datePublished":"2013-10-03T08:30:57+00:00","dateModified":"2014-08-25T14:05:10+00:00","author":{"@id":"https:\/\/wp.kristdemokraterna.se\/ljungby\/#\/schema\/person\/ada662c5d4d309d880402ec01bfa9fc3"},"breadcrumb":{"@id":"https:\/\/wp.kristdemokraterna.se\/ljungby\/angaende-ljungby-arena\/#breadcrumb"},"inLanguage":"sv-SE","potentialAction":[{"@type":"ReadAction","target":["https:\/\/wp.kristdemokraterna.se\/ljungby\/angaende-ljungby-arena\/"]}]},{"@type":"BreadcrumbList","@id":"https:\/\/wp.kristdemokraterna.se\/ljungby\/angaende-ljungby-arena\/#breadcrumb","itemListElement":[{"@type":"ListItem","position":1,"name":"Hem","item":"https:\/\/wp.kristdemokraterna.se\/ljungby\/"},{"@type":"ListItem","position":2,"name":"Ang\u00e5ende Ljungby Arena"}]},{"@type":"WebSite","@id":"https:\/\/wp.kristdemokraterna.se\/ljungby\/#website","url":"https:\/\/wp.kristdemokraterna.se\/ljungby\/","name":"Kristdemokraterna Ljungby","description":"","inLanguage":"sv-SE"},{"@type":"Person","@id":"https:\/\/wp.kristdemokraterna.se\/ljungby\/#\/schema\/person\/ada662c5d4d309d880402ec01bfa9fc3","name":"ljungby","image":{"@type":"ImageObject","inLanguage":"sv-SE","@id":"https:\/\/secure.gravatar.com\/avatar\/c094a9577724be90ddee7ea9cac26c1171055fef8cdee8b46ee0cfed89509ab1?s=96&r=g","url":"https:\/\/secure.gravatar.com\/avatar\/c094a9577724be90ddee7ea9cac26c1171055fef8cdee8b46ee0cfed89509ab1?s=96&r=g","contentUrl":"https:\/\/secure.gravatar.com\/avatar\/c094a9577724be90ddee7ea9cac26c1171055fef8cdee8b46ee0cfed89509ab1?s=96&r=g","caption":"ljungby"},"url":"https:\/\/wp.kristdemokraterna.se\/ljungby\/author\/ljungby\/"}]}},"_links":{"self":[{"href":"https:\/\/wp.kristdemokraterna.se\/ljungby\/wp-json\/wp\/v2\/posts\/215","targetHints":{"allow":["GET"]}}],"collection":[{"href":"https:\/\/wp.kristdemokraterna.se\/ljungby\/wp-json\/wp\/v2\/posts"}],"about":[{"href":"https:\/\/wp.kristdemokraterna.se\/ljungby\/wp-json\/wp\/v2\/types\/post"}],"author":[{"embeddable":true,"href":"https:\/\/wp.kristdemokraterna.se\/ljungby\/wp-json\/wp\/v2\/users\/434"}],"replies":[{"embeddable":true,"href":"https:\/\/wp.kristdemokraterna.se\/ljungby\/wp-json\/wp\/v2\/comments?post=215"}],"version-history":[{"count":3,"href":"https:\/\/wp.kristdemokraterna.se\/ljungby\/wp-json\/wp\/v2\/posts\/215\/revisions"}],"predecessor-version":[{"id":420,"href":"https:\/\/wp.kristdemokraterna.se\/ljungby\/wp-json\/wp\/v2\/posts\/215\/revisions\/420"}],"wp:attachment":[{"href":"https:\/\/wp.kristdemokraterna.se\/ljungby\/wp-json\/wp\/v2\/media?parent=215"}],"wp:term":[{"taxonomy":"category","embeddable":true,"href":"https:\/\/wp.kristdemokraterna.se\/ljungby\/wp-json\/wp\/v2\/categories?post=215"},{"taxonomy":"post_tag","embeddable":true,"href":"https:\/\/wp.kristdemokraterna.se\/ljungby\/wp-json\/wp\/v2\/tags?post=215"}],"curies":[{"name":"wp","href":"https:\/\/api.w.org\/{rel}","templated":true}]}}