{"id":232,"date":"2013-11-28T20:30:13","date_gmt":"2013-11-28T19:30:13","guid":{"rendered":"http:\/\/wp.kristdemokraterna.se\/ljungby\/?p=232"},"modified":"2014-08-25T16:02:00","modified_gmt":"2014-08-25T14:02:00","slug":"valkomna-till-kristdemokraternas-grotfest","status":"publish","type":"post","link":"https:\/\/wp.kristdemokraterna.se\/ljungby\/valkomna-till-kristdemokraternas-grotfest\/","title":{"rendered":"V\u00e4lkomna till Kristdemokraternas gr\u00f6tfest!"},"content":{"rendered":"<p>Varmt v\u00e4lkomna till \u00e5rets gr\u00f6tfest f\u00f6r Kristdemokraterna i Ljungby.<\/p>\n<p>L\u00f6rdagen den 7:e december kl. 15:00<br \/>\nCaf\u00e9 Axet Pingstkyrkan i Ljungby.<\/p>\n<p>Alla medlemmar, sympatis\u00f6rer och andra intresserade \u00e4r v\u00e4lkomna. Deltagandet \u00e4r kostnadsfritt<\/p>\n<p>Kv\u00e4llens g\u00e4st:<a href=\"http:\/\/wp.kristdemokraterna.se\/ljungby\/files\/2013\/11\/andersandersson-1.jpg\"><img loading=\"lazy\" decoding=\"async\" class=\"size-medium wp-image-234 alignright\" src=\"http:\/\/wp.kristdemokraterna.se\/ljungby\/files\/2013\/11\/andersandersson-1-300x200.jpg\" alt=\"andersandersson-1\" width=\"300\" height=\"200\" srcset=\"https:\/\/wp.kristdemokraterna.se\/ljungby\/files\/2013\/11\/andersandersson-1-300x200.jpg 300w, https:\/\/wp.kristdemokraterna.se\/ljungby\/files\/2013\/11\/andersandersson-1-540x360.jpg 540w, https:\/\/wp.kristdemokraterna.se\/ljungby\/files\/2013\/11\/andersandersson-1-600x400.jpg 600w, https:\/\/wp.kristdemokraterna.se\/ljungby\/files\/2013\/11\/andersandersson-1-519x346.jpg 519w, https:\/\/wp.kristdemokraterna.se\/ljungby\/files\/2013\/11\/andersandersson-1-168x112.jpg 168w\" sizes=\"auto, (max-width: 300px) 100vw, 300px\" \/><\/a><br \/>\nAnders Andersson, Kalmar. Riksdagsledamot f\u00f6r Kristdemokraterna och ledamot i Socialutskottet kommer och ber\u00e4ttar om sitt och Kristdemokraternas arbete i riksdagen.<\/p>\n<p>Det kommer bjudas p\u00e5 s\u00e5ng och musik under kv\u00e4llen fr\u00e5n Britt-Marie Petersson och\u00a0Rose-Marie Nilsson.<\/p>\n<p>Anm\u00e4lan\u00a0 sker till: Stig Sand 0372-84418 alt stickan43@hotmail.se<\/p>\n<p>p.s. Ta g\u00e4rna med 100 kr f\u00f6r medlemsavgiften f\u00f6r 2014<\/p>\n","protected":false},"excerpt":{"rendered":"<p>Varmt v\u00e4lkomna till \u00e5rets gr\u00f6tfest f\u00f6r Kristdemokraterna i Ljungby. L\u00f6rdagen den 7:e december kl. 15:00 Caf\u00e9 Axet Pingstkyrkan i Ljungby. Alla medlemmar, sympatis\u00f6rer och andra intresserade \u00e4r v\u00e4lkomna. Deltagandet \u00e4r kostnadsfritt Kv\u00e4llens g\u00e4st: Anders Andersson, Kalmar. Riksdagsledamot f\u00f6r Kristdemokraterna och ledamot i Socialutskottet kommer och ber\u00e4ttar om sitt och Kristdemokraternas arbete i riksdagen. Det kommer <a class=\"read-more-link\" href=\"https:\/\/wp.kristdemokraterna.se\/ljungby\/valkomna-till-kristdemokraternas-grotfest\/\">Read More<\/a><\/p>\n","protected":false},"author":434,"featured_media":0,"comment_status":"closed","ping_status":"closed","sticky":false,"template":"","format":"standard","meta":{"_acf_changed":false,"footnotes":""},"categories":[3],"tags":[57,77],"class_list":["post-232","post","type-post","status-publish","format-standard","hentry","category-inbjudningar","tag-anders-andersson","tag-grotfest"],"acf":[],"yoast_head":"<!-- This site is optimized with the Yoast SEO plugin v27.4 - https:\/\/yoast.com\/product\/yoast-seo-wordpress\/ -->\n<title>V\u00e4lkomna till Kristdemokraternas gr\u00f6tfest! - Kristdemokraterna Ljungby<\/title>\n<meta name=\"robots\" content=\"index, follow, max-snippet:-1, max-image-preview:large, max-video-preview:-1\" \/>\n<link rel=\"canonical\" href=\"https:\/\/wp.kristdemokraterna.se\/ljungby\/valkomna-till-kristdemokraternas-grotfest\/\" \/>\n<meta property=\"og:locale\" content=\"sv_SE\" \/>\n<meta property=\"og:type\" content=\"article\" \/>\n<meta property=\"og:title\" content=\"V\u00e4lkomna till Kristdemokraternas gr\u00f6tfest! - Kristdemokraterna Ljungby\" \/>\n<meta property=\"og:description\" content=\"Varmt v\u00e4lkomna till \u00e5rets gr\u00f6tfest f\u00f6r Kristdemokraterna i Ljungby. L\u00f6rdagen den 7:e december kl. 15:00 Caf\u00e9 Axet Pingstkyrkan i Ljungby. Alla medlemmar, sympatis\u00f6rer och andra intresserade \u00e4r v\u00e4lkomna. Deltagandet \u00e4r kostnadsfritt Kv\u00e4llens g\u00e4st: Anders Andersson, Kalmar. Riksdagsledamot f\u00f6r Kristdemokraterna och ledamot i Socialutskottet kommer och ber\u00e4ttar om sitt och Kristdemokraternas arbete i riksdagen. Det kommer Read More\" \/>\n<meta property=\"og:url\" content=\"https:\/\/wp.kristdemokraterna.se\/ljungby\/valkomna-till-kristdemokraternas-grotfest\/\" \/>\n<meta property=\"og:site_name\" content=\"Kristdemokraterna Ljungby\" \/>\n<meta property=\"article:published_time\" content=\"2013-11-28T19:30:13+00:00\" \/>\n<meta property=\"article:modified_time\" content=\"2014-08-25T14:02:00+00:00\" \/>\n<meta property=\"og:image\" content=\"http:\/\/wp.kristdemokraterna.se\/ljungby\/files\/2013\/11\/andersandersson-1-300x200.jpg\" \/>\n<meta name=\"author\" content=\"ljungby\" \/>\n<meta name=\"twitter:card\" content=\"summary_large_image\" \/>\n<meta name=\"twitter:label1\" content=\"Skriven av\" \/>\n\t<meta name=\"twitter:data1\" content=\"ljungby\" \/>\n\t<meta name=\"twitter:label2\" content=\"Ber\u00e4knad l\u00e4stid\" \/>\n\t<meta name=\"twitter:data2\" content=\"1 minut\" \/>\n<script type=\"application\/ld+json\" class=\"yoast-schema-graph\">{\"@context\":\"https:\\\/\\\/schema.org\",\"@graph\":[{\"@type\":\"Article\",\"@id\":\"https:\\\/\\\/wp.kristdemokraterna.se\\\/ljungby\\\/valkomna-till-kristdemokraternas-grotfest\\\/#article\",\"isPartOf\":{\"@id\":\"https:\\\/\\\/wp.kristdemokraterna.se\\\/ljungby\\\/valkomna-till-kristdemokraternas-grotfest\\\/\"},\"author\":{\"name\":\"ljungby\",\"@id\":\"https:\\\/\\\/wp.kristdemokraterna.se\\\/ljungby\\\/#\\\/schema\\\/person\\\/ada662c5d4d309d880402ec01bfa9fc3\"},\"headline\":\"V\u00e4lkomna till Kristdemokraternas gr\u00f6tfest!\",\"datePublished\":\"2013-11-28T19:30:13+00:00\",\"dateModified\":\"2014-08-25T14:02:00+00:00\",\"mainEntityOfPage\":{\"@id\":\"https:\\\/\\\/wp.kristdemokraterna.se\\\/ljungby\\\/valkomna-till-kristdemokraternas-grotfest\\\/\"},\"wordCount\":109,\"image\":{\"@id\":\"https:\\\/\\\/wp.kristdemokraterna.se\\\/ljungby\\\/valkomna-till-kristdemokraternas-grotfest\\\/#primaryimage\"},\"thumbnailUrl\":\"http:\\\/\\\/wp.kristdemokraterna.se\\\/ljungby\\\/files\\\/2013\\\/11\\\/andersandersson-1-300x200.jpg\",\"keywords\":[\"Anders Andersson\",\"Gr\u00f6tfest\"],\"articleSection\":[\"Inbjudningar\"],\"inLanguage\":\"sv-SE\"},{\"@type\":\"WebPage\",\"@id\":\"https:\\\/\\\/wp.kristdemokraterna.se\\\/ljungby\\\/valkomna-till-kristdemokraternas-grotfest\\\/\",\"url\":\"https:\\\/\\\/wp.kristdemokraterna.se\\\/ljungby\\\/valkomna-till-kristdemokraternas-grotfest\\\/\",\"name\":\"V\u00e4lkomna till Kristdemokraternas gr\u00f6tfest! - Kristdemokraterna Ljungby\",\"isPartOf\":{\"@id\":\"https:\\\/\\\/wp.kristdemokraterna.se\\\/ljungby\\\/#website\"},\"primaryImageOfPage\":{\"@id\":\"https:\\\/\\\/wp.kristdemokraterna.se\\\/ljungby\\\/valkomna-till-kristdemokraternas-grotfest\\\/#primaryimage\"},\"image\":{\"@id\":\"https:\\\/\\\/wp.kristdemokraterna.se\\\/ljungby\\\/valkomna-till-kristdemokraternas-grotfest\\\/#primaryimage\"},\"thumbnailUrl\":\"http:\\\/\\\/wp.kristdemokraterna.se\\\/ljungby\\\/files\\\/2013\\\/11\\\/andersandersson-1-300x200.jpg\",\"datePublished\":\"2013-11-28T19:30:13+00:00\",\"dateModified\":\"2014-08-25T14:02:00+00:00\",\"author\":{\"@id\":\"https:\\\/\\\/wp.kristdemokraterna.se\\\/ljungby\\\/#\\\/schema\\\/person\\\/ada662c5d4d309d880402ec01bfa9fc3\"},\"breadcrumb\":{\"@id\":\"https:\\\/\\\/wp.kristdemokraterna.se\\\/ljungby\\\/valkomna-till-kristdemokraternas-grotfest\\\/#breadcrumb\"},\"inLanguage\":\"sv-SE\",\"potentialAction\":[{\"@type\":\"ReadAction\",\"target\":[\"https:\\\/\\\/wp.kristdemokraterna.se\\\/ljungby\\\/valkomna-till-kristdemokraternas-grotfest\\\/\"]}]},{\"@type\":\"ImageObject\",\"inLanguage\":\"sv-SE\",\"@id\":\"https:\\\/\\\/wp.kristdemokraterna.se\\\/ljungby\\\/valkomna-till-kristdemokraternas-grotfest\\\/#primaryimage\",\"url\":\"https:\\\/\\\/wp.kristdemokraterna.se\\\/ljungby\\\/files\\\/2013\\\/11\\\/andersandersson-1.jpg\",\"contentUrl\":\"https:\\\/\\\/wp.kristdemokraterna.se\\\/ljungby\\\/files\\\/2013\\\/11\\\/andersandersson-1.jpg\",\"width\":2835,\"height\":1890},{\"@type\":\"BreadcrumbList\",\"@id\":\"https:\\\/\\\/wp.kristdemokraterna.se\\\/ljungby\\\/valkomna-till-kristdemokraternas-grotfest\\\/#breadcrumb\",\"itemListElement\":[{\"@type\":\"ListItem\",\"position\":1,\"name\":\"Hem\",\"item\":\"https:\\\/\\\/wp.kristdemokraterna.se\\\/ljungby\\\/\"},{\"@type\":\"ListItem\",\"position\":2,\"name\":\"V\u00e4lkomna till Kristdemokraternas gr\u00f6tfest!\"}]},{\"@type\":\"WebSite\",\"@id\":\"https:\\\/\\\/wp.kristdemokraterna.se\\\/ljungby\\\/#website\",\"url\":\"https:\\\/\\\/wp.kristdemokraterna.se\\\/ljungby\\\/\",\"name\":\"Kristdemokraterna Ljungby\",\"description\":\"\",\"inLanguage\":\"sv-SE\"},{\"@type\":\"Person\",\"@id\":\"https:\\\/\\\/wp.kristdemokraterna.se\\\/ljungby\\\/#\\\/schema\\\/person\\\/ada662c5d4d309d880402ec01bfa9fc3\",\"name\":\"ljungby\",\"image\":{\"@type\":\"ImageObject\",\"inLanguage\":\"sv-SE\",\"@id\":\"https:\\\/\\\/secure.gravatar.com\\\/avatar\\\/c094a9577724be90ddee7ea9cac26c1171055fef8cdee8b46ee0cfed89509ab1?s=96&r=g\",\"url\":\"https:\\\/\\\/secure.gravatar.com\\\/avatar\\\/c094a9577724be90ddee7ea9cac26c1171055fef8cdee8b46ee0cfed89509ab1?s=96&r=g\",\"contentUrl\":\"https:\\\/\\\/secure.gravatar.com\\\/avatar\\\/c094a9577724be90ddee7ea9cac26c1171055fef8cdee8b46ee0cfed89509ab1?s=96&r=g\",\"caption\":\"ljungby\"},\"url\":\"https:\\\/\\\/wp.kristdemokraterna.se\\\/ljungby\\\/author\\\/ljungby\\\/\"}]}<\/script>\n<!-- \/ Yoast SEO plugin. -->","yoast_head_json":{"title":"V\u00e4lkomna till Kristdemokraternas gr\u00f6tfest! - Kristdemokraterna Ljungby","robots":{"index":"index","follow":"follow","max-snippet":"max-snippet:-1","max-image-preview":"max-image-preview:large","max-video-preview":"max-video-preview:-1"},"canonical":"https:\/\/wp.kristdemokraterna.se\/ljungby\/valkomna-till-kristdemokraternas-grotfest\/","og_locale":"sv_SE","og_type":"article","og_title":"V\u00e4lkomna till Kristdemokraternas gr\u00f6tfest! - Kristdemokraterna Ljungby","og_description":"Varmt v\u00e4lkomna till \u00e5rets gr\u00f6tfest f\u00f6r Kristdemokraterna i Ljungby. L\u00f6rdagen den 7:e december kl. 15:00 Caf\u00e9 Axet Pingstkyrkan i Ljungby. Alla medlemmar, sympatis\u00f6rer och andra intresserade \u00e4r v\u00e4lkomna. Deltagandet \u00e4r kostnadsfritt Kv\u00e4llens g\u00e4st: Anders Andersson, Kalmar. Riksdagsledamot f\u00f6r Kristdemokraterna och ledamot i Socialutskottet kommer och ber\u00e4ttar om sitt och Kristdemokraternas arbete i riksdagen. Det kommer Read More","og_url":"https:\/\/wp.kristdemokraterna.se\/ljungby\/valkomna-till-kristdemokraternas-grotfest\/","og_site_name":"Kristdemokraterna Ljungby","article_published_time":"2013-11-28T19:30:13+00:00","article_modified_time":"2014-08-25T14:02:00+00:00","og_image":[{"url":"http:\/\/wp.kristdemokraterna.se\/ljungby\/files\/2013\/11\/andersandersson-1-300x200.jpg","type":"","width":"","height":""}],"author":"ljungby","twitter_card":"summary_large_image","twitter_misc":{"Skriven av":"ljungby","Ber\u00e4knad l\u00e4stid":"1 minut"},"schema":{"@context":"https:\/\/schema.org","@graph":[{"@type":"Article","@id":"https:\/\/wp.kristdemokraterna.se\/ljungby\/valkomna-till-kristdemokraternas-grotfest\/#article","isPartOf":{"@id":"https:\/\/wp.kristdemokraterna.se\/ljungby\/valkomna-till-kristdemokraternas-grotfest\/"},"author":{"name":"ljungby","@id":"https:\/\/wp.kristdemokraterna.se\/ljungby\/#\/schema\/person\/ada662c5d4d309d880402ec01bfa9fc3"},"headline":"V\u00e4lkomna till Kristdemokraternas gr\u00f6tfest!","datePublished":"2013-11-28T19:30:13+00:00","dateModified":"2014-08-25T14:02:00+00:00","mainEntityOfPage":{"@id":"https:\/\/wp.kristdemokraterna.se\/ljungby\/valkomna-till-kristdemokraternas-grotfest\/"},"wordCount":109,"image":{"@id":"https:\/\/wp.kristdemokraterna.se\/ljungby\/valkomna-till-kristdemokraternas-grotfest\/#primaryimage"},"thumbnailUrl":"http:\/\/wp.kristdemokraterna.se\/ljungby\/files\/2013\/11\/andersandersson-1-300x200.jpg","keywords":["Anders Andersson","Gr\u00f6tfest"],"articleSection":["Inbjudningar"],"inLanguage":"sv-SE"},{"@type":"WebPage","@id":"https:\/\/wp.kristdemokraterna.se\/ljungby\/valkomna-till-kristdemokraternas-grotfest\/","url":"https:\/\/wp.kristdemokraterna.se\/ljungby\/valkomna-till-kristdemokraternas-grotfest\/","name":"V\u00e4lkomna till Kristdemokraternas gr\u00f6tfest! - Kristdemokraterna Ljungby","isPartOf":{"@id":"https:\/\/wp.kristdemokraterna.se\/ljungby\/#website"},"primaryImageOfPage":{"@id":"https:\/\/wp.kristdemokraterna.se\/ljungby\/valkomna-till-kristdemokraternas-grotfest\/#primaryimage"},"image":{"@id":"https:\/\/wp.kristdemokraterna.se\/ljungby\/valkomna-till-kristdemokraternas-grotfest\/#primaryimage"},"thumbnailUrl":"http:\/\/wp.kristdemokraterna.se\/ljungby\/files\/2013\/11\/andersandersson-1-300x200.jpg","datePublished":"2013-11-28T19:30:13+00:00","dateModified":"2014-08-25T14:02:00+00:00","author":{"@id":"https:\/\/wp.kristdemokraterna.se\/ljungby\/#\/schema\/person\/ada662c5d4d309d880402ec01bfa9fc3"},"breadcrumb":{"@id":"https:\/\/wp.kristdemokraterna.se\/ljungby\/valkomna-till-kristdemokraternas-grotfest\/#breadcrumb"},"inLanguage":"sv-SE","potentialAction":[{"@type":"ReadAction","target":["https:\/\/wp.kristdemokraterna.se\/ljungby\/valkomna-till-kristdemokraternas-grotfest\/"]}]},{"@type":"ImageObject","inLanguage":"sv-SE","@id":"https:\/\/wp.kristdemokraterna.se\/ljungby\/valkomna-till-kristdemokraternas-grotfest\/#primaryimage","url":"https:\/\/wp.kristdemokraterna.se\/ljungby\/files\/2013\/11\/andersandersson-1.jpg","contentUrl":"https:\/\/wp.kristdemokraterna.se\/ljungby\/files\/2013\/11\/andersandersson-1.jpg","width":2835,"height":1890},{"@type":"BreadcrumbList","@id":"https:\/\/wp.kristdemokraterna.se\/ljungby\/valkomna-till-kristdemokraternas-grotfest\/#breadcrumb","itemListElement":[{"@type":"ListItem","position":1,"name":"Hem","item":"https:\/\/wp.kristdemokraterna.se\/ljungby\/"},{"@type":"ListItem","position":2,"name":"V\u00e4lkomna till Kristdemokraternas gr\u00f6tfest!"}]},{"@type":"WebSite","@id":"https:\/\/wp.kristdemokraterna.se\/ljungby\/#website","url":"https:\/\/wp.kristdemokraterna.se\/ljungby\/","name":"Kristdemokraterna Ljungby","description":"","inLanguage":"sv-SE"},{"@type":"Person","@id":"https:\/\/wp.kristdemokraterna.se\/ljungby\/#\/schema\/person\/ada662c5d4d309d880402ec01bfa9fc3","name":"ljungby","image":{"@type":"ImageObject","inLanguage":"sv-SE","@id":"https:\/\/secure.gravatar.com\/avatar\/c094a9577724be90ddee7ea9cac26c1171055fef8cdee8b46ee0cfed89509ab1?s=96&r=g","url":"https:\/\/secure.gravatar.com\/avatar\/c094a9577724be90ddee7ea9cac26c1171055fef8cdee8b46ee0cfed89509ab1?s=96&r=g","contentUrl":"https:\/\/secure.gravatar.com\/avatar\/c094a9577724be90ddee7ea9cac26c1171055fef8cdee8b46ee0cfed89509ab1?s=96&r=g","caption":"ljungby"},"url":"https:\/\/wp.kristdemokraterna.se\/ljungby\/author\/ljungby\/"}]}},"_links":{"self":[{"href":"https:\/\/wp.kristdemokraterna.se\/ljungby\/wp-json\/wp\/v2\/posts\/232","targetHints":{"allow":["GET"]}}],"collection":[{"href":"https:\/\/wp.kristdemokraterna.se\/ljungby\/wp-json\/wp\/v2\/posts"}],"about":[{"href":"https:\/\/wp.kristdemokraterna.se\/ljungby\/wp-json\/wp\/v2\/types\/post"}],"author":[{"embeddable":true,"href":"https:\/\/wp.kristdemokraterna.se\/ljungby\/wp-json\/wp\/v2\/users\/434"}],"replies":[{"embeddable":true,"href":"https:\/\/wp.kristdemokraterna.se\/ljungby\/wp-json\/wp\/v2\/comments?post=232"}],"version-history":[{"count":2,"href":"https:\/\/wp.kristdemokraterna.se\/ljungby\/wp-json\/wp\/v2\/posts\/232\/revisions"}],"predecessor-version":[{"id":419,"href":"https:\/\/wp.kristdemokraterna.se\/ljungby\/wp-json\/wp\/v2\/posts\/232\/revisions\/419"}],"wp:attachment":[{"href":"https:\/\/wp.kristdemokraterna.se\/ljungby\/wp-json\/wp\/v2\/media?parent=232"}],"wp:term":[{"taxonomy":"category","embeddable":true,"href":"https:\/\/wp.kristdemokraterna.se\/ljungby\/wp-json\/wp\/v2\/categories?post=232"},{"taxonomy":"post_tag","embeddable":true,"href":"https:\/\/wp.kristdemokraterna.se\/ljungby\/wp-json\/wp\/v2\/tags?post=232"}],"curies":[{"name":"wp","href":"https:\/\/api.w.org\/{rel}","templated":true}]}}