{"id":254,"date":"2014-02-13T08:01:49","date_gmt":"2014-02-13T07:01:49","guid":{"rendered":"http:\/\/wp.kristdemokraterna.se\/ljungby\/?p=254"},"modified":"2014-08-25T16:00:28","modified_gmt":"2014-08-25T14:00:28","slug":"kallelse-till-arsmote-2014","status":"publish","type":"post","link":"https:\/\/wp.kristdemokraterna.se\/ljungby\/kallelse-till-arsmote-2014\/","title":{"rendered":"Kallelse till \u00e5rsm\u00f6te 2014"},"content":{"rendered":"<p>Vi v\u00e4lkomnar alla medlemmar samt intresserade till v\u00e5rt \u00e5rsm\u00f6te.<\/p>\n<p><a href=\"http:\/\/wp.kristdemokraterna.se\/ljungby\/files\/2014\/02\/fa3fc46a.jpg\"><img loading=\"lazy\" decoding=\"async\" class=\"alignleft size-medium wp-image-255\" src=\"http:\/\/wp.kristdemokraterna.se\/ljungby\/files\/2014\/02\/fa3fc46a-200x300.jpg\" alt=\"Mikael Anefur\" width=\"200\" height=\"300\" srcset=\"https:\/\/wp.kristdemokraterna.se\/ljungby\/files\/2014\/02\/fa3fc46a-200x300.jpg 200w, https:\/\/wp.kristdemokraterna.se\/ljungby\/files\/2014\/02\/fa3fc46a-360x540.jpg 360w, https:\/\/wp.kristdemokraterna.se\/ljungby\/files\/2014\/02\/fa3fc46a-600x899.jpg 600w, https:\/\/wp.kristdemokraterna.se\/ljungby\/files\/2014\/02\/fa3fc46a-230x346.jpg 230w, https:\/\/wp.kristdemokraterna.se\/ljungby\/files\/2014\/02\/fa3fc46a-74x112.jpg 74w, https:\/\/wp.kristdemokraterna.se\/ljungby\/files\/2014\/02\/fa3fc46a.jpg 1772w\" sizes=\"auto, (max-width: 200px) 100vw, 200px\" \/><\/a>Ut\u00f6ver \u00e5rsm\u00f6tesf\u00f6rhandlingarna f\u00e5r vi bes\u00f6k av Mikael Anefur fr\u00e5n Kristianstad som \u00e4r Kristdemokraternas 3:e namn i valet till EU-parlamentet.<\/p>\n<p>Vi firar ocks\u00e5 Kristdemokraternas 50-\u00e5rsjubileum med minnestal och t\u00e5rta och f\u00e5r information om aktuella fr\u00e5gor i kommunen.<\/p>\n<p>L\u00f6rdagen den 1:a mars, kl. 15.00 i Caf\u00e9 Axet<\/p>\n<p>Olofsgatan 16, (Pingstkyrkan) ing\u00e5ngen mot Grand.<\/p>\n<p>&nbsp;<\/p>\n<p>VARMT V\u00c4LKOMNA!<\/p>\n<p>Styrelsen<\/p>\n<p>p.s. medtag g\u00e4rna 100 kr f\u00f6r medlemsavgift f\u00f6r 2014 d.s.<\/p>\n<p>&nbsp;<\/p>\n","protected":false},"excerpt":{"rendered":"<p>Vi v\u00e4lkomnar alla medlemmar samt intresserade till v\u00e5rt \u00e5rsm\u00f6te. Ut\u00f6ver \u00e5rsm\u00f6tesf\u00f6rhandlingarna f\u00e5r vi bes\u00f6k av Mikael Anefur fr\u00e5n Kristianstad som \u00e4r Kristdemokraternas 3:e namn i valet till EU-parlamentet. Vi firar ocks\u00e5 Kristdemokraternas 50-\u00e5rsjubileum med minnestal och t\u00e5rta och f\u00e5r information om aktuella fr\u00e5gor i kommunen. L\u00f6rdagen den 1:a mars, kl. 15.00 i Caf\u00e9 Axet Olofsgatan <a class=\"read-more-link\" href=\"https:\/\/wp.kristdemokraterna.se\/ljungby\/kallelse-till-arsmote-2014\/\">Read More<\/a><\/p>\n","protected":false},"author":438,"featured_media":0,"comment_status":"closed","ping_status":"closed","sticky":false,"template":"","format":"standard","meta":{"_acf_changed":false,"footnotes":""},"categories":[3],"tags":[72,73],"class_list":["post-254","post","type-post","status-publish","format-standard","hentry","category-inbjudningar","tag-arsmote","tag-mikael-anefur"],"acf":[],"yoast_head":"<!-- This site is optimized with the Yoast SEO plugin v27.4 - https:\/\/yoast.com\/product\/yoast-seo-wordpress\/ -->\n<title>Kallelse till \u00e5rsm\u00f6te 2014 - Kristdemokraterna Ljungby<\/title>\n<meta name=\"robots\" content=\"index, follow, max-snippet:-1, max-image-preview:large, max-video-preview:-1\" \/>\n<link rel=\"canonical\" href=\"https:\/\/wp.kristdemokraterna.se\/ljungby\/kallelse-till-arsmote-2014\/\" \/>\n<meta property=\"og:locale\" content=\"sv_SE\" \/>\n<meta property=\"og:type\" content=\"article\" \/>\n<meta property=\"og:title\" content=\"Kallelse till \u00e5rsm\u00f6te 2014 - Kristdemokraterna Ljungby\" \/>\n<meta property=\"og:description\" content=\"Vi v\u00e4lkomnar alla medlemmar samt intresserade till v\u00e5rt \u00e5rsm\u00f6te. Ut\u00f6ver \u00e5rsm\u00f6tesf\u00f6rhandlingarna f\u00e5r vi bes\u00f6k av Mikael Anefur fr\u00e5n Kristianstad som \u00e4r Kristdemokraternas 3:e namn i valet till EU-parlamentet. Vi firar ocks\u00e5 Kristdemokraternas 50-\u00e5rsjubileum med minnestal och t\u00e5rta och f\u00e5r information om aktuella fr\u00e5gor i kommunen. L\u00f6rdagen den 1:a mars, kl. 15.00 i Caf\u00e9 Axet Olofsgatan Read More\" \/>\n<meta property=\"og:url\" content=\"https:\/\/wp.kristdemokraterna.se\/ljungby\/kallelse-till-arsmote-2014\/\" \/>\n<meta property=\"og:site_name\" content=\"Kristdemokraterna Ljungby\" \/>\n<meta property=\"article:published_time\" content=\"2014-02-13T07:01:49+00:00\" \/>\n<meta property=\"article:modified_time\" content=\"2014-08-25T14:00:28+00:00\" \/>\n<meta property=\"og:image\" content=\"http:\/\/wp.kristdemokraterna.se\/ljungby\/files\/2014\/02\/fa3fc46a-200x300.jpg\" \/>\n<meta name=\"author\" content=\"joti\" \/>\n<meta name=\"twitter:card\" content=\"summary_large_image\" \/>\n<meta name=\"twitter:label1\" content=\"Skriven av\" \/>\n\t<meta name=\"twitter:data1\" content=\"joti\" \/>\n<script type=\"application\/ld+json\" class=\"yoast-schema-graph\">{\"@context\":\"https:\\\/\\\/schema.org\",\"@graph\":[{\"@type\":\"Article\",\"@id\":\"https:\\\/\\\/wp.kristdemokraterna.se\\\/ljungby\\\/kallelse-till-arsmote-2014\\\/#article\",\"isPartOf\":{\"@id\":\"https:\\\/\\\/wp.kristdemokraterna.se\\\/ljungby\\\/kallelse-till-arsmote-2014\\\/\"},\"author\":{\"name\":\"joti\",\"@id\":\"https:\\\/\\\/wp.kristdemokraterna.se\\\/ljungby\\\/#\\\/schema\\\/person\\\/9a9f9eda88b5fb0c4be49261c7adff16\"},\"headline\":\"Kallelse till \u00e5rsm\u00f6te 2014\",\"datePublished\":\"2014-02-13T07:01:49+00:00\",\"dateModified\":\"2014-08-25T14:00:28+00:00\",\"mainEntityOfPage\":{\"@id\":\"https:\\\/\\\/wp.kristdemokraterna.se\\\/ljungby\\\/kallelse-till-arsmote-2014\\\/\"},\"wordCount\":96,\"image\":{\"@id\":\"https:\\\/\\\/wp.kristdemokraterna.se\\\/ljungby\\\/kallelse-till-arsmote-2014\\\/#primaryimage\"},\"thumbnailUrl\":\"http:\\\/\\\/wp.kristdemokraterna.se\\\/ljungby\\\/files\\\/2014\\\/02\\\/fa3fc46a-200x300.jpg\",\"keywords\":[\"\u00c5rsm\u00f6te\",\"Mikael Anefur\"],\"articleSection\":[\"Inbjudningar\"],\"inLanguage\":\"sv-SE\"},{\"@type\":\"WebPage\",\"@id\":\"https:\\\/\\\/wp.kristdemokraterna.se\\\/ljungby\\\/kallelse-till-arsmote-2014\\\/\",\"url\":\"https:\\\/\\\/wp.kristdemokraterna.se\\\/ljungby\\\/kallelse-till-arsmote-2014\\\/\",\"name\":\"Kallelse till \u00e5rsm\u00f6te 2014 - Kristdemokraterna Ljungby\",\"isPartOf\":{\"@id\":\"https:\\\/\\\/wp.kristdemokraterna.se\\\/ljungby\\\/#website\"},\"primaryImageOfPage\":{\"@id\":\"https:\\\/\\\/wp.kristdemokraterna.se\\\/ljungby\\\/kallelse-till-arsmote-2014\\\/#primaryimage\"},\"image\":{\"@id\":\"https:\\\/\\\/wp.kristdemokraterna.se\\\/ljungby\\\/kallelse-till-arsmote-2014\\\/#primaryimage\"},\"thumbnailUrl\":\"http:\\\/\\\/wp.kristdemokraterna.se\\\/ljungby\\\/files\\\/2014\\\/02\\\/fa3fc46a-200x300.jpg\",\"datePublished\":\"2014-02-13T07:01:49+00:00\",\"dateModified\":\"2014-08-25T14:00:28+00:00\",\"author\":{\"@id\":\"https:\\\/\\\/wp.kristdemokraterna.se\\\/ljungby\\\/#\\\/schema\\\/person\\\/9a9f9eda88b5fb0c4be49261c7adff16\"},\"breadcrumb\":{\"@id\":\"https:\\\/\\\/wp.kristdemokraterna.se\\\/ljungby\\\/kallelse-till-arsmote-2014\\\/#breadcrumb\"},\"inLanguage\":\"sv-SE\",\"potentialAction\":[{\"@type\":\"ReadAction\",\"target\":[\"https:\\\/\\\/wp.kristdemokraterna.se\\\/ljungby\\\/kallelse-till-arsmote-2014\\\/\"]}]},{\"@type\":\"ImageObject\",\"inLanguage\":\"sv-SE\",\"@id\":\"https:\\\/\\\/wp.kristdemokraterna.se\\\/ljungby\\\/kallelse-till-arsmote-2014\\\/#primaryimage\",\"url\":\"https:\\\/\\\/wp.kristdemokraterna.se\\\/ljungby\\\/files\\\/2014\\\/02\\\/fa3fc46a.jpg\",\"contentUrl\":\"https:\\\/\\\/wp.kristdemokraterna.se\\\/ljungby\\\/files\\\/2014\\\/02\\\/fa3fc46a.jpg\",\"width\":1772,\"height\":2657},{\"@type\":\"BreadcrumbList\",\"@id\":\"https:\\\/\\\/wp.kristdemokraterna.se\\\/ljungby\\\/kallelse-till-arsmote-2014\\\/#breadcrumb\",\"itemListElement\":[{\"@type\":\"ListItem\",\"position\":1,\"name\":\"Hem\",\"item\":\"https:\\\/\\\/wp.kristdemokraterna.se\\\/ljungby\\\/\"},{\"@type\":\"ListItem\",\"position\":2,\"name\":\"Kallelse till \u00e5rsm\u00f6te 2014\"}]},{\"@type\":\"WebSite\",\"@id\":\"https:\\\/\\\/wp.kristdemokraterna.se\\\/ljungby\\\/#website\",\"url\":\"https:\\\/\\\/wp.kristdemokraterna.se\\\/ljungby\\\/\",\"name\":\"Kristdemokraterna Ljungby\",\"description\":\"\",\"inLanguage\":\"sv-SE\"},{\"@type\":\"Person\",\"@id\":\"https:\\\/\\\/wp.kristdemokraterna.se\\\/ljungby\\\/#\\\/schema\\\/person\\\/9a9f9eda88b5fb0c4be49261c7adff16\",\"name\":\"joti\",\"image\":{\"@type\":\"ImageObject\",\"inLanguage\":\"sv-SE\",\"@id\":\"https:\\\/\\\/secure.gravatar.com\\\/avatar\\\/489c31b66d609fabc20e87b17d2eca4b037876377a6fabee18a78ecf272a9a03?s=96&r=g\",\"url\":\"https:\\\/\\\/secure.gravatar.com\\\/avatar\\\/489c31b66d609fabc20e87b17d2eca4b037876377a6fabee18a78ecf272a9a03?s=96&r=g\",\"contentUrl\":\"https:\\\/\\\/secure.gravatar.com\\\/avatar\\\/489c31b66d609fabc20e87b17d2eca4b037876377a6fabee18a78ecf272a9a03?s=96&r=g\",\"caption\":\"joti\"},\"url\":\"https:\\\/\\\/wp.kristdemokraterna.se\\\/ljungby\\\/author\\\/joseftingbratt\\\/\"}]}<\/script>\n<!-- \/ Yoast SEO plugin. -->","yoast_head_json":{"title":"Kallelse till \u00e5rsm\u00f6te 2014 - Kristdemokraterna Ljungby","robots":{"index":"index","follow":"follow","max-snippet":"max-snippet:-1","max-image-preview":"max-image-preview:large","max-video-preview":"max-video-preview:-1"},"canonical":"https:\/\/wp.kristdemokraterna.se\/ljungby\/kallelse-till-arsmote-2014\/","og_locale":"sv_SE","og_type":"article","og_title":"Kallelse till \u00e5rsm\u00f6te 2014 - Kristdemokraterna Ljungby","og_description":"Vi v\u00e4lkomnar alla medlemmar samt intresserade till v\u00e5rt \u00e5rsm\u00f6te. Ut\u00f6ver \u00e5rsm\u00f6tesf\u00f6rhandlingarna f\u00e5r vi bes\u00f6k av Mikael Anefur fr\u00e5n Kristianstad som \u00e4r Kristdemokraternas 3:e namn i valet till EU-parlamentet. Vi firar ocks\u00e5 Kristdemokraternas 50-\u00e5rsjubileum med minnestal och t\u00e5rta och f\u00e5r information om aktuella fr\u00e5gor i kommunen. L\u00f6rdagen den 1:a mars, kl. 15.00 i Caf\u00e9 Axet Olofsgatan Read More","og_url":"https:\/\/wp.kristdemokraterna.se\/ljungby\/kallelse-till-arsmote-2014\/","og_site_name":"Kristdemokraterna Ljungby","article_published_time":"2014-02-13T07:01:49+00:00","article_modified_time":"2014-08-25T14:00:28+00:00","og_image":[{"url":"http:\/\/wp.kristdemokraterna.se\/ljungby\/files\/2014\/02\/fa3fc46a-200x300.jpg","type":"","width":"","height":""}],"author":"joti","twitter_card":"summary_large_image","twitter_misc":{"Skriven av":"joti"},"schema":{"@context":"https:\/\/schema.org","@graph":[{"@type":"Article","@id":"https:\/\/wp.kristdemokraterna.se\/ljungby\/kallelse-till-arsmote-2014\/#article","isPartOf":{"@id":"https:\/\/wp.kristdemokraterna.se\/ljungby\/kallelse-till-arsmote-2014\/"},"author":{"name":"joti","@id":"https:\/\/wp.kristdemokraterna.se\/ljungby\/#\/schema\/person\/9a9f9eda88b5fb0c4be49261c7adff16"},"headline":"Kallelse till \u00e5rsm\u00f6te 2014","datePublished":"2014-02-13T07:01:49+00:00","dateModified":"2014-08-25T14:00:28+00:00","mainEntityOfPage":{"@id":"https:\/\/wp.kristdemokraterna.se\/ljungby\/kallelse-till-arsmote-2014\/"},"wordCount":96,"image":{"@id":"https:\/\/wp.kristdemokraterna.se\/ljungby\/kallelse-till-arsmote-2014\/#primaryimage"},"thumbnailUrl":"http:\/\/wp.kristdemokraterna.se\/ljungby\/files\/2014\/02\/fa3fc46a-200x300.jpg","keywords":["\u00c5rsm\u00f6te","Mikael Anefur"],"articleSection":["Inbjudningar"],"inLanguage":"sv-SE"},{"@type":"WebPage","@id":"https:\/\/wp.kristdemokraterna.se\/ljungby\/kallelse-till-arsmote-2014\/","url":"https:\/\/wp.kristdemokraterna.se\/ljungby\/kallelse-till-arsmote-2014\/","name":"Kallelse till \u00e5rsm\u00f6te 2014 - Kristdemokraterna Ljungby","isPartOf":{"@id":"https:\/\/wp.kristdemokraterna.se\/ljungby\/#website"},"primaryImageOfPage":{"@id":"https:\/\/wp.kristdemokraterna.se\/ljungby\/kallelse-till-arsmote-2014\/#primaryimage"},"image":{"@id":"https:\/\/wp.kristdemokraterna.se\/ljungby\/kallelse-till-arsmote-2014\/#primaryimage"},"thumbnailUrl":"http:\/\/wp.kristdemokraterna.se\/ljungby\/files\/2014\/02\/fa3fc46a-200x300.jpg","datePublished":"2014-02-13T07:01:49+00:00","dateModified":"2014-08-25T14:00:28+00:00","author":{"@id":"https:\/\/wp.kristdemokraterna.se\/ljungby\/#\/schema\/person\/9a9f9eda88b5fb0c4be49261c7adff16"},"breadcrumb":{"@id":"https:\/\/wp.kristdemokraterna.se\/ljungby\/kallelse-till-arsmote-2014\/#breadcrumb"},"inLanguage":"sv-SE","potentialAction":[{"@type":"ReadAction","target":["https:\/\/wp.kristdemokraterna.se\/ljungby\/kallelse-till-arsmote-2014\/"]}]},{"@type":"ImageObject","inLanguage":"sv-SE","@id":"https:\/\/wp.kristdemokraterna.se\/ljungby\/kallelse-till-arsmote-2014\/#primaryimage","url":"https:\/\/wp.kristdemokraterna.se\/ljungby\/files\/2014\/02\/fa3fc46a.jpg","contentUrl":"https:\/\/wp.kristdemokraterna.se\/ljungby\/files\/2014\/02\/fa3fc46a.jpg","width":1772,"height":2657},{"@type":"BreadcrumbList","@id":"https:\/\/wp.kristdemokraterna.se\/ljungby\/kallelse-till-arsmote-2014\/#breadcrumb","itemListElement":[{"@type":"ListItem","position":1,"name":"Hem","item":"https:\/\/wp.kristdemokraterna.se\/ljungby\/"},{"@type":"ListItem","position":2,"name":"Kallelse till \u00e5rsm\u00f6te 2014"}]},{"@type":"WebSite","@id":"https:\/\/wp.kristdemokraterna.se\/ljungby\/#website","url":"https:\/\/wp.kristdemokraterna.se\/ljungby\/","name":"Kristdemokraterna Ljungby","description":"","inLanguage":"sv-SE"},{"@type":"Person","@id":"https:\/\/wp.kristdemokraterna.se\/ljungby\/#\/schema\/person\/9a9f9eda88b5fb0c4be49261c7adff16","name":"joti","image":{"@type":"ImageObject","inLanguage":"sv-SE","@id":"https:\/\/secure.gravatar.com\/avatar\/489c31b66d609fabc20e87b17d2eca4b037876377a6fabee18a78ecf272a9a03?s=96&r=g","url":"https:\/\/secure.gravatar.com\/avatar\/489c31b66d609fabc20e87b17d2eca4b037876377a6fabee18a78ecf272a9a03?s=96&r=g","contentUrl":"https:\/\/secure.gravatar.com\/avatar\/489c31b66d609fabc20e87b17d2eca4b037876377a6fabee18a78ecf272a9a03?s=96&r=g","caption":"joti"},"url":"https:\/\/wp.kristdemokraterna.se\/ljungby\/author\/joseftingbratt\/"}]}},"_links":{"self":[{"href":"https:\/\/wp.kristdemokraterna.se\/ljungby\/wp-json\/wp\/v2\/posts\/254","targetHints":{"allow":["GET"]}}],"collection":[{"href":"https:\/\/wp.kristdemokraterna.se\/ljungby\/wp-json\/wp\/v2\/posts"}],"about":[{"href":"https:\/\/wp.kristdemokraterna.se\/ljungby\/wp-json\/wp\/v2\/types\/post"}],"author":[{"embeddable":true,"href":"https:\/\/wp.kristdemokraterna.se\/ljungby\/wp-json\/wp\/v2\/users\/438"}],"replies":[{"embeddable":true,"href":"https:\/\/wp.kristdemokraterna.se\/ljungby\/wp-json\/wp\/v2\/comments?post=254"}],"version-history":[{"count":3,"href":"https:\/\/wp.kristdemokraterna.se\/ljungby\/wp-json\/wp\/v2\/posts\/254\/revisions"}],"predecessor-version":[{"id":418,"href":"https:\/\/wp.kristdemokraterna.se\/ljungby\/wp-json\/wp\/v2\/posts\/254\/revisions\/418"}],"wp:attachment":[{"href":"https:\/\/wp.kristdemokraterna.se\/ljungby\/wp-json\/wp\/v2\/media?parent=254"}],"wp:term":[{"taxonomy":"category","embeddable":true,"href":"https:\/\/wp.kristdemokraterna.se\/ljungby\/wp-json\/wp\/v2\/categories?post=254"},{"taxonomy":"post_tag","embeddable":true,"href":"https:\/\/wp.kristdemokraterna.se\/ljungby\/wp-json\/wp\/v2\/tags?post=254"}],"curies":[{"name":"wp","href":"https:\/\/api.w.org\/{rel}","templated":true}]}}