{"id":308,"date":"2014-04-14T16:41:31","date_gmt":"2014-04-14T14:41:31","guid":{"rendered":"http:\/\/wp.kristdemokraterna.se\/ljungby\/?p=308"},"modified":"2014-04-14T19:24:53","modified_gmt":"2014-04-14T17:24:53","slug":"rostforklaring-avseende-hogskolebehorighetsbeslutet","status":"publish","type":"post","link":"https:\/\/wp.kristdemokraterna.se\/ljungby\/rostforklaring-avseende-hogskolebehorighetsbeslutet\/","title":{"rendered":"R\u00f6stf\u00f6rklaring avseende h\u00f6gskolebeh\u00f6righetsbeslutet"},"content":{"rendered":"<p>P\u00e5 Kommunstyrelsen den 8\/4 beslutades att motionen fr\u00e5n (S) avseende att l\u00e4gga in \u00e4mnen som ger h\u00f6gskolebeh\u00f6righet som norm i kursplanen till skillnad fr\u00e5n tidigare l\u00f6sning d\u00e4r h\u00f6gskolebeh\u00f6righeten kunnat v\u00e4ljas som ett tillval f\u00f6r eleverna p\u00e5 yrkesf\u00f6rberedande program.<\/p>\n<p>N\u00e4r motionen var p\u00e5 remiss i Barn och Utbildningsn\u00e4mnden valde v\u00e5r representant Susanna Tingbratt att yrka avslag p\u00e5 motionen. N\u00e4r detta inte blev resultatet valde hon att reservera sig mot beslutet att godk\u00e4nna motionen.<br \/>\nP\u00e5 kommunstyrelsen valde Kristdemokraterna tillsammans med M och FP att r\u00f6sta nej till motionen.<\/p>\n<p>Orsaken till v\u00e5r st\u00e5ndpunkt \u00e4r att det redan tidigare g\u00e5tt att v\u00e4lja h\u00f6gskolebeh\u00f6righet om man \u00f6nskat, skillnaden \u00e4r att det nu aktivt skall v\u00e4ljas bort om eleven k\u00e4nner att han\/hon inte vill eller kan l\u00e4sa dessa \u00e4mnen. Vi anser att det \u00e4r bra med h\u00f6gskolebeh\u00f6righet bland v\u00e5ra unga, men ocks\u00e5 att det \u00e4r viktigt att valet ligger hos eleven. Det f\u00e5r inte k\u00e4nnas som ett misslyckande att v\u00e4lja bort h\u00f6gskolebeh\u00f6righeten.<\/p>\n<p>Vi ser hellre att unga aktivt v\u00e4ljer h\u00f6gskolebeh\u00f6righet \u00e4n att de v\u00e4ljer bort det, men vi anser att eleven och elevens v\u00e5rdnadshavare har b\u00e4ttre m\u00f6jligheter att fatta beslutet vilket tillval som \u00e4r l\u00e4mpligt f\u00f6r den enskilda eleven \u00e4n kl\u00e5fingriga politiker.<\/p>\n<p>&nbsp;<\/p>\n","protected":false},"excerpt":{"rendered":"<p>P\u00e5 Kommunstyrelsen den 8\/4 beslutades att motionen fr\u00e5n (S) avseende att l\u00e4gga in \u00e4mnen som ger h\u00f6gskolebeh\u00f6righet som norm i kursplanen till skillnad fr\u00e5n tidigare l\u00f6sning d\u00e4r h\u00f6gskolebeh\u00f6righeten kunnat v\u00e4ljas som ett tillval f\u00f6r eleverna p\u00e5 yrkesf\u00f6rberedande program. N\u00e4r motionen var p\u00e5 remiss i Barn och Utbildningsn\u00e4mnden valde v\u00e5r representant Susanna Tingbratt att yrka avslag <a class=\"read-more-link\" href=\"https:\/\/wp.kristdemokraterna.se\/ljungby\/rostforklaring-avseende-hogskolebehorighetsbeslutet\/\">Read More<\/a><\/p>\n","protected":false},"author":438,"featured_media":0,"comment_status":"closed","ping_status":"closed","sticky":false,"template":"","format":"standard","meta":{"_acf_changed":false,"footnotes":""},"categories":[4,9],"tags":[26,25,27,28],"class_list":["post-308","post","type-post","status-publish","format-standard","hentry","category-debattinlagg","category-rostforklaringar","tag-barn-och-utbildningsnamnden","tag-hogskolebehorighet","tag-kommunstyrelsen","tag-susanna-tingbratt"],"acf":[],"yoast_head":"<!-- This site is optimized with the Yoast SEO plugin v27.4 - https:\/\/yoast.com\/product\/yoast-seo-wordpress\/ -->\n<title>R\u00f6stf\u00f6rklaring avseende h\u00f6gskolebeh\u00f6righetsbeslutet - Kristdemokraterna Ljungby<\/title>\n<meta name=\"robots\" content=\"index, follow, max-snippet:-1, max-image-preview:large, max-video-preview:-1\" \/>\n<link rel=\"canonical\" href=\"https:\/\/wp.kristdemokraterna.se\/ljungby\/rostforklaring-avseende-hogskolebehorighetsbeslutet\/\" \/>\n<meta property=\"og:locale\" content=\"sv_SE\" \/>\n<meta property=\"og:type\" content=\"article\" \/>\n<meta property=\"og:title\" content=\"R\u00f6stf\u00f6rklaring avseende h\u00f6gskolebeh\u00f6righetsbeslutet - Kristdemokraterna Ljungby\" \/>\n<meta property=\"og:description\" content=\"P\u00e5 Kommunstyrelsen den 8\/4 beslutades att motionen fr\u00e5n (S) avseende att l\u00e4gga in \u00e4mnen som ger h\u00f6gskolebeh\u00f6righet som norm i kursplanen till skillnad fr\u00e5n tidigare l\u00f6sning d\u00e4r h\u00f6gskolebeh\u00f6righeten kunnat v\u00e4ljas som ett tillval f\u00f6r eleverna p\u00e5 yrkesf\u00f6rberedande program. N\u00e4r motionen var p\u00e5 remiss i Barn och Utbildningsn\u00e4mnden valde v\u00e5r representant Susanna Tingbratt att yrka avslag Read More\" \/>\n<meta property=\"og:url\" content=\"https:\/\/wp.kristdemokraterna.se\/ljungby\/rostforklaring-avseende-hogskolebehorighetsbeslutet\/\" \/>\n<meta property=\"og:site_name\" content=\"Kristdemokraterna Ljungby\" \/>\n<meta property=\"article:published_time\" content=\"2014-04-14T14:41:31+00:00\" \/>\n<meta property=\"article:modified_time\" content=\"2014-04-14T17:24:53+00:00\" \/>\n<meta name=\"author\" content=\"joti\" \/>\n<meta name=\"twitter:card\" content=\"summary_large_image\" \/>\n<meta name=\"twitter:label1\" content=\"Skriven av\" \/>\n\t<meta name=\"twitter:data1\" content=\"joti\" \/>\n\t<meta name=\"twitter:label2\" content=\"Ber\u00e4knad l\u00e4stid\" \/>\n\t<meta name=\"twitter:data2\" content=\"1 minut\" \/>\n<script type=\"application\/ld+json\" class=\"yoast-schema-graph\">{\"@context\":\"https:\\\/\\\/schema.org\",\"@graph\":[{\"@type\":\"Article\",\"@id\":\"https:\\\/\\\/wp.kristdemokraterna.se\\\/ljungby\\\/rostforklaring-avseende-hogskolebehorighetsbeslutet\\\/#article\",\"isPartOf\":{\"@id\":\"https:\\\/\\\/wp.kristdemokraterna.se\\\/ljungby\\\/rostforklaring-avseende-hogskolebehorighetsbeslutet\\\/\"},\"author\":{\"name\":\"joti\",\"@id\":\"https:\\\/\\\/wp.kristdemokraterna.se\\\/ljungby\\\/#\\\/schema\\\/person\\\/9a9f9eda88b5fb0c4be49261c7adff16\"},\"headline\":\"R\u00f6stf\u00f6rklaring avseende h\u00f6gskolebeh\u00f6righetsbeslutet\",\"datePublished\":\"2014-04-14T14:41:31+00:00\",\"dateModified\":\"2014-04-14T17:24:53+00:00\",\"mainEntityOfPage\":{\"@id\":\"https:\\\/\\\/wp.kristdemokraterna.se\\\/ljungby\\\/rostforklaring-avseende-hogskolebehorighetsbeslutet\\\/\"},\"wordCount\":249,\"keywords\":[\"Barn- och utbildningsn\u00e4mnden\",\"h\u00f6gskolebeh\u00f6righet\",\"Kommunstyrelsen\",\"Susanna Tingbratt\"],\"articleSection\":[\"Debattinl\u00e4gg\",\"R\u00f6stf\u00f6rklaringar\"],\"inLanguage\":\"sv-SE\"},{\"@type\":\"WebPage\",\"@id\":\"https:\\\/\\\/wp.kristdemokraterna.se\\\/ljungby\\\/rostforklaring-avseende-hogskolebehorighetsbeslutet\\\/\",\"url\":\"https:\\\/\\\/wp.kristdemokraterna.se\\\/ljungby\\\/rostforklaring-avseende-hogskolebehorighetsbeslutet\\\/\",\"name\":\"R\u00f6stf\u00f6rklaring avseende h\u00f6gskolebeh\u00f6righetsbeslutet - Kristdemokraterna Ljungby\",\"isPartOf\":{\"@id\":\"https:\\\/\\\/wp.kristdemokraterna.se\\\/ljungby\\\/#website\"},\"datePublished\":\"2014-04-14T14:41:31+00:00\",\"dateModified\":\"2014-04-14T17:24:53+00:00\",\"author\":{\"@id\":\"https:\\\/\\\/wp.kristdemokraterna.se\\\/ljungby\\\/#\\\/schema\\\/person\\\/9a9f9eda88b5fb0c4be49261c7adff16\"},\"breadcrumb\":{\"@id\":\"https:\\\/\\\/wp.kristdemokraterna.se\\\/ljungby\\\/rostforklaring-avseende-hogskolebehorighetsbeslutet\\\/#breadcrumb\"},\"inLanguage\":\"sv-SE\",\"potentialAction\":[{\"@type\":\"ReadAction\",\"target\":[\"https:\\\/\\\/wp.kristdemokraterna.se\\\/ljungby\\\/rostforklaring-avseende-hogskolebehorighetsbeslutet\\\/\"]}]},{\"@type\":\"BreadcrumbList\",\"@id\":\"https:\\\/\\\/wp.kristdemokraterna.se\\\/ljungby\\\/rostforklaring-avseende-hogskolebehorighetsbeslutet\\\/#breadcrumb\",\"itemListElement\":[{\"@type\":\"ListItem\",\"position\":1,\"name\":\"Hem\",\"item\":\"https:\\\/\\\/wp.kristdemokraterna.se\\\/ljungby\\\/\"},{\"@type\":\"ListItem\",\"position\":2,\"name\":\"R\u00f6stf\u00f6rklaring avseende h\u00f6gskolebeh\u00f6righetsbeslutet\"}]},{\"@type\":\"WebSite\",\"@id\":\"https:\\\/\\\/wp.kristdemokraterna.se\\\/ljungby\\\/#website\",\"url\":\"https:\\\/\\\/wp.kristdemokraterna.se\\\/ljungby\\\/\",\"name\":\"Kristdemokraterna Ljungby\",\"description\":\"\",\"inLanguage\":\"sv-SE\"},{\"@type\":\"Person\",\"@id\":\"https:\\\/\\\/wp.kristdemokraterna.se\\\/ljungby\\\/#\\\/schema\\\/person\\\/9a9f9eda88b5fb0c4be49261c7adff16\",\"name\":\"joti\",\"image\":{\"@type\":\"ImageObject\",\"inLanguage\":\"sv-SE\",\"@id\":\"https:\\\/\\\/secure.gravatar.com\\\/avatar\\\/489c31b66d609fabc20e87b17d2eca4b037876377a6fabee18a78ecf272a9a03?s=96&r=g\",\"url\":\"https:\\\/\\\/secure.gravatar.com\\\/avatar\\\/489c31b66d609fabc20e87b17d2eca4b037876377a6fabee18a78ecf272a9a03?s=96&r=g\",\"contentUrl\":\"https:\\\/\\\/secure.gravatar.com\\\/avatar\\\/489c31b66d609fabc20e87b17d2eca4b037876377a6fabee18a78ecf272a9a03?s=96&r=g\",\"caption\":\"joti\"},\"url\":\"https:\\\/\\\/wp.kristdemokraterna.se\\\/ljungby\\\/author\\\/joseftingbratt\\\/\"}]}<\/script>\n<!-- \/ Yoast SEO plugin. -->","yoast_head_json":{"title":"R\u00f6stf\u00f6rklaring avseende h\u00f6gskolebeh\u00f6righetsbeslutet - Kristdemokraterna Ljungby","robots":{"index":"index","follow":"follow","max-snippet":"max-snippet:-1","max-image-preview":"max-image-preview:large","max-video-preview":"max-video-preview:-1"},"canonical":"https:\/\/wp.kristdemokraterna.se\/ljungby\/rostforklaring-avseende-hogskolebehorighetsbeslutet\/","og_locale":"sv_SE","og_type":"article","og_title":"R\u00f6stf\u00f6rklaring avseende h\u00f6gskolebeh\u00f6righetsbeslutet - Kristdemokraterna Ljungby","og_description":"P\u00e5 Kommunstyrelsen den 8\/4 beslutades att motionen fr\u00e5n (S) avseende att l\u00e4gga in \u00e4mnen som ger h\u00f6gskolebeh\u00f6righet som norm i kursplanen till skillnad fr\u00e5n tidigare l\u00f6sning d\u00e4r h\u00f6gskolebeh\u00f6righeten kunnat v\u00e4ljas som ett tillval f\u00f6r eleverna p\u00e5 yrkesf\u00f6rberedande program. N\u00e4r motionen var p\u00e5 remiss i Barn och Utbildningsn\u00e4mnden valde v\u00e5r representant Susanna Tingbratt att yrka avslag Read More","og_url":"https:\/\/wp.kristdemokraterna.se\/ljungby\/rostforklaring-avseende-hogskolebehorighetsbeslutet\/","og_site_name":"Kristdemokraterna Ljungby","article_published_time":"2014-04-14T14:41:31+00:00","article_modified_time":"2014-04-14T17:24:53+00:00","author":"joti","twitter_card":"summary_large_image","twitter_misc":{"Skriven av":"joti","Ber\u00e4knad l\u00e4stid":"1 minut"},"schema":{"@context":"https:\/\/schema.org","@graph":[{"@type":"Article","@id":"https:\/\/wp.kristdemokraterna.se\/ljungby\/rostforklaring-avseende-hogskolebehorighetsbeslutet\/#article","isPartOf":{"@id":"https:\/\/wp.kristdemokraterna.se\/ljungby\/rostforklaring-avseende-hogskolebehorighetsbeslutet\/"},"author":{"name":"joti","@id":"https:\/\/wp.kristdemokraterna.se\/ljungby\/#\/schema\/person\/9a9f9eda88b5fb0c4be49261c7adff16"},"headline":"R\u00f6stf\u00f6rklaring avseende h\u00f6gskolebeh\u00f6righetsbeslutet","datePublished":"2014-04-14T14:41:31+00:00","dateModified":"2014-04-14T17:24:53+00:00","mainEntityOfPage":{"@id":"https:\/\/wp.kristdemokraterna.se\/ljungby\/rostforklaring-avseende-hogskolebehorighetsbeslutet\/"},"wordCount":249,"keywords":["Barn- och utbildningsn\u00e4mnden","h\u00f6gskolebeh\u00f6righet","Kommunstyrelsen","Susanna Tingbratt"],"articleSection":["Debattinl\u00e4gg","R\u00f6stf\u00f6rklaringar"],"inLanguage":"sv-SE"},{"@type":"WebPage","@id":"https:\/\/wp.kristdemokraterna.se\/ljungby\/rostforklaring-avseende-hogskolebehorighetsbeslutet\/","url":"https:\/\/wp.kristdemokraterna.se\/ljungby\/rostforklaring-avseende-hogskolebehorighetsbeslutet\/","name":"R\u00f6stf\u00f6rklaring avseende h\u00f6gskolebeh\u00f6righetsbeslutet - Kristdemokraterna Ljungby","isPartOf":{"@id":"https:\/\/wp.kristdemokraterna.se\/ljungby\/#website"},"datePublished":"2014-04-14T14:41:31+00:00","dateModified":"2014-04-14T17:24:53+00:00","author":{"@id":"https:\/\/wp.kristdemokraterna.se\/ljungby\/#\/schema\/person\/9a9f9eda88b5fb0c4be49261c7adff16"},"breadcrumb":{"@id":"https:\/\/wp.kristdemokraterna.se\/ljungby\/rostforklaring-avseende-hogskolebehorighetsbeslutet\/#breadcrumb"},"inLanguage":"sv-SE","potentialAction":[{"@type":"ReadAction","target":["https:\/\/wp.kristdemokraterna.se\/ljungby\/rostforklaring-avseende-hogskolebehorighetsbeslutet\/"]}]},{"@type":"BreadcrumbList","@id":"https:\/\/wp.kristdemokraterna.se\/ljungby\/rostforklaring-avseende-hogskolebehorighetsbeslutet\/#breadcrumb","itemListElement":[{"@type":"ListItem","position":1,"name":"Hem","item":"https:\/\/wp.kristdemokraterna.se\/ljungby\/"},{"@type":"ListItem","position":2,"name":"R\u00f6stf\u00f6rklaring avseende h\u00f6gskolebeh\u00f6righetsbeslutet"}]},{"@type":"WebSite","@id":"https:\/\/wp.kristdemokraterna.se\/ljungby\/#website","url":"https:\/\/wp.kristdemokraterna.se\/ljungby\/","name":"Kristdemokraterna Ljungby","description":"","inLanguage":"sv-SE"},{"@type":"Person","@id":"https:\/\/wp.kristdemokraterna.se\/ljungby\/#\/schema\/person\/9a9f9eda88b5fb0c4be49261c7adff16","name":"joti","image":{"@type":"ImageObject","inLanguage":"sv-SE","@id":"https:\/\/secure.gravatar.com\/avatar\/489c31b66d609fabc20e87b17d2eca4b037876377a6fabee18a78ecf272a9a03?s=96&r=g","url":"https:\/\/secure.gravatar.com\/avatar\/489c31b66d609fabc20e87b17d2eca4b037876377a6fabee18a78ecf272a9a03?s=96&r=g","contentUrl":"https:\/\/secure.gravatar.com\/avatar\/489c31b66d609fabc20e87b17d2eca4b037876377a6fabee18a78ecf272a9a03?s=96&r=g","caption":"joti"},"url":"https:\/\/wp.kristdemokraterna.se\/ljungby\/author\/joseftingbratt\/"}]}},"_links":{"self":[{"href":"https:\/\/wp.kristdemokraterna.se\/ljungby\/wp-json\/wp\/v2\/posts\/308","targetHints":{"allow":["GET"]}}],"collection":[{"href":"https:\/\/wp.kristdemokraterna.se\/ljungby\/wp-json\/wp\/v2\/posts"}],"about":[{"href":"https:\/\/wp.kristdemokraterna.se\/ljungby\/wp-json\/wp\/v2\/types\/post"}],"author":[{"embeddable":true,"href":"https:\/\/wp.kristdemokraterna.se\/ljungby\/wp-json\/wp\/v2\/users\/438"}],"replies":[{"embeddable":true,"href":"https:\/\/wp.kristdemokraterna.se\/ljungby\/wp-json\/wp\/v2\/comments?post=308"}],"version-history":[{"count":2,"href":"https:\/\/wp.kristdemokraterna.se\/ljungby\/wp-json\/wp\/v2\/posts\/308\/revisions"}],"predecessor-version":[{"id":310,"href":"https:\/\/wp.kristdemokraterna.se\/ljungby\/wp-json\/wp\/v2\/posts\/308\/revisions\/310"}],"wp:attachment":[{"href":"https:\/\/wp.kristdemokraterna.se\/ljungby\/wp-json\/wp\/v2\/media?parent=308"}],"wp:term":[{"taxonomy":"category","embeddable":true,"href":"https:\/\/wp.kristdemokraterna.se\/ljungby\/wp-json\/wp\/v2\/categories?post=308"},{"taxonomy":"post_tag","embeddable":true,"href":"https:\/\/wp.kristdemokraterna.se\/ljungby\/wp-json\/wp\/v2\/tags?post=308"}],"curies":[{"name":"wp","href":"https:\/\/api.w.org\/{rel}","templated":true}]}}