{"id":314,"date":"2014-05-18T11:03:52","date_gmt":"2014-05-18T09:03:52","guid":{"rendered":"http:\/\/wp.kristdemokraterna.se\/ljungby\/?p=314"},"modified":"2014-08-25T15:40:07","modified_gmt":"2014-08-25T13:40:07","slug":"du-gor-val-din-rost-hord-i-eu-valet","status":"publish","type":"post","link":"https:\/\/wp.kristdemokraterna.se\/ljungby\/du-gor-val-din-rost-hord-i-eu-valet\/","title":{"rendered":"Du g\u00f6r v\u00e4l din r\u00f6st h\u00f6rd i EU-valet?"},"content":{"rendered":"<p>P\u00e5 s\u00f6ndagen den 25\/5 \u00e4r det val till EU-parlamentet. Ett mycket viktigare val \u00e4n vad de flesta svenskar verkar tro. \u00c4ven i Ljungby har valdeltagandet tidigare g\u00e5nger varit mycket l\u00e5gt, c:a 39%.<\/p>\n<p>Oavsett vad du som medborgare tycker om EU s\u00e5 \u00e4r det m\u00e5nga viktiga beslut f\u00f6r v\u00e5r vardag som fattas i EU och det \u00e4r viktigt att ha en s\u00e5 stark r\u00f6st som m\u00f6jligt f\u00f6r Sverige i EU-parlamentet.<\/p>\n<p>\u00c4ven om Kristdemokraterna i Sverige inte \u00e4r ett av de st\u00f6rre partierna finns en stark kristdemokratisk tradition i Europa. Det inneb\u00e4r att den klart st\u00f6rsta partigruppen i EU-parlamentet \u00e4r den kristdemokratiska delen som kallas EPP. En r\u00f6st p\u00e5 Kristdemokraterna i EU-parlamentet inneb\u00e4r allts\u00e5 en r\u00f6st p\u00e5 den partigrupp som har st\u00f6rst m\u00f6jlighet att p\u00e5verka i realiteten.<\/p>\n<p>V\u00e5r f\u00f6rhoppning \u00e4r att den plats i Europaparlamentet som idag innehas av Alf Svensson skall minst dubbleras. Nedan ser ni v\u00e5ra tv\u00e5 toppkandidater och resterande delen av listan.<\/p>\n<p>Gl\u00f6m inte att r\u00f6sta den 25\/5!<\/p>\n<p style=\"color: #000000\"><a style=\"color: #073192\" href=\"http:\/\/www.kristdemokraterna.se\/Kontaktportal\/Kontaktportalsida\/?pId=98650\" target=\"_top\"><strong>\u00a01. Lars Adaktusson, 58 \u00e5r, Stockholm<\/strong><\/a>\u00a0|\u00a0<a style=\"color: #073192\" href=\"https:\/\/www.kristdemokraterna.se\/Global\/personvalsfoldrar\/Lars_Adaktusson_personvalsfolder.pdf\">Personvalsfolder<\/a><\/p>\n<div id=\"attachment_316\" style=\"width: 210px\" class=\"wp-caption alignright\"><a href=\"http:\/\/wp.kristdemokraterna.se\/ljungby\/files\/2014\/05\/pagefiles-1351-98650.jpg\"><img loading=\"lazy\" decoding=\"async\" aria-describedby=\"caption-attachment-316\" class=\"wp-image-316 size-full\" src=\"http:\/\/wp.kristdemokraterna.se\/ljungby\/files\/2014\/05\/pagefiles-1351-98650.jpg\" alt=\"PageFiles-1351-98650\" width=\"200\" height=\"200\" srcset=\"https:\/\/wp.kristdemokraterna.se\/ljungby\/files\/2014\/05\/pagefiles-1351-98650.jpg 200w, https:\/\/wp.kristdemokraterna.se\/ljungby\/files\/2014\/05\/pagefiles-1351-98650-150x150.jpg 150w, https:\/\/wp.kristdemokraterna.se\/ljungby\/files\/2014\/05\/pagefiles-1351-98650-112x112.jpg 112w\" sizes=\"auto, (max-width: 200px) 100vw, 200px\" \/><\/a><p id=\"caption-attachment-316\" class=\"wp-caption-text\">V\u00e5r toppkandidat \u00e4r Lars Adaktusson, en erk\u00e4nt kunnig och p\u00e5l\u00e4st journalist med ett starkt hj\u00e4rta f\u00f6r Europa och EU-samarbetet.<\/p><\/div>\n<p style=\"color: #000000\"><a style=\"color: #073192\" href=\"http:\/\/www.kristdemokraterna.se\/Kontaktportal\/Kontaktportalsida\/?pId=73275\" target=\"_top\"><strong>\u00a02. Ebba Busch Thor, 26 \u00e5r, Uppsala<\/strong><\/a><\/p>\n<p style=\"color: #000000\"><a style=\"color: #073192\" href=\"http:\/\/www.kristdemokraterna.se\/Kontaktportal\/Kontaktportalsida\/?pId=21573\" target=\"_top\"><strong>\u00a03. Michael Anefur, 56 \u00e5r, Kristianstad<\/strong><\/a>\u00a0|\u00a0<a class=\"externalLink\" style=\"color: #073192\" href=\"http:\/\/emagazine.se\/pub\/354fyK\">Personvalsfolder<\/a><\/p>\n<p style=\"color: #000000\"><a style=\"color: #073192\" href=\"http:\/\/www.kristdemokraterna.se\/Kontaktportal\/Kontaktportalsida\/?pId=10697\" target=\"_top\"><strong>\u00a04. D\u00e9sir\u00e9e Pethrus, 54 \u00e5r, Stockholm<\/strong><\/a>\u00a0|\u00a0<a class=\"externalLink\" style=\"color: #073192\" href=\"http:\/\/emagazine.se\/pub\/344fqZ\">Personvalsfolder<\/a><\/p>\n<p style=\"color: #000000\"><a style=\"color: #073192\" href=\"http:\/\/www.kristdemokraterna.se\/Kontaktportal\/Kontaktportalsida\/?pId=10825\" target=\"_top\"><strong>\u00a05. Anders Sellstr\u00f6m, 49 \u00e5r, Ume\u00e5<\/strong><\/a><\/p>\n<p style=\"color: #000000\"><a style=\"color: #073192\" href=\"http:\/\/www.kristdemokraterna.se\/Kontaktportal\/Kontaktportalsida\/?pId=74792\" target=\"_top\"><strong>\u00a06. Sara Skyttedal, 27 \u00e5r, Stockholm<\/strong><\/a>\u00a0|\u00a0<a class=\"externalLink\" style=\"color: #073192\" href=\"http:\/\/emagazine.se\/pub\/357fBb\">Personvalsfolder<\/a><\/p>\n<p style=\"color: #000000\"><a style=\"color: #073192\" href=\"http:\/\/www.kristdemokraterna.se\/Kontaktportal\/Kontaktportalsida\/?pId=22363\" target=\"_top\"><strong>\u00a07. Lars O Molin, 68 \u00e5r, \u00d6rebro<\/strong><\/a>\u00a0|\u00a0<a class=\"externalLink\" style=\"color: #073192\" href=\"http:\/\/emagazine.se\/pub\/350fvG\">Personvalsfolder<\/a><\/p>\n<p style=\"color: #000000\"><a style=\"color: #073192\" href=\"http:\/\/www.kristdemokraterna.se\/Kontaktportal\/Kontaktportalsida\/?pId=72047\" target=\"_top\"><strong>\u00a08. Matilda G St\u00e5lbert, 29 \u00e5r, G\u00f6teborg<\/strong><\/a><\/p>\n<div id=\"attachment_315\" style=\"width: 210px\" class=\"wp-caption alignright\"><img loading=\"lazy\" decoding=\"async\" aria-describedby=\"caption-attachment-315\" class=\"wp-image-315 size-full\" src=\"http:\/\/wp.kristdemokraterna.se\/ljungby\/files\/2014\/05\/pagefiles-1351-73275.jpg\" alt=\"PageFiles-1351-73275\" width=\"200\" height=\"200\" srcset=\"https:\/\/wp.kristdemokraterna.se\/ljungby\/files\/2014\/05\/pagefiles-1351-73275.jpg 200w, https:\/\/wp.kristdemokraterna.se\/ljungby\/files\/2014\/05\/pagefiles-1351-73275-150x150.jpg 150w, https:\/\/wp.kristdemokraterna.se\/ljungby\/files\/2014\/05\/pagefiles-1351-73275-112x112.jpg 112w\" sizes=\"auto, (max-width: 200px) 100vw, 200px\" \/><p id=\"caption-attachment-315\" class=\"wp-caption-text\">V\u00e5rt andranamn f\u00f6r valet till EU-parlamentet \u00e4r Ebba Busch Thor. En lysande politiker som trots att hon bara \u00e4r 26 \u00e5r redan har stor erfarenhet av politik och sedan valet 2010 \u00e4r kommunalr\u00e5d i Uppsala.<\/p><\/div>\n<p style=\"color: #000000\"><a style=\"color: #073192\" href=\"http:\/\/www.kristdemokraterna.se\/Kontaktportal\/Kontaktportalsida\/?pId=48975\" target=\"_top\"><strong>\u00a09. Charlie Weimers, 31 \u00e5r, Hammar\u00f6<\/strong><\/a><\/p>\n<p style=\"color: #000000\"><a style=\"color: #073192\" href=\"http:\/\/www.kristdemokraterna.se\/Kontaktportal\/Kontaktportalsida\/?pId=87700\" target=\"_top\"><strong>\u00a010. Caroline Szyber, 32 \u00e5r, Stockholm<\/strong><\/a>\u00a0|\u00a0<a class=\"externalLink\" style=\"color: #073192\" href=\"http:\/\/emagazine.se\/pub\/342fpw\">Personvalsfolder<\/a><\/p>\n<p style=\"color: #000000\"><a style=\"color: #073192\" href=\"http:\/\/www.kristdemokraterna.se\/Kontaktportal\/Kontaktportalsida\/?pId=63296\" target=\"_top\"><strong>\u00a011. Yusuf Aydin, 31 \u00e5r, Botkyrka<\/strong><\/a>\u00a0|\u00a0<a class=\"externalLink\" style=\"color: #073192\" href=\"http:\/\/emagazine.se\/pub\/361fEg\">Personvalsfolder<\/a><\/p>\n<p style=\"color: #000000\"><a style=\"color: #073192\" href=\"http:\/\/www.kristdemokraterna.se\/Kontaktportal\/Kontaktportalsida\/?pId=26151\" target=\"_top\"><strong>\u00a012. Irene Oskarsson, 48 \u00e5r, Aneby<\/strong><\/a>\u00a0|\u00a0<a class=\"externalLink\" style=\"color: #073192\" href=\"http:\/\/emagazine.se\/pub\/347ftq\">Personvalsfolder<\/a><\/p>\n<p style=\"color: #000000\"><a style=\"color: #073192\" href=\"http:\/\/www.kristdemokraterna.se\/Kontaktportal\/Kontaktportalsida\/?pId=22059\" target=\"_top\"><strong>\u00a013. Magnus Jacobsson, 45 \u00e5r, Uddevalla<\/strong><\/a><\/p>\n<p style=\"color: #000000\"><a style=\"color: #073192\" href=\"http:\/\/www.kristdemokraterna.se\/Kontaktportal\/Kontaktportalsida\/?pId=46782\" target=\"_top\"><strong>\u00a014. Gudrun Bruneg\u00e5rd, 56 \u00e5r, Vimmerby<\/strong><\/a>\u00a0|\u00a0<a class=\"externalLink\" style=\"color: #073192\" href=\"http:\/\/emagazine.se\/pub\/346fsB\">Personvalsfolder<\/a><\/p>\n<p style=\"color: #000000\"><a style=\"color: #073192\" href=\"http:\/\/www.kristdemokraterna.se\/Kontaktportal\/Kontaktportalsida\/?pId=21887\" target=\"_top\"><strong>\u00a015. Conny Br\u00e4nnberg, 57 \u00e5r, Sk\u00f6vde<\/strong><\/a>\u00a0|\u00a0<a class=\"externalLink\" style=\"color: #073192\" href=\"http:\/\/emagazine.se\/pub\/343fqk\">Personvalsfolder<\/a><\/p>\n<p style=\"color: #000000\"><a style=\"color: #073192\" href=\"http:\/\/www.kristdemokraterna.se\/Kontaktportal\/Kontaktportalsida\/?pId=10894\" target=\"_top\"><strong>\u00a016. Penilla Gunther, 49 \u00e5r, Trollh\u00e4ttan<\/strong><\/a>\u00a0|\u00a0<a class=\"externalLink\" style=\"color: #073192\" href=\"http:\/\/emagazine.se\/pub\/355fzz\">Personvalsfolder<\/a><\/p>\n<p style=\"color: #000000\"><a style=\"color: #073192\" href=\"http:\/\/www.kristdemokraterna.se\/Kontaktportal\/Kontaktportalsida\/?pId=22273\" target=\"_top\"><strong>\u00a017. Lars Gustafsson, 62 \u00e5r, Laholm<\/strong><\/a><\/p>\n<p style=\"color: #000000\"><a style=\"color: #073192\" href=\"http:\/\/www.kristdemokraterna.se\/Kontaktportal\/Kontaktportalsida\/?pId=52739\" target=\"_top\"><strong>\u00a018. Lili Andr\u00e9, 43 \u00e5r, G\u00e4vle<\/strong><\/a>\u00a0|\u00a0<a class=\"externalLink\" style=\"color: #073192\" href=\"http:\/\/emagazine.se\/pub\/352fxi\">Personvalsfolder<\/a><\/p>\n<p style=\"color: #000000\"><a style=\"color: #073192\" href=\"http:\/\/www.kristdemokraterna.se\/Kontaktportal\/Kontaktportalsida\/?pId=91202\" target=\"_top\"><strong>\u00a019. Mattias Gr\u00e4ngzell, 26 \u00e5r, Malm\u00f6<\/strong><\/a><\/p>\n<p style=\"color: #000000\"><a style=\"color: #073192\" href=\"http:\/\/www.kristdemokraterna.se\/Kontaktportal\/Kontaktportalsida\/?pId=28430\" target=\"_top\"><strong>\u00a020. Amanda Agestav, 39 \u00e5r, V\u00e4ster\u00e5s<\/strong><\/a>\u00a0|\u00a0<a class=\"externalLink\" style=\"color: #073192\" href=\"http:\/\/emagazine.se\/pub\/340fmU\">Personvalsfolder<\/a><\/p>\n<p style=\"color: #000000\"><a style=\"color: #073192\" href=\"http:\/\/www.kristdemokraterna.se\/Kontaktportal\/Kontaktportalsida\/?pId=20617\" target=\"_top\"><strong>\u00a021. Per Landgren, 55 \u00e5r, G\u00f6teborg<\/strong><\/a>\u00a0|\u00a0<a class=\"externalLink\" style=\"color: #073192\" href=\"http:\/\/emagazine.se\/pub\/356fAm\">Personvalsfolder<\/a><\/p>\n<p style=\"color: #000000\"><a style=\"color: #073192\" href=\"http:\/\/www.kristdemokraterna.se\/Kontaktportal\/Kontaktportalsida\/?pId=82281\" target=\"_top\"><strong>\u00a022. Soledad Henriquez, 29 \u00e5r, \u00d6rnsk\u00f6ldsvik<\/strong><\/a>\u00a0|\u00a0<a class=\"externalLink\" style=\"color: #073192\" href=\"http:\/\/emagazine.se\/pub\/359fCD\">Personvalsfolder<\/a><\/p>\n<p style=\"color: #000000\"><a style=\"color: #073192\" href=\"http:\/\/www.kristdemokraterna.se\/Kontaktportal\/Kontaktportalsida\/?pId=82424\" target=\"_top\"><strong>\u00a023. Christer Brostr\u00f6m, 27 \u00e5r, Arvika<\/strong><\/a><\/p>\n<p style=\"color: #000000\"><a style=\"color: #073192\" href=\"http:\/\/www.kristdemokraterna.se\/Kontaktportal\/Kontaktportalsida\/?pId=17314\" target=\"_top\"><strong>\u00a024. Ewa Sundkvist, 59 \u00e5r, \u00d6rebro<\/strong><\/a>\u00a0|\u00a0<a class=\"externalLink\" style=\"color: #073192\" href=\"http:\/\/emagazine.se\/pub\/345frM\">Personvalsfolder<\/a><\/p>\n<p style=\"color: #000000\"><a style=\"color: #073192\" href=\"http:\/\/www.kristdemokraterna.se\/Kontaktportal\/Kontaktportalsida\/?pId=19727\" target=\"_top\"><strong>\u00a025. Else-Marie Lindgren, 64 \u00e5r, Bor\u00e5s<\/strong><\/a><\/p>\n<p style=\"color: #000000\"><a style=\"color: #073192\" href=\"http:\/\/www.kristdemokraterna.se\/Kontaktportal\/Kontaktportalsida\/?pId=12358\" target=\"_top\"><strong>\u00a026. Magda Ayoub, 60 \u00e5r, Upplands V\u00e4sby<\/strong><\/a><\/p>\n<p style=\"color: #000000\"><a style=\"color: #073192\" href=\"http:\/\/www.kristdemokraterna.se\/Kontaktportal\/Kontaktportalsida\/?pId=22668\" target=\"_top\"><strong>\u00a027. Henrik Ehrenberg, 40 \u00e5r, Stockholm<\/strong><\/a><\/p>\n<p style=\"color: #000000\"><a style=\"color: #073192\" href=\"http:\/\/www.kristdemokraterna.se\/Kontaktportal\/Kontaktportalsida\/?pId=98247\" target=\"_top\"><strong>\u00a028. Jennifer Brown, 18 \u00e5r, Stockholm<\/strong><\/a><\/p>\n<p style=\"color: #000000\"><a style=\"color: #073192\" href=\"http:\/\/www.kristdemokraterna.se\/Kontaktportal\/Kontaktportalsida\/?pId=8385\" target=\"_top\"><strong>\u00a029. Tommy Bernev\u00e5ng Forsberg, 54 \u00e5r, J\u00f6nk\u00f6ping<\/strong><\/a>\u00a0|\u00a0<a class=\"externalLink\" style=\"color: #073192\" href=\"http:\/\/emagazine.se\/pub\/360fDs\">Personvalsfolder<\/a><\/p>\n<p style=\"color: #000000\"><a style=\"color: #073192\" href=\"http:\/\/www.kristdemokraterna.se\/Kontaktportal\/Kontaktportalsida\/?pId=98547\" target=\"_top\"><strong>\u00a030. Roksana Parsan, 29 \u00e5r, Stockholm<\/strong><\/a><\/p>\n<p style=\"color: #000000\">\u00a0<a style=\"color: #073192\" href=\"http:\/\/www.kristdemokraterna.se\/Kontaktportal\/Kontaktportalsida\/?pId=34469\" target=\"_top\"><strong>31. Anne-Lie Sundling, 60 \u00e5r, \u00d6cker\u00f6<\/strong><\/a><\/p>\n<p style=\"color: #000000\"><a style=\"color: #073192\" href=\"http:\/\/www.kristdemokraterna.se\/Kontaktportal\/Kontaktportalsida\/?pId=18326\" target=\"_top\"><strong>\u00a032. Lars Eklund, 71 \u00e5r, Link\u00f6ping<\/strong><\/a>\u00a0|\u00a0<a class=\"externalLink\" style=\"color: #073192\" href=\"http:\/\/emagazine.se\/pub\/349fuS\">Personvalsfolder<\/a><\/p>\n<p style=\"color: #000000\"><a style=\"color: #073192\" href=\"http:\/\/www.kristdemokraterna.se\/Kontaktportal\/Kontaktportalsida\/?pId=92297\" target=\"_top\"><strong>\u00a033. Susanne Wism\u00e9n, 48 \u00e5r, J\u00f6nk\u00f6ping<\/strong><\/a><\/p>\n<p style=\"color: #000000\"><a style=\"color: #073192\" href=\"http:\/\/www.kristdemokraterna.se\/Kontaktportal\/Kontaktportalsida\/?pId=76322\" target=\"_top\"><strong>\u00a034. Magnus Hedman, 41 \u00e5r, Halmstad<\/strong><\/a><\/p>\n<p style=\"color: #000000\"><a style=\"color: #073192\" href=\"http:\/\/www.kristdemokraterna.se\/Kontaktportal\/Kontaktportalsida\/?pId=86377\" target=\"_top\"><strong>\u00a035. Soheila Fors, 47 \u00e5r, Karlskoga<\/strong><\/a>\u00a0|\u00a0<a class=\"externalLink\" style=\"color: #073192\" href=\"http:\/\/emagazine.se\/pub\/358fBQ\">Personvalsfolder<\/a><\/p>\n<p style=\"color: #000000\"><a style=\"color: #073192\" href=\"http:\/\/www.kristdemokraterna.se\/Kontaktportal\/Kontaktportalsida\/?pId=11502\" target=\"_top\"><strong>\u00a036. Stig Nyman, 70 \u00e5r, Vallentuna<\/strong><\/a><\/p>\n<p style=\"color: #000000\"><a style=\"color: #073192\" href=\"http:\/\/www.kristdemokraterna.se\/Kontaktportal\/Kontaktportalsida\/?pId=10314\" target=\"_top\"><strong>\u00a037. Lars-Axel Nordell, 61 \u00e5r, \u00d6rebro<\/strong><\/a>\u00a0|\u00a0<a class=\"externalLink\" style=\"color: #073192\" href=\"http:\/\/emagazine.se\/pub\/351fwu\">Personvalsfolder<\/a><\/p>\n<p style=\"color: #000000\"><a style=\"color: #073192\" href=\"http:\/\/www.kristdemokraterna.se\/Kontaktportal\/Kontaktportalsida\/?pId=14121\" target=\"_top\"><strong>\u00a038. Marie Louise Forslund-Mustaniemi, 56 \u00e5r, Str\u00e4ngn\u00e4s<\/strong><\/a>\u00a0|\u00a0<a class=\"externalLink\" style=\"color: #073192\" href=\"http:\/\/emagazine.se\/pub\/353fxW\">Personvalsfolder<\/a><\/p>\n<p style=\"color: #000000\">\u00a0<strong><a style=\"color: #073192\" href=\"http:\/\/www.kristdemokraterna.se\/Kontaktportal\/Kontaktportalsida\/?pId=47253\" target=\"_top\">39. Jesper Haglund, 44 \u00e5r, Bryssel<\/a><\/strong>\u00a0|\u00a0<a class=\"externalLink\" style=\"color: #073192\" href=\"http:\/\/emagazine.se\/pub\/348fud\">Personvalsfolder<\/a><\/p>\n<p style=\"color: #000000\"><a style=\"color: #073192\" href=\"http:\/\/www.kristdemokraterna.se\/Kontaktportal\/Kontaktportalsida\/?pId=51651\" target=\"_top\"><strong>\u00a040. Veronica Kerr, 43 \u00e5r, Ume\u00e5<\/strong><\/a><\/p>\n<p style=\"color: #000000\"><a style=\"color: #073192\" href=\"http:\/\/www.kristdemokraterna.se\/Kontaktportal\/Kontaktportalsida\/?pId=80448\" target=\"_top\"><strong>\u00a041. Antonella Pirrone, 53 \u00e5r, Nyn\u00e4shamn<\/strong><\/a>\u00a0|\u00a0<a class=\"externalLink\" style=\"color: #073192\" href=\"http:\/\/emagazine.se\/pub\/341fnI\">Personvalsfolder<\/a><\/p>\n<p style=\"color: #000000\"><a style=\"color: #073192\" href=\"http:\/\/www.kristdemokraterna.se\/Kontaktportal\/Kontaktportalsida\/?pId=75149\" target=\"_top\"><strong>\u00a042. Per Ewert, 40 \u00e5r, N\u00e4ssj\u00f6<\/strong><\/a><\/p>\n<p style=\"color: #000000\"><a style=\"color: #073192\" href=\"http:\/\/www.kristdemokraterna.se\/Kontaktportal\/Kontaktportalsida\/?pId=19708\" target=\"_top\"><strong>\u00a043. Jonny K\u00e4rkk\u00e4inen, 55 \u00e5r, Vilhelmina<\/strong><\/a><\/p>\n","protected":false},"excerpt":{"rendered":"<p>P\u00e5 s\u00f6ndagen den 25\/5 \u00e4r det val till EU-parlamentet. Ett mycket viktigare val \u00e4n vad de flesta svenskar verkar tro. \u00c4ven i Ljungby har valdeltagandet tidigare g\u00e5nger varit mycket l\u00e5gt, c:a 39%. Oavsett vad du som medborgare tycker om EU s\u00e5 \u00e4r det m\u00e5nga viktiga beslut f\u00f6r v\u00e5r vardag som fattas i EU och det <a class=\"read-more-link\" href=\"https:\/\/wp.kristdemokraterna.se\/ljungby\/du-gor-val-din-rost-hord-i-eu-valet\/\">Read More<\/a><\/p>\n","protected":false},"author":434,"featured_media":0,"comment_status":"closed","ping_status":"closed","sticky":false,"template":"","format":"standard","meta":{"_acf_changed":false,"footnotes":""},"categories":[4,5,6],"tags":[66,60,61],"class_list":["post-314","post","type-post","status-publish","format-standard","hentry","category-debattinlagg","category-information","category-nyheter","tag-ebba-busch-thor","tag-eu-val","tag-lars-adaktusson"],"acf":[],"yoast_head":"<!-- This site is optimized with the Yoast SEO plugin v27.4 - https:\/\/yoast.com\/product\/yoast-seo-wordpress\/ -->\n<title>Du g\u00f6r v\u00e4l din r\u00f6st h\u00f6rd i EU-valet? - Kristdemokraterna Ljungby<\/title>\n<meta name=\"robots\" content=\"index, follow, max-snippet:-1, max-image-preview:large, max-video-preview:-1\" \/>\n<link rel=\"canonical\" href=\"https:\/\/wp.kristdemokraterna.se\/ljungby\/du-gor-val-din-rost-hord-i-eu-valet\/\" \/>\n<meta property=\"og:locale\" content=\"sv_SE\" \/>\n<meta property=\"og:type\" content=\"article\" \/>\n<meta property=\"og:title\" content=\"Du g\u00f6r v\u00e4l din r\u00f6st h\u00f6rd i EU-valet? - Kristdemokraterna Ljungby\" \/>\n<meta property=\"og:description\" content=\"P\u00e5 s\u00f6ndagen den 25\/5 \u00e4r det val till EU-parlamentet. Ett mycket viktigare val \u00e4n vad de flesta svenskar verkar tro. \u00c4ven i Ljungby har valdeltagandet tidigare g\u00e5nger varit mycket l\u00e5gt, c:a 39%. Oavsett vad du som medborgare tycker om EU s\u00e5 \u00e4r det m\u00e5nga viktiga beslut f\u00f6r v\u00e5r vardag som fattas i EU och det Read More\" \/>\n<meta property=\"og:url\" content=\"https:\/\/wp.kristdemokraterna.se\/ljungby\/du-gor-val-din-rost-hord-i-eu-valet\/\" \/>\n<meta property=\"og:site_name\" content=\"Kristdemokraterna Ljungby\" \/>\n<meta property=\"article:published_time\" content=\"2014-05-18T09:03:52+00:00\" \/>\n<meta property=\"article:modified_time\" content=\"2014-08-25T13:40:07+00:00\" \/>\n<meta property=\"og:image\" content=\"http:\/\/wp.kristdemokraterna.se\/ljungby\/files\/2014\/05\/pagefiles-1351-98650.jpg\" \/>\n<meta name=\"author\" content=\"ljungby\" \/>\n<meta name=\"twitter:card\" content=\"summary_large_image\" \/>\n<meta name=\"twitter:label1\" content=\"Skriven av\" \/>\n\t<meta name=\"twitter:data1\" content=\"ljungby\" \/>\n\t<meta name=\"twitter:label2\" content=\"Ber\u00e4knad l\u00e4stid\" \/>\n\t<meta name=\"twitter:data2\" content=\"2 minuter\" \/>\n<script type=\"application\/ld+json\" class=\"yoast-schema-graph\">{\"@context\":\"https:\\\/\\\/schema.org\",\"@graph\":[{\"@type\":\"Article\",\"@id\":\"https:\\\/\\\/wp.kristdemokraterna.se\\\/ljungby\\\/du-gor-val-din-rost-hord-i-eu-valet\\\/#article\",\"isPartOf\":{\"@id\":\"https:\\\/\\\/wp.kristdemokraterna.se\\\/ljungby\\\/du-gor-val-din-rost-hord-i-eu-valet\\\/\"},\"author\":{\"name\":\"ljungby\",\"@id\":\"https:\\\/\\\/wp.kristdemokraterna.se\\\/ljungby\\\/#\\\/schema\\\/person\\\/ada662c5d4d309d880402ec01bfa9fc3\"},\"headline\":\"Du g\u00f6r v\u00e4l din r\u00f6st h\u00f6rd i EU-valet?\",\"datePublished\":\"2014-05-18T09:03:52+00:00\",\"dateModified\":\"2014-08-25T13:40:07+00:00\",\"mainEntityOfPage\":{\"@id\":\"https:\\\/\\\/wp.kristdemokraterna.se\\\/ljungby\\\/du-gor-val-din-rost-hord-i-eu-valet\\\/\"},\"wordCount\":499,\"image\":{\"@id\":\"https:\\\/\\\/wp.kristdemokraterna.se\\\/ljungby\\\/du-gor-val-din-rost-hord-i-eu-valet\\\/#primaryimage\"},\"thumbnailUrl\":\"http:\\\/\\\/wp.kristdemokraterna.se\\\/ljungby\\\/files\\\/2014\\\/05\\\/pagefiles-1351-98650.jpg\",\"keywords\":[\"Ebba Busch-Thor\",\"EU-val\",\"Lars Adaktusson\"],\"articleSection\":[\"Debattinl\u00e4gg\",\"Information\",\"Nyheter\"],\"inLanguage\":\"sv-SE\"},{\"@type\":\"WebPage\",\"@id\":\"https:\\\/\\\/wp.kristdemokraterna.se\\\/ljungby\\\/du-gor-val-din-rost-hord-i-eu-valet\\\/\",\"url\":\"https:\\\/\\\/wp.kristdemokraterna.se\\\/ljungby\\\/du-gor-val-din-rost-hord-i-eu-valet\\\/\",\"name\":\"Du g\u00f6r v\u00e4l din r\u00f6st h\u00f6rd i EU-valet? - Kristdemokraterna Ljungby\",\"isPartOf\":{\"@id\":\"https:\\\/\\\/wp.kristdemokraterna.se\\\/ljungby\\\/#website\"},\"primaryImageOfPage\":{\"@id\":\"https:\\\/\\\/wp.kristdemokraterna.se\\\/ljungby\\\/du-gor-val-din-rost-hord-i-eu-valet\\\/#primaryimage\"},\"image\":{\"@id\":\"https:\\\/\\\/wp.kristdemokraterna.se\\\/ljungby\\\/du-gor-val-din-rost-hord-i-eu-valet\\\/#primaryimage\"},\"thumbnailUrl\":\"http:\\\/\\\/wp.kristdemokraterna.se\\\/ljungby\\\/files\\\/2014\\\/05\\\/pagefiles-1351-98650.jpg\",\"datePublished\":\"2014-05-18T09:03:52+00:00\",\"dateModified\":\"2014-08-25T13:40:07+00:00\",\"author\":{\"@id\":\"https:\\\/\\\/wp.kristdemokraterna.se\\\/ljungby\\\/#\\\/schema\\\/person\\\/ada662c5d4d309d880402ec01bfa9fc3\"},\"breadcrumb\":{\"@id\":\"https:\\\/\\\/wp.kristdemokraterna.se\\\/ljungby\\\/du-gor-val-din-rost-hord-i-eu-valet\\\/#breadcrumb\"},\"inLanguage\":\"sv-SE\",\"potentialAction\":[{\"@type\":\"ReadAction\",\"target\":[\"https:\\\/\\\/wp.kristdemokraterna.se\\\/ljungby\\\/du-gor-val-din-rost-hord-i-eu-valet\\\/\"]}]},{\"@type\":\"ImageObject\",\"inLanguage\":\"sv-SE\",\"@id\":\"https:\\\/\\\/wp.kristdemokraterna.se\\\/ljungby\\\/du-gor-val-din-rost-hord-i-eu-valet\\\/#primaryimage\",\"url\":\"https:\\\/\\\/wp.kristdemokraterna.se\\\/ljungby\\\/files\\\/2014\\\/05\\\/pagefiles-1351-98650.jpg\",\"contentUrl\":\"https:\\\/\\\/wp.kristdemokraterna.se\\\/ljungby\\\/files\\\/2014\\\/05\\\/pagefiles-1351-98650.jpg\",\"width\":200,\"height\":200},{\"@type\":\"BreadcrumbList\",\"@id\":\"https:\\\/\\\/wp.kristdemokraterna.se\\\/ljungby\\\/du-gor-val-din-rost-hord-i-eu-valet\\\/#breadcrumb\",\"itemListElement\":[{\"@type\":\"ListItem\",\"position\":1,\"name\":\"Hem\",\"item\":\"https:\\\/\\\/wp.kristdemokraterna.se\\\/ljungby\\\/\"},{\"@type\":\"ListItem\",\"position\":2,\"name\":\"Du g\u00f6r v\u00e4l din r\u00f6st h\u00f6rd i EU-valet?\"}]},{\"@type\":\"WebSite\",\"@id\":\"https:\\\/\\\/wp.kristdemokraterna.se\\\/ljungby\\\/#website\",\"url\":\"https:\\\/\\\/wp.kristdemokraterna.se\\\/ljungby\\\/\",\"name\":\"Kristdemokraterna Ljungby\",\"description\":\"\",\"inLanguage\":\"sv-SE\"},{\"@type\":\"Person\",\"@id\":\"https:\\\/\\\/wp.kristdemokraterna.se\\\/ljungby\\\/#\\\/schema\\\/person\\\/ada662c5d4d309d880402ec01bfa9fc3\",\"name\":\"ljungby\",\"image\":{\"@type\":\"ImageObject\",\"inLanguage\":\"sv-SE\",\"@id\":\"https:\\\/\\\/secure.gravatar.com\\\/avatar\\\/c094a9577724be90ddee7ea9cac26c1171055fef8cdee8b46ee0cfed89509ab1?s=96&r=g\",\"url\":\"https:\\\/\\\/secure.gravatar.com\\\/avatar\\\/c094a9577724be90ddee7ea9cac26c1171055fef8cdee8b46ee0cfed89509ab1?s=96&r=g\",\"contentUrl\":\"https:\\\/\\\/secure.gravatar.com\\\/avatar\\\/c094a9577724be90ddee7ea9cac26c1171055fef8cdee8b46ee0cfed89509ab1?s=96&r=g\",\"caption\":\"ljungby\"},\"url\":\"https:\\\/\\\/wp.kristdemokraterna.se\\\/ljungby\\\/author\\\/ljungby\\\/\"}]}<\/script>\n<!-- \/ Yoast SEO plugin. -->","yoast_head_json":{"title":"Du g\u00f6r v\u00e4l din r\u00f6st h\u00f6rd i EU-valet? - Kristdemokraterna Ljungby","robots":{"index":"index","follow":"follow","max-snippet":"max-snippet:-1","max-image-preview":"max-image-preview:large","max-video-preview":"max-video-preview:-1"},"canonical":"https:\/\/wp.kristdemokraterna.se\/ljungby\/du-gor-val-din-rost-hord-i-eu-valet\/","og_locale":"sv_SE","og_type":"article","og_title":"Du g\u00f6r v\u00e4l din r\u00f6st h\u00f6rd i EU-valet? - Kristdemokraterna Ljungby","og_description":"P\u00e5 s\u00f6ndagen den 25\/5 \u00e4r det val till EU-parlamentet. Ett mycket viktigare val \u00e4n vad de flesta svenskar verkar tro. \u00c4ven i Ljungby har valdeltagandet tidigare g\u00e5nger varit mycket l\u00e5gt, c:a 39%. Oavsett vad du som medborgare tycker om EU s\u00e5 \u00e4r det m\u00e5nga viktiga beslut f\u00f6r v\u00e5r vardag som fattas i EU och det Read More","og_url":"https:\/\/wp.kristdemokraterna.se\/ljungby\/du-gor-val-din-rost-hord-i-eu-valet\/","og_site_name":"Kristdemokraterna Ljungby","article_published_time":"2014-05-18T09:03:52+00:00","article_modified_time":"2014-08-25T13:40:07+00:00","og_image":[{"url":"http:\/\/wp.kristdemokraterna.se\/ljungby\/files\/2014\/05\/pagefiles-1351-98650.jpg","type":"","width":"","height":""}],"author":"ljungby","twitter_card":"summary_large_image","twitter_misc":{"Skriven av":"ljungby","Ber\u00e4knad l\u00e4stid":"2 minuter"},"schema":{"@context":"https:\/\/schema.org","@graph":[{"@type":"Article","@id":"https:\/\/wp.kristdemokraterna.se\/ljungby\/du-gor-val-din-rost-hord-i-eu-valet\/#article","isPartOf":{"@id":"https:\/\/wp.kristdemokraterna.se\/ljungby\/du-gor-val-din-rost-hord-i-eu-valet\/"},"author":{"name":"ljungby","@id":"https:\/\/wp.kristdemokraterna.se\/ljungby\/#\/schema\/person\/ada662c5d4d309d880402ec01bfa9fc3"},"headline":"Du g\u00f6r v\u00e4l din r\u00f6st h\u00f6rd i EU-valet?","datePublished":"2014-05-18T09:03:52+00:00","dateModified":"2014-08-25T13:40:07+00:00","mainEntityOfPage":{"@id":"https:\/\/wp.kristdemokraterna.se\/ljungby\/du-gor-val-din-rost-hord-i-eu-valet\/"},"wordCount":499,"image":{"@id":"https:\/\/wp.kristdemokraterna.se\/ljungby\/du-gor-val-din-rost-hord-i-eu-valet\/#primaryimage"},"thumbnailUrl":"http:\/\/wp.kristdemokraterna.se\/ljungby\/files\/2014\/05\/pagefiles-1351-98650.jpg","keywords":["Ebba Busch-Thor","EU-val","Lars Adaktusson"],"articleSection":["Debattinl\u00e4gg","Information","Nyheter"],"inLanguage":"sv-SE"},{"@type":"WebPage","@id":"https:\/\/wp.kristdemokraterna.se\/ljungby\/du-gor-val-din-rost-hord-i-eu-valet\/","url":"https:\/\/wp.kristdemokraterna.se\/ljungby\/du-gor-val-din-rost-hord-i-eu-valet\/","name":"Du g\u00f6r v\u00e4l din r\u00f6st h\u00f6rd i EU-valet? - Kristdemokraterna Ljungby","isPartOf":{"@id":"https:\/\/wp.kristdemokraterna.se\/ljungby\/#website"},"primaryImageOfPage":{"@id":"https:\/\/wp.kristdemokraterna.se\/ljungby\/du-gor-val-din-rost-hord-i-eu-valet\/#primaryimage"},"image":{"@id":"https:\/\/wp.kristdemokraterna.se\/ljungby\/du-gor-val-din-rost-hord-i-eu-valet\/#primaryimage"},"thumbnailUrl":"http:\/\/wp.kristdemokraterna.se\/ljungby\/files\/2014\/05\/pagefiles-1351-98650.jpg","datePublished":"2014-05-18T09:03:52+00:00","dateModified":"2014-08-25T13:40:07+00:00","author":{"@id":"https:\/\/wp.kristdemokraterna.se\/ljungby\/#\/schema\/person\/ada662c5d4d309d880402ec01bfa9fc3"},"breadcrumb":{"@id":"https:\/\/wp.kristdemokraterna.se\/ljungby\/du-gor-val-din-rost-hord-i-eu-valet\/#breadcrumb"},"inLanguage":"sv-SE","potentialAction":[{"@type":"ReadAction","target":["https:\/\/wp.kristdemokraterna.se\/ljungby\/du-gor-val-din-rost-hord-i-eu-valet\/"]}]},{"@type":"ImageObject","inLanguage":"sv-SE","@id":"https:\/\/wp.kristdemokraterna.se\/ljungby\/du-gor-val-din-rost-hord-i-eu-valet\/#primaryimage","url":"https:\/\/wp.kristdemokraterna.se\/ljungby\/files\/2014\/05\/pagefiles-1351-98650.jpg","contentUrl":"https:\/\/wp.kristdemokraterna.se\/ljungby\/files\/2014\/05\/pagefiles-1351-98650.jpg","width":200,"height":200},{"@type":"BreadcrumbList","@id":"https:\/\/wp.kristdemokraterna.se\/ljungby\/du-gor-val-din-rost-hord-i-eu-valet\/#breadcrumb","itemListElement":[{"@type":"ListItem","position":1,"name":"Hem","item":"https:\/\/wp.kristdemokraterna.se\/ljungby\/"},{"@type":"ListItem","position":2,"name":"Du g\u00f6r v\u00e4l din r\u00f6st h\u00f6rd i EU-valet?"}]},{"@type":"WebSite","@id":"https:\/\/wp.kristdemokraterna.se\/ljungby\/#website","url":"https:\/\/wp.kristdemokraterna.se\/ljungby\/","name":"Kristdemokraterna Ljungby","description":"","inLanguage":"sv-SE"},{"@type":"Person","@id":"https:\/\/wp.kristdemokraterna.se\/ljungby\/#\/schema\/person\/ada662c5d4d309d880402ec01bfa9fc3","name":"ljungby","image":{"@type":"ImageObject","inLanguage":"sv-SE","@id":"https:\/\/secure.gravatar.com\/avatar\/c094a9577724be90ddee7ea9cac26c1171055fef8cdee8b46ee0cfed89509ab1?s=96&r=g","url":"https:\/\/secure.gravatar.com\/avatar\/c094a9577724be90ddee7ea9cac26c1171055fef8cdee8b46ee0cfed89509ab1?s=96&r=g","contentUrl":"https:\/\/secure.gravatar.com\/avatar\/c094a9577724be90ddee7ea9cac26c1171055fef8cdee8b46ee0cfed89509ab1?s=96&r=g","caption":"ljungby"},"url":"https:\/\/wp.kristdemokraterna.se\/ljungby\/author\/ljungby\/"}]}},"_links":{"self":[{"href":"https:\/\/wp.kristdemokraterna.se\/ljungby\/wp-json\/wp\/v2\/posts\/314","targetHints":{"allow":["GET"]}}],"collection":[{"href":"https:\/\/wp.kristdemokraterna.se\/ljungby\/wp-json\/wp\/v2\/posts"}],"about":[{"href":"https:\/\/wp.kristdemokraterna.se\/ljungby\/wp-json\/wp\/v2\/types\/post"}],"author":[{"embeddable":true,"href":"https:\/\/wp.kristdemokraterna.se\/ljungby\/wp-json\/wp\/v2\/users\/434"}],"replies":[{"embeddable":true,"href":"https:\/\/wp.kristdemokraterna.se\/ljungby\/wp-json\/wp\/v2\/comments?post=314"}],"version-history":[{"count":5,"href":"https:\/\/wp.kristdemokraterna.se\/ljungby\/wp-json\/wp\/v2\/posts\/314\/revisions"}],"predecessor-version":[{"id":324,"href":"https:\/\/wp.kristdemokraterna.se\/ljungby\/wp-json\/wp\/v2\/posts\/314\/revisions\/324"}],"wp:attachment":[{"href":"https:\/\/wp.kristdemokraterna.se\/ljungby\/wp-json\/wp\/v2\/media?parent=314"}],"wp:term":[{"taxonomy":"category","embeddable":true,"href":"https:\/\/wp.kristdemokraterna.se\/ljungby\/wp-json\/wp\/v2\/categories?post=314"},{"taxonomy":"post_tag","embeddable":true,"href":"https:\/\/wp.kristdemokraterna.se\/ljungby\/wp-json\/wp\/v2\/tags?post=314"}],"curies":[{"name":"wp","href":"https:\/\/api.w.org\/{rel}","templated":true}]}}