{"id":344,"date":"2014-05-26T14:10:22","date_gmt":"2014-05-26T12:10:22","guid":{"rendered":"http:\/\/wp.kristdemokraterna.se\/ljungby\/?p=344"},"modified":"2014-08-25T15:38:18","modified_gmt":"2014-08-25T13:38:18","slug":"gladjande-siffror-fran-gardagens-eu-val","status":"publish","type":"post","link":"https:\/\/wp.kristdemokraterna.se\/ljungby\/gladjande-siffror-fran-gardagens-eu-val\/","title":{"rendered":"Gl\u00e4djande siffror fr\u00e5n g\u00e5rdagens EU-val"},"content":{"rendered":"<p>Ig\u00e5r h\u00f6lls val till EU-parlamentet i hela Europa och s\u00e5 \u00e4ven i Sverige. F\u00f6rhoppningsvis var du en av de som r\u00f6stade \u00e4ven om chansen \u00e4r att du var en av h\u00e4lften av de r\u00f6stber\u00e4ttigade som tyv\u00e4rr valde att inte l\u00e4gga din r\u00f6st i detta val.<\/p>\n<p>I Ljungby \u00f6kade valdeltagandet med 12,3 procentenheter till 46,5% vilket \u00e4r gl\u00e4djande, \u00e4ven om det \u00e4r orov\u00e4ckande l\u00e5gt med avseende p\u00e5 EUs betydelse f\u00f6r v\u00e5r vardag.\u00a0Det \u00e4r i vilket fall ett bevis p\u00e5 att det engagemang som lagts ned bland partif\u00f6retr\u00e4dare fr\u00e5n de flesta av Ljungbys partier f\u00f6rmodligen hj\u00e4lpte n\u00e5got. I denna valr\u00f6relse har det k\u00e4nts som att partierna jobbat gemensamt mot m\u00e5let att f\u00e5 inv\u00e5narna att r\u00f6sta i valet mer \u00e4n att driva partipolitik vilket har varit gl\u00e4djande.<\/p>\n<p>Gl\u00e4djande \u00e4r ocks\u00e5\u00a0att Kristdemokraternas h\u00f6jda andel av r\u00f6sterna \u00e4r \u00e4n mer p\u00e5taglig i Ljungby kommun. P\u00e5 riksniv\u00e5 \u00f6kade man med 1,3 procentenheter till 6,0% men i Ljungby \u00f6kade man fr\u00e5n f\u00f6rra valets 8,1% till 10,0% vilket inneb\u00e4r att vi l\u00e5g p\u00e5 i princip samma niv\u00e5 som Centern (10,6%) och Milj\u00f6partiet (10,4).<\/p>\n<p>Vi tackar alla som lagt sin r\u00f6st p\u00e5 att f\u00e5 Kristdemokraterna till EU-parlamentet och hoppas att dessa \u00f6kade siffror h\u00e5ller i sig \u00e4ven inf\u00f6r h\u00f6stens val!<\/p>\n","protected":false},"excerpt":{"rendered":"<p>Ig\u00e5r h\u00f6lls val till EU-parlamentet i hela Europa och s\u00e5 \u00e4ven i Sverige. F\u00f6rhoppningsvis var du en av de som r\u00f6stade \u00e4ven om chansen \u00e4r att du var en av h\u00e4lften av de r\u00f6stber\u00e4ttigade som tyv\u00e4rr valde att inte l\u00e4gga din r\u00f6st i detta val. I Ljungby \u00f6kade valdeltagandet med 12,3 procentenheter till 46,5% vilket <a class=\"read-more-link\" href=\"https:\/\/wp.kristdemokraterna.se\/ljungby\/gladjande-siffror-fran-gardagens-eu-val\/\">Read More<\/a><\/p>\n","protected":false},"author":438,"featured_media":0,"comment_status":"closed","ping_status":"closed","sticky":false,"template":"","format":"standard","meta":{"_acf_changed":false,"footnotes":""},"categories":[5,6],"tags":[62,60,61],"class_list":["post-344","post","type-post","status-publish","format-standard","hentry","category-information","category-nyheter","tag-eu-parlamentet","tag-eu-val","tag-lars-adaktusson"],"acf":[],"yoast_head":"<!-- This site is optimized with the Yoast SEO plugin v27.4 - https:\/\/yoast.com\/product\/yoast-seo-wordpress\/ -->\n<title>Gl\u00e4djande siffror fr\u00e5n g\u00e5rdagens EU-val - Kristdemokraterna Ljungby<\/title>\n<meta name=\"robots\" content=\"index, follow, max-snippet:-1, max-image-preview:large, max-video-preview:-1\" \/>\n<link rel=\"canonical\" href=\"https:\/\/wp.kristdemokraterna.se\/ljungby\/gladjande-siffror-fran-gardagens-eu-val\/\" \/>\n<meta property=\"og:locale\" content=\"sv_SE\" \/>\n<meta property=\"og:type\" content=\"article\" \/>\n<meta property=\"og:title\" content=\"Gl\u00e4djande siffror fr\u00e5n g\u00e5rdagens EU-val - Kristdemokraterna Ljungby\" \/>\n<meta property=\"og:description\" content=\"Ig\u00e5r h\u00f6lls val till EU-parlamentet i hela Europa och s\u00e5 \u00e4ven i Sverige. F\u00f6rhoppningsvis var du en av de som r\u00f6stade \u00e4ven om chansen \u00e4r att du var en av h\u00e4lften av de r\u00f6stber\u00e4ttigade som tyv\u00e4rr valde att inte l\u00e4gga din r\u00f6st i detta val. I Ljungby \u00f6kade valdeltagandet med 12,3 procentenheter till 46,5% vilket Read More\" \/>\n<meta property=\"og:url\" content=\"https:\/\/wp.kristdemokraterna.se\/ljungby\/gladjande-siffror-fran-gardagens-eu-val\/\" \/>\n<meta property=\"og:site_name\" content=\"Kristdemokraterna Ljungby\" \/>\n<meta property=\"article:published_time\" content=\"2014-05-26T12:10:22+00:00\" \/>\n<meta property=\"article:modified_time\" content=\"2014-08-25T13:38:18+00:00\" \/>\n<meta name=\"author\" content=\"joti\" \/>\n<meta name=\"twitter:card\" content=\"summary_large_image\" \/>\n<meta name=\"twitter:label1\" content=\"Skriven av\" \/>\n\t<meta name=\"twitter:data1\" content=\"joti\" \/>\n\t<meta name=\"twitter:label2\" content=\"Ber\u00e4knad l\u00e4stid\" \/>\n\t<meta name=\"twitter:data2\" content=\"1 minut\" \/>\n<script type=\"application\/ld+json\" class=\"yoast-schema-graph\">{\"@context\":\"https:\\\/\\\/schema.org\",\"@graph\":[{\"@type\":\"Article\",\"@id\":\"https:\\\/\\\/wp.kristdemokraterna.se\\\/ljungby\\\/gladjande-siffror-fran-gardagens-eu-val\\\/#article\",\"isPartOf\":{\"@id\":\"https:\\\/\\\/wp.kristdemokraterna.se\\\/ljungby\\\/gladjande-siffror-fran-gardagens-eu-val\\\/\"},\"author\":{\"name\":\"joti\",\"@id\":\"https:\\\/\\\/wp.kristdemokraterna.se\\\/ljungby\\\/#\\\/schema\\\/person\\\/9a9f9eda88b5fb0c4be49261c7adff16\"},\"headline\":\"Gl\u00e4djande siffror fr\u00e5n g\u00e5rdagens EU-val\",\"datePublished\":\"2014-05-26T12:10:22+00:00\",\"dateModified\":\"2014-08-25T13:38:18+00:00\",\"mainEntityOfPage\":{\"@id\":\"https:\\\/\\\/wp.kristdemokraterna.se\\\/ljungby\\\/gladjande-siffror-fran-gardagens-eu-val\\\/\"},\"wordCount\":243,\"keywords\":[\"EU-parlamentet\",\"EU-val\",\"Lars Adaktusson\"],\"articleSection\":[\"Information\",\"Nyheter\"],\"inLanguage\":\"sv-SE\"},{\"@type\":\"WebPage\",\"@id\":\"https:\\\/\\\/wp.kristdemokraterna.se\\\/ljungby\\\/gladjande-siffror-fran-gardagens-eu-val\\\/\",\"url\":\"https:\\\/\\\/wp.kristdemokraterna.se\\\/ljungby\\\/gladjande-siffror-fran-gardagens-eu-val\\\/\",\"name\":\"Gl\u00e4djande siffror fr\u00e5n g\u00e5rdagens EU-val - Kristdemokraterna Ljungby\",\"isPartOf\":{\"@id\":\"https:\\\/\\\/wp.kristdemokraterna.se\\\/ljungby\\\/#website\"},\"datePublished\":\"2014-05-26T12:10:22+00:00\",\"dateModified\":\"2014-08-25T13:38:18+00:00\",\"author\":{\"@id\":\"https:\\\/\\\/wp.kristdemokraterna.se\\\/ljungby\\\/#\\\/schema\\\/person\\\/9a9f9eda88b5fb0c4be49261c7adff16\"},\"breadcrumb\":{\"@id\":\"https:\\\/\\\/wp.kristdemokraterna.se\\\/ljungby\\\/gladjande-siffror-fran-gardagens-eu-val\\\/#breadcrumb\"},\"inLanguage\":\"sv-SE\",\"potentialAction\":[{\"@type\":\"ReadAction\",\"target\":[\"https:\\\/\\\/wp.kristdemokraterna.se\\\/ljungby\\\/gladjande-siffror-fran-gardagens-eu-val\\\/\"]}]},{\"@type\":\"BreadcrumbList\",\"@id\":\"https:\\\/\\\/wp.kristdemokraterna.se\\\/ljungby\\\/gladjande-siffror-fran-gardagens-eu-val\\\/#breadcrumb\",\"itemListElement\":[{\"@type\":\"ListItem\",\"position\":1,\"name\":\"Hem\",\"item\":\"https:\\\/\\\/wp.kristdemokraterna.se\\\/ljungby\\\/\"},{\"@type\":\"ListItem\",\"position\":2,\"name\":\"Gl\u00e4djande siffror fr\u00e5n g\u00e5rdagens EU-val\"}]},{\"@type\":\"WebSite\",\"@id\":\"https:\\\/\\\/wp.kristdemokraterna.se\\\/ljungby\\\/#website\",\"url\":\"https:\\\/\\\/wp.kristdemokraterna.se\\\/ljungby\\\/\",\"name\":\"Kristdemokraterna Ljungby\",\"description\":\"\",\"inLanguage\":\"sv-SE\"},{\"@type\":\"Person\",\"@id\":\"https:\\\/\\\/wp.kristdemokraterna.se\\\/ljungby\\\/#\\\/schema\\\/person\\\/9a9f9eda88b5fb0c4be49261c7adff16\",\"name\":\"joti\",\"image\":{\"@type\":\"ImageObject\",\"inLanguage\":\"sv-SE\",\"@id\":\"https:\\\/\\\/secure.gravatar.com\\\/avatar\\\/489c31b66d609fabc20e87b17d2eca4b037876377a6fabee18a78ecf272a9a03?s=96&r=g\",\"url\":\"https:\\\/\\\/secure.gravatar.com\\\/avatar\\\/489c31b66d609fabc20e87b17d2eca4b037876377a6fabee18a78ecf272a9a03?s=96&r=g\",\"contentUrl\":\"https:\\\/\\\/secure.gravatar.com\\\/avatar\\\/489c31b66d609fabc20e87b17d2eca4b037876377a6fabee18a78ecf272a9a03?s=96&r=g\",\"caption\":\"joti\"},\"url\":\"https:\\\/\\\/wp.kristdemokraterna.se\\\/ljungby\\\/author\\\/joseftingbratt\\\/\"}]}<\/script>\n<!-- \/ Yoast SEO plugin. -->","yoast_head_json":{"title":"Gl\u00e4djande siffror fr\u00e5n g\u00e5rdagens EU-val - Kristdemokraterna Ljungby","robots":{"index":"index","follow":"follow","max-snippet":"max-snippet:-1","max-image-preview":"max-image-preview:large","max-video-preview":"max-video-preview:-1"},"canonical":"https:\/\/wp.kristdemokraterna.se\/ljungby\/gladjande-siffror-fran-gardagens-eu-val\/","og_locale":"sv_SE","og_type":"article","og_title":"Gl\u00e4djande siffror fr\u00e5n g\u00e5rdagens EU-val - Kristdemokraterna Ljungby","og_description":"Ig\u00e5r h\u00f6lls val till EU-parlamentet i hela Europa och s\u00e5 \u00e4ven i Sverige. F\u00f6rhoppningsvis var du en av de som r\u00f6stade \u00e4ven om chansen \u00e4r att du var en av h\u00e4lften av de r\u00f6stber\u00e4ttigade som tyv\u00e4rr valde att inte l\u00e4gga din r\u00f6st i detta val. I Ljungby \u00f6kade valdeltagandet med 12,3 procentenheter till 46,5% vilket Read More","og_url":"https:\/\/wp.kristdemokraterna.se\/ljungby\/gladjande-siffror-fran-gardagens-eu-val\/","og_site_name":"Kristdemokraterna Ljungby","article_published_time":"2014-05-26T12:10:22+00:00","article_modified_time":"2014-08-25T13:38:18+00:00","author":"joti","twitter_card":"summary_large_image","twitter_misc":{"Skriven av":"joti","Ber\u00e4knad l\u00e4stid":"1 minut"},"schema":{"@context":"https:\/\/schema.org","@graph":[{"@type":"Article","@id":"https:\/\/wp.kristdemokraterna.se\/ljungby\/gladjande-siffror-fran-gardagens-eu-val\/#article","isPartOf":{"@id":"https:\/\/wp.kristdemokraterna.se\/ljungby\/gladjande-siffror-fran-gardagens-eu-val\/"},"author":{"name":"joti","@id":"https:\/\/wp.kristdemokraterna.se\/ljungby\/#\/schema\/person\/9a9f9eda88b5fb0c4be49261c7adff16"},"headline":"Gl\u00e4djande siffror fr\u00e5n g\u00e5rdagens EU-val","datePublished":"2014-05-26T12:10:22+00:00","dateModified":"2014-08-25T13:38:18+00:00","mainEntityOfPage":{"@id":"https:\/\/wp.kristdemokraterna.se\/ljungby\/gladjande-siffror-fran-gardagens-eu-val\/"},"wordCount":243,"keywords":["EU-parlamentet","EU-val","Lars Adaktusson"],"articleSection":["Information","Nyheter"],"inLanguage":"sv-SE"},{"@type":"WebPage","@id":"https:\/\/wp.kristdemokraterna.se\/ljungby\/gladjande-siffror-fran-gardagens-eu-val\/","url":"https:\/\/wp.kristdemokraterna.se\/ljungby\/gladjande-siffror-fran-gardagens-eu-val\/","name":"Gl\u00e4djande siffror fr\u00e5n g\u00e5rdagens EU-val - Kristdemokraterna Ljungby","isPartOf":{"@id":"https:\/\/wp.kristdemokraterna.se\/ljungby\/#website"},"datePublished":"2014-05-26T12:10:22+00:00","dateModified":"2014-08-25T13:38:18+00:00","author":{"@id":"https:\/\/wp.kristdemokraterna.se\/ljungby\/#\/schema\/person\/9a9f9eda88b5fb0c4be49261c7adff16"},"breadcrumb":{"@id":"https:\/\/wp.kristdemokraterna.se\/ljungby\/gladjande-siffror-fran-gardagens-eu-val\/#breadcrumb"},"inLanguage":"sv-SE","potentialAction":[{"@type":"ReadAction","target":["https:\/\/wp.kristdemokraterna.se\/ljungby\/gladjande-siffror-fran-gardagens-eu-val\/"]}]},{"@type":"BreadcrumbList","@id":"https:\/\/wp.kristdemokraterna.se\/ljungby\/gladjande-siffror-fran-gardagens-eu-val\/#breadcrumb","itemListElement":[{"@type":"ListItem","position":1,"name":"Hem","item":"https:\/\/wp.kristdemokraterna.se\/ljungby\/"},{"@type":"ListItem","position":2,"name":"Gl\u00e4djande siffror fr\u00e5n g\u00e5rdagens EU-val"}]},{"@type":"WebSite","@id":"https:\/\/wp.kristdemokraterna.se\/ljungby\/#website","url":"https:\/\/wp.kristdemokraterna.se\/ljungby\/","name":"Kristdemokraterna Ljungby","description":"","inLanguage":"sv-SE"},{"@type":"Person","@id":"https:\/\/wp.kristdemokraterna.se\/ljungby\/#\/schema\/person\/9a9f9eda88b5fb0c4be49261c7adff16","name":"joti","image":{"@type":"ImageObject","inLanguage":"sv-SE","@id":"https:\/\/secure.gravatar.com\/avatar\/489c31b66d609fabc20e87b17d2eca4b037876377a6fabee18a78ecf272a9a03?s=96&r=g","url":"https:\/\/secure.gravatar.com\/avatar\/489c31b66d609fabc20e87b17d2eca4b037876377a6fabee18a78ecf272a9a03?s=96&r=g","contentUrl":"https:\/\/secure.gravatar.com\/avatar\/489c31b66d609fabc20e87b17d2eca4b037876377a6fabee18a78ecf272a9a03?s=96&r=g","caption":"joti"},"url":"https:\/\/wp.kristdemokraterna.se\/ljungby\/author\/joseftingbratt\/"}]}},"_links":{"self":[{"href":"https:\/\/wp.kristdemokraterna.se\/ljungby\/wp-json\/wp\/v2\/posts\/344","targetHints":{"allow":["GET"]}}],"collection":[{"href":"https:\/\/wp.kristdemokraterna.se\/ljungby\/wp-json\/wp\/v2\/posts"}],"about":[{"href":"https:\/\/wp.kristdemokraterna.se\/ljungby\/wp-json\/wp\/v2\/types\/post"}],"author":[{"embeddable":true,"href":"https:\/\/wp.kristdemokraterna.se\/ljungby\/wp-json\/wp\/v2\/users\/438"}],"replies":[{"embeddable":true,"href":"https:\/\/wp.kristdemokraterna.se\/ljungby\/wp-json\/wp\/v2\/comments?post=344"}],"version-history":[{"count":1,"href":"https:\/\/wp.kristdemokraterna.se\/ljungby\/wp-json\/wp\/v2\/posts\/344\/revisions"}],"predecessor-version":[{"id":345,"href":"https:\/\/wp.kristdemokraterna.se\/ljungby\/wp-json\/wp\/v2\/posts\/344\/revisions\/345"}],"wp:attachment":[{"href":"https:\/\/wp.kristdemokraterna.se\/ljungby\/wp-json\/wp\/v2\/media?parent=344"}],"wp:term":[{"taxonomy":"category","embeddable":true,"href":"https:\/\/wp.kristdemokraterna.se\/ljungby\/wp-json\/wp\/v2\/categories?post=344"},{"taxonomy":"post_tag","embeddable":true,"href":"https:\/\/wp.kristdemokraterna.se\/ljungby\/wp-json\/wp\/v2\/tags?post=344"}],"curies":[{"name":"wp","href":"https:\/\/api.w.org\/{rel}","templated":true}]}}