{"id":356,"date":"2014-06-12T21:29:55","date_gmt":"2014-06-12T19:29:55","guid":{"rendered":"http:\/\/wp.kristdemokraterna.se\/ljungby\/?p=356"},"modified":"2014-08-25T15:37:04","modified_gmt":"2014-08-25T13:37:04","slug":"mats-karlsson-lamnar-kristdemokraterna","status":"publish","type":"post","link":"https:\/\/wp.kristdemokraterna.se\/ljungby\/mats-karlsson-lamnar-kristdemokraterna\/","title":{"rendered":"Mats Karlsson l\u00e4mnar Kristdemokraterna"},"content":{"rendered":"<div id=\"attachment_69\" style=\"width: 210px\" class=\"wp-caption alignright\"><a href=\"http:\/\/wp.kristdemokraterna.se\/ljungby\/files\/2013\/02\/Mats-Karlsson.jpg\"><img loading=\"lazy\" decoding=\"async\" aria-describedby=\"caption-attachment-69\" class=\"size-medium wp-image-69\" src=\"http:\/\/wp.kristdemokraterna.se\/ljungby\/files\/2013\/02\/Mats-Karlsson-200x300.jpg\" alt=\"Mats Karlsson\" width=\"200\" height=\"300\" srcset=\"https:\/\/wp.kristdemokraterna.se\/ljungby\/files\/2013\/02\/Mats-Karlsson-200x300.jpg 200w, https:\/\/wp.kristdemokraterna.se\/ljungby\/files\/2013\/02\/Mats-Karlsson-360x540.jpg 360w, https:\/\/wp.kristdemokraterna.se\/ljungby\/files\/2013\/02\/Mats-Karlsson-230x346.jpg 230w, https:\/\/wp.kristdemokraterna.se\/ljungby\/files\/2013\/02\/Mats-Karlsson-74x112.jpg 74w\" sizes=\"auto, (max-width: 200px) 100vw, 200px\" \/><\/a><p id=\"caption-attachment-69\" class=\"wp-caption-text\">Mats Karlsson<\/p><\/div>\n<p>Mats Karlsson kandiderar inte f\u00f6r KD i h\u00f6stens kommunalval, vilket Sm\u00e5l\u00e4nningen rapporterade redan i v\u00e5ras. Som sk\u00e4l till oss inom KD angavs tidsbrist. Av denna anledning avgick Mats ur KD:s styrelse vid \u00e5rsm\u00f6tet varvid han bel\u00f6nades med en blomma. Som Sm\u00e5l\u00e4nningen rapporterade den 11 juni kommer Mats att kandidera f\u00f6r Kommunens B\u00e4sta (KB) ist\u00e4llet, vilket vi vetat sedan en tid tillbaka genom information fr\u00e5n Alf Johansson (KB). Vi beklagar att Mats inte sj\u00e4lv meddelat oss detta. Han har sedan avsagt sig att vara ers\u00e4ttare i milj\u00f6- och byggn\u00e4mnden f\u00f6r att nu senast avs\u00e4ga sig att vara n\u00e4mndeman och ledamot av kommunfullm\u00e4ktiges valberedning. Han har d\u00e4remot inte avsagt sig sin plats i kommunfullm\u00e4ktige. Att s\u00e5 sker ser vi som en hederssak och har d\u00e4rf\u00f6r bett honom st\u00e4lla ocks\u00e5 denna plats till f\u00f6rfogande.<\/p>\n<p>Mats har inte gjort n\u00e5gra stora insatser f\u00f6r politiken i Ljungby. Under 4 \u00e5rs tid i kommunfullm\u00e4ktige har han inte vid ett enda tillf\u00e4lle g\u00e5tt upp i talarstolen, han har s\u00e4llan haft tid att delta i gruppm\u00f6ten och hans ers\u00e4ttarplats i milj\u00f6- och byggn\u00e4mnden har oftast st\u00e5tt tom. N\u00e5gra initiativ f\u00f6r landsbygden har han inte tagit. Ocks\u00e5 betr\u00e4ffande skolorna var vi \u00f6verens utom vad avser folkomr\u00f6stningen d\u00e4r han ocks\u00e5 fick full frihet att r\u00f6sta enligt egen \u00f6vertygelse.<\/p>\n<p>Vi f\u00f6ruts\u00e4tter att han, som en hederv\u00e4rd person, nu l\u00e4mnar sin plats i kommunfullm\u00e4ktige.<\/p>\n<p>Kristdemokraterna Ljungby<\/p>\n","protected":false},"excerpt":{"rendered":"<p>Mats Karlsson kandiderar inte f\u00f6r KD i h\u00f6stens kommunalval, vilket Sm\u00e5l\u00e4nningen rapporterade redan i v\u00e5ras. Som sk\u00e4l till oss inom KD angavs tidsbrist. Av denna anledning avgick Mats ur KD:s styrelse vid \u00e5rsm\u00f6tet varvid han bel\u00f6nades med en blomma. Som Sm\u00e5l\u00e4nningen rapporterade den 11 juni kommer Mats att kandidera f\u00f6r Kommunens B\u00e4sta (KB) ist\u00e4llet, vilket <a class=\"read-more-link\" href=\"https:\/\/wp.kristdemokraterna.se\/ljungby\/mats-karlsson-lamnar-kristdemokraterna\/\">Read More<\/a><\/p>\n","protected":false},"author":438,"featured_media":0,"comment_status":"closed","ping_status":"closed","sticky":false,"template":"","format":"standard","meta":{"_acf_changed":false,"footnotes":""},"categories":[5,6],"tags":[55,54],"class_list":["post-356","post","type-post","status-publish","format-standard","hentry","category-information","category-nyheter","tag-kommunens-basta","tag-mats-karlsson"],"acf":[],"yoast_head":"<!-- This site is optimized with the Yoast SEO plugin v27.4 - https:\/\/yoast.com\/product\/yoast-seo-wordpress\/ -->\n<title>Mats Karlsson l\u00e4mnar Kristdemokraterna - Kristdemokraterna Ljungby<\/title>\n<meta name=\"robots\" content=\"index, follow, max-snippet:-1, max-image-preview:large, max-video-preview:-1\" \/>\n<link rel=\"canonical\" href=\"https:\/\/wp.kristdemokraterna.se\/ljungby\/mats-karlsson-lamnar-kristdemokraterna\/\" \/>\n<meta property=\"og:locale\" content=\"sv_SE\" \/>\n<meta property=\"og:type\" content=\"article\" \/>\n<meta property=\"og:title\" content=\"Mats Karlsson l\u00e4mnar Kristdemokraterna - Kristdemokraterna Ljungby\" \/>\n<meta property=\"og:description\" content=\"Mats Karlsson kandiderar inte f\u00f6r KD i h\u00f6stens kommunalval, vilket Sm\u00e5l\u00e4nningen rapporterade redan i v\u00e5ras. Som sk\u00e4l till oss inom KD angavs tidsbrist. Av denna anledning avgick Mats ur KD:s styrelse vid \u00e5rsm\u00f6tet varvid han bel\u00f6nades med en blomma. Som Sm\u00e5l\u00e4nningen rapporterade den 11 juni kommer Mats att kandidera f\u00f6r Kommunens B\u00e4sta (KB) ist\u00e4llet, vilket Read More\" \/>\n<meta property=\"og:url\" content=\"https:\/\/wp.kristdemokraterna.se\/ljungby\/mats-karlsson-lamnar-kristdemokraterna\/\" \/>\n<meta property=\"og:site_name\" content=\"Kristdemokraterna Ljungby\" \/>\n<meta property=\"article:published_time\" content=\"2014-06-12T19:29:55+00:00\" \/>\n<meta property=\"article:modified_time\" content=\"2014-08-25T13:37:04+00:00\" \/>\n<meta property=\"og:image\" content=\"http:\/\/wp.kristdemokraterna.se\/ljungby\/files\/2013\/02\/Mats-Karlsson-200x300.jpg\" \/>\n<meta name=\"author\" content=\"joti\" \/>\n<meta name=\"twitter:card\" content=\"summary_large_image\" \/>\n<meta name=\"twitter:label1\" content=\"Skriven av\" \/>\n\t<meta name=\"twitter:data1\" content=\"joti\" \/>\n\t<meta name=\"twitter:label2\" content=\"Ber\u00e4knad l\u00e4stid\" \/>\n\t<meta name=\"twitter:data2\" content=\"1 minut\" \/>\n<script type=\"application\/ld+json\" class=\"yoast-schema-graph\">{\"@context\":\"https:\\\/\\\/schema.org\",\"@graph\":[{\"@type\":\"Article\",\"@id\":\"https:\\\/\\\/wp.kristdemokraterna.se\\\/ljungby\\\/mats-karlsson-lamnar-kristdemokraterna\\\/#article\",\"isPartOf\":{\"@id\":\"https:\\\/\\\/wp.kristdemokraterna.se\\\/ljungby\\\/mats-karlsson-lamnar-kristdemokraterna\\\/\"},\"author\":{\"name\":\"joti\",\"@id\":\"https:\\\/\\\/wp.kristdemokraterna.se\\\/ljungby\\\/#\\\/schema\\\/person\\\/9a9f9eda88b5fb0c4be49261c7adff16\"},\"headline\":\"Mats Karlsson l\u00e4mnar Kristdemokraterna\",\"datePublished\":\"2014-06-12T19:29:55+00:00\",\"dateModified\":\"2014-08-25T13:37:04+00:00\",\"mainEntityOfPage\":{\"@id\":\"https:\\\/\\\/wp.kristdemokraterna.se\\\/ljungby\\\/mats-karlsson-lamnar-kristdemokraterna\\\/\"},\"wordCount\":287,\"image\":{\"@id\":\"https:\\\/\\\/wp.kristdemokraterna.se\\\/ljungby\\\/mats-karlsson-lamnar-kristdemokraterna\\\/#primaryimage\"},\"thumbnailUrl\":\"http:\\\/\\\/wp.kristdemokraterna.se\\\/ljungby\\\/files\\\/2013\\\/02\\\/Mats-Karlsson-200x300.jpg\",\"keywords\":[\"Kommunens B\u00e4sta (Parti)\",\"Mats Karlsson\"],\"articleSection\":[\"Information\",\"Nyheter\"],\"inLanguage\":\"sv-SE\"},{\"@type\":\"WebPage\",\"@id\":\"https:\\\/\\\/wp.kristdemokraterna.se\\\/ljungby\\\/mats-karlsson-lamnar-kristdemokraterna\\\/\",\"url\":\"https:\\\/\\\/wp.kristdemokraterna.se\\\/ljungby\\\/mats-karlsson-lamnar-kristdemokraterna\\\/\",\"name\":\"Mats Karlsson l\u00e4mnar Kristdemokraterna - Kristdemokraterna Ljungby\",\"isPartOf\":{\"@id\":\"https:\\\/\\\/wp.kristdemokraterna.se\\\/ljungby\\\/#website\"},\"primaryImageOfPage\":{\"@id\":\"https:\\\/\\\/wp.kristdemokraterna.se\\\/ljungby\\\/mats-karlsson-lamnar-kristdemokraterna\\\/#primaryimage\"},\"image\":{\"@id\":\"https:\\\/\\\/wp.kristdemokraterna.se\\\/ljungby\\\/mats-karlsson-lamnar-kristdemokraterna\\\/#primaryimage\"},\"thumbnailUrl\":\"http:\\\/\\\/wp.kristdemokraterna.se\\\/ljungby\\\/files\\\/2013\\\/02\\\/Mats-Karlsson-200x300.jpg\",\"datePublished\":\"2014-06-12T19:29:55+00:00\",\"dateModified\":\"2014-08-25T13:37:04+00:00\",\"author\":{\"@id\":\"https:\\\/\\\/wp.kristdemokraterna.se\\\/ljungby\\\/#\\\/schema\\\/person\\\/9a9f9eda88b5fb0c4be49261c7adff16\"},\"breadcrumb\":{\"@id\":\"https:\\\/\\\/wp.kristdemokraterna.se\\\/ljungby\\\/mats-karlsson-lamnar-kristdemokraterna\\\/#breadcrumb\"},\"inLanguage\":\"sv-SE\",\"potentialAction\":[{\"@type\":\"ReadAction\",\"target\":[\"https:\\\/\\\/wp.kristdemokraterna.se\\\/ljungby\\\/mats-karlsson-lamnar-kristdemokraterna\\\/\"]}]},{\"@type\":\"ImageObject\",\"inLanguage\":\"sv-SE\",\"@id\":\"https:\\\/\\\/wp.kristdemokraterna.se\\\/ljungby\\\/mats-karlsson-lamnar-kristdemokraterna\\\/#primaryimage\",\"url\":\"https:\\\/\\\/wp.kristdemokraterna.se\\\/ljungby\\\/files\\\/2013\\\/02\\\/Mats-Karlsson.jpg\",\"contentUrl\":\"https:\\\/\\\/wp.kristdemokraterna.se\\\/ljungby\\\/files\\\/2013\\\/02\\\/Mats-Karlsson.jpg\",\"width\":2592,\"height\":3888,\"caption\":\"Mats Karlsson\"},{\"@type\":\"BreadcrumbList\",\"@id\":\"https:\\\/\\\/wp.kristdemokraterna.se\\\/ljungby\\\/mats-karlsson-lamnar-kristdemokraterna\\\/#breadcrumb\",\"itemListElement\":[{\"@type\":\"ListItem\",\"position\":1,\"name\":\"Hem\",\"item\":\"https:\\\/\\\/wp.kristdemokraterna.se\\\/ljungby\\\/\"},{\"@type\":\"ListItem\",\"position\":2,\"name\":\"Mats Karlsson l\u00e4mnar Kristdemokraterna\"}]},{\"@type\":\"WebSite\",\"@id\":\"https:\\\/\\\/wp.kristdemokraterna.se\\\/ljungby\\\/#website\",\"url\":\"https:\\\/\\\/wp.kristdemokraterna.se\\\/ljungby\\\/\",\"name\":\"Kristdemokraterna Ljungby\",\"description\":\"\",\"inLanguage\":\"sv-SE\"},{\"@type\":\"Person\",\"@id\":\"https:\\\/\\\/wp.kristdemokraterna.se\\\/ljungby\\\/#\\\/schema\\\/person\\\/9a9f9eda88b5fb0c4be49261c7adff16\",\"name\":\"joti\",\"image\":{\"@type\":\"ImageObject\",\"inLanguage\":\"sv-SE\",\"@id\":\"https:\\\/\\\/secure.gravatar.com\\\/avatar\\\/489c31b66d609fabc20e87b17d2eca4b037876377a6fabee18a78ecf272a9a03?s=96&r=g\",\"url\":\"https:\\\/\\\/secure.gravatar.com\\\/avatar\\\/489c31b66d609fabc20e87b17d2eca4b037876377a6fabee18a78ecf272a9a03?s=96&r=g\",\"contentUrl\":\"https:\\\/\\\/secure.gravatar.com\\\/avatar\\\/489c31b66d609fabc20e87b17d2eca4b037876377a6fabee18a78ecf272a9a03?s=96&r=g\",\"caption\":\"joti\"},\"url\":\"https:\\\/\\\/wp.kristdemokraterna.se\\\/ljungby\\\/author\\\/joseftingbratt\\\/\"}]}<\/script>\n<!-- \/ Yoast SEO plugin. -->","yoast_head_json":{"title":"Mats Karlsson l\u00e4mnar Kristdemokraterna - Kristdemokraterna Ljungby","robots":{"index":"index","follow":"follow","max-snippet":"max-snippet:-1","max-image-preview":"max-image-preview:large","max-video-preview":"max-video-preview:-1"},"canonical":"https:\/\/wp.kristdemokraterna.se\/ljungby\/mats-karlsson-lamnar-kristdemokraterna\/","og_locale":"sv_SE","og_type":"article","og_title":"Mats Karlsson l\u00e4mnar Kristdemokraterna - Kristdemokraterna Ljungby","og_description":"Mats Karlsson kandiderar inte f\u00f6r KD i h\u00f6stens kommunalval, vilket Sm\u00e5l\u00e4nningen rapporterade redan i v\u00e5ras. Som sk\u00e4l till oss inom KD angavs tidsbrist. Av denna anledning avgick Mats ur KD:s styrelse vid \u00e5rsm\u00f6tet varvid han bel\u00f6nades med en blomma. Som Sm\u00e5l\u00e4nningen rapporterade den 11 juni kommer Mats att kandidera f\u00f6r Kommunens B\u00e4sta (KB) ist\u00e4llet, vilket Read More","og_url":"https:\/\/wp.kristdemokraterna.se\/ljungby\/mats-karlsson-lamnar-kristdemokraterna\/","og_site_name":"Kristdemokraterna Ljungby","article_published_time":"2014-06-12T19:29:55+00:00","article_modified_time":"2014-08-25T13:37:04+00:00","og_image":[{"url":"http:\/\/wp.kristdemokraterna.se\/ljungby\/files\/2013\/02\/Mats-Karlsson-200x300.jpg","type":"","width":"","height":""}],"author":"joti","twitter_card":"summary_large_image","twitter_misc":{"Skriven av":"joti","Ber\u00e4knad l\u00e4stid":"1 minut"},"schema":{"@context":"https:\/\/schema.org","@graph":[{"@type":"Article","@id":"https:\/\/wp.kristdemokraterna.se\/ljungby\/mats-karlsson-lamnar-kristdemokraterna\/#article","isPartOf":{"@id":"https:\/\/wp.kristdemokraterna.se\/ljungby\/mats-karlsson-lamnar-kristdemokraterna\/"},"author":{"name":"joti","@id":"https:\/\/wp.kristdemokraterna.se\/ljungby\/#\/schema\/person\/9a9f9eda88b5fb0c4be49261c7adff16"},"headline":"Mats Karlsson l\u00e4mnar Kristdemokraterna","datePublished":"2014-06-12T19:29:55+00:00","dateModified":"2014-08-25T13:37:04+00:00","mainEntityOfPage":{"@id":"https:\/\/wp.kristdemokraterna.se\/ljungby\/mats-karlsson-lamnar-kristdemokraterna\/"},"wordCount":287,"image":{"@id":"https:\/\/wp.kristdemokraterna.se\/ljungby\/mats-karlsson-lamnar-kristdemokraterna\/#primaryimage"},"thumbnailUrl":"http:\/\/wp.kristdemokraterna.se\/ljungby\/files\/2013\/02\/Mats-Karlsson-200x300.jpg","keywords":["Kommunens B\u00e4sta (Parti)","Mats Karlsson"],"articleSection":["Information","Nyheter"],"inLanguage":"sv-SE"},{"@type":"WebPage","@id":"https:\/\/wp.kristdemokraterna.se\/ljungby\/mats-karlsson-lamnar-kristdemokraterna\/","url":"https:\/\/wp.kristdemokraterna.se\/ljungby\/mats-karlsson-lamnar-kristdemokraterna\/","name":"Mats Karlsson l\u00e4mnar Kristdemokraterna - Kristdemokraterna Ljungby","isPartOf":{"@id":"https:\/\/wp.kristdemokraterna.se\/ljungby\/#website"},"primaryImageOfPage":{"@id":"https:\/\/wp.kristdemokraterna.se\/ljungby\/mats-karlsson-lamnar-kristdemokraterna\/#primaryimage"},"image":{"@id":"https:\/\/wp.kristdemokraterna.se\/ljungby\/mats-karlsson-lamnar-kristdemokraterna\/#primaryimage"},"thumbnailUrl":"http:\/\/wp.kristdemokraterna.se\/ljungby\/files\/2013\/02\/Mats-Karlsson-200x300.jpg","datePublished":"2014-06-12T19:29:55+00:00","dateModified":"2014-08-25T13:37:04+00:00","author":{"@id":"https:\/\/wp.kristdemokraterna.se\/ljungby\/#\/schema\/person\/9a9f9eda88b5fb0c4be49261c7adff16"},"breadcrumb":{"@id":"https:\/\/wp.kristdemokraterna.se\/ljungby\/mats-karlsson-lamnar-kristdemokraterna\/#breadcrumb"},"inLanguage":"sv-SE","potentialAction":[{"@type":"ReadAction","target":["https:\/\/wp.kristdemokraterna.se\/ljungby\/mats-karlsson-lamnar-kristdemokraterna\/"]}]},{"@type":"ImageObject","inLanguage":"sv-SE","@id":"https:\/\/wp.kristdemokraterna.se\/ljungby\/mats-karlsson-lamnar-kristdemokraterna\/#primaryimage","url":"https:\/\/wp.kristdemokraterna.se\/ljungby\/files\/2013\/02\/Mats-Karlsson.jpg","contentUrl":"https:\/\/wp.kristdemokraterna.se\/ljungby\/files\/2013\/02\/Mats-Karlsson.jpg","width":2592,"height":3888,"caption":"Mats Karlsson"},{"@type":"BreadcrumbList","@id":"https:\/\/wp.kristdemokraterna.se\/ljungby\/mats-karlsson-lamnar-kristdemokraterna\/#breadcrumb","itemListElement":[{"@type":"ListItem","position":1,"name":"Hem","item":"https:\/\/wp.kristdemokraterna.se\/ljungby\/"},{"@type":"ListItem","position":2,"name":"Mats Karlsson l\u00e4mnar Kristdemokraterna"}]},{"@type":"WebSite","@id":"https:\/\/wp.kristdemokraterna.se\/ljungby\/#website","url":"https:\/\/wp.kristdemokraterna.se\/ljungby\/","name":"Kristdemokraterna Ljungby","description":"","inLanguage":"sv-SE"},{"@type":"Person","@id":"https:\/\/wp.kristdemokraterna.se\/ljungby\/#\/schema\/person\/9a9f9eda88b5fb0c4be49261c7adff16","name":"joti","image":{"@type":"ImageObject","inLanguage":"sv-SE","@id":"https:\/\/secure.gravatar.com\/avatar\/489c31b66d609fabc20e87b17d2eca4b037876377a6fabee18a78ecf272a9a03?s=96&r=g","url":"https:\/\/secure.gravatar.com\/avatar\/489c31b66d609fabc20e87b17d2eca4b037876377a6fabee18a78ecf272a9a03?s=96&r=g","contentUrl":"https:\/\/secure.gravatar.com\/avatar\/489c31b66d609fabc20e87b17d2eca4b037876377a6fabee18a78ecf272a9a03?s=96&r=g","caption":"joti"},"url":"https:\/\/wp.kristdemokraterna.se\/ljungby\/author\/joseftingbratt\/"}]}},"_links":{"self":[{"href":"https:\/\/wp.kristdemokraterna.se\/ljungby\/wp-json\/wp\/v2\/posts\/356","targetHints":{"allow":["GET"]}}],"collection":[{"href":"https:\/\/wp.kristdemokraterna.se\/ljungby\/wp-json\/wp\/v2\/posts"}],"about":[{"href":"https:\/\/wp.kristdemokraterna.se\/ljungby\/wp-json\/wp\/v2\/types\/post"}],"author":[{"embeddable":true,"href":"https:\/\/wp.kristdemokraterna.se\/ljungby\/wp-json\/wp\/v2\/users\/438"}],"replies":[{"embeddable":true,"href":"https:\/\/wp.kristdemokraterna.se\/ljungby\/wp-json\/wp\/v2\/comments?post=356"}],"version-history":[{"count":1,"href":"https:\/\/wp.kristdemokraterna.se\/ljungby\/wp-json\/wp\/v2\/posts\/356\/revisions"}],"predecessor-version":[{"id":357,"href":"https:\/\/wp.kristdemokraterna.se\/ljungby\/wp-json\/wp\/v2\/posts\/356\/revisions\/357"}],"wp:attachment":[{"href":"https:\/\/wp.kristdemokraterna.se\/ljungby\/wp-json\/wp\/v2\/media?parent=356"}],"wp:term":[{"taxonomy":"category","embeddable":true,"href":"https:\/\/wp.kristdemokraterna.se\/ljungby\/wp-json\/wp\/v2\/categories?post=356"},{"taxonomy":"post_tag","embeddable":true,"href":"https:\/\/wp.kristdemokraterna.se\/ljungby\/wp-json\/wp\/v2\/tags?post=356"}],"curies":[{"name":"wp","href":"https:\/\/api.w.org\/{rel}","templated":true}]}}