{"id":427,"date":"2014-09-08T13:48:12","date_gmt":"2014-09-08T11:48:12","guid":{"rendered":"http:\/\/wp.kristdemokraterna.se\/ljungby\/?p=427"},"modified":"2014-09-08T13:48:12","modified_gmt":"2014-09-08T11:48:12","slug":"prata-med-goran-hagglund","status":"publish","type":"post","link":"https:\/\/wp.kristdemokraterna.se\/ljungby\/prata-med-goran-hagglund\/","title":{"rendered":"Prata med G\u00f6ran H\u00e4gglund!"},"content":{"rendered":"<p>En del av er har kanske under s\u00f6ndagskv\u00e4llen blivit uppringda av G\u00f6ran H\u00e4gglund, en del har trott att det \u00e4r n\u00e5gon form av lurendrejeri, men det \u00e4r tv\u00e4rtom. G\u00f6ran H\u00e4gglund vill g\u00e4rna f\u00e5 m\u00f6jlighet att prata med just dig om dina fr\u00e5gor, tankar och funderingar kring valet 2014. Om du inte har blivit uppringd finns det m\u00f6jlighet att f\u00e5 vara med \u00e4nd\u00e5 genom att ringa\u00a0020 889 241 och ange kod 11 31 51 kl 18.30 ikv\u00e4ll 8 september.<\/p>\n<p><a href=\"http:\/\/wp.kristdemokraterna.se\/ljungby\/files\/2014\/09\/10612948_10152326333618365_5635120482321122001_n.png\"><img loading=\"lazy\" decoding=\"async\" class=\"alignleft size-full wp-image-428\" src=\"http:\/\/wp.kristdemokraterna.se\/ljungby\/files\/2014\/09\/10612948_10152326333618365_5635120482321122001_n.png\" alt=\"10612948_10152326333618365_5635120482321122001_n\" width=\"843\" height=\"304\" srcset=\"https:\/\/wp.kristdemokraterna.se\/ljungby\/files\/2014\/09\/10612948_10152326333618365_5635120482321122001_n.png 843w, https:\/\/wp.kristdemokraterna.se\/ljungby\/files\/2014\/09\/10612948_10152326333618365_5635120482321122001_n-300x108.png 300w, https:\/\/wp.kristdemokraterna.se\/ljungby\/files\/2014\/09\/10612948_10152326333618365_5635120482321122001_n-540x194.png 540w, https:\/\/wp.kristdemokraterna.se\/ljungby\/files\/2014\/09\/10612948_10152326333618365_5635120482321122001_n-576x207.png 576w, https:\/\/wp.kristdemokraterna.se\/ljungby\/files\/2014\/09\/10612948_10152326333618365_5635120482321122001_n-186x67.png 186w\" sizes=\"auto, (max-width: 843px) 100vw, 843px\" \/><\/a><\/p>\n","protected":false},"excerpt":{"rendered":"<p>En del av er har kanske under s\u00f6ndagskv\u00e4llen blivit uppringda av G\u00f6ran H\u00e4gglund, en del har trott att det \u00e4r n\u00e5gon form av lurendrejeri, men det \u00e4r tv\u00e4rtom. G\u00f6ran H\u00e4gglund vill g\u00e4rna f\u00e5 m\u00f6jlighet att prata med just dig om dina fr\u00e5gor, tankar och funderingar kring valet 2014. Om du inte har blivit uppringd finns <a class=\"read-more-link\" href=\"https:\/\/wp.kristdemokraterna.se\/ljungby\/prata-med-goran-hagglund\/\">Read More<\/a><\/p>\n","protected":false},"author":438,"featured_media":0,"comment_status":"closed","ping_status":"closed","sticky":false,"template":"","format":"standard","meta":{"_acf_changed":false,"footnotes":""},"categories":[5,6],"tags":[],"class_list":["post-427","post","type-post","status-publish","format-standard","hentry","category-information","category-nyheter"],"acf":[],"yoast_head":"<!-- This site is optimized with the Yoast SEO plugin v27.4 - https:\/\/yoast.com\/product\/yoast-seo-wordpress\/ -->\n<title>Prata med G\u00f6ran H\u00e4gglund! - Kristdemokraterna Ljungby<\/title>\n<meta name=\"robots\" content=\"index, follow, max-snippet:-1, max-image-preview:large, max-video-preview:-1\" \/>\n<link rel=\"canonical\" href=\"https:\/\/wp.kristdemokraterna.se\/ljungby\/prata-med-goran-hagglund\/\" \/>\n<meta property=\"og:locale\" content=\"sv_SE\" \/>\n<meta property=\"og:type\" content=\"article\" \/>\n<meta property=\"og:title\" content=\"Prata med G\u00f6ran H\u00e4gglund! - Kristdemokraterna Ljungby\" \/>\n<meta property=\"og:description\" content=\"En del av er har kanske under s\u00f6ndagskv\u00e4llen blivit uppringda av G\u00f6ran H\u00e4gglund, en del har trott att det \u00e4r n\u00e5gon form av lurendrejeri, men det \u00e4r tv\u00e4rtom. G\u00f6ran H\u00e4gglund vill g\u00e4rna f\u00e5 m\u00f6jlighet att prata med just dig om dina fr\u00e5gor, tankar och funderingar kring valet 2014. Om du inte har blivit uppringd finns Read More\" \/>\n<meta property=\"og:url\" content=\"https:\/\/wp.kristdemokraterna.se\/ljungby\/prata-med-goran-hagglund\/\" \/>\n<meta property=\"og:site_name\" content=\"Kristdemokraterna Ljungby\" \/>\n<meta property=\"article:published_time\" content=\"2014-09-08T11:48:12+00:00\" \/>\n<meta property=\"og:image\" content=\"http:\/\/wp.kristdemokraterna.se\/ljungby\/files\/2014\/09\/10612948_10152326333618365_5635120482321122001_n.png\" \/>\n<meta name=\"author\" content=\"joti\" \/>\n<meta name=\"twitter:card\" content=\"summary_large_image\" \/>\n<meta name=\"twitter:label1\" content=\"Skriven av\" \/>\n\t<meta name=\"twitter:data1\" content=\"joti\" \/>\n<script type=\"application\/ld+json\" class=\"yoast-schema-graph\">{\"@context\":\"https:\\\/\\\/schema.org\",\"@graph\":[{\"@type\":\"Article\",\"@id\":\"https:\\\/\\\/wp.kristdemokraterna.se\\\/ljungby\\\/prata-med-goran-hagglund\\\/#article\",\"isPartOf\":{\"@id\":\"https:\\\/\\\/wp.kristdemokraterna.se\\\/ljungby\\\/prata-med-goran-hagglund\\\/\"},\"author\":{\"name\":\"joti\",\"@id\":\"https:\\\/\\\/wp.kristdemokraterna.se\\\/ljungby\\\/#\\\/schema\\\/person\\\/9a9f9eda88b5fb0c4be49261c7adff16\"},\"headline\":\"Prata med G\u00f6ran H\u00e4gglund!\",\"datePublished\":\"2014-09-08T11:48:12+00:00\",\"mainEntityOfPage\":{\"@id\":\"https:\\\/\\\/wp.kristdemokraterna.se\\\/ljungby\\\/prata-med-goran-hagglund\\\/\"},\"wordCount\":89,\"image\":{\"@id\":\"https:\\\/\\\/wp.kristdemokraterna.se\\\/ljungby\\\/prata-med-goran-hagglund\\\/#primaryimage\"},\"thumbnailUrl\":\"http:\\\/\\\/wp.kristdemokraterna.se\\\/ljungby\\\/files\\\/2014\\\/09\\\/10612948_10152326333618365_5635120482321122001_n.png\",\"articleSection\":[\"Information\",\"Nyheter\"],\"inLanguage\":\"sv-SE\"},{\"@type\":\"WebPage\",\"@id\":\"https:\\\/\\\/wp.kristdemokraterna.se\\\/ljungby\\\/prata-med-goran-hagglund\\\/\",\"url\":\"https:\\\/\\\/wp.kristdemokraterna.se\\\/ljungby\\\/prata-med-goran-hagglund\\\/\",\"name\":\"Prata med G\u00f6ran H\u00e4gglund! - Kristdemokraterna Ljungby\",\"isPartOf\":{\"@id\":\"https:\\\/\\\/wp.kristdemokraterna.se\\\/ljungby\\\/#website\"},\"primaryImageOfPage\":{\"@id\":\"https:\\\/\\\/wp.kristdemokraterna.se\\\/ljungby\\\/prata-med-goran-hagglund\\\/#primaryimage\"},\"image\":{\"@id\":\"https:\\\/\\\/wp.kristdemokraterna.se\\\/ljungby\\\/prata-med-goran-hagglund\\\/#primaryimage\"},\"thumbnailUrl\":\"http:\\\/\\\/wp.kristdemokraterna.se\\\/ljungby\\\/files\\\/2014\\\/09\\\/10612948_10152326333618365_5635120482321122001_n.png\",\"datePublished\":\"2014-09-08T11:48:12+00:00\",\"author\":{\"@id\":\"https:\\\/\\\/wp.kristdemokraterna.se\\\/ljungby\\\/#\\\/schema\\\/person\\\/9a9f9eda88b5fb0c4be49261c7adff16\"},\"breadcrumb\":{\"@id\":\"https:\\\/\\\/wp.kristdemokraterna.se\\\/ljungby\\\/prata-med-goran-hagglund\\\/#breadcrumb\"},\"inLanguage\":\"sv-SE\",\"potentialAction\":[{\"@type\":\"ReadAction\",\"target\":[\"https:\\\/\\\/wp.kristdemokraterna.se\\\/ljungby\\\/prata-med-goran-hagglund\\\/\"]}]},{\"@type\":\"ImageObject\",\"inLanguage\":\"sv-SE\",\"@id\":\"https:\\\/\\\/wp.kristdemokraterna.se\\\/ljungby\\\/prata-med-goran-hagglund\\\/#primaryimage\",\"url\":\"https:\\\/\\\/wp.kristdemokraterna.se\\\/ljungby\\\/files\\\/2014\\\/09\\\/10612948_10152326333618365_5635120482321122001_n.png\",\"contentUrl\":\"https:\\\/\\\/wp.kristdemokraterna.se\\\/ljungby\\\/files\\\/2014\\\/09\\\/10612948_10152326333618365_5635120482321122001_n.png\",\"width\":843,\"height\":304},{\"@type\":\"BreadcrumbList\",\"@id\":\"https:\\\/\\\/wp.kristdemokraterna.se\\\/ljungby\\\/prata-med-goran-hagglund\\\/#breadcrumb\",\"itemListElement\":[{\"@type\":\"ListItem\",\"position\":1,\"name\":\"Hem\",\"item\":\"https:\\\/\\\/wp.kristdemokraterna.se\\\/ljungby\\\/\"},{\"@type\":\"ListItem\",\"position\":2,\"name\":\"Prata med G\u00f6ran H\u00e4gglund!\"}]},{\"@type\":\"WebSite\",\"@id\":\"https:\\\/\\\/wp.kristdemokraterna.se\\\/ljungby\\\/#website\",\"url\":\"https:\\\/\\\/wp.kristdemokraterna.se\\\/ljungby\\\/\",\"name\":\"Kristdemokraterna Ljungby\",\"description\":\"\",\"inLanguage\":\"sv-SE\"},{\"@type\":\"Person\",\"@id\":\"https:\\\/\\\/wp.kristdemokraterna.se\\\/ljungby\\\/#\\\/schema\\\/person\\\/9a9f9eda88b5fb0c4be49261c7adff16\",\"name\":\"joti\",\"image\":{\"@type\":\"ImageObject\",\"inLanguage\":\"sv-SE\",\"@id\":\"https:\\\/\\\/secure.gravatar.com\\\/avatar\\\/489c31b66d609fabc20e87b17d2eca4b037876377a6fabee18a78ecf272a9a03?s=96&r=g\",\"url\":\"https:\\\/\\\/secure.gravatar.com\\\/avatar\\\/489c31b66d609fabc20e87b17d2eca4b037876377a6fabee18a78ecf272a9a03?s=96&r=g\",\"contentUrl\":\"https:\\\/\\\/secure.gravatar.com\\\/avatar\\\/489c31b66d609fabc20e87b17d2eca4b037876377a6fabee18a78ecf272a9a03?s=96&r=g\",\"caption\":\"joti\"},\"url\":\"https:\\\/\\\/wp.kristdemokraterna.se\\\/ljungby\\\/author\\\/joseftingbratt\\\/\"}]}<\/script>\n<!-- \/ Yoast SEO plugin. -->","yoast_head_json":{"title":"Prata med G\u00f6ran H\u00e4gglund! - Kristdemokraterna Ljungby","robots":{"index":"index","follow":"follow","max-snippet":"max-snippet:-1","max-image-preview":"max-image-preview:large","max-video-preview":"max-video-preview:-1"},"canonical":"https:\/\/wp.kristdemokraterna.se\/ljungby\/prata-med-goran-hagglund\/","og_locale":"sv_SE","og_type":"article","og_title":"Prata med G\u00f6ran H\u00e4gglund! - Kristdemokraterna Ljungby","og_description":"En del av er har kanske under s\u00f6ndagskv\u00e4llen blivit uppringda av G\u00f6ran H\u00e4gglund, en del har trott att det \u00e4r n\u00e5gon form av lurendrejeri, men det \u00e4r tv\u00e4rtom. G\u00f6ran H\u00e4gglund vill g\u00e4rna f\u00e5 m\u00f6jlighet att prata med just dig om dina fr\u00e5gor, tankar och funderingar kring valet 2014. Om du inte har blivit uppringd finns Read More","og_url":"https:\/\/wp.kristdemokraterna.se\/ljungby\/prata-med-goran-hagglund\/","og_site_name":"Kristdemokraterna Ljungby","article_published_time":"2014-09-08T11:48:12+00:00","og_image":[{"url":"http:\/\/wp.kristdemokraterna.se\/ljungby\/files\/2014\/09\/10612948_10152326333618365_5635120482321122001_n.png","type":"","width":"","height":""}],"author":"joti","twitter_card":"summary_large_image","twitter_misc":{"Skriven av":"joti"},"schema":{"@context":"https:\/\/schema.org","@graph":[{"@type":"Article","@id":"https:\/\/wp.kristdemokraterna.se\/ljungby\/prata-med-goran-hagglund\/#article","isPartOf":{"@id":"https:\/\/wp.kristdemokraterna.se\/ljungby\/prata-med-goran-hagglund\/"},"author":{"name":"joti","@id":"https:\/\/wp.kristdemokraterna.se\/ljungby\/#\/schema\/person\/9a9f9eda88b5fb0c4be49261c7adff16"},"headline":"Prata med G\u00f6ran H\u00e4gglund!","datePublished":"2014-09-08T11:48:12+00:00","mainEntityOfPage":{"@id":"https:\/\/wp.kristdemokraterna.se\/ljungby\/prata-med-goran-hagglund\/"},"wordCount":89,"image":{"@id":"https:\/\/wp.kristdemokraterna.se\/ljungby\/prata-med-goran-hagglund\/#primaryimage"},"thumbnailUrl":"http:\/\/wp.kristdemokraterna.se\/ljungby\/files\/2014\/09\/10612948_10152326333618365_5635120482321122001_n.png","articleSection":["Information","Nyheter"],"inLanguage":"sv-SE"},{"@type":"WebPage","@id":"https:\/\/wp.kristdemokraterna.se\/ljungby\/prata-med-goran-hagglund\/","url":"https:\/\/wp.kristdemokraterna.se\/ljungby\/prata-med-goran-hagglund\/","name":"Prata med G\u00f6ran H\u00e4gglund! - Kristdemokraterna Ljungby","isPartOf":{"@id":"https:\/\/wp.kristdemokraterna.se\/ljungby\/#website"},"primaryImageOfPage":{"@id":"https:\/\/wp.kristdemokraterna.se\/ljungby\/prata-med-goran-hagglund\/#primaryimage"},"image":{"@id":"https:\/\/wp.kristdemokraterna.se\/ljungby\/prata-med-goran-hagglund\/#primaryimage"},"thumbnailUrl":"http:\/\/wp.kristdemokraterna.se\/ljungby\/files\/2014\/09\/10612948_10152326333618365_5635120482321122001_n.png","datePublished":"2014-09-08T11:48:12+00:00","author":{"@id":"https:\/\/wp.kristdemokraterna.se\/ljungby\/#\/schema\/person\/9a9f9eda88b5fb0c4be49261c7adff16"},"breadcrumb":{"@id":"https:\/\/wp.kristdemokraterna.se\/ljungby\/prata-med-goran-hagglund\/#breadcrumb"},"inLanguage":"sv-SE","potentialAction":[{"@type":"ReadAction","target":["https:\/\/wp.kristdemokraterna.se\/ljungby\/prata-med-goran-hagglund\/"]}]},{"@type":"ImageObject","inLanguage":"sv-SE","@id":"https:\/\/wp.kristdemokraterna.se\/ljungby\/prata-med-goran-hagglund\/#primaryimage","url":"https:\/\/wp.kristdemokraterna.se\/ljungby\/files\/2014\/09\/10612948_10152326333618365_5635120482321122001_n.png","contentUrl":"https:\/\/wp.kristdemokraterna.se\/ljungby\/files\/2014\/09\/10612948_10152326333618365_5635120482321122001_n.png","width":843,"height":304},{"@type":"BreadcrumbList","@id":"https:\/\/wp.kristdemokraterna.se\/ljungby\/prata-med-goran-hagglund\/#breadcrumb","itemListElement":[{"@type":"ListItem","position":1,"name":"Hem","item":"https:\/\/wp.kristdemokraterna.se\/ljungby\/"},{"@type":"ListItem","position":2,"name":"Prata med G\u00f6ran H\u00e4gglund!"}]},{"@type":"WebSite","@id":"https:\/\/wp.kristdemokraterna.se\/ljungby\/#website","url":"https:\/\/wp.kristdemokraterna.se\/ljungby\/","name":"Kristdemokraterna Ljungby","description":"","inLanguage":"sv-SE"},{"@type":"Person","@id":"https:\/\/wp.kristdemokraterna.se\/ljungby\/#\/schema\/person\/9a9f9eda88b5fb0c4be49261c7adff16","name":"joti","image":{"@type":"ImageObject","inLanguage":"sv-SE","@id":"https:\/\/secure.gravatar.com\/avatar\/489c31b66d609fabc20e87b17d2eca4b037876377a6fabee18a78ecf272a9a03?s=96&r=g","url":"https:\/\/secure.gravatar.com\/avatar\/489c31b66d609fabc20e87b17d2eca4b037876377a6fabee18a78ecf272a9a03?s=96&r=g","contentUrl":"https:\/\/secure.gravatar.com\/avatar\/489c31b66d609fabc20e87b17d2eca4b037876377a6fabee18a78ecf272a9a03?s=96&r=g","caption":"joti"},"url":"https:\/\/wp.kristdemokraterna.se\/ljungby\/author\/joseftingbratt\/"}]}},"_links":{"self":[{"href":"https:\/\/wp.kristdemokraterna.se\/ljungby\/wp-json\/wp\/v2\/posts\/427","targetHints":{"allow":["GET"]}}],"collection":[{"href":"https:\/\/wp.kristdemokraterna.se\/ljungby\/wp-json\/wp\/v2\/posts"}],"about":[{"href":"https:\/\/wp.kristdemokraterna.se\/ljungby\/wp-json\/wp\/v2\/types\/post"}],"author":[{"embeddable":true,"href":"https:\/\/wp.kristdemokraterna.se\/ljungby\/wp-json\/wp\/v2\/users\/438"}],"replies":[{"embeddable":true,"href":"https:\/\/wp.kristdemokraterna.se\/ljungby\/wp-json\/wp\/v2\/comments?post=427"}],"version-history":[{"count":1,"href":"https:\/\/wp.kristdemokraterna.se\/ljungby\/wp-json\/wp\/v2\/posts\/427\/revisions"}],"predecessor-version":[{"id":429,"href":"https:\/\/wp.kristdemokraterna.se\/ljungby\/wp-json\/wp\/v2\/posts\/427\/revisions\/429"}],"wp:attachment":[{"href":"https:\/\/wp.kristdemokraterna.se\/ljungby\/wp-json\/wp\/v2\/media?parent=427"}],"wp:term":[{"taxonomy":"category","embeddable":true,"href":"https:\/\/wp.kristdemokraterna.se\/ljungby\/wp-json\/wp\/v2\/categories?post=427"},{"taxonomy":"post_tag","embeddable":true,"href":"https:\/\/wp.kristdemokraterna.se\/ljungby\/wp-json\/wp\/v2\/tags?post=427"}],"curies":[{"name":"wp","href":"https:\/\/api.w.org\/{rel}","templated":true}]}}