{"id":438,"date":"2014-09-15T09:09:00","date_gmt":"2014-09-15T07:09:00","guid":{"rendered":"http:\/\/wp.kristdemokraterna.se\/ljungby\/?p=438"},"modified":"2014-09-15T09:09:00","modified_gmt":"2014-09-15T07:09:00","slug":"kristdemokraterna-i-ljungby-behaller-sina-mandat","status":"publish","type":"post","link":"https:\/\/wp.kristdemokraterna.se\/ljungby\/kristdemokraterna-i-ljungby-behaller-sina-mandat\/","title":{"rendered":"Kristdemokraterna i Ljungby beh\u00e5ller sina mandat"},"content":{"rendered":"<p>Efter en valnatt med mycket os\u00e4kerhet p\u00e5 riksniv\u00e5 vem som kommer leda landet de n\u00e4rmaste fyra \u00e5ren kunde vi gl\u00e4djas \u00e5t att vi p\u00e5 kommun och landstingsniv\u00e5 inte ser ut att tappa n\u00e5gra mandat efter att valnattens resultat \u00e4r presenterat. Vi beh\u00e5ller 2 mandat i kommunfullm\u00e4ktige och 3 mandat i Landstingsfullm\u00e4ktige (efter ny\u00e5r regionfullm\u00e4ktige).<\/p>\n<p>Vilka som f\u00e5r mandaten i kommunfullm\u00e4ktige \u00e4r inte klart d\u00e5 personr\u00f6sterna inte \u00e4r r\u00e4knade \u00e4nnu. Normalt \u00e4r de ju de som st\u00e5r som de \u00f6versta namnen som kommer in, men personkryss kan f\u00f6r\u00e4ndra detta.<\/p>\n<p>Vad vi f\u00e5r spela f\u00f6r roll i kommunen \u00e4r \u00e4nnu oklart d\u00e5 man inte g\u00e5tt till val som en allians i kommunen, nu \u00e5terst\u00e5r f\u00f6rhandlingar mellan partierna f\u00f6r att hitta en ledning som kan leda Ljungby de n\u00e4rmaste 4 \u00e5ren.<\/p>\n<p>Vi tackar alla som har r\u00f6stat p\u00e5 oss och hoppas p\u00e5 ert fortsatta st\u00f6d fram\u00f6ver!<\/p>\n<p>Vi vill ocks\u00e5 passa p\u00e5 att uppmana er att bli medlemmar i partiet f\u00f6r att mer kunna p\u00e5verka v\u00e5r politik direkt.<\/p>\n<p>F\u00f6r att bli medlem kan ni bes\u00f6ka <a href=\"https:\/\/www.kristdemokraterna.se\/Engagera-Dig\/blimedlem\/\" target=\"_blank\">denna l\u00e4nk<\/a>\u00a0eller kontakta oss p\u00e5 ljungby@kristdemokraterna.se<\/p>\n","protected":false},"excerpt":{"rendered":"<p>Efter en valnatt med mycket os\u00e4kerhet p\u00e5 riksniv\u00e5 vem som kommer leda landet de n\u00e4rmaste fyra \u00e5ren kunde vi gl\u00e4djas \u00e5t att vi p\u00e5 kommun och landstingsniv\u00e5 inte ser ut att tappa n\u00e5gra mandat efter att valnattens resultat \u00e4r presenterat. Vi beh\u00e5ller 2 mandat i kommunfullm\u00e4ktige och 3 mandat i Landstingsfullm\u00e4ktige (efter ny\u00e5r regionfullm\u00e4ktige). Vilka <a class=\"read-more-link\" href=\"https:\/\/wp.kristdemokraterna.se\/ljungby\/kristdemokraterna-i-ljungby-behaller-sina-mandat\/\">Read More<\/a><\/p>\n","protected":false},"author":438,"featured_media":0,"comment_status":"closed","ping_status":"closed","sticky":false,"template":"","format":"standard","meta":{"_acf_changed":false,"footnotes":""},"categories":[5,6],"tags":[],"class_list":["post-438","post","type-post","status-publish","format-standard","hentry","category-information","category-nyheter"],"acf":[],"yoast_head":"<!-- This site is optimized with the Yoast SEO plugin v27.4 - https:\/\/yoast.com\/product\/yoast-seo-wordpress\/ -->\n<title>Kristdemokraterna i Ljungby beh\u00e5ller sina mandat - Kristdemokraterna Ljungby<\/title>\n<meta name=\"robots\" content=\"index, follow, max-snippet:-1, max-image-preview:large, max-video-preview:-1\" \/>\n<link rel=\"canonical\" href=\"https:\/\/wp.kristdemokraterna.se\/ljungby\/kristdemokraterna-i-ljungby-behaller-sina-mandat\/\" \/>\n<meta property=\"og:locale\" content=\"sv_SE\" \/>\n<meta property=\"og:type\" content=\"article\" \/>\n<meta property=\"og:title\" content=\"Kristdemokraterna i Ljungby beh\u00e5ller sina mandat - Kristdemokraterna Ljungby\" \/>\n<meta property=\"og:description\" content=\"Efter en valnatt med mycket os\u00e4kerhet p\u00e5 riksniv\u00e5 vem som kommer leda landet de n\u00e4rmaste fyra \u00e5ren kunde vi gl\u00e4djas \u00e5t att vi p\u00e5 kommun och landstingsniv\u00e5 inte ser ut att tappa n\u00e5gra mandat efter att valnattens resultat \u00e4r presenterat. Vi beh\u00e5ller 2 mandat i kommunfullm\u00e4ktige och 3 mandat i Landstingsfullm\u00e4ktige (efter ny\u00e5r regionfullm\u00e4ktige). Vilka Read More\" \/>\n<meta property=\"og:url\" content=\"https:\/\/wp.kristdemokraterna.se\/ljungby\/kristdemokraterna-i-ljungby-behaller-sina-mandat\/\" \/>\n<meta property=\"og:site_name\" content=\"Kristdemokraterna Ljungby\" \/>\n<meta property=\"article:published_time\" content=\"2014-09-15T07:09:00+00:00\" \/>\n<meta name=\"author\" content=\"joti\" \/>\n<meta name=\"twitter:card\" content=\"summary_large_image\" \/>\n<meta name=\"twitter:label1\" content=\"Skriven av\" \/>\n\t<meta name=\"twitter:data1\" content=\"joti\" \/>\n\t<meta name=\"twitter:label2\" content=\"Ber\u00e4knad l\u00e4stid\" \/>\n\t<meta name=\"twitter:data2\" content=\"1 minut\" \/>\n<script type=\"application\/ld+json\" class=\"yoast-schema-graph\">{\"@context\":\"https:\\\/\\\/schema.org\",\"@graph\":[{\"@type\":\"Article\",\"@id\":\"https:\\\/\\\/wp.kristdemokraterna.se\\\/ljungby\\\/kristdemokraterna-i-ljungby-behaller-sina-mandat\\\/#article\",\"isPartOf\":{\"@id\":\"https:\\\/\\\/wp.kristdemokraterna.se\\\/ljungby\\\/kristdemokraterna-i-ljungby-behaller-sina-mandat\\\/\"},\"author\":{\"name\":\"joti\",\"@id\":\"https:\\\/\\\/wp.kristdemokraterna.se\\\/ljungby\\\/#\\\/schema\\\/person\\\/9a9f9eda88b5fb0c4be49261c7adff16\"},\"headline\":\"Kristdemokraterna i Ljungby beh\u00e5ller sina mandat\",\"datePublished\":\"2014-09-15T07:09:00+00:00\",\"mainEntityOfPage\":{\"@id\":\"https:\\\/\\\/wp.kristdemokraterna.se\\\/ljungby\\\/kristdemokraterna-i-ljungby-behaller-sina-mandat\\\/\"},\"wordCount\":216,\"articleSection\":[\"Information\",\"Nyheter\"],\"inLanguage\":\"sv-SE\"},{\"@type\":\"WebPage\",\"@id\":\"https:\\\/\\\/wp.kristdemokraterna.se\\\/ljungby\\\/kristdemokraterna-i-ljungby-behaller-sina-mandat\\\/\",\"url\":\"https:\\\/\\\/wp.kristdemokraterna.se\\\/ljungby\\\/kristdemokraterna-i-ljungby-behaller-sina-mandat\\\/\",\"name\":\"Kristdemokraterna i Ljungby beh\u00e5ller sina mandat - Kristdemokraterna Ljungby\",\"isPartOf\":{\"@id\":\"https:\\\/\\\/wp.kristdemokraterna.se\\\/ljungby\\\/#website\"},\"datePublished\":\"2014-09-15T07:09:00+00:00\",\"author\":{\"@id\":\"https:\\\/\\\/wp.kristdemokraterna.se\\\/ljungby\\\/#\\\/schema\\\/person\\\/9a9f9eda88b5fb0c4be49261c7adff16\"},\"breadcrumb\":{\"@id\":\"https:\\\/\\\/wp.kristdemokraterna.se\\\/ljungby\\\/kristdemokraterna-i-ljungby-behaller-sina-mandat\\\/#breadcrumb\"},\"inLanguage\":\"sv-SE\",\"potentialAction\":[{\"@type\":\"ReadAction\",\"target\":[\"https:\\\/\\\/wp.kristdemokraterna.se\\\/ljungby\\\/kristdemokraterna-i-ljungby-behaller-sina-mandat\\\/\"]}]},{\"@type\":\"BreadcrumbList\",\"@id\":\"https:\\\/\\\/wp.kristdemokraterna.se\\\/ljungby\\\/kristdemokraterna-i-ljungby-behaller-sina-mandat\\\/#breadcrumb\",\"itemListElement\":[{\"@type\":\"ListItem\",\"position\":1,\"name\":\"Hem\",\"item\":\"https:\\\/\\\/wp.kristdemokraterna.se\\\/ljungby\\\/\"},{\"@type\":\"ListItem\",\"position\":2,\"name\":\"Kristdemokraterna i Ljungby beh\u00e5ller sina mandat\"}]},{\"@type\":\"WebSite\",\"@id\":\"https:\\\/\\\/wp.kristdemokraterna.se\\\/ljungby\\\/#website\",\"url\":\"https:\\\/\\\/wp.kristdemokraterna.se\\\/ljungby\\\/\",\"name\":\"Kristdemokraterna Ljungby\",\"description\":\"\",\"inLanguage\":\"sv-SE\"},{\"@type\":\"Person\",\"@id\":\"https:\\\/\\\/wp.kristdemokraterna.se\\\/ljungby\\\/#\\\/schema\\\/person\\\/9a9f9eda88b5fb0c4be49261c7adff16\",\"name\":\"joti\",\"image\":{\"@type\":\"ImageObject\",\"inLanguage\":\"sv-SE\",\"@id\":\"https:\\\/\\\/secure.gravatar.com\\\/avatar\\\/489c31b66d609fabc20e87b17d2eca4b037876377a6fabee18a78ecf272a9a03?s=96&r=g\",\"url\":\"https:\\\/\\\/secure.gravatar.com\\\/avatar\\\/489c31b66d609fabc20e87b17d2eca4b037876377a6fabee18a78ecf272a9a03?s=96&r=g\",\"contentUrl\":\"https:\\\/\\\/secure.gravatar.com\\\/avatar\\\/489c31b66d609fabc20e87b17d2eca4b037876377a6fabee18a78ecf272a9a03?s=96&r=g\",\"caption\":\"joti\"},\"url\":\"https:\\\/\\\/wp.kristdemokraterna.se\\\/ljungby\\\/author\\\/joseftingbratt\\\/\"}]}<\/script>\n<!-- \/ Yoast SEO plugin. -->","yoast_head_json":{"title":"Kristdemokraterna i Ljungby beh\u00e5ller sina mandat - Kristdemokraterna Ljungby","robots":{"index":"index","follow":"follow","max-snippet":"max-snippet:-1","max-image-preview":"max-image-preview:large","max-video-preview":"max-video-preview:-1"},"canonical":"https:\/\/wp.kristdemokraterna.se\/ljungby\/kristdemokraterna-i-ljungby-behaller-sina-mandat\/","og_locale":"sv_SE","og_type":"article","og_title":"Kristdemokraterna i Ljungby beh\u00e5ller sina mandat - Kristdemokraterna Ljungby","og_description":"Efter en valnatt med mycket os\u00e4kerhet p\u00e5 riksniv\u00e5 vem som kommer leda landet de n\u00e4rmaste fyra \u00e5ren kunde vi gl\u00e4djas \u00e5t att vi p\u00e5 kommun och landstingsniv\u00e5 inte ser ut att tappa n\u00e5gra mandat efter att valnattens resultat \u00e4r presenterat. Vi beh\u00e5ller 2 mandat i kommunfullm\u00e4ktige och 3 mandat i Landstingsfullm\u00e4ktige (efter ny\u00e5r regionfullm\u00e4ktige). Vilka Read More","og_url":"https:\/\/wp.kristdemokraterna.se\/ljungby\/kristdemokraterna-i-ljungby-behaller-sina-mandat\/","og_site_name":"Kristdemokraterna Ljungby","article_published_time":"2014-09-15T07:09:00+00:00","author":"joti","twitter_card":"summary_large_image","twitter_misc":{"Skriven av":"joti","Ber\u00e4knad l\u00e4stid":"1 minut"},"schema":{"@context":"https:\/\/schema.org","@graph":[{"@type":"Article","@id":"https:\/\/wp.kristdemokraterna.se\/ljungby\/kristdemokraterna-i-ljungby-behaller-sina-mandat\/#article","isPartOf":{"@id":"https:\/\/wp.kristdemokraterna.se\/ljungby\/kristdemokraterna-i-ljungby-behaller-sina-mandat\/"},"author":{"name":"joti","@id":"https:\/\/wp.kristdemokraterna.se\/ljungby\/#\/schema\/person\/9a9f9eda88b5fb0c4be49261c7adff16"},"headline":"Kristdemokraterna i Ljungby beh\u00e5ller sina mandat","datePublished":"2014-09-15T07:09:00+00:00","mainEntityOfPage":{"@id":"https:\/\/wp.kristdemokraterna.se\/ljungby\/kristdemokraterna-i-ljungby-behaller-sina-mandat\/"},"wordCount":216,"articleSection":["Information","Nyheter"],"inLanguage":"sv-SE"},{"@type":"WebPage","@id":"https:\/\/wp.kristdemokraterna.se\/ljungby\/kristdemokraterna-i-ljungby-behaller-sina-mandat\/","url":"https:\/\/wp.kristdemokraterna.se\/ljungby\/kristdemokraterna-i-ljungby-behaller-sina-mandat\/","name":"Kristdemokraterna i Ljungby beh\u00e5ller sina mandat - Kristdemokraterna Ljungby","isPartOf":{"@id":"https:\/\/wp.kristdemokraterna.se\/ljungby\/#website"},"datePublished":"2014-09-15T07:09:00+00:00","author":{"@id":"https:\/\/wp.kristdemokraterna.se\/ljungby\/#\/schema\/person\/9a9f9eda88b5fb0c4be49261c7adff16"},"breadcrumb":{"@id":"https:\/\/wp.kristdemokraterna.se\/ljungby\/kristdemokraterna-i-ljungby-behaller-sina-mandat\/#breadcrumb"},"inLanguage":"sv-SE","potentialAction":[{"@type":"ReadAction","target":["https:\/\/wp.kristdemokraterna.se\/ljungby\/kristdemokraterna-i-ljungby-behaller-sina-mandat\/"]}]},{"@type":"BreadcrumbList","@id":"https:\/\/wp.kristdemokraterna.se\/ljungby\/kristdemokraterna-i-ljungby-behaller-sina-mandat\/#breadcrumb","itemListElement":[{"@type":"ListItem","position":1,"name":"Hem","item":"https:\/\/wp.kristdemokraterna.se\/ljungby\/"},{"@type":"ListItem","position":2,"name":"Kristdemokraterna i Ljungby beh\u00e5ller sina mandat"}]},{"@type":"WebSite","@id":"https:\/\/wp.kristdemokraterna.se\/ljungby\/#website","url":"https:\/\/wp.kristdemokraterna.se\/ljungby\/","name":"Kristdemokraterna Ljungby","description":"","inLanguage":"sv-SE"},{"@type":"Person","@id":"https:\/\/wp.kristdemokraterna.se\/ljungby\/#\/schema\/person\/9a9f9eda88b5fb0c4be49261c7adff16","name":"joti","image":{"@type":"ImageObject","inLanguage":"sv-SE","@id":"https:\/\/secure.gravatar.com\/avatar\/489c31b66d609fabc20e87b17d2eca4b037876377a6fabee18a78ecf272a9a03?s=96&r=g","url":"https:\/\/secure.gravatar.com\/avatar\/489c31b66d609fabc20e87b17d2eca4b037876377a6fabee18a78ecf272a9a03?s=96&r=g","contentUrl":"https:\/\/secure.gravatar.com\/avatar\/489c31b66d609fabc20e87b17d2eca4b037876377a6fabee18a78ecf272a9a03?s=96&r=g","caption":"joti"},"url":"https:\/\/wp.kristdemokraterna.se\/ljungby\/author\/joseftingbratt\/"}]}},"_links":{"self":[{"href":"https:\/\/wp.kristdemokraterna.se\/ljungby\/wp-json\/wp\/v2\/posts\/438","targetHints":{"allow":["GET"]}}],"collection":[{"href":"https:\/\/wp.kristdemokraterna.se\/ljungby\/wp-json\/wp\/v2\/posts"}],"about":[{"href":"https:\/\/wp.kristdemokraterna.se\/ljungby\/wp-json\/wp\/v2\/types\/post"}],"author":[{"embeddable":true,"href":"https:\/\/wp.kristdemokraterna.se\/ljungby\/wp-json\/wp\/v2\/users\/438"}],"replies":[{"embeddable":true,"href":"https:\/\/wp.kristdemokraterna.se\/ljungby\/wp-json\/wp\/v2\/comments?post=438"}],"version-history":[{"count":1,"href":"https:\/\/wp.kristdemokraterna.se\/ljungby\/wp-json\/wp\/v2\/posts\/438\/revisions"}],"predecessor-version":[{"id":439,"href":"https:\/\/wp.kristdemokraterna.se\/ljungby\/wp-json\/wp\/v2\/posts\/438\/revisions\/439"}],"wp:attachment":[{"href":"https:\/\/wp.kristdemokraterna.se\/ljungby\/wp-json\/wp\/v2\/media?parent=438"}],"wp:term":[{"taxonomy":"category","embeddable":true,"href":"https:\/\/wp.kristdemokraterna.se\/ljungby\/wp-json\/wp\/v2\/categories?post=438"},{"taxonomy":"post_tag","embeddable":true,"href":"https:\/\/wp.kristdemokraterna.se\/ljungby\/wp-json\/wp\/v2\/tags?post=438"}],"curies":[{"name":"wp","href":"https:\/\/api.w.org\/{rel}","templated":true}]}}