{"id":448,"date":"2014-12-01T11:50:20","date_gmt":"2014-12-01T10:50:20","guid":{"rendered":"http:\/\/wp.kristdemokraterna.se\/ljungby\/?p=448"},"modified":"2018-03-15T08:39:14","modified_gmt":"2018-03-15T07:39:14","slug":"reservation-mot-kommunfullmaktiges-beslut-att-bevilja-ett-som-byggnadskreditiv-betecknat-lan-till-arenabolaget","status":"publish","type":"post","link":"https:\/\/wp.kristdemokraterna.se\/ljungby\/reservation-mot-kommunfullmaktiges-beslut-att-bevilja-ett-som-byggnadskreditiv-betecknat-lan-till-arenabolaget\/","title":{"rendered":"Reservation"},"content":{"rendered":"<blockquote>\n<h1>Reservation mot kommunfullm\u00e4ktiges beslut att bevilja ett som byggnadskreditiv betecknat l\u00e5n till Arenabolaget<\/h1>\n<p>Kommunfullm\u00e4ktige har den 25 augusti 2014 beslutat l\u00e5na ut 89 Mkr till\u00a0Arenabolaget i Ljungby. Detta beslut \u00e4r \u00f6verklagat och kan i avvaktan p\u00e5\u00a0ett avg\u00f6rande i \u00f6verklagande\u00e4rendet inte verkst\u00e4llas.<\/p>\n<p>Kommunfullm\u00e4ktige\u00a0har nu i ett nytt beslut beslutat att l\u00e5na ut 33 Mkr av de 89 Mkr fr\u00e5n det tidigare beviljade l\u00e5net till Arenabolaget trots att det \u00e4nnu inte \u00e4r avgjort\u00a0om detta l\u00e5n \u00e4r lagenligt. Det \u00e4r enligt min mening inte m\u00f6jligt att l\u00e5na ut\u00a0pengar som man \u00e4nnu inte vet om man f\u00e5r l\u00e5na ut genom att fatta ett nytt\u00a0beslut. Dessutom har man fr\u00e5nfallit kravet p\u00e5 s\u00e4kerhet vilket medf\u00f6r att\u00a0detta beslut \u00e4r \u00e4nnu mer riskfyllt \u00e4n det tidigare beslutet.<\/p>\n<p>Det har ocks\u00e5 klarlagts att l\u00e5net skall g\u00e5 till ett av Arenabolaget tecknat\u00a0entreprenadkontrakt som inte f\u00f6reg\u00e5tts av n\u00e5gon konkurrensuts\u00e4ttning\u00a0\u00e4n mindre upphandlats enligt LOU. N\u00e4r kommunala medel skall anv\u00e4ndas\u00a0f\u00f6r investeringar skall enligt min mening kommunen tillse att investeringen\u00a0upphandlas enligt LOU.<\/p>\n<p>&nbsp;<\/p>\n<p>Christer Henriksson (KD)<\/p><\/blockquote>\n","protected":false},"excerpt":{"rendered":"<p>Reservation mot kommunfullm\u00e4ktiges beslut att bevilja ett som byggnadskreditiv betecknat l\u00e5n till Arenabolaget Kommunfullm\u00e4ktige har den 25 augusti 2014 beslutat l\u00e5na ut 89 Mkr till\u00a0Arenabolaget i Ljungby. Detta beslut \u00e4r \u00f6verklagat och kan i avvaktan p\u00e5\u00a0ett avg\u00f6rande i \u00f6verklagande\u00e4rendet inte verkst\u00e4llas. Kommunfullm\u00e4ktige\u00a0har nu i ett nytt beslut beslutat att l\u00e5na ut 33 Mkr av de <a class=\"read-more-link\" href=\"https:\/\/wp.kristdemokraterna.se\/ljungby\/reservation-mot-kommunfullmaktiges-beslut-att-bevilja-ett-som-byggnadskreditiv-betecknat-lan-till-arenabolaget\/\">Read More<\/a><\/p>\n","protected":false},"author":434,"featured_media":0,"comment_status":"closed","ping_status":"closed","sticky":false,"template":"","format":"standard","meta":{"_acf_changed":false,"footnotes":""},"categories":[9],"tags":[],"class_list":["post-448","post","type-post","status-publish","format-standard","hentry","category-rostforklaringar"],"acf":[],"yoast_head":"<!-- This site is optimized with the Yoast SEO plugin v27.4 - https:\/\/yoast.com\/product\/yoast-seo-wordpress\/ -->\n<title>Reservation - Kristdemokraterna Ljungby<\/title>\n<meta name=\"robots\" content=\"index, follow, max-snippet:-1, max-image-preview:large, max-video-preview:-1\" \/>\n<link rel=\"canonical\" href=\"https:\/\/wp.kristdemokraterna.se\/ljungby\/reservation-mot-kommunfullmaktiges-beslut-att-bevilja-ett-som-byggnadskreditiv-betecknat-lan-till-arenabolaget\/\" \/>\n<meta property=\"og:locale\" content=\"sv_SE\" \/>\n<meta property=\"og:type\" content=\"article\" \/>\n<meta property=\"og:title\" content=\"Reservation - Kristdemokraterna Ljungby\" \/>\n<meta property=\"og:description\" content=\"Reservation mot kommunfullm\u00e4ktiges beslut att bevilja ett som byggnadskreditiv betecknat l\u00e5n till Arenabolaget Kommunfullm\u00e4ktige har den 25 augusti 2014 beslutat l\u00e5na ut 89 Mkr till\u00a0Arenabolaget i Ljungby. Detta beslut \u00e4r \u00f6verklagat och kan i avvaktan p\u00e5\u00a0ett avg\u00f6rande i \u00f6verklagande\u00e4rendet inte verkst\u00e4llas. Kommunfullm\u00e4ktige\u00a0har nu i ett nytt beslut beslutat att l\u00e5na ut 33 Mkr av de Read More\" \/>\n<meta property=\"og:url\" content=\"https:\/\/wp.kristdemokraterna.se\/ljungby\/reservation-mot-kommunfullmaktiges-beslut-att-bevilja-ett-som-byggnadskreditiv-betecknat-lan-till-arenabolaget\/\" \/>\n<meta property=\"og:site_name\" content=\"Kristdemokraterna Ljungby\" \/>\n<meta property=\"article:published_time\" content=\"2014-12-01T10:50:20+00:00\" \/>\n<meta property=\"article:modified_time\" content=\"2018-03-15T07:39:14+00:00\" \/>\n<meta name=\"author\" content=\"ljungby\" \/>\n<meta name=\"twitter:card\" content=\"summary_large_image\" \/>\n<meta name=\"twitter:label1\" content=\"Skriven av\" \/>\n\t<meta name=\"twitter:data1\" content=\"ljungby\" \/>\n\t<meta name=\"twitter:label2\" content=\"Ber\u00e4knad l\u00e4stid\" \/>\n\t<meta name=\"twitter:data2\" content=\"1 minut\" \/>\n<script type=\"application\/ld+json\" class=\"yoast-schema-graph\">{\"@context\":\"https:\\\/\\\/schema.org\",\"@graph\":[{\"@type\":\"Article\",\"@id\":\"https:\\\/\\\/wp.kristdemokraterna.se\\\/ljungby\\\/reservation-mot-kommunfullmaktiges-beslut-att-bevilja-ett-som-byggnadskreditiv-betecknat-lan-till-arenabolaget\\\/#article\",\"isPartOf\":{\"@id\":\"https:\\\/\\\/wp.kristdemokraterna.se\\\/ljungby\\\/reservation-mot-kommunfullmaktiges-beslut-att-bevilja-ett-som-byggnadskreditiv-betecknat-lan-till-arenabolaget\\\/\"},\"author\":{\"name\":\"ljungby\",\"@id\":\"https:\\\/\\\/wp.kristdemokraterna.se\\\/ljungby\\\/#\\\/schema\\\/person\\\/ada662c5d4d309d880402ec01bfa9fc3\"},\"headline\":\"Reservation\",\"datePublished\":\"2014-12-01T10:50:20+00:00\",\"dateModified\":\"2018-03-15T07:39:14+00:00\",\"mainEntityOfPage\":{\"@id\":\"https:\\\/\\\/wp.kristdemokraterna.se\\\/ljungby\\\/reservation-mot-kommunfullmaktiges-beslut-att-bevilja-ett-som-byggnadskreditiv-betecknat-lan-till-arenabolaget\\\/\"},\"wordCount\":196,\"articleSection\":[\"R\u00f6stf\u00f6rklaringar\"],\"inLanguage\":\"sv-SE\"},{\"@type\":\"WebPage\",\"@id\":\"https:\\\/\\\/wp.kristdemokraterna.se\\\/ljungby\\\/reservation-mot-kommunfullmaktiges-beslut-att-bevilja-ett-som-byggnadskreditiv-betecknat-lan-till-arenabolaget\\\/\",\"url\":\"https:\\\/\\\/wp.kristdemokraterna.se\\\/ljungby\\\/reservation-mot-kommunfullmaktiges-beslut-att-bevilja-ett-som-byggnadskreditiv-betecknat-lan-till-arenabolaget\\\/\",\"name\":\"Reservation - Kristdemokraterna Ljungby\",\"isPartOf\":{\"@id\":\"https:\\\/\\\/wp.kristdemokraterna.se\\\/ljungby\\\/#website\"},\"datePublished\":\"2014-12-01T10:50:20+00:00\",\"dateModified\":\"2018-03-15T07:39:14+00:00\",\"author\":{\"@id\":\"https:\\\/\\\/wp.kristdemokraterna.se\\\/ljungby\\\/#\\\/schema\\\/person\\\/ada662c5d4d309d880402ec01bfa9fc3\"},\"breadcrumb\":{\"@id\":\"https:\\\/\\\/wp.kristdemokraterna.se\\\/ljungby\\\/reservation-mot-kommunfullmaktiges-beslut-att-bevilja-ett-som-byggnadskreditiv-betecknat-lan-till-arenabolaget\\\/#breadcrumb\"},\"inLanguage\":\"sv-SE\",\"potentialAction\":[{\"@type\":\"ReadAction\",\"target\":[\"https:\\\/\\\/wp.kristdemokraterna.se\\\/ljungby\\\/reservation-mot-kommunfullmaktiges-beslut-att-bevilja-ett-som-byggnadskreditiv-betecknat-lan-till-arenabolaget\\\/\"]}]},{\"@type\":\"BreadcrumbList\",\"@id\":\"https:\\\/\\\/wp.kristdemokraterna.se\\\/ljungby\\\/reservation-mot-kommunfullmaktiges-beslut-att-bevilja-ett-som-byggnadskreditiv-betecknat-lan-till-arenabolaget\\\/#breadcrumb\",\"itemListElement\":[{\"@type\":\"ListItem\",\"position\":1,\"name\":\"Hem\",\"item\":\"https:\\\/\\\/wp.kristdemokraterna.se\\\/ljungby\\\/\"},{\"@type\":\"ListItem\",\"position\":2,\"name\":\"Reservation\"}]},{\"@type\":\"WebSite\",\"@id\":\"https:\\\/\\\/wp.kristdemokraterna.se\\\/ljungby\\\/#website\",\"url\":\"https:\\\/\\\/wp.kristdemokraterna.se\\\/ljungby\\\/\",\"name\":\"Kristdemokraterna Ljungby\",\"description\":\"\",\"inLanguage\":\"sv-SE\"},{\"@type\":\"Person\",\"@id\":\"https:\\\/\\\/wp.kristdemokraterna.se\\\/ljungby\\\/#\\\/schema\\\/person\\\/ada662c5d4d309d880402ec01bfa9fc3\",\"name\":\"ljungby\",\"image\":{\"@type\":\"ImageObject\",\"inLanguage\":\"sv-SE\",\"@id\":\"https:\\\/\\\/secure.gravatar.com\\\/avatar\\\/c094a9577724be90ddee7ea9cac26c1171055fef8cdee8b46ee0cfed89509ab1?s=96&r=g\",\"url\":\"https:\\\/\\\/secure.gravatar.com\\\/avatar\\\/c094a9577724be90ddee7ea9cac26c1171055fef8cdee8b46ee0cfed89509ab1?s=96&r=g\",\"contentUrl\":\"https:\\\/\\\/secure.gravatar.com\\\/avatar\\\/c094a9577724be90ddee7ea9cac26c1171055fef8cdee8b46ee0cfed89509ab1?s=96&r=g\",\"caption\":\"ljungby\"},\"url\":\"https:\\\/\\\/wp.kristdemokraterna.se\\\/ljungby\\\/author\\\/ljungby\\\/\"}]}<\/script>\n<!-- \/ Yoast SEO plugin. -->","yoast_head_json":{"title":"Reservation - Kristdemokraterna Ljungby","robots":{"index":"index","follow":"follow","max-snippet":"max-snippet:-1","max-image-preview":"max-image-preview:large","max-video-preview":"max-video-preview:-1"},"canonical":"https:\/\/wp.kristdemokraterna.se\/ljungby\/reservation-mot-kommunfullmaktiges-beslut-att-bevilja-ett-som-byggnadskreditiv-betecknat-lan-till-arenabolaget\/","og_locale":"sv_SE","og_type":"article","og_title":"Reservation - Kristdemokraterna Ljungby","og_description":"Reservation mot kommunfullm\u00e4ktiges beslut att bevilja ett som byggnadskreditiv betecknat l\u00e5n till Arenabolaget Kommunfullm\u00e4ktige har den 25 augusti 2014 beslutat l\u00e5na ut 89 Mkr till\u00a0Arenabolaget i Ljungby. Detta beslut \u00e4r \u00f6verklagat och kan i avvaktan p\u00e5\u00a0ett avg\u00f6rande i \u00f6verklagande\u00e4rendet inte verkst\u00e4llas. Kommunfullm\u00e4ktige\u00a0har nu i ett nytt beslut beslutat att l\u00e5na ut 33 Mkr av de Read More","og_url":"https:\/\/wp.kristdemokraterna.se\/ljungby\/reservation-mot-kommunfullmaktiges-beslut-att-bevilja-ett-som-byggnadskreditiv-betecknat-lan-till-arenabolaget\/","og_site_name":"Kristdemokraterna Ljungby","article_published_time":"2014-12-01T10:50:20+00:00","article_modified_time":"2018-03-15T07:39:14+00:00","author":"ljungby","twitter_card":"summary_large_image","twitter_misc":{"Skriven av":"ljungby","Ber\u00e4knad l\u00e4stid":"1 minut"},"schema":{"@context":"https:\/\/schema.org","@graph":[{"@type":"Article","@id":"https:\/\/wp.kristdemokraterna.se\/ljungby\/reservation-mot-kommunfullmaktiges-beslut-att-bevilja-ett-som-byggnadskreditiv-betecknat-lan-till-arenabolaget\/#article","isPartOf":{"@id":"https:\/\/wp.kristdemokraterna.se\/ljungby\/reservation-mot-kommunfullmaktiges-beslut-att-bevilja-ett-som-byggnadskreditiv-betecknat-lan-till-arenabolaget\/"},"author":{"name":"ljungby","@id":"https:\/\/wp.kristdemokraterna.se\/ljungby\/#\/schema\/person\/ada662c5d4d309d880402ec01bfa9fc3"},"headline":"Reservation","datePublished":"2014-12-01T10:50:20+00:00","dateModified":"2018-03-15T07:39:14+00:00","mainEntityOfPage":{"@id":"https:\/\/wp.kristdemokraterna.se\/ljungby\/reservation-mot-kommunfullmaktiges-beslut-att-bevilja-ett-som-byggnadskreditiv-betecknat-lan-till-arenabolaget\/"},"wordCount":196,"articleSection":["R\u00f6stf\u00f6rklaringar"],"inLanguage":"sv-SE"},{"@type":"WebPage","@id":"https:\/\/wp.kristdemokraterna.se\/ljungby\/reservation-mot-kommunfullmaktiges-beslut-att-bevilja-ett-som-byggnadskreditiv-betecknat-lan-till-arenabolaget\/","url":"https:\/\/wp.kristdemokraterna.se\/ljungby\/reservation-mot-kommunfullmaktiges-beslut-att-bevilja-ett-som-byggnadskreditiv-betecknat-lan-till-arenabolaget\/","name":"Reservation - Kristdemokraterna Ljungby","isPartOf":{"@id":"https:\/\/wp.kristdemokraterna.se\/ljungby\/#website"},"datePublished":"2014-12-01T10:50:20+00:00","dateModified":"2018-03-15T07:39:14+00:00","author":{"@id":"https:\/\/wp.kristdemokraterna.se\/ljungby\/#\/schema\/person\/ada662c5d4d309d880402ec01bfa9fc3"},"breadcrumb":{"@id":"https:\/\/wp.kristdemokraterna.se\/ljungby\/reservation-mot-kommunfullmaktiges-beslut-att-bevilja-ett-som-byggnadskreditiv-betecknat-lan-till-arenabolaget\/#breadcrumb"},"inLanguage":"sv-SE","potentialAction":[{"@type":"ReadAction","target":["https:\/\/wp.kristdemokraterna.se\/ljungby\/reservation-mot-kommunfullmaktiges-beslut-att-bevilja-ett-som-byggnadskreditiv-betecknat-lan-till-arenabolaget\/"]}]},{"@type":"BreadcrumbList","@id":"https:\/\/wp.kristdemokraterna.se\/ljungby\/reservation-mot-kommunfullmaktiges-beslut-att-bevilja-ett-som-byggnadskreditiv-betecknat-lan-till-arenabolaget\/#breadcrumb","itemListElement":[{"@type":"ListItem","position":1,"name":"Hem","item":"https:\/\/wp.kristdemokraterna.se\/ljungby\/"},{"@type":"ListItem","position":2,"name":"Reservation"}]},{"@type":"WebSite","@id":"https:\/\/wp.kristdemokraterna.se\/ljungby\/#website","url":"https:\/\/wp.kristdemokraterna.se\/ljungby\/","name":"Kristdemokraterna Ljungby","description":"","inLanguage":"sv-SE"},{"@type":"Person","@id":"https:\/\/wp.kristdemokraterna.se\/ljungby\/#\/schema\/person\/ada662c5d4d309d880402ec01bfa9fc3","name":"ljungby","image":{"@type":"ImageObject","inLanguage":"sv-SE","@id":"https:\/\/secure.gravatar.com\/avatar\/c094a9577724be90ddee7ea9cac26c1171055fef8cdee8b46ee0cfed89509ab1?s=96&r=g","url":"https:\/\/secure.gravatar.com\/avatar\/c094a9577724be90ddee7ea9cac26c1171055fef8cdee8b46ee0cfed89509ab1?s=96&r=g","contentUrl":"https:\/\/secure.gravatar.com\/avatar\/c094a9577724be90ddee7ea9cac26c1171055fef8cdee8b46ee0cfed89509ab1?s=96&r=g","caption":"ljungby"},"url":"https:\/\/wp.kristdemokraterna.se\/ljungby\/author\/ljungby\/"}]}},"_links":{"self":[{"href":"https:\/\/wp.kristdemokraterna.se\/ljungby\/wp-json\/wp\/v2\/posts\/448","targetHints":{"allow":["GET"]}}],"collection":[{"href":"https:\/\/wp.kristdemokraterna.se\/ljungby\/wp-json\/wp\/v2\/posts"}],"about":[{"href":"https:\/\/wp.kristdemokraterna.se\/ljungby\/wp-json\/wp\/v2\/types\/post"}],"author":[{"embeddable":true,"href":"https:\/\/wp.kristdemokraterna.se\/ljungby\/wp-json\/wp\/v2\/users\/434"}],"replies":[{"embeddable":true,"href":"https:\/\/wp.kristdemokraterna.se\/ljungby\/wp-json\/wp\/v2\/comments?post=448"}],"version-history":[{"count":4,"href":"https:\/\/wp.kristdemokraterna.se\/ljungby\/wp-json\/wp\/v2\/posts\/448\/revisions"}],"predecessor-version":[{"id":749,"href":"https:\/\/wp.kristdemokraterna.se\/ljungby\/wp-json\/wp\/v2\/posts\/448\/revisions\/749"}],"wp:attachment":[{"href":"https:\/\/wp.kristdemokraterna.se\/ljungby\/wp-json\/wp\/v2\/media?parent=448"}],"wp:term":[{"taxonomy":"category","embeddable":true,"href":"https:\/\/wp.kristdemokraterna.se\/ljungby\/wp-json\/wp\/v2\/categories?post=448"},{"taxonomy":"post_tag","embeddable":true,"href":"https:\/\/wp.kristdemokraterna.se\/ljungby\/wp-json\/wp\/v2\/tags?post=448"}],"curies":[{"name":"wp","href":"https:\/\/api.w.org\/{rel}","templated":true}]}}