{"id":474,"date":"2015-03-10T21:11:36","date_gmt":"2015-03-10T20:11:36","guid":{"rendered":"http:\/\/wp.kristdemokraterna.se\/ljungby\/?p=474"},"modified":"2015-03-10T22:34:59","modified_gmt":"2015-03-10T21:34:59","slug":"kd-kronoberg-nominerar-ebba-busch-thor","status":"publish","type":"post","link":"https:\/\/wp.kristdemokraterna.se\/ljungby\/kd-kronoberg-nominerar-ebba-busch-thor\/","title":{"rendered":"KD Kronoberg nominerar Ebba Busch-Thor"},"content":{"rendered":"<p>KD Kronoberg nominerar Ebba Busch Thor till partiledare efter en bindande medlemsomr\u00f6stning. 56% r\u00f6stade f\u00f6r Ebba Busch-Thor av medlemmarna.<\/p>\n<p>KD Kronoberg nominerar Jakob Forssmed till vice ordf\u00f6rande.<\/p>\n<p>25\/4 h\u00e5lls extra riksting i Stockholm f\u00f6r att v\u00e4lja ny partiledare.<\/p>\n<p><a href=\"http:\/\/wp.kristdemokraterna.se\/ljungby\/files\/2015\/03\/ebba_busch_thor_\u00a9t_busch-christensen_busch-christensen-liten.jpg\"><img loading=\"lazy\" decoding=\"async\" class=\"alignleft size-medium wp-image-475\" src=\"http:\/\/wp.kristdemokraterna.se\/ljungby\/files\/2015\/03\/ebba_busch_thor_\u00a9t_busch-christensen_busch-christensen-liten-300x200.jpg\" alt=\"Ebba_Busch_Thor_\u00a9T_Busch-Christensen_Busch-Christensen liten\" width=\"300\" height=\"200\" srcset=\"https:\/\/wp.kristdemokraterna.se\/ljungby\/files\/2015\/03\/ebba_busch_thor_\u00a9t_busch-christensen_busch-christensen-liten-300x200.jpg 300w, https:\/\/wp.kristdemokraterna.se\/ljungby\/files\/2015\/03\/ebba_busch_thor_\u00a9t_busch-christensen_busch-christensen-liten-540x360.jpg 540w, https:\/\/wp.kristdemokraterna.se\/ljungby\/files\/2015\/03\/ebba_busch_thor_\u00a9t_busch-christensen_busch-christensen-liten-519x346.jpg 519w, https:\/\/wp.kristdemokraterna.se\/ljungby\/files\/2015\/03\/ebba_busch_thor_\u00a9t_busch-christensen_busch-christensen-liten-168x112.jpg 168w, https:\/\/wp.kristdemokraterna.se\/ljungby\/files\/2015\/03\/ebba_busch_thor_\u00a9t_busch-christensen_busch-christensen-liten.jpg 640w\" sizes=\"auto, (max-width: 300px) 100vw, 300px\" \/><\/a><\/p>\n","protected":false},"excerpt":{"rendered":"<p>KD Kronoberg nominerar Ebba Busch Thor till partiledare efter en bindande medlemsomr\u00f6stning. 56% r\u00f6stade f\u00f6r Ebba Busch-Thor av medlemmarna. KD Kronoberg nominerar Jakob Forssmed till vice ordf\u00f6rande. 25\/4 h\u00e5lls extra riksting i Stockholm f\u00f6r att v\u00e4lja ny partiledare.<\/p>\n","protected":false},"author":434,"featured_media":475,"comment_status":"closed","ping_status":"closed","sticky":false,"template":"","format":"standard","meta":{"_acf_changed":false,"footnotes":""},"categories":[6],"tags":[],"class_list":["post-474","post","type-post","status-publish","format-standard","hentry","category-nyheter"],"acf":[],"yoast_head":"<!-- This site is optimized with the Yoast SEO plugin v27.4 - https:\/\/yoast.com\/product\/yoast-seo-wordpress\/ -->\n<title>KD Kronoberg nominerar Ebba Busch-Thor - Kristdemokraterna Ljungby<\/title>\n<meta name=\"robots\" content=\"index, follow, max-snippet:-1, max-image-preview:large, max-video-preview:-1\" \/>\n<link rel=\"canonical\" href=\"https:\/\/wp.kristdemokraterna.se\/ljungby\/kd-kronoberg-nominerar-ebba-busch-thor\/\" \/>\n<meta property=\"og:locale\" content=\"sv_SE\" \/>\n<meta property=\"og:type\" content=\"article\" \/>\n<meta property=\"og:title\" content=\"KD Kronoberg nominerar Ebba Busch-Thor - Kristdemokraterna Ljungby\" \/>\n<meta property=\"og:description\" content=\"KD Kronoberg nominerar Ebba Busch Thor till partiledare efter en bindande medlemsomr\u00f6stning. 56% r\u00f6stade f\u00f6r Ebba Busch-Thor av medlemmarna. KD Kronoberg nominerar Jakob Forssmed till vice ordf\u00f6rande. 25\/4 h\u00e5lls extra riksting i Stockholm f\u00f6r att v\u00e4lja ny partiledare.\" \/>\n<meta property=\"og:url\" content=\"https:\/\/wp.kristdemokraterna.se\/ljungby\/kd-kronoberg-nominerar-ebba-busch-thor\/\" \/>\n<meta property=\"og:site_name\" content=\"Kristdemokraterna Ljungby\" \/>\n<meta property=\"article:published_time\" content=\"2015-03-10T20:11:36+00:00\" \/>\n<meta property=\"article:modified_time\" content=\"2015-03-10T21:34:59+00:00\" \/>\n<meta property=\"og:image\" content=\"https:\/\/wp.kristdemokraterna.se\/ljungby\/files\/2015\/03\/ebba_busch_thor_\u00a9t_busch-christensen_busch-christensen-liten.jpg\" \/>\n\t<meta property=\"og:image:width\" content=\"640\" \/>\n\t<meta property=\"og:image:height\" content=\"427\" \/>\n\t<meta property=\"og:image:type\" content=\"image\/jpeg\" \/>\n<meta name=\"author\" content=\"ljungby\" \/>\n<meta name=\"twitter:card\" content=\"summary_large_image\" \/>\n<meta name=\"twitter:label1\" content=\"Skriven av\" \/>\n\t<meta name=\"twitter:data1\" content=\"ljungby\" \/>\n<script type=\"application\/ld+json\" class=\"yoast-schema-graph\">{\"@context\":\"https:\\\/\\\/schema.org\",\"@graph\":[{\"@type\":\"Article\",\"@id\":\"https:\\\/\\\/wp.kristdemokraterna.se\\\/ljungby\\\/kd-kronoberg-nominerar-ebba-busch-thor\\\/#article\",\"isPartOf\":{\"@id\":\"https:\\\/\\\/wp.kristdemokraterna.se\\\/ljungby\\\/kd-kronoberg-nominerar-ebba-busch-thor\\\/\"},\"author\":{\"name\":\"ljungby\",\"@id\":\"https:\\\/\\\/wp.kristdemokraterna.se\\\/ljungby\\\/#\\\/schema\\\/person\\\/ada662c5d4d309d880402ec01bfa9fc3\"},\"headline\":\"KD Kronoberg nominerar Ebba Busch-Thor\",\"datePublished\":\"2015-03-10T20:11:36+00:00\",\"dateModified\":\"2015-03-10T21:34:59+00:00\",\"mainEntityOfPage\":{\"@id\":\"https:\\\/\\\/wp.kristdemokraterna.se\\\/ljungby\\\/kd-kronoberg-nominerar-ebba-busch-thor\\\/\"},\"wordCount\":48,\"image\":{\"@id\":\"https:\\\/\\\/wp.kristdemokraterna.se\\\/ljungby\\\/kd-kronoberg-nominerar-ebba-busch-thor\\\/#primaryimage\"},\"thumbnailUrl\":\"https:\\\/\\\/wp.kristdemokraterna.se\\\/ljungby\\\/files\\\/2015\\\/03\\\/ebba_busch_thor_\u00a9t_busch-christensen_busch-christensen-liten.jpg\",\"articleSection\":[\"Nyheter\"],\"inLanguage\":\"sv-SE\"},{\"@type\":\"WebPage\",\"@id\":\"https:\\\/\\\/wp.kristdemokraterna.se\\\/ljungby\\\/kd-kronoberg-nominerar-ebba-busch-thor\\\/\",\"url\":\"https:\\\/\\\/wp.kristdemokraterna.se\\\/ljungby\\\/kd-kronoberg-nominerar-ebba-busch-thor\\\/\",\"name\":\"KD Kronoberg nominerar Ebba Busch-Thor - Kristdemokraterna Ljungby\",\"isPartOf\":{\"@id\":\"https:\\\/\\\/wp.kristdemokraterna.se\\\/ljungby\\\/#website\"},\"primaryImageOfPage\":{\"@id\":\"https:\\\/\\\/wp.kristdemokraterna.se\\\/ljungby\\\/kd-kronoberg-nominerar-ebba-busch-thor\\\/#primaryimage\"},\"image\":{\"@id\":\"https:\\\/\\\/wp.kristdemokraterna.se\\\/ljungby\\\/kd-kronoberg-nominerar-ebba-busch-thor\\\/#primaryimage\"},\"thumbnailUrl\":\"https:\\\/\\\/wp.kristdemokraterna.se\\\/ljungby\\\/files\\\/2015\\\/03\\\/ebba_busch_thor_\u00a9t_busch-christensen_busch-christensen-liten.jpg\",\"datePublished\":\"2015-03-10T20:11:36+00:00\",\"dateModified\":\"2015-03-10T21:34:59+00:00\",\"author\":{\"@id\":\"https:\\\/\\\/wp.kristdemokraterna.se\\\/ljungby\\\/#\\\/schema\\\/person\\\/ada662c5d4d309d880402ec01bfa9fc3\"},\"breadcrumb\":{\"@id\":\"https:\\\/\\\/wp.kristdemokraterna.se\\\/ljungby\\\/kd-kronoberg-nominerar-ebba-busch-thor\\\/#breadcrumb\"},\"inLanguage\":\"sv-SE\",\"potentialAction\":[{\"@type\":\"ReadAction\",\"target\":[\"https:\\\/\\\/wp.kristdemokraterna.se\\\/ljungby\\\/kd-kronoberg-nominerar-ebba-busch-thor\\\/\"]}]},{\"@type\":\"ImageObject\",\"inLanguage\":\"sv-SE\",\"@id\":\"https:\\\/\\\/wp.kristdemokraterna.se\\\/ljungby\\\/kd-kronoberg-nominerar-ebba-busch-thor\\\/#primaryimage\",\"url\":\"https:\\\/\\\/wp.kristdemokraterna.se\\\/ljungby\\\/files\\\/2015\\\/03\\\/ebba_busch_thor_\u00a9t_busch-christensen_busch-christensen-liten.jpg\",\"contentUrl\":\"https:\\\/\\\/wp.kristdemokraterna.se\\\/ljungby\\\/files\\\/2015\\\/03\\\/ebba_busch_thor_\u00a9t_busch-christensen_busch-christensen-liten.jpg\",\"width\":640,\"height\":427},{\"@type\":\"BreadcrumbList\",\"@id\":\"https:\\\/\\\/wp.kristdemokraterna.se\\\/ljungby\\\/kd-kronoberg-nominerar-ebba-busch-thor\\\/#breadcrumb\",\"itemListElement\":[{\"@type\":\"ListItem\",\"position\":1,\"name\":\"Hem\",\"item\":\"https:\\\/\\\/wp.kristdemokraterna.se\\\/ljungby\\\/\"},{\"@type\":\"ListItem\",\"position\":2,\"name\":\"KD Kronoberg nominerar Ebba Busch-Thor\"}]},{\"@type\":\"WebSite\",\"@id\":\"https:\\\/\\\/wp.kristdemokraterna.se\\\/ljungby\\\/#website\",\"url\":\"https:\\\/\\\/wp.kristdemokraterna.se\\\/ljungby\\\/\",\"name\":\"Kristdemokraterna Ljungby\",\"description\":\"\",\"inLanguage\":\"sv-SE\"},{\"@type\":\"Person\",\"@id\":\"https:\\\/\\\/wp.kristdemokraterna.se\\\/ljungby\\\/#\\\/schema\\\/person\\\/ada662c5d4d309d880402ec01bfa9fc3\",\"name\":\"ljungby\",\"image\":{\"@type\":\"ImageObject\",\"inLanguage\":\"sv-SE\",\"@id\":\"https:\\\/\\\/secure.gravatar.com\\\/avatar\\\/c094a9577724be90ddee7ea9cac26c1171055fef8cdee8b46ee0cfed89509ab1?s=96&r=g\",\"url\":\"https:\\\/\\\/secure.gravatar.com\\\/avatar\\\/c094a9577724be90ddee7ea9cac26c1171055fef8cdee8b46ee0cfed89509ab1?s=96&r=g\",\"contentUrl\":\"https:\\\/\\\/secure.gravatar.com\\\/avatar\\\/c094a9577724be90ddee7ea9cac26c1171055fef8cdee8b46ee0cfed89509ab1?s=96&r=g\",\"caption\":\"ljungby\"},\"url\":\"https:\\\/\\\/wp.kristdemokraterna.se\\\/ljungby\\\/author\\\/ljungby\\\/\"}]}<\/script>\n<!-- \/ Yoast SEO plugin. -->","yoast_head_json":{"title":"KD Kronoberg nominerar Ebba Busch-Thor - Kristdemokraterna Ljungby","robots":{"index":"index","follow":"follow","max-snippet":"max-snippet:-1","max-image-preview":"max-image-preview:large","max-video-preview":"max-video-preview:-1"},"canonical":"https:\/\/wp.kristdemokraterna.se\/ljungby\/kd-kronoberg-nominerar-ebba-busch-thor\/","og_locale":"sv_SE","og_type":"article","og_title":"KD Kronoberg nominerar Ebba Busch-Thor - Kristdemokraterna Ljungby","og_description":"KD Kronoberg nominerar Ebba Busch Thor till partiledare efter en bindande medlemsomr\u00f6stning. 56% r\u00f6stade f\u00f6r Ebba Busch-Thor av medlemmarna. KD Kronoberg nominerar Jakob Forssmed till vice ordf\u00f6rande. 25\/4 h\u00e5lls extra riksting i Stockholm f\u00f6r att v\u00e4lja ny partiledare.","og_url":"https:\/\/wp.kristdemokraterna.se\/ljungby\/kd-kronoberg-nominerar-ebba-busch-thor\/","og_site_name":"Kristdemokraterna Ljungby","article_published_time":"2015-03-10T20:11:36+00:00","article_modified_time":"2015-03-10T21:34:59+00:00","og_image":[{"width":640,"height":427,"url":"https:\/\/wp.kristdemokraterna.se\/ljungby\/files\/2015\/03\/ebba_busch_thor_\u00a9t_busch-christensen_busch-christensen-liten.jpg","type":"image\/jpeg"}],"author":"ljungby","twitter_card":"summary_large_image","twitter_misc":{"Skriven av":"ljungby"},"schema":{"@context":"https:\/\/schema.org","@graph":[{"@type":"Article","@id":"https:\/\/wp.kristdemokraterna.se\/ljungby\/kd-kronoberg-nominerar-ebba-busch-thor\/#article","isPartOf":{"@id":"https:\/\/wp.kristdemokraterna.se\/ljungby\/kd-kronoberg-nominerar-ebba-busch-thor\/"},"author":{"name":"ljungby","@id":"https:\/\/wp.kristdemokraterna.se\/ljungby\/#\/schema\/person\/ada662c5d4d309d880402ec01bfa9fc3"},"headline":"KD Kronoberg nominerar Ebba Busch-Thor","datePublished":"2015-03-10T20:11:36+00:00","dateModified":"2015-03-10T21:34:59+00:00","mainEntityOfPage":{"@id":"https:\/\/wp.kristdemokraterna.se\/ljungby\/kd-kronoberg-nominerar-ebba-busch-thor\/"},"wordCount":48,"image":{"@id":"https:\/\/wp.kristdemokraterna.se\/ljungby\/kd-kronoberg-nominerar-ebba-busch-thor\/#primaryimage"},"thumbnailUrl":"https:\/\/wp.kristdemokraterna.se\/ljungby\/files\/2015\/03\/ebba_busch_thor_\u00a9t_busch-christensen_busch-christensen-liten.jpg","articleSection":["Nyheter"],"inLanguage":"sv-SE"},{"@type":"WebPage","@id":"https:\/\/wp.kristdemokraterna.se\/ljungby\/kd-kronoberg-nominerar-ebba-busch-thor\/","url":"https:\/\/wp.kristdemokraterna.se\/ljungby\/kd-kronoberg-nominerar-ebba-busch-thor\/","name":"KD Kronoberg nominerar Ebba Busch-Thor - Kristdemokraterna Ljungby","isPartOf":{"@id":"https:\/\/wp.kristdemokraterna.se\/ljungby\/#website"},"primaryImageOfPage":{"@id":"https:\/\/wp.kristdemokraterna.se\/ljungby\/kd-kronoberg-nominerar-ebba-busch-thor\/#primaryimage"},"image":{"@id":"https:\/\/wp.kristdemokraterna.se\/ljungby\/kd-kronoberg-nominerar-ebba-busch-thor\/#primaryimage"},"thumbnailUrl":"https:\/\/wp.kristdemokraterna.se\/ljungby\/files\/2015\/03\/ebba_busch_thor_\u00a9t_busch-christensen_busch-christensen-liten.jpg","datePublished":"2015-03-10T20:11:36+00:00","dateModified":"2015-03-10T21:34:59+00:00","author":{"@id":"https:\/\/wp.kristdemokraterna.se\/ljungby\/#\/schema\/person\/ada662c5d4d309d880402ec01bfa9fc3"},"breadcrumb":{"@id":"https:\/\/wp.kristdemokraterna.se\/ljungby\/kd-kronoberg-nominerar-ebba-busch-thor\/#breadcrumb"},"inLanguage":"sv-SE","potentialAction":[{"@type":"ReadAction","target":["https:\/\/wp.kristdemokraterna.se\/ljungby\/kd-kronoberg-nominerar-ebba-busch-thor\/"]}]},{"@type":"ImageObject","inLanguage":"sv-SE","@id":"https:\/\/wp.kristdemokraterna.se\/ljungby\/kd-kronoberg-nominerar-ebba-busch-thor\/#primaryimage","url":"https:\/\/wp.kristdemokraterna.se\/ljungby\/files\/2015\/03\/ebba_busch_thor_\u00a9t_busch-christensen_busch-christensen-liten.jpg","contentUrl":"https:\/\/wp.kristdemokraterna.se\/ljungby\/files\/2015\/03\/ebba_busch_thor_\u00a9t_busch-christensen_busch-christensen-liten.jpg","width":640,"height":427},{"@type":"BreadcrumbList","@id":"https:\/\/wp.kristdemokraterna.se\/ljungby\/kd-kronoberg-nominerar-ebba-busch-thor\/#breadcrumb","itemListElement":[{"@type":"ListItem","position":1,"name":"Hem","item":"https:\/\/wp.kristdemokraterna.se\/ljungby\/"},{"@type":"ListItem","position":2,"name":"KD Kronoberg nominerar Ebba Busch-Thor"}]},{"@type":"WebSite","@id":"https:\/\/wp.kristdemokraterna.se\/ljungby\/#website","url":"https:\/\/wp.kristdemokraterna.se\/ljungby\/","name":"Kristdemokraterna Ljungby","description":"","inLanguage":"sv-SE"},{"@type":"Person","@id":"https:\/\/wp.kristdemokraterna.se\/ljungby\/#\/schema\/person\/ada662c5d4d309d880402ec01bfa9fc3","name":"ljungby","image":{"@type":"ImageObject","inLanguage":"sv-SE","@id":"https:\/\/secure.gravatar.com\/avatar\/c094a9577724be90ddee7ea9cac26c1171055fef8cdee8b46ee0cfed89509ab1?s=96&r=g","url":"https:\/\/secure.gravatar.com\/avatar\/c094a9577724be90ddee7ea9cac26c1171055fef8cdee8b46ee0cfed89509ab1?s=96&r=g","contentUrl":"https:\/\/secure.gravatar.com\/avatar\/c094a9577724be90ddee7ea9cac26c1171055fef8cdee8b46ee0cfed89509ab1?s=96&r=g","caption":"ljungby"},"url":"https:\/\/wp.kristdemokraterna.se\/ljungby\/author\/ljungby\/"}]}},"_links":{"self":[{"href":"https:\/\/wp.kristdemokraterna.se\/ljungby\/wp-json\/wp\/v2\/posts\/474","targetHints":{"allow":["GET"]}}],"collection":[{"href":"https:\/\/wp.kristdemokraterna.se\/ljungby\/wp-json\/wp\/v2\/posts"}],"about":[{"href":"https:\/\/wp.kristdemokraterna.se\/ljungby\/wp-json\/wp\/v2\/types\/post"}],"author":[{"embeddable":true,"href":"https:\/\/wp.kristdemokraterna.se\/ljungby\/wp-json\/wp\/v2\/users\/434"}],"replies":[{"embeddable":true,"href":"https:\/\/wp.kristdemokraterna.se\/ljungby\/wp-json\/wp\/v2\/comments?post=474"}],"version-history":[{"count":2,"href":"https:\/\/wp.kristdemokraterna.se\/ljungby\/wp-json\/wp\/v2\/posts\/474\/revisions"}],"predecessor-version":[{"id":478,"href":"https:\/\/wp.kristdemokraterna.se\/ljungby\/wp-json\/wp\/v2\/posts\/474\/revisions\/478"}],"wp:featuredmedia":[{"embeddable":true,"href":"https:\/\/wp.kristdemokraterna.se\/ljungby\/wp-json\/wp\/v2\/media\/475"}],"wp:attachment":[{"href":"https:\/\/wp.kristdemokraterna.se\/ljungby\/wp-json\/wp\/v2\/media?parent=474"}],"wp:term":[{"taxonomy":"category","embeddable":true,"href":"https:\/\/wp.kristdemokraterna.se\/ljungby\/wp-json\/wp\/v2\/categories?post=474"},{"taxonomy":"post_tag","embeddable":true,"href":"https:\/\/wp.kristdemokraterna.se\/ljungby\/wp-json\/wp\/v2\/tags?post=474"}],"curies":[{"name":"wp","href":"https:\/\/api.w.org\/{rel}","templated":true}]}}