{"id":510,"date":"2016-11-16T08:18:57","date_gmt":"2016-11-16T07:18:57","guid":{"rendered":"http:\/\/wp.kristdemokraterna.se\/ljungby\/?p=510"},"modified":"2018-03-20T16:49:51","modified_gmt":"2018-03-20T15:49:51","slug":"de-nya-lss-reglerna-tvingar-mats-att-lagga-sig-kl-18-00","status":"publish","type":"post","link":"https:\/\/wp.kristdemokraterna.se\/ljungby\/de-nya-lss-reglerna-tvingar-mats-att-lagga-sig-kl-18-00\/","title":{"rendered":"De nya LSS-reglerna tvingar Mats att l\u00e4gga sig kl 18.00"},"content":{"rendered":"<p>I dagens Sm\u00e5l\u00e4nningen kan man l\u00e4sa ett reportage om Mats \u00c5berg som \u00e4r f\u00f6dd med en CP-skada. Mats har ett mycket aktivt liv med mycket engagemang i olika saker. V\u00e5r distriktsordf\u00f6rande Eva Johnsson bes\u00f6kte Mats i hans hem f\u00f6r att h\u00f6ra hans ber\u00e4ttelse. Lokaltidningen Sm\u00e5l\u00e4nningen var med och har skrivit ett starkt <a href=\"http:\/\/www.smalanningen.se\/article\/han-tvingas-lagga-sig-18-00\/\">reportage som ni kan l\u00e4sa h\u00e4r.<\/a><\/p>\n<p>Vi ser att de nya h\u00e5rdare LSS-reglerna fr\u00e5n S-regeringen sl\u00e5r h\u00e5rt mot de svagaste i samh\u00e4llet, n\u00e5got vi inte kan acceptera. Christer Henriksson sammanfattar det bra i en <a href=\"http:\/\/wp.kristdemokraterna.se\/ljungby\/skams-socialdemokrater-insandare-i-smalanningen-2016-11-07\/\">ins\u00e4ndare i Sm\u00e5l\u00e4nningen i f\u00f6rra veckan<\/a>.<\/p>\n<p>Vi hoppas att regeringen tar sitt f\u00f6rnuft till f\u00e5nga och drar tillbaka dessa sk\u00e4rpta riktlinjer f\u00f6r ett m\u00e4nskligare Sverige.<\/p>\n","protected":false},"excerpt":{"rendered":"<p>I dagens Sm\u00e5l\u00e4nningen kan man l\u00e4sa ett reportage om Mats \u00c5berg som \u00e4r f\u00f6dd med en CP-skada. Mats har ett mycket aktivt liv med mycket engagemang i olika saker. V\u00e5r distriktsordf\u00f6rande Eva Johnsson bes\u00f6kte Mats i hans hem f\u00f6r att h\u00f6ra hans ber\u00e4ttelse. Lokaltidningen Sm\u00e5l\u00e4nningen var med och har skrivit ett starkt reportage som ni <a class=\"read-more-link\" href=\"https:\/\/wp.kristdemokraterna.se\/ljungby\/de-nya-lss-reglerna-tvingar-mats-att-lagga-sig-kl-18-00\/\">Read More<\/a><\/p>\n","protected":false},"author":434,"featured_media":511,"comment_status":"closed","ping_status":"closed","sticky":false,"template":"","format":"standard","meta":{"_acf_changed":false,"footnotes":""},"categories":[4,6],"tags":[],"class_list":["post-510","post","type-post","status-publish","format-standard","hentry","category-debattinlagg","category-nyheter"],"acf":[],"yoast_head":"<!-- This site is optimized with the Yoast SEO plugin v27.4 - https:\/\/yoast.com\/product\/yoast-seo-wordpress\/ -->\n<title>De nya LSS-reglerna tvingar Mats att l\u00e4gga sig kl 18.00 - Kristdemokraterna Ljungby<\/title>\n<meta name=\"robots\" content=\"index, follow, max-snippet:-1, max-image-preview:large, max-video-preview:-1\" \/>\n<link rel=\"canonical\" href=\"https:\/\/wp.kristdemokraterna.se\/ljungby\/de-nya-lss-reglerna-tvingar-mats-att-lagga-sig-kl-18-00\/\" \/>\n<meta property=\"og:locale\" content=\"sv_SE\" \/>\n<meta property=\"og:type\" content=\"article\" \/>\n<meta property=\"og:title\" content=\"De nya LSS-reglerna tvingar Mats att l\u00e4gga sig kl 18.00 - Kristdemokraterna Ljungby\" \/>\n<meta property=\"og:description\" content=\"I dagens Sm\u00e5l\u00e4nningen kan man l\u00e4sa ett reportage om Mats \u00c5berg som \u00e4r f\u00f6dd med en CP-skada. Mats har ett mycket aktivt liv med mycket engagemang i olika saker. V\u00e5r distriktsordf\u00f6rande Eva Johnsson bes\u00f6kte Mats i hans hem f\u00f6r att h\u00f6ra hans ber\u00e4ttelse. Lokaltidningen Sm\u00e5l\u00e4nningen var med och har skrivit ett starkt reportage som ni Read More\" \/>\n<meta property=\"og:url\" content=\"https:\/\/wp.kristdemokraterna.se\/ljungby\/de-nya-lss-reglerna-tvingar-mats-att-lagga-sig-kl-18-00\/\" \/>\n<meta property=\"og:site_name\" content=\"Kristdemokraterna Ljungby\" \/>\n<meta property=\"article:published_time\" content=\"2016-11-16T07:18:57+00:00\" \/>\n<meta property=\"article:modified_time\" content=\"2018-03-20T15:49:51+00:00\" \/>\n<meta property=\"og:image\" content=\"https:\/\/wp.kristdemokraterna.se\/ljungby\/files\/2016\/11\/skarmavbild-2016-11-16-kl.-08.17.00.png\" \/>\n\t<meta property=\"og:image:width\" content=\"309\" \/>\n\t<meta property=\"og:image:height\" content=\"292\" \/>\n\t<meta property=\"og:image:type\" content=\"image\/png\" \/>\n<meta name=\"author\" content=\"ljungby\" \/>\n<meta name=\"twitter:card\" content=\"summary_large_image\" \/>\n<meta name=\"twitter:label1\" content=\"Skriven av\" \/>\n\t<meta name=\"twitter:data1\" content=\"ljungby\" \/>\n\t<meta name=\"twitter:label2\" content=\"Ber\u00e4knad l\u00e4stid\" \/>\n\t<meta name=\"twitter:data2\" content=\"1 minut\" \/>\n<script type=\"application\/ld+json\" class=\"yoast-schema-graph\">{\"@context\":\"https:\\\/\\\/schema.org\",\"@graph\":[{\"@type\":\"Article\",\"@id\":\"https:\\\/\\\/wp.kristdemokraterna.se\\\/ljungby\\\/de-nya-lss-reglerna-tvingar-mats-att-lagga-sig-kl-18-00\\\/#article\",\"isPartOf\":{\"@id\":\"https:\\\/\\\/wp.kristdemokraterna.se\\\/ljungby\\\/de-nya-lss-reglerna-tvingar-mats-att-lagga-sig-kl-18-00\\\/\"},\"author\":{\"name\":\"ljungby\",\"@id\":\"https:\\\/\\\/wp.kristdemokraterna.se\\\/ljungby\\\/#\\\/schema\\\/person\\\/ada662c5d4d309d880402ec01bfa9fc3\"},\"headline\":\"De nya LSS-reglerna tvingar Mats att l\u00e4gga sig kl 18.00\",\"datePublished\":\"2016-11-16T07:18:57+00:00\",\"dateModified\":\"2018-03-20T15:49:51+00:00\",\"mainEntityOfPage\":{\"@id\":\"https:\\\/\\\/wp.kristdemokraterna.se\\\/ljungby\\\/de-nya-lss-reglerna-tvingar-mats-att-lagga-sig-kl-18-00\\\/\"},\"wordCount\":150,\"image\":{\"@id\":\"https:\\\/\\\/wp.kristdemokraterna.se\\\/ljungby\\\/de-nya-lss-reglerna-tvingar-mats-att-lagga-sig-kl-18-00\\\/#primaryimage\"},\"thumbnailUrl\":\"https:\\\/\\\/wp.kristdemokraterna.se\\\/ljungby\\\/files\\\/2016\\\/11\\\/skarmavbild-2016-11-16-kl.-08.17.00.png\",\"articleSection\":[\"Debattinl\u00e4gg\",\"Nyheter\"],\"inLanguage\":\"sv-SE\"},{\"@type\":\"WebPage\",\"@id\":\"https:\\\/\\\/wp.kristdemokraterna.se\\\/ljungby\\\/de-nya-lss-reglerna-tvingar-mats-att-lagga-sig-kl-18-00\\\/\",\"url\":\"https:\\\/\\\/wp.kristdemokraterna.se\\\/ljungby\\\/de-nya-lss-reglerna-tvingar-mats-att-lagga-sig-kl-18-00\\\/\",\"name\":\"De nya LSS-reglerna tvingar Mats att l\u00e4gga sig kl 18.00 - Kristdemokraterna Ljungby\",\"isPartOf\":{\"@id\":\"https:\\\/\\\/wp.kristdemokraterna.se\\\/ljungby\\\/#website\"},\"primaryImageOfPage\":{\"@id\":\"https:\\\/\\\/wp.kristdemokraterna.se\\\/ljungby\\\/de-nya-lss-reglerna-tvingar-mats-att-lagga-sig-kl-18-00\\\/#primaryimage\"},\"image\":{\"@id\":\"https:\\\/\\\/wp.kristdemokraterna.se\\\/ljungby\\\/de-nya-lss-reglerna-tvingar-mats-att-lagga-sig-kl-18-00\\\/#primaryimage\"},\"thumbnailUrl\":\"https:\\\/\\\/wp.kristdemokraterna.se\\\/ljungby\\\/files\\\/2016\\\/11\\\/skarmavbild-2016-11-16-kl.-08.17.00.png\",\"datePublished\":\"2016-11-16T07:18:57+00:00\",\"dateModified\":\"2018-03-20T15:49:51+00:00\",\"author\":{\"@id\":\"https:\\\/\\\/wp.kristdemokraterna.se\\\/ljungby\\\/#\\\/schema\\\/person\\\/ada662c5d4d309d880402ec01bfa9fc3\"},\"breadcrumb\":{\"@id\":\"https:\\\/\\\/wp.kristdemokraterna.se\\\/ljungby\\\/de-nya-lss-reglerna-tvingar-mats-att-lagga-sig-kl-18-00\\\/#breadcrumb\"},\"inLanguage\":\"sv-SE\",\"potentialAction\":[{\"@type\":\"ReadAction\",\"target\":[\"https:\\\/\\\/wp.kristdemokraterna.se\\\/ljungby\\\/de-nya-lss-reglerna-tvingar-mats-att-lagga-sig-kl-18-00\\\/\"]}]},{\"@type\":\"ImageObject\",\"inLanguage\":\"sv-SE\",\"@id\":\"https:\\\/\\\/wp.kristdemokraterna.se\\\/ljungby\\\/de-nya-lss-reglerna-tvingar-mats-att-lagga-sig-kl-18-00\\\/#primaryimage\",\"url\":\"https:\\\/\\\/wp.kristdemokraterna.se\\\/ljungby\\\/files\\\/2016\\\/11\\\/skarmavbild-2016-11-16-kl.-08.17.00.png\",\"contentUrl\":\"https:\\\/\\\/wp.kristdemokraterna.se\\\/ljungby\\\/files\\\/2016\\\/11\\\/skarmavbild-2016-11-16-kl.-08.17.00.png\",\"width\":309,\"height\":292},{\"@type\":\"BreadcrumbList\",\"@id\":\"https:\\\/\\\/wp.kristdemokraterna.se\\\/ljungby\\\/de-nya-lss-reglerna-tvingar-mats-att-lagga-sig-kl-18-00\\\/#breadcrumb\",\"itemListElement\":[{\"@type\":\"ListItem\",\"position\":1,\"name\":\"Hem\",\"item\":\"https:\\\/\\\/wp.kristdemokraterna.se\\\/ljungby\\\/\"},{\"@type\":\"ListItem\",\"position\":2,\"name\":\"De nya LSS-reglerna tvingar Mats att l\u00e4gga sig kl 18.00\"}]},{\"@type\":\"WebSite\",\"@id\":\"https:\\\/\\\/wp.kristdemokraterna.se\\\/ljungby\\\/#website\",\"url\":\"https:\\\/\\\/wp.kristdemokraterna.se\\\/ljungby\\\/\",\"name\":\"Kristdemokraterna Ljungby\",\"description\":\"\",\"inLanguage\":\"sv-SE\"},{\"@type\":\"Person\",\"@id\":\"https:\\\/\\\/wp.kristdemokraterna.se\\\/ljungby\\\/#\\\/schema\\\/person\\\/ada662c5d4d309d880402ec01bfa9fc3\",\"name\":\"ljungby\",\"image\":{\"@type\":\"ImageObject\",\"inLanguage\":\"sv-SE\",\"@id\":\"https:\\\/\\\/secure.gravatar.com\\\/avatar\\\/c094a9577724be90ddee7ea9cac26c1171055fef8cdee8b46ee0cfed89509ab1?s=96&r=g\",\"url\":\"https:\\\/\\\/secure.gravatar.com\\\/avatar\\\/c094a9577724be90ddee7ea9cac26c1171055fef8cdee8b46ee0cfed89509ab1?s=96&r=g\",\"contentUrl\":\"https:\\\/\\\/secure.gravatar.com\\\/avatar\\\/c094a9577724be90ddee7ea9cac26c1171055fef8cdee8b46ee0cfed89509ab1?s=96&r=g\",\"caption\":\"ljungby\"},\"url\":\"https:\\\/\\\/wp.kristdemokraterna.se\\\/ljungby\\\/author\\\/ljungby\\\/\"}]}<\/script>\n<!-- \/ Yoast SEO plugin. -->","yoast_head_json":{"title":"De nya LSS-reglerna tvingar Mats att l\u00e4gga sig kl 18.00 - Kristdemokraterna Ljungby","robots":{"index":"index","follow":"follow","max-snippet":"max-snippet:-1","max-image-preview":"max-image-preview:large","max-video-preview":"max-video-preview:-1"},"canonical":"https:\/\/wp.kristdemokraterna.se\/ljungby\/de-nya-lss-reglerna-tvingar-mats-att-lagga-sig-kl-18-00\/","og_locale":"sv_SE","og_type":"article","og_title":"De nya LSS-reglerna tvingar Mats att l\u00e4gga sig kl 18.00 - Kristdemokraterna Ljungby","og_description":"I dagens Sm\u00e5l\u00e4nningen kan man l\u00e4sa ett reportage om Mats \u00c5berg som \u00e4r f\u00f6dd med en CP-skada. Mats har ett mycket aktivt liv med mycket engagemang i olika saker. V\u00e5r distriktsordf\u00f6rande Eva Johnsson bes\u00f6kte Mats i hans hem f\u00f6r att h\u00f6ra hans ber\u00e4ttelse. Lokaltidningen Sm\u00e5l\u00e4nningen var med och har skrivit ett starkt reportage som ni Read More","og_url":"https:\/\/wp.kristdemokraterna.se\/ljungby\/de-nya-lss-reglerna-tvingar-mats-att-lagga-sig-kl-18-00\/","og_site_name":"Kristdemokraterna Ljungby","article_published_time":"2016-11-16T07:18:57+00:00","article_modified_time":"2018-03-20T15:49:51+00:00","og_image":[{"width":309,"height":292,"url":"https:\/\/wp.kristdemokraterna.se\/ljungby\/files\/2016\/11\/skarmavbild-2016-11-16-kl.-08.17.00.png","type":"image\/png"}],"author":"ljungby","twitter_card":"summary_large_image","twitter_misc":{"Skriven av":"ljungby","Ber\u00e4knad l\u00e4stid":"1 minut"},"schema":{"@context":"https:\/\/schema.org","@graph":[{"@type":"Article","@id":"https:\/\/wp.kristdemokraterna.se\/ljungby\/de-nya-lss-reglerna-tvingar-mats-att-lagga-sig-kl-18-00\/#article","isPartOf":{"@id":"https:\/\/wp.kristdemokraterna.se\/ljungby\/de-nya-lss-reglerna-tvingar-mats-att-lagga-sig-kl-18-00\/"},"author":{"name":"ljungby","@id":"https:\/\/wp.kristdemokraterna.se\/ljungby\/#\/schema\/person\/ada662c5d4d309d880402ec01bfa9fc3"},"headline":"De nya LSS-reglerna tvingar Mats att l\u00e4gga sig kl 18.00","datePublished":"2016-11-16T07:18:57+00:00","dateModified":"2018-03-20T15:49:51+00:00","mainEntityOfPage":{"@id":"https:\/\/wp.kristdemokraterna.se\/ljungby\/de-nya-lss-reglerna-tvingar-mats-att-lagga-sig-kl-18-00\/"},"wordCount":150,"image":{"@id":"https:\/\/wp.kristdemokraterna.se\/ljungby\/de-nya-lss-reglerna-tvingar-mats-att-lagga-sig-kl-18-00\/#primaryimage"},"thumbnailUrl":"https:\/\/wp.kristdemokraterna.se\/ljungby\/files\/2016\/11\/skarmavbild-2016-11-16-kl.-08.17.00.png","articleSection":["Debattinl\u00e4gg","Nyheter"],"inLanguage":"sv-SE"},{"@type":"WebPage","@id":"https:\/\/wp.kristdemokraterna.se\/ljungby\/de-nya-lss-reglerna-tvingar-mats-att-lagga-sig-kl-18-00\/","url":"https:\/\/wp.kristdemokraterna.se\/ljungby\/de-nya-lss-reglerna-tvingar-mats-att-lagga-sig-kl-18-00\/","name":"De nya LSS-reglerna tvingar Mats att l\u00e4gga sig kl 18.00 - Kristdemokraterna Ljungby","isPartOf":{"@id":"https:\/\/wp.kristdemokraterna.se\/ljungby\/#website"},"primaryImageOfPage":{"@id":"https:\/\/wp.kristdemokraterna.se\/ljungby\/de-nya-lss-reglerna-tvingar-mats-att-lagga-sig-kl-18-00\/#primaryimage"},"image":{"@id":"https:\/\/wp.kristdemokraterna.se\/ljungby\/de-nya-lss-reglerna-tvingar-mats-att-lagga-sig-kl-18-00\/#primaryimage"},"thumbnailUrl":"https:\/\/wp.kristdemokraterna.se\/ljungby\/files\/2016\/11\/skarmavbild-2016-11-16-kl.-08.17.00.png","datePublished":"2016-11-16T07:18:57+00:00","dateModified":"2018-03-20T15:49:51+00:00","author":{"@id":"https:\/\/wp.kristdemokraterna.se\/ljungby\/#\/schema\/person\/ada662c5d4d309d880402ec01bfa9fc3"},"breadcrumb":{"@id":"https:\/\/wp.kristdemokraterna.se\/ljungby\/de-nya-lss-reglerna-tvingar-mats-att-lagga-sig-kl-18-00\/#breadcrumb"},"inLanguage":"sv-SE","potentialAction":[{"@type":"ReadAction","target":["https:\/\/wp.kristdemokraterna.se\/ljungby\/de-nya-lss-reglerna-tvingar-mats-att-lagga-sig-kl-18-00\/"]}]},{"@type":"ImageObject","inLanguage":"sv-SE","@id":"https:\/\/wp.kristdemokraterna.se\/ljungby\/de-nya-lss-reglerna-tvingar-mats-att-lagga-sig-kl-18-00\/#primaryimage","url":"https:\/\/wp.kristdemokraterna.se\/ljungby\/files\/2016\/11\/skarmavbild-2016-11-16-kl.-08.17.00.png","contentUrl":"https:\/\/wp.kristdemokraterna.se\/ljungby\/files\/2016\/11\/skarmavbild-2016-11-16-kl.-08.17.00.png","width":309,"height":292},{"@type":"BreadcrumbList","@id":"https:\/\/wp.kristdemokraterna.se\/ljungby\/de-nya-lss-reglerna-tvingar-mats-att-lagga-sig-kl-18-00\/#breadcrumb","itemListElement":[{"@type":"ListItem","position":1,"name":"Hem","item":"https:\/\/wp.kristdemokraterna.se\/ljungby\/"},{"@type":"ListItem","position":2,"name":"De nya LSS-reglerna tvingar Mats att l\u00e4gga sig kl 18.00"}]},{"@type":"WebSite","@id":"https:\/\/wp.kristdemokraterna.se\/ljungby\/#website","url":"https:\/\/wp.kristdemokraterna.se\/ljungby\/","name":"Kristdemokraterna Ljungby","description":"","inLanguage":"sv-SE"},{"@type":"Person","@id":"https:\/\/wp.kristdemokraterna.se\/ljungby\/#\/schema\/person\/ada662c5d4d309d880402ec01bfa9fc3","name":"ljungby","image":{"@type":"ImageObject","inLanguage":"sv-SE","@id":"https:\/\/secure.gravatar.com\/avatar\/c094a9577724be90ddee7ea9cac26c1171055fef8cdee8b46ee0cfed89509ab1?s=96&r=g","url":"https:\/\/secure.gravatar.com\/avatar\/c094a9577724be90ddee7ea9cac26c1171055fef8cdee8b46ee0cfed89509ab1?s=96&r=g","contentUrl":"https:\/\/secure.gravatar.com\/avatar\/c094a9577724be90ddee7ea9cac26c1171055fef8cdee8b46ee0cfed89509ab1?s=96&r=g","caption":"ljungby"},"url":"https:\/\/wp.kristdemokraterna.se\/ljungby\/author\/ljungby\/"}]}},"_links":{"self":[{"href":"https:\/\/wp.kristdemokraterna.se\/ljungby\/wp-json\/wp\/v2\/posts\/510","targetHints":{"allow":["GET"]}}],"collection":[{"href":"https:\/\/wp.kristdemokraterna.se\/ljungby\/wp-json\/wp\/v2\/posts"}],"about":[{"href":"https:\/\/wp.kristdemokraterna.se\/ljungby\/wp-json\/wp\/v2\/types\/post"}],"author":[{"embeddable":true,"href":"https:\/\/wp.kristdemokraterna.se\/ljungby\/wp-json\/wp\/v2\/users\/434"}],"replies":[{"embeddable":true,"href":"https:\/\/wp.kristdemokraterna.se\/ljungby\/wp-json\/wp\/v2\/comments?post=510"}],"version-history":[{"count":1,"href":"https:\/\/wp.kristdemokraterna.se\/ljungby\/wp-json\/wp\/v2\/posts\/510\/revisions"}],"predecessor-version":[{"id":512,"href":"https:\/\/wp.kristdemokraterna.se\/ljungby\/wp-json\/wp\/v2\/posts\/510\/revisions\/512"}],"wp:featuredmedia":[{"embeddable":true,"href":"https:\/\/wp.kristdemokraterna.se\/ljungby\/wp-json\/wp\/v2\/media\/511"}],"wp:attachment":[{"href":"https:\/\/wp.kristdemokraterna.se\/ljungby\/wp-json\/wp\/v2\/media?parent=510"}],"wp:term":[{"taxonomy":"category","embeddable":true,"href":"https:\/\/wp.kristdemokraterna.se\/ljungby\/wp-json\/wp\/v2\/categories?post=510"},{"taxonomy":"post_tag","embeddable":true,"href":"https:\/\/wp.kristdemokraterna.se\/ljungby\/wp-json\/wp\/v2\/tags?post=510"}],"curies":[{"name":"wp","href":"https:\/\/api.w.org\/{rel}","templated":true}]}}