{"id":593,"date":"2017-11-05T13:54:19","date_gmt":"2017-11-05T12:54:19","guid":{"rendered":"http:\/\/wp.kristdemokraterna.se\/ljungby\/?p=593"},"modified":"2018-03-20T16:49:50","modified_gmt":"2018-03-20T15:49:50","slug":"dags-att-nominera-till-kommunlistorna-for-valet-2018","status":"publish","type":"post","link":"https:\/\/wp.kristdemokraterna.se\/ljungby\/dags-att-nominera-till-kommunlistorna-for-valet-2018\/","title":{"rendered":"Dags att nominera till kommunlistorna f\u00f6r valet 2018!"},"content":{"rendered":"<div class=\"page\" title=\"Page 1\">\n<div class=\"section\">\n<div class=\"layoutArea\">\n<div class=\"column\">\n<p>VI BEH\u00d6VER DIG!<\/p>\n<p>Valet 2018 n\u00e4rmar sig, vill du vara med?<\/p>\n<p>Nu b\u00f6rjar det n\u00e4rma sig valet 2018, 9:e september \u00e4r det dags. Vi i Kristdemokraterna i Ljungby arbetar nu med planen f\u00f6r valr\u00f6relsen och kandidater till listorna f\u00f6r kommunvalet.<\/p>\n<p>K\u00e4nner du n\u00e5gon eller \u00e4r intresserad av att kandidera sj\u00e4lv s\u00e5 h\u00f6r av dig till oss med f\u00f6rslag eller din egen kandidatur.<\/p>\n<p>Vid fr\u00e5gor kring kandidaturen eller f\u00f6r f\u00f6rslag kontakta ordf\u00f6rande Susanna Tingbratt<br \/>\nMobil: 073-063 30 66<br \/>\nE-post: susanna.tingbratt@kristdemokraterna.se<\/p>\n<\/div>\n<\/div>\n<\/div>\n<\/div>\n","protected":false},"excerpt":{"rendered":"<p>VI BEH\u00d6VER DIG! Valet 2018 n\u00e4rmar sig, vill du vara med? Nu b\u00f6rjar det n\u00e4rma sig valet 2018, 9:e september \u00e4r det dags. Vi i Kristdemokraterna i Ljungby arbetar nu med planen f\u00f6r valr\u00f6relsen och kandidater till listorna f\u00f6r kommunvalet. K\u00e4nner du n\u00e5gon eller \u00e4r intresserad av att kandidera sj\u00e4lv s\u00e5 h\u00f6r av dig till <a class=\"read-more-link\" href=\"https:\/\/wp.kristdemokraterna.se\/ljungby\/dags-att-nominera-till-kommunlistorna-for-valet-2018\/\">Read More<\/a><\/p>\n","protected":false},"author":434,"featured_media":594,"comment_status":"closed","ping_status":"closed","sticky":false,"template":"","format":"standard","meta":{"_acf_changed":false,"footnotes":""},"categories":[5,6],"tags":[],"class_list":["post-593","post","type-post","status-publish","format-standard","hentry","category-information","category-nyheter"],"acf":[],"yoast_head":"<!-- This site is optimized with the Yoast SEO plugin v27.4 - https:\/\/yoast.com\/product\/yoast-seo-wordpress\/ -->\n<title>Dags att nominera till kommunlistorna f\u00f6r valet 2018! - Kristdemokraterna Ljungby<\/title>\n<meta name=\"robots\" content=\"index, follow, max-snippet:-1, max-image-preview:large, max-video-preview:-1\" \/>\n<link rel=\"canonical\" href=\"https:\/\/wp.kristdemokraterna.se\/ljungby\/dags-att-nominera-till-kommunlistorna-for-valet-2018\/\" \/>\n<meta property=\"og:locale\" content=\"sv_SE\" \/>\n<meta property=\"og:type\" content=\"article\" \/>\n<meta property=\"og:title\" content=\"Dags att nominera till kommunlistorna f\u00f6r valet 2018! - Kristdemokraterna Ljungby\" \/>\n<meta property=\"og:description\" content=\"VI BEH\u00d6VER DIG! Valet 2018 n\u00e4rmar sig, vill du vara med? Nu b\u00f6rjar det n\u00e4rma sig valet 2018, 9:e september \u00e4r det dags. Vi i Kristdemokraterna i Ljungby arbetar nu med planen f\u00f6r valr\u00f6relsen och kandidater till listorna f\u00f6r kommunvalet. K\u00e4nner du n\u00e5gon eller \u00e4r intresserad av att kandidera sj\u00e4lv s\u00e5 h\u00f6r av dig till Read More\" \/>\n<meta property=\"og:url\" content=\"https:\/\/wp.kristdemokraterna.se\/ljungby\/dags-att-nominera-till-kommunlistorna-for-valet-2018\/\" \/>\n<meta property=\"og:site_name\" content=\"Kristdemokraterna Ljungby\" \/>\n<meta property=\"article:published_time\" content=\"2017-11-05T12:54:19+00:00\" \/>\n<meta property=\"article:modified_time\" content=\"2018-03-20T15:49:50+00:00\" \/>\n<meta property=\"og:image\" content=\"https:\/\/wp.kristdemokraterna.se\/ljungby\/files\/2017\/11\/skarmavbild-2017-11-05-kl.-13.53.41-540x181.png\" \/>\n\t<meta property=\"og:image:width\" content=\"540\" \/>\n\t<meta property=\"og:image:height\" content=\"181\" \/>\n\t<meta property=\"og:image:type\" content=\"image\/png\" \/>\n<meta name=\"author\" content=\"ljungby\" \/>\n<meta name=\"twitter:card\" content=\"summary_large_image\" \/>\n<meta name=\"twitter:label1\" content=\"Skriven av\" \/>\n\t<meta name=\"twitter:data1\" content=\"ljungby\" \/>\n<script type=\"application\/ld+json\" class=\"yoast-schema-graph\">{\"@context\":\"https:\\\/\\\/schema.org\",\"@graph\":[{\"@type\":\"Article\",\"@id\":\"https:\\\/\\\/wp.kristdemokraterna.se\\\/ljungby\\\/dags-att-nominera-till-kommunlistorna-for-valet-2018\\\/#article\",\"isPartOf\":{\"@id\":\"https:\\\/\\\/wp.kristdemokraterna.se\\\/ljungby\\\/dags-att-nominera-till-kommunlistorna-for-valet-2018\\\/\"},\"author\":{\"name\":\"ljungby\",\"@id\":\"https:\\\/\\\/wp.kristdemokraterna.se\\\/ljungby\\\/#\\\/schema\\\/person\\\/ada662c5d4d309d880402ec01bfa9fc3\"},\"headline\":\"Dags att nominera till kommunlistorna f\u00f6r valet 2018!\",\"datePublished\":\"2017-11-05T12:54:19+00:00\",\"dateModified\":\"2018-03-20T15:49:50+00:00\",\"mainEntityOfPage\":{\"@id\":\"https:\\\/\\\/wp.kristdemokraterna.se\\\/ljungby\\\/dags-att-nominera-till-kommunlistorna-for-valet-2018\\\/\"},\"wordCount\":102,\"image\":{\"@id\":\"https:\\\/\\\/wp.kristdemokraterna.se\\\/ljungby\\\/dags-att-nominera-till-kommunlistorna-for-valet-2018\\\/#primaryimage\"},\"thumbnailUrl\":\"https:\\\/\\\/wp.kristdemokraterna.se\\\/ljungby\\\/files\\\/2017\\\/11\\\/skarmavbild-2017-11-05-kl.-13.53.41.png\",\"articleSection\":[\"Information\",\"Nyheter\"],\"inLanguage\":\"sv-SE\"},{\"@type\":\"WebPage\",\"@id\":\"https:\\\/\\\/wp.kristdemokraterna.se\\\/ljungby\\\/dags-att-nominera-till-kommunlistorna-for-valet-2018\\\/\",\"url\":\"https:\\\/\\\/wp.kristdemokraterna.se\\\/ljungby\\\/dags-att-nominera-till-kommunlistorna-for-valet-2018\\\/\",\"name\":\"Dags att nominera till kommunlistorna f\u00f6r valet 2018! - Kristdemokraterna Ljungby\",\"isPartOf\":{\"@id\":\"https:\\\/\\\/wp.kristdemokraterna.se\\\/ljungby\\\/#website\"},\"primaryImageOfPage\":{\"@id\":\"https:\\\/\\\/wp.kristdemokraterna.se\\\/ljungby\\\/dags-att-nominera-till-kommunlistorna-for-valet-2018\\\/#primaryimage\"},\"image\":{\"@id\":\"https:\\\/\\\/wp.kristdemokraterna.se\\\/ljungby\\\/dags-att-nominera-till-kommunlistorna-for-valet-2018\\\/#primaryimage\"},\"thumbnailUrl\":\"https:\\\/\\\/wp.kristdemokraterna.se\\\/ljungby\\\/files\\\/2017\\\/11\\\/skarmavbild-2017-11-05-kl.-13.53.41.png\",\"datePublished\":\"2017-11-05T12:54:19+00:00\",\"dateModified\":\"2018-03-20T15:49:50+00:00\",\"author\":{\"@id\":\"https:\\\/\\\/wp.kristdemokraterna.se\\\/ljungby\\\/#\\\/schema\\\/person\\\/ada662c5d4d309d880402ec01bfa9fc3\"},\"breadcrumb\":{\"@id\":\"https:\\\/\\\/wp.kristdemokraterna.se\\\/ljungby\\\/dags-att-nominera-till-kommunlistorna-for-valet-2018\\\/#breadcrumb\"},\"inLanguage\":\"sv-SE\",\"potentialAction\":[{\"@type\":\"ReadAction\",\"target\":[\"https:\\\/\\\/wp.kristdemokraterna.se\\\/ljungby\\\/dags-att-nominera-till-kommunlistorna-for-valet-2018\\\/\"]}]},{\"@type\":\"ImageObject\",\"inLanguage\":\"sv-SE\",\"@id\":\"https:\\\/\\\/wp.kristdemokraterna.se\\\/ljungby\\\/dags-att-nominera-till-kommunlistorna-for-valet-2018\\\/#primaryimage\",\"url\":\"https:\\\/\\\/wp.kristdemokraterna.se\\\/ljungby\\\/files\\\/2017\\\/11\\\/skarmavbild-2017-11-05-kl.-13.53.41.png\",\"contentUrl\":\"https:\\\/\\\/wp.kristdemokraterna.se\\\/ljungby\\\/files\\\/2017\\\/11\\\/skarmavbild-2017-11-05-kl.-13.53.41.png\",\"width\":2624,\"height\":878},{\"@type\":\"BreadcrumbList\",\"@id\":\"https:\\\/\\\/wp.kristdemokraterna.se\\\/ljungby\\\/dags-att-nominera-till-kommunlistorna-for-valet-2018\\\/#breadcrumb\",\"itemListElement\":[{\"@type\":\"ListItem\",\"position\":1,\"name\":\"Hem\",\"item\":\"https:\\\/\\\/wp.kristdemokraterna.se\\\/ljungby\\\/\"},{\"@type\":\"ListItem\",\"position\":2,\"name\":\"Dags att nominera till kommunlistorna f\u00f6r valet 2018!\"}]},{\"@type\":\"WebSite\",\"@id\":\"https:\\\/\\\/wp.kristdemokraterna.se\\\/ljungby\\\/#website\",\"url\":\"https:\\\/\\\/wp.kristdemokraterna.se\\\/ljungby\\\/\",\"name\":\"Kristdemokraterna Ljungby\",\"description\":\"\",\"inLanguage\":\"sv-SE\"},{\"@type\":\"Person\",\"@id\":\"https:\\\/\\\/wp.kristdemokraterna.se\\\/ljungby\\\/#\\\/schema\\\/person\\\/ada662c5d4d309d880402ec01bfa9fc3\",\"name\":\"ljungby\",\"image\":{\"@type\":\"ImageObject\",\"inLanguage\":\"sv-SE\",\"@id\":\"https:\\\/\\\/secure.gravatar.com\\\/avatar\\\/c094a9577724be90ddee7ea9cac26c1171055fef8cdee8b46ee0cfed89509ab1?s=96&r=g\",\"url\":\"https:\\\/\\\/secure.gravatar.com\\\/avatar\\\/c094a9577724be90ddee7ea9cac26c1171055fef8cdee8b46ee0cfed89509ab1?s=96&r=g\",\"contentUrl\":\"https:\\\/\\\/secure.gravatar.com\\\/avatar\\\/c094a9577724be90ddee7ea9cac26c1171055fef8cdee8b46ee0cfed89509ab1?s=96&r=g\",\"caption\":\"ljungby\"},\"url\":\"https:\\\/\\\/wp.kristdemokraterna.se\\\/ljungby\\\/author\\\/ljungby\\\/\"}]}<\/script>\n<!-- \/ Yoast SEO plugin. -->","yoast_head_json":{"title":"Dags att nominera till kommunlistorna f\u00f6r valet 2018! - Kristdemokraterna Ljungby","robots":{"index":"index","follow":"follow","max-snippet":"max-snippet:-1","max-image-preview":"max-image-preview:large","max-video-preview":"max-video-preview:-1"},"canonical":"https:\/\/wp.kristdemokraterna.se\/ljungby\/dags-att-nominera-till-kommunlistorna-for-valet-2018\/","og_locale":"sv_SE","og_type":"article","og_title":"Dags att nominera till kommunlistorna f\u00f6r valet 2018! - Kristdemokraterna Ljungby","og_description":"VI BEH\u00d6VER DIG! Valet 2018 n\u00e4rmar sig, vill du vara med? Nu b\u00f6rjar det n\u00e4rma sig valet 2018, 9:e september \u00e4r det dags. Vi i Kristdemokraterna i Ljungby arbetar nu med planen f\u00f6r valr\u00f6relsen och kandidater till listorna f\u00f6r kommunvalet. K\u00e4nner du n\u00e5gon eller \u00e4r intresserad av att kandidera sj\u00e4lv s\u00e5 h\u00f6r av dig till Read More","og_url":"https:\/\/wp.kristdemokraterna.se\/ljungby\/dags-att-nominera-till-kommunlistorna-for-valet-2018\/","og_site_name":"Kristdemokraterna Ljungby","article_published_time":"2017-11-05T12:54:19+00:00","article_modified_time":"2018-03-20T15:49:50+00:00","og_image":[{"width":540,"height":181,"url":"https:\/\/wp.kristdemokraterna.se\/ljungby\/files\/2017\/11\/skarmavbild-2017-11-05-kl.-13.53.41-540x181.png","type":"image\/png"}],"author":"ljungby","twitter_card":"summary_large_image","twitter_misc":{"Skriven av":"ljungby"},"schema":{"@context":"https:\/\/schema.org","@graph":[{"@type":"Article","@id":"https:\/\/wp.kristdemokraterna.se\/ljungby\/dags-att-nominera-till-kommunlistorna-for-valet-2018\/#article","isPartOf":{"@id":"https:\/\/wp.kristdemokraterna.se\/ljungby\/dags-att-nominera-till-kommunlistorna-for-valet-2018\/"},"author":{"name":"ljungby","@id":"https:\/\/wp.kristdemokraterna.se\/ljungby\/#\/schema\/person\/ada662c5d4d309d880402ec01bfa9fc3"},"headline":"Dags att nominera till kommunlistorna f\u00f6r valet 2018!","datePublished":"2017-11-05T12:54:19+00:00","dateModified":"2018-03-20T15:49:50+00:00","mainEntityOfPage":{"@id":"https:\/\/wp.kristdemokraterna.se\/ljungby\/dags-att-nominera-till-kommunlistorna-for-valet-2018\/"},"wordCount":102,"image":{"@id":"https:\/\/wp.kristdemokraterna.se\/ljungby\/dags-att-nominera-till-kommunlistorna-for-valet-2018\/#primaryimage"},"thumbnailUrl":"https:\/\/wp.kristdemokraterna.se\/ljungby\/files\/2017\/11\/skarmavbild-2017-11-05-kl.-13.53.41.png","articleSection":["Information","Nyheter"],"inLanguage":"sv-SE"},{"@type":"WebPage","@id":"https:\/\/wp.kristdemokraterna.se\/ljungby\/dags-att-nominera-till-kommunlistorna-for-valet-2018\/","url":"https:\/\/wp.kristdemokraterna.se\/ljungby\/dags-att-nominera-till-kommunlistorna-for-valet-2018\/","name":"Dags att nominera till kommunlistorna f\u00f6r valet 2018! - Kristdemokraterna Ljungby","isPartOf":{"@id":"https:\/\/wp.kristdemokraterna.se\/ljungby\/#website"},"primaryImageOfPage":{"@id":"https:\/\/wp.kristdemokraterna.se\/ljungby\/dags-att-nominera-till-kommunlistorna-for-valet-2018\/#primaryimage"},"image":{"@id":"https:\/\/wp.kristdemokraterna.se\/ljungby\/dags-att-nominera-till-kommunlistorna-for-valet-2018\/#primaryimage"},"thumbnailUrl":"https:\/\/wp.kristdemokraterna.se\/ljungby\/files\/2017\/11\/skarmavbild-2017-11-05-kl.-13.53.41.png","datePublished":"2017-11-05T12:54:19+00:00","dateModified":"2018-03-20T15:49:50+00:00","author":{"@id":"https:\/\/wp.kristdemokraterna.se\/ljungby\/#\/schema\/person\/ada662c5d4d309d880402ec01bfa9fc3"},"breadcrumb":{"@id":"https:\/\/wp.kristdemokraterna.se\/ljungby\/dags-att-nominera-till-kommunlistorna-for-valet-2018\/#breadcrumb"},"inLanguage":"sv-SE","potentialAction":[{"@type":"ReadAction","target":["https:\/\/wp.kristdemokraterna.se\/ljungby\/dags-att-nominera-till-kommunlistorna-for-valet-2018\/"]}]},{"@type":"ImageObject","inLanguage":"sv-SE","@id":"https:\/\/wp.kristdemokraterna.se\/ljungby\/dags-att-nominera-till-kommunlistorna-for-valet-2018\/#primaryimage","url":"https:\/\/wp.kristdemokraterna.se\/ljungby\/files\/2017\/11\/skarmavbild-2017-11-05-kl.-13.53.41.png","contentUrl":"https:\/\/wp.kristdemokraterna.se\/ljungby\/files\/2017\/11\/skarmavbild-2017-11-05-kl.-13.53.41.png","width":2624,"height":878},{"@type":"BreadcrumbList","@id":"https:\/\/wp.kristdemokraterna.se\/ljungby\/dags-att-nominera-till-kommunlistorna-for-valet-2018\/#breadcrumb","itemListElement":[{"@type":"ListItem","position":1,"name":"Hem","item":"https:\/\/wp.kristdemokraterna.se\/ljungby\/"},{"@type":"ListItem","position":2,"name":"Dags att nominera till kommunlistorna f\u00f6r valet 2018!"}]},{"@type":"WebSite","@id":"https:\/\/wp.kristdemokraterna.se\/ljungby\/#website","url":"https:\/\/wp.kristdemokraterna.se\/ljungby\/","name":"Kristdemokraterna Ljungby","description":"","inLanguage":"sv-SE"},{"@type":"Person","@id":"https:\/\/wp.kristdemokraterna.se\/ljungby\/#\/schema\/person\/ada662c5d4d309d880402ec01bfa9fc3","name":"ljungby","image":{"@type":"ImageObject","inLanguage":"sv-SE","@id":"https:\/\/secure.gravatar.com\/avatar\/c094a9577724be90ddee7ea9cac26c1171055fef8cdee8b46ee0cfed89509ab1?s=96&r=g","url":"https:\/\/secure.gravatar.com\/avatar\/c094a9577724be90ddee7ea9cac26c1171055fef8cdee8b46ee0cfed89509ab1?s=96&r=g","contentUrl":"https:\/\/secure.gravatar.com\/avatar\/c094a9577724be90ddee7ea9cac26c1171055fef8cdee8b46ee0cfed89509ab1?s=96&r=g","caption":"ljungby"},"url":"https:\/\/wp.kristdemokraterna.se\/ljungby\/author\/ljungby\/"}]}},"_links":{"self":[{"href":"https:\/\/wp.kristdemokraterna.se\/ljungby\/wp-json\/wp\/v2\/posts\/593","targetHints":{"allow":["GET"]}}],"collection":[{"href":"https:\/\/wp.kristdemokraterna.se\/ljungby\/wp-json\/wp\/v2\/posts"}],"about":[{"href":"https:\/\/wp.kristdemokraterna.se\/ljungby\/wp-json\/wp\/v2\/types\/post"}],"author":[{"embeddable":true,"href":"https:\/\/wp.kristdemokraterna.se\/ljungby\/wp-json\/wp\/v2\/users\/434"}],"replies":[{"embeddable":true,"href":"https:\/\/wp.kristdemokraterna.se\/ljungby\/wp-json\/wp\/v2\/comments?post=593"}],"version-history":[{"count":1,"href":"https:\/\/wp.kristdemokraterna.se\/ljungby\/wp-json\/wp\/v2\/posts\/593\/revisions"}],"predecessor-version":[{"id":595,"href":"https:\/\/wp.kristdemokraterna.se\/ljungby\/wp-json\/wp\/v2\/posts\/593\/revisions\/595"}],"wp:featuredmedia":[{"embeddable":true,"href":"https:\/\/wp.kristdemokraterna.se\/ljungby\/wp-json\/wp\/v2\/media\/594"}],"wp:attachment":[{"href":"https:\/\/wp.kristdemokraterna.se\/ljungby\/wp-json\/wp\/v2\/media?parent=593"}],"wp:term":[{"taxonomy":"category","embeddable":true,"href":"https:\/\/wp.kristdemokraterna.se\/ljungby\/wp-json\/wp\/v2\/categories?post=593"},{"taxonomy":"post_tag","embeddable":true,"href":"https:\/\/wp.kristdemokraterna.se\/ljungby\/wp-json\/wp\/v2\/tags?post=593"}],"curies":[{"name":"wp","href":"https:\/\/api.w.org\/{rel}","templated":true}]}}