{"id":608,"date":"2017-12-04T08:16:21","date_gmt":"2017-12-04T07:16:21","guid":{"rendered":"http:\/\/wp.kristdemokraterna.se\/ljungby\/?p=608"},"modified":"2018-03-20T16:49:50","modified_gmt":"2018-03-20T15:49:50","slug":"rapport-fran-julkonserten-pa-ljunggarden","status":"publish","type":"post","link":"https:\/\/wp.kristdemokraterna.se\/ljungby\/rapport-fran-julkonserten-pa-ljunggarden\/","title":{"rendered":"Julkonserten p\u00e5 Ljungg\u00e5rden"},"content":{"rendered":"<p>I l\u00f6rdags den 2\/12 startades ny tradition upp i Kristdemokraterna Ljungbys lokalavdelning, \u00e4ven om de inte \u00e4r en tradition f\u00f6rr\u00e4n man har gjort det n\u00e5gra \u00e5r s\u00e5 var \u00e5rets julkonsert som h\u00f6lls i Ljungg\u00e5rden en uppskattad tillst\u00e4llning som f\u00f6rhoppningsvis kommer bli en h\u00e4rlig tradition.<\/p>\n<p>Evenemanget inleddes med en uppm\u00e4rksammad film som sl\u00e4pptes p\u00e5 KD&#8217;s riksting i september d\u00e4r Partiledare Ebba Busch-Thor st\u00e4ller fr\u00e5gan om man v\u00e5gar bli gammal i Sverige idag.<br \/>\n[youtube=https:\/\/www.youtube.com\/watch?v=FURpF2_9fBU]<\/p>\n<p><a href=\"http:\/\/wp.kristdemokraterna.se\/ljungby\/files\/2017\/12\/dsc09941.jpg\"><img loading=\"lazy\" decoding=\"async\" class=\"alignleft size-thumbnail wp-image-611\" src=\"http:\/\/wp.kristdemokraterna.se\/ljungby\/files\/2017\/12\/dsc09941-150x150.jpg\" alt=\"\" width=\"150\" height=\"150\" \/><\/a>Sedan tog ordf\u00f6rande Susanna Tingbratt vid och presenterade programmet f\u00f6r eftermiddagen och l\u00e4mnade \u00f6ver till v\u00e5r lokala partisekreterare Ivar Wennerholm som var konferencier och b\u00f6rjade kv\u00e4llens s\u00e5nginsats med &#8221;The Cristmas Song&#8221;<\/p>\n<p>Ivar presenterade sedan Evelina Jansson som medverkade med &#8221;Ser du stj\u00e4rnan i det bl\u00e5&#8221; och &#8221;I denna natt blir v\u00e4rlden ny&#8221;.<a href=\"http:\/\/wp.kristdemokraterna.se\/ljungby\/files\/2017\/12\/dsc09944.jpg\"><img loading=\"lazy\" decoding=\"async\" class=\"alignright wp-image-609 size-medium\" src=\"http:\/\/wp.kristdemokraterna.se\/ljungby\/files\/2017\/12\/dsc09944-300x200.jpg\" alt=\"\" width=\"300\" height=\"200\" srcset=\"https:\/\/wp.kristdemokraterna.se\/ljungby\/files\/2017\/12\/dsc09944-300x200.jpg 300w, https:\/\/wp.kristdemokraterna.se\/ljungby\/files\/2017\/12\/dsc09944-768x512.jpg 768w, https:\/\/wp.kristdemokraterna.se\/ljungby\/files\/2017\/12\/dsc09944-540x360.jpg 540w, https:\/\/wp.kristdemokraterna.se\/ljungby\/files\/2017\/12\/dsc09944-519x346.jpg 519w, https:\/\/wp.kristdemokraterna.se\/ljungby\/files\/2017\/12\/dsc09944-168x112.jpg 168w\" sizes=\"auto, (max-width: 300px) 100vw, 300px\" \/><\/a><\/p>\n<p>Mikrofonen l\u00e4mnades sedan \u00f6ver till Rut Bj\u00f6rkstr\u00f6m, nybliven ers\u00e4ttare i socialn\u00e4mnden som sj\u00f6ng &#8221;N\u00e4r det lider mot jul&#8221; och &#8221;Julen \u00e4r h\u00e4r&#8221;.<\/p>\n<p>Sedan sj\u00f6ngs en finst\u00e4md version med endast gitarr och s\u00e5ng av &#8221;Jul Jul, str\u00e5lande jul&#8221; d\u00e4r 10-\u00e5riga Juni Tingbratt stod f\u00f6r solos\u00e5ngen.<\/p>\n<p><a href=\"http:\/\/wp.kristdemokraterna.se\/ljungby\/files\/2017\/12\/dsc09953.jpg\"><img loading=\"lazy\" decoding=\"async\" class=\"alignleft size-thumbnail wp-image-610\" src=\"http:\/\/wp.kristdemokraterna.se\/ljungby\/files\/2017\/12\/dsc09953-150x150.jpg\" alt=\"\" width=\"150\" height=\"150\" \/><\/a>Susanna Tingbratt h\u00f6ll sedan ett kort anf\u00f6rande d\u00e4r lokala politiken ber\u00f6rdes, men \u00e4ven LSS och de demonstrationer mot de f\u00f6rs\u00e4mrade reglerna som h\u00f6lls p\u00e5 andra platser i Kronoberg togs upp. Kristdemokraterna p\u00e5 b\u00e5de <a href=\"https:\/\/www.facebook.com\/Kristdemokraterna\/posts\/10155084152568365\">riksdagsniv\u00e5<\/a> men \u00e4ven <a href=\"http:\/\/wp.kristdemokraterna.se\/ljungby\/skams-socialdemokrater-insandare-i-smalanningen-2016-11-07\/\">lokal niv\u00e5<\/a> har protesterat kraftigt mot de <a href=\"http:\/\/wp.kristdemokraterna.se\/ljungby\/de-nya-lss-reglerna-tvingar-mats-att-lagga-sig-kl-18-00\/\">nedsk\u00e4rningar<\/a> som Socialdemokraterna initierade f\u00f6rra h\u00f6sten.<\/p>\n<p>Avslutningsvis sj\u00f6ng Josef Tingbratt s\u00e5ngen &#8221;I skuggan av jul&#8221; och alla s\u00e5ngare bidrog med k\u00f6rs\u00e5ng i slutorden &#8221;Jag t\u00e4nder ett ljus, i skuggan av jul&#8221;.<\/p>\n<p>Stort tack till alla medverkande s\u00e5ngare och extra stort tack till v\u00e5ra medverkande musiker: Mia Jansson &#8211; Piano, Mikael Frid\u00e9n &#8211; bas, Niclas Eriksson &#8211; trummor och Josef Tingbratt &#8211; s\u00e5ng.<\/p>\n<p>&nbsp;<\/p>\n<p>&nbsp;<\/p>\n","protected":false},"excerpt":{"rendered":"<p>I l\u00f6rdags den 2\/12 startades ny tradition upp i Kristdemokraterna Ljungbys lokalavdelning, \u00e4ven om de inte \u00e4r en tradition f\u00f6rr\u00e4n man har gjort det n\u00e5gra \u00e5r s\u00e5 var \u00e5rets julkonsert som h\u00f6lls i Ljungg\u00e5rden en uppskattad tillst\u00e4llning som f\u00f6rhoppningsvis kommer bli en h\u00e4rlig tradition. Evenemanget inleddes med en uppm\u00e4rksammad film som sl\u00e4pptes p\u00e5 KD&#8217;s riksting <a class=\"read-more-link\" href=\"https:\/\/wp.kristdemokraterna.se\/ljungby\/rapport-fran-julkonserten-pa-ljunggarden\/\">Read More<\/a><\/p>\n","protected":false},"author":434,"featured_media":0,"comment_status":"closed","ping_status":"closed","sticky":false,"template":"","format":"standard","meta":{"_acf_changed":false,"footnotes":""},"categories":[5,6],"tags":[],"class_list":["post-608","post","type-post","status-publish","format-standard","hentry","category-information","category-nyheter"],"acf":[],"yoast_head":"<!-- This site is optimized with the Yoast SEO plugin v27.4 - https:\/\/yoast.com\/product\/yoast-seo-wordpress\/ -->\n<title>Julkonserten p\u00e5 Ljungg\u00e5rden - Kristdemokraterna Ljungby<\/title>\n<meta name=\"robots\" content=\"index, follow, max-snippet:-1, max-image-preview:large, max-video-preview:-1\" \/>\n<link rel=\"canonical\" href=\"https:\/\/wp.kristdemokraterna.se\/ljungby\/rapport-fran-julkonserten-pa-ljunggarden\/\" \/>\n<meta property=\"og:locale\" content=\"sv_SE\" \/>\n<meta property=\"og:type\" content=\"article\" \/>\n<meta property=\"og:title\" content=\"Julkonserten p\u00e5 Ljungg\u00e5rden - Kristdemokraterna Ljungby\" \/>\n<meta property=\"og:description\" content=\"I l\u00f6rdags den 2\/12 startades ny tradition upp i Kristdemokraterna Ljungbys lokalavdelning, \u00e4ven om de inte \u00e4r en tradition f\u00f6rr\u00e4n man har gjort det n\u00e5gra \u00e5r s\u00e5 var \u00e5rets julkonsert som h\u00f6lls i Ljungg\u00e5rden en uppskattad tillst\u00e4llning som f\u00f6rhoppningsvis kommer bli en h\u00e4rlig tradition. Evenemanget inleddes med en uppm\u00e4rksammad film som sl\u00e4pptes p\u00e5 KD&#8217;s riksting Read More\" \/>\n<meta property=\"og:url\" content=\"https:\/\/wp.kristdemokraterna.se\/ljungby\/rapport-fran-julkonserten-pa-ljunggarden\/\" \/>\n<meta property=\"og:site_name\" content=\"Kristdemokraterna Ljungby\" \/>\n<meta property=\"article:published_time\" content=\"2017-12-04T07:16:21+00:00\" \/>\n<meta property=\"article:modified_time\" content=\"2018-03-20T15:49:50+00:00\" \/>\n<meta property=\"og:image\" content=\"http:\/\/wp.kristdemokraterna.se\/ljungby\/files\/2017\/12\/dsc09941-150x150.jpg\" \/>\n<meta name=\"author\" content=\"ljungby\" \/>\n<meta name=\"twitter:card\" content=\"summary_large_image\" \/>\n<meta name=\"twitter:label1\" content=\"Skriven av\" \/>\n\t<meta name=\"twitter:data1\" content=\"ljungby\" \/>\n\t<meta name=\"twitter:label2\" content=\"Ber\u00e4knad l\u00e4stid\" \/>\n\t<meta name=\"twitter:data2\" content=\"2 minuter\" \/>\n<script type=\"application\/ld+json\" class=\"yoast-schema-graph\">{\"@context\":\"https:\\\/\\\/schema.org\",\"@graph\":[{\"@type\":\"Article\",\"@id\":\"https:\\\/\\\/wp.kristdemokraterna.se\\\/ljungby\\\/rapport-fran-julkonserten-pa-ljunggarden\\\/#article\",\"isPartOf\":{\"@id\":\"https:\\\/\\\/wp.kristdemokraterna.se\\\/ljungby\\\/rapport-fran-julkonserten-pa-ljunggarden\\\/\"},\"author\":{\"name\":\"ljungby\",\"@id\":\"https:\\\/\\\/wp.kristdemokraterna.se\\\/ljungby\\\/#\\\/schema\\\/person\\\/ada662c5d4d309d880402ec01bfa9fc3\"},\"headline\":\"Julkonserten p\u00e5 Ljungg\u00e5rden\",\"datePublished\":\"2017-12-04T07:16:21+00:00\",\"dateModified\":\"2018-03-20T15:49:50+00:00\",\"mainEntityOfPage\":{\"@id\":\"https:\\\/\\\/wp.kristdemokraterna.se\\\/ljungby\\\/rapport-fran-julkonserten-pa-ljunggarden\\\/\"},\"wordCount\":347,\"image\":{\"@id\":\"https:\\\/\\\/wp.kristdemokraterna.se\\\/ljungby\\\/rapport-fran-julkonserten-pa-ljunggarden\\\/#primaryimage\"},\"thumbnailUrl\":\"http:\\\/\\\/wp.kristdemokraterna.se\\\/ljungby\\\/files\\\/2017\\\/12\\\/dsc09941-150x150.jpg\",\"articleSection\":[\"Information\",\"Nyheter\"],\"inLanguage\":\"sv-SE\"},{\"@type\":\"WebPage\",\"@id\":\"https:\\\/\\\/wp.kristdemokraterna.se\\\/ljungby\\\/rapport-fran-julkonserten-pa-ljunggarden\\\/\",\"url\":\"https:\\\/\\\/wp.kristdemokraterna.se\\\/ljungby\\\/rapport-fran-julkonserten-pa-ljunggarden\\\/\",\"name\":\"Julkonserten p\u00e5 Ljungg\u00e5rden - Kristdemokraterna Ljungby\",\"isPartOf\":{\"@id\":\"https:\\\/\\\/wp.kristdemokraterna.se\\\/ljungby\\\/#website\"},\"primaryImageOfPage\":{\"@id\":\"https:\\\/\\\/wp.kristdemokraterna.se\\\/ljungby\\\/rapport-fran-julkonserten-pa-ljunggarden\\\/#primaryimage\"},\"image\":{\"@id\":\"https:\\\/\\\/wp.kristdemokraterna.se\\\/ljungby\\\/rapport-fran-julkonserten-pa-ljunggarden\\\/#primaryimage\"},\"thumbnailUrl\":\"http:\\\/\\\/wp.kristdemokraterna.se\\\/ljungby\\\/files\\\/2017\\\/12\\\/dsc09941-150x150.jpg\",\"datePublished\":\"2017-12-04T07:16:21+00:00\",\"dateModified\":\"2018-03-20T15:49:50+00:00\",\"author\":{\"@id\":\"https:\\\/\\\/wp.kristdemokraterna.se\\\/ljungby\\\/#\\\/schema\\\/person\\\/ada662c5d4d309d880402ec01bfa9fc3\"},\"breadcrumb\":{\"@id\":\"https:\\\/\\\/wp.kristdemokraterna.se\\\/ljungby\\\/rapport-fran-julkonserten-pa-ljunggarden\\\/#breadcrumb\"},\"inLanguage\":\"sv-SE\",\"potentialAction\":[{\"@type\":\"ReadAction\",\"target\":[\"https:\\\/\\\/wp.kristdemokraterna.se\\\/ljungby\\\/rapport-fran-julkonserten-pa-ljunggarden\\\/\"]}]},{\"@type\":\"ImageObject\",\"inLanguage\":\"sv-SE\",\"@id\":\"https:\\\/\\\/wp.kristdemokraterna.se\\\/ljungby\\\/rapport-fran-julkonserten-pa-ljunggarden\\\/#primaryimage\",\"url\":\"https:\\\/\\\/wp.kristdemokraterna.se\\\/ljungby\\\/files\\\/2017\\\/12\\\/dsc09941.jpg\",\"contentUrl\":\"https:\\\/\\\/wp.kristdemokraterna.se\\\/ljungby\\\/files\\\/2017\\\/12\\\/dsc09941.jpg\",\"width\":3648,\"height\":5472},{\"@type\":\"BreadcrumbList\",\"@id\":\"https:\\\/\\\/wp.kristdemokraterna.se\\\/ljungby\\\/rapport-fran-julkonserten-pa-ljunggarden\\\/#breadcrumb\",\"itemListElement\":[{\"@type\":\"ListItem\",\"position\":1,\"name\":\"Hem\",\"item\":\"https:\\\/\\\/wp.kristdemokraterna.se\\\/ljungby\\\/\"},{\"@type\":\"ListItem\",\"position\":2,\"name\":\"Julkonserten p\u00e5 Ljungg\u00e5rden\"}]},{\"@type\":\"WebSite\",\"@id\":\"https:\\\/\\\/wp.kristdemokraterna.se\\\/ljungby\\\/#website\",\"url\":\"https:\\\/\\\/wp.kristdemokraterna.se\\\/ljungby\\\/\",\"name\":\"Kristdemokraterna Ljungby\",\"description\":\"\",\"inLanguage\":\"sv-SE\"},{\"@type\":\"Person\",\"@id\":\"https:\\\/\\\/wp.kristdemokraterna.se\\\/ljungby\\\/#\\\/schema\\\/person\\\/ada662c5d4d309d880402ec01bfa9fc3\",\"name\":\"ljungby\",\"image\":{\"@type\":\"ImageObject\",\"inLanguage\":\"sv-SE\",\"@id\":\"https:\\\/\\\/secure.gravatar.com\\\/avatar\\\/c094a9577724be90ddee7ea9cac26c1171055fef8cdee8b46ee0cfed89509ab1?s=96&r=g\",\"url\":\"https:\\\/\\\/secure.gravatar.com\\\/avatar\\\/c094a9577724be90ddee7ea9cac26c1171055fef8cdee8b46ee0cfed89509ab1?s=96&r=g\",\"contentUrl\":\"https:\\\/\\\/secure.gravatar.com\\\/avatar\\\/c094a9577724be90ddee7ea9cac26c1171055fef8cdee8b46ee0cfed89509ab1?s=96&r=g\",\"caption\":\"ljungby\"},\"url\":\"https:\\\/\\\/wp.kristdemokraterna.se\\\/ljungby\\\/author\\\/ljungby\\\/\"}]}<\/script>\n<!-- \/ Yoast SEO plugin. -->","yoast_head_json":{"title":"Julkonserten p\u00e5 Ljungg\u00e5rden - Kristdemokraterna Ljungby","robots":{"index":"index","follow":"follow","max-snippet":"max-snippet:-1","max-image-preview":"max-image-preview:large","max-video-preview":"max-video-preview:-1"},"canonical":"https:\/\/wp.kristdemokraterna.se\/ljungby\/rapport-fran-julkonserten-pa-ljunggarden\/","og_locale":"sv_SE","og_type":"article","og_title":"Julkonserten p\u00e5 Ljungg\u00e5rden - Kristdemokraterna Ljungby","og_description":"I l\u00f6rdags den 2\/12 startades ny tradition upp i Kristdemokraterna Ljungbys lokalavdelning, \u00e4ven om de inte \u00e4r en tradition f\u00f6rr\u00e4n man har gjort det n\u00e5gra \u00e5r s\u00e5 var \u00e5rets julkonsert som h\u00f6lls i Ljungg\u00e5rden en uppskattad tillst\u00e4llning som f\u00f6rhoppningsvis kommer bli en h\u00e4rlig tradition. Evenemanget inleddes med en uppm\u00e4rksammad film som sl\u00e4pptes p\u00e5 KD&#8217;s riksting Read More","og_url":"https:\/\/wp.kristdemokraterna.se\/ljungby\/rapport-fran-julkonserten-pa-ljunggarden\/","og_site_name":"Kristdemokraterna Ljungby","article_published_time":"2017-12-04T07:16:21+00:00","article_modified_time":"2018-03-20T15:49:50+00:00","og_image":[{"url":"http:\/\/wp.kristdemokraterna.se\/ljungby\/files\/2017\/12\/dsc09941-150x150.jpg","type":"","width":"","height":""}],"author":"ljungby","twitter_card":"summary_large_image","twitter_misc":{"Skriven av":"ljungby","Ber\u00e4knad l\u00e4stid":"2 minuter"},"schema":{"@context":"https:\/\/schema.org","@graph":[{"@type":"Article","@id":"https:\/\/wp.kristdemokraterna.se\/ljungby\/rapport-fran-julkonserten-pa-ljunggarden\/#article","isPartOf":{"@id":"https:\/\/wp.kristdemokraterna.se\/ljungby\/rapport-fran-julkonserten-pa-ljunggarden\/"},"author":{"name":"ljungby","@id":"https:\/\/wp.kristdemokraterna.se\/ljungby\/#\/schema\/person\/ada662c5d4d309d880402ec01bfa9fc3"},"headline":"Julkonserten p\u00e5 Ljungg\u00e5rden","datePublished":"2017-12-04T07:16:21+00:00","dateModified":"2018-03-20T15:49:50+00:00","mainEntityOfPage":{"@id":"https:\/\/wp.kristdemokraterna.se\/ljungby\/rapport-fran-julkonserten-pa-ljunggarden\/"},"wordCount":347,"image":{"@id":"https:\/\/wp.kristdemokraterna.se\/ljungby\/rapport-fran-julkonserten-pa-ljunggarden\/#primaryimage"},"thumbnailUrl":"http:\/\/wp.kristdemokraterna.se\/ljungby\/files\/2017\/12\/dsc09941-150x150.jpg","articleSection":["Information","Nyheter"],"inLanguage":"sv-SE"},{"@type":"WebPage","@id":"https:\/\/wp.kristdemokraterna.se\/ljungby\/rapport-fran-julkonserten-pa-ljunggarden\/","url":"https:\/\/wp.kristdemokraterna.se\/ljungby\/rapport-fran-julkonserten-pa-ljunggarden\/","name":"Julkonserten p\u00e5 Ljungg\u00e5rden - Kristdemokraterna Ljungby","isPartOf":{"@id":"https:\/\/wp.kristdemokraterna.se\/ljungby\/#website"},"primaryImageOfPage":{"@id":"https:\/\/wp.kristdemokraterna.se\/ljungby\/rapport-fran-julkonserten-pa-ljunggarden\/#primaryimage"},"image":{"@id":"https:\/\/wp.kristdemokraterna.se\/ljungby\/rapport-fran-julkonserten-pa-ljunggarden\/#primaryimage"},"thumbnailUrl":"http:\/\/wp.kristdemokraterna.se\/ljungby\/files\/2017\/12\/dsc09941-150x150.jpg","datePublished":"2017-12-04T07:16:21+00:00","dateModified":"2018-03-20T15:49:50+00:00","author":{"@id":"https:\/\/wp.kristdemokraterna.se\/ljungby\/#\/schema\/person\/ada662c5d4d309d880402ec01bfa9fc3"},"breadcrumb":{"@id":"https:\/\/wp.kristdemokraterna.se\/ljungby\/rapport-fran-julkonserten-pa-ljunggarden\/#breadcrumb"},"inLanguage":"sv-SE","potentialAction":[{"@type":"ReadAction","target":["https:\/\/wp.kristdemokraterna.se\/ljungby\/rapport-fran-julkonserten-pa-ljunggarden\/"]}]},{"@type":"ImageObject","inLanguage":"sv-SE","@id":"https:\/\/wp.kristdemokraterna.se\/ljungby\/rapport-fran-julkonserten-pa-ljunggarden\/#primaryimage","url":"https:\/\/wp.kristdemokraterna.se\/ljungby\/files\/2017\/12\/dsc09941.jpg","contentUrl":"https:\/\/wp.kristdemokraterna.se\/ljungby\/files\/2017\/12\/dsc09941.jpg","width":3648,"height":5472},{"@type":"BreadcrumbList","@id":"https:\/\/wp.kristdemokraterna.se\/ljungby\/rapport-fran-julkonserten-pa-ljunggarden\/#breadcrumb","itemListElement":[{"@type":"ListItem","position":1,"name":"Hem","item":"https:\/\/wp.kristdemokraterna.se\/ljungby\/"},{"@type":"ListItem","position":2,"name":"Julkonserten p\u00e5 Ljungg\u00e5rden"}]},{"@type":"WebSite","@id":"https:\/\/wp.kristdemokraterna.se\/ljungby\/#website","url":"https:\/\/wp.kristdemokraterna.se\/ljungby\/","name":"Kristdemokraterna Ljungby","description":"","inLanguage":"sv-SE"},{"@type":"Person","@id":"https:\/\/wp.kristdemokraterna.se\/ljungby\/#\/schema\/person\/ada662c5d4d309d880402ec01bfa9fc3","name":"ljungby","image":{"@type":"ImageObject","inLanguage":"sv-SE","@id":"https:\/\/secure.gravatar.com\/avatar\/c094a9577724be90ddee7ea9cac26c1171055fef8cdee8b46ee0cfed89509ab1?s=96&r=g","url":"https:\/\/secure.gravatar.com\/avatar\/c094a9577724be90ddee7ea9cac26c1171055fef8cdee8b46ee0cfed89509ab1?s=96&r=g","contentUrl":"https:\/\/secure.gravatar.com\/avatar\/c094a9577724be90ddee7ea9cac26c1171055fef8cdee8b46ee0cfed89509ab1?s=96&r=g","caption":"ljungby"},"url":"https:\/\/wp.kristdemokraterna.se\/ljungby\/author\/ljungby\/"}]}},"_links":{"self":[{"href":"https:\/\/wp.kristdemokraterna.se\/ljungby\/wp-json\/wp\/v2\/posts\/608","targetHints":{"allow":["GET"]}}],"collection":[{"href":"https:\/\/wp.kristdemokraterna.se\/ljungby\/wp-json\/wp\/v2\/posts"}],"about":[{"href":"https:\/\/wp.kristdemokraterna.se\/ljungby\/wp-json\/wp\/v2\/types\/post"}],"author":[{"embeddable":true,"href":"https:\/\/wp.kristdemokraterna.se\/ljungby\/wp-json\/wp\/v2\/users\/434"}],"replies":[{"embeddable":true,"href":"https:\/\/wp.kristdemokraterna.se\/ljungby\/wp-json\/wp\/v2\/comments?post=608"}],"version-history":[{"count":4,"href":"https:\/\/wp.kristdemokraterna.se\/ljungby\/wp-json\/wp\/v2\/posts\/608\/revisions"}],"predecessor-version":[{"id":730,"href":"https:\/\/wp.kristdemokraterna.se\/ljungby\/wp-json\/wp\/v2\/posts\/608\/revisions\/730"}],"wp:attachment":[{"href":"https:\/\/wp.kristdemokraterna.se\/ljungby\/wp-json\/wp\/v2\/media?parent=608"}],"wp:term":[{"taxonomy":"category","embeddable":true,"href":"https:\/\/wp.kristdemokraterna.se\/ljungby\/wp-json\/wp\/v2\/categories?post=608"},{"taxonomy":"post_tag","embeddable":true,"href":"https:\/\/wp.kristdemokraterna.se\/ljungby\/wp-json\/wp\/v2\/tags?post=608"}],"curies":[{"name":"wp","href":"https:\/\/api.w.org\/{rel}","templated":true}]}}