{"id":655,"date":"2018-02-22T19:28:28","date_gmt":"2018-02-22T18:28:28","guid":{"rendered":"http:\/\/wp.kristdemokraterna.se\/ljungby\/?p=655"},"modified":"2018-04-10T14:31:13","modified_gmt":"2018-04-10T12:31:13","slug":"reportage-i-dagens-smalanningen-om-christer-henriksson","status":"publish","type":"post","link":"https:\/\/wp.kristdemokraterna.se\/ljungby\/reportage-i-dagens-smalanningen-om-christer-henriksson\/","title":{"rendered":"Reportage om Christer Henriksson"},"content":{"rendered":"<div id=\"attachment_481\" style=\"width: 235px\" class=\"wp-caption alignright\"><a href=\"http:\/\/wp.kristdemokraterna.se\/ljungby\/files\/2015\/09\/img_0266.jpg\"><img loading=\"lazy\" decoding=\"async\" aria-describedby=\"caption-attachment-481\" class=\"wp-image-481 size-medium\" src=\"http:\/\/wp.kristdemokraterna.se\/ljungby\/files\/2015\/09\/img_0266-225x300.jpg\" alt=\"Christer Henriksson\" width=\"225\" height=\"300\" \/><\/a><p id=\"caption-attachment-481\" class=\"wp-caption-text\">Christer Henriksson<\/p><\/div>\n<p><a href=\"https:\/\/www.smalanningen.se\/article\/snart-bokslut-for-henriksson\/\" target=\"_blank\" rel=\"noopener\">I dagens Sm\u00e5l\u00e4nningen kan vi l\u00e4sa en l\u00e5ng intervju med Christer Henriksson.<\/a> Det \u00e4r ett reportage som \u00e4r ett bokslut av de \u00e5r Christer lagt p\u00e5 politiken i Ljungby. \u00a0Christer som inte st\u00e4ller upp i valet 2018 har gjort stora avtryck inom politiken i Ljungby.<\/p>\n<p>F\u00f6rutom att ha varit vice ordf\u00f6rande och sedermera ordf\u00f6rande i KD har Christer haft uppdrag som ledamot i kommunstyrelsen, kommunfullm\u00e4ktige, ordf\u00f6rande i Ljungbybost\u00e4der och Ljungby Energi. Christer har ocks\u00e5 varit ledamot i Landstingsfullm\u00e4ktige.<\/p>\n<p>Christer som till yrket \u00e4r jurist har en bakgrund som huvudstadsdirekt\u00f6r i Stockholms stad samt chefsjurist p\u00e5 SABO hamnade f\u00f6r c:a 20 \u00e5r sedan i Lagan. Efter att hans son som \u00e4r aktiv i KD \u00f6vertygat Christer om att \u00e4ven han skulle engagera sig i partiet s\u00e5 blev han kontaktad av lokala f\u00f6retr\u00e4dare och engagemanget p\u00e5b\u00f6rjades.<\/p>\n<p>Christer har framf\u00f6rallt brunnit f\u00f6r bostadsfr\u00e5gor, den stora fr\u00e5gan som han drivit igenom \u00e4r bostadsf\u00f6rs\u00f6rjningsprogrammet som sedermera inf\u00f6rdes.<\/p>\n<p>Christer har f\u00e5tt nytta av sitt engagemang i bostadsfr\u00e5gan d\u00e5 han bl.a. varit ordf\u00f6rande i Ljungbybost\u00e4ders styrelse.<\/p>\n<p>Christer har drivit fr\u00e5gorna om kommunens k\u00e4rnverksamhet och att hush\u00e5lla med kommunens pengar. Det har lett till ifr\u00e5gas\u00e4ttanden av b\u00e5de Arenabygget och \u00c5sikten, inte som ett motst\u00e5nd mot sj\u00e4lva byggnationerna men kring kommunens och Ljungbybost\u00e4ders roller i byggnationerna samt finansieringen av densamma.<\/p>\n<p>Christer har flera g\u00e5nger \u00a0ifr\u00e5gasatt v\u00e5rden och \u00e4ldreomsorgen och st\u00e4llde sig fr\u00e5gan &#8221;V\u00e5gar man bli gammal i Ljungby?&#8221; Ett annat uttryck vi minns Christer f\u00f6r \u00e4r &#8221;F\u00e4rre h\u00f6vdingar och fler indianer&#8221; n\u00e4r kristdemokraterna efterfr\u00e5gar mer verksamhetsn\u00e4ra personal och mindre administration.<\/p>\n<p>Christer kommer sitta kvar i kommunfullm\u00e4ktige och kommunstyrelsen under kvarvarande mandatperiod och kvarst\u00e5r \u00e4ven i partistyrelsen under samma period.<\/p>\n<p>F\u00f6r att l\u00e4sa reportaget i sin helhet kr\u00e4vs att man \u00e4r prenumerant p\u00e5 tidningen, <a href=\"https:\/\/www.smalanningen.se\/article\/snart-bokslut-for-henriksson\/\" target=\"_blank\" rel=\"noopener\">det kan l\u00e4sas h\u00e4r<\/a>.<\/p>\n<p>&nbsp;<\/p>\n","protected":false},"excerpt":{"rendered":"<p>I dagens Sm\u00e5l\u00e4nningen kan vi l\u00e4sa en l\u00e5ng intervju med Christer Henriksson. Det \u00e4r ett reportage som \u00e4r ett bokslut av de \u00e5r Christer lagt p\u00e5 politiken i Ljungby. \u00a0Christer som inte st\u00e4ller upp i valet 2018 har gjort stora avtryck inom politiken i Ljungby. F\u00f6rutom att ha varit vice ordf\u00f6rande och sedermera ordf\u00f6rande i <a class=\"read-more-link\" href=\"https:\/\/wp.kristdemokraterna.se\/ljungby\/reportage-i-dagens-smalanningen-om-christer-henriksson\/\">Read More<\/a><\/p>\n","protected":false},"author":434,"featured_media":0,"comment_status":"closed","ping_status":"closed","sticky":false,"template":"","format":"standard","meta":{"_acf_changed":false,"footnotes":""},"categories":[6],"tags":[21],"class_list":["post-655","post","type-post","status-publish","format-standard","hentry","category-nyheter","tag-christer-henriksson"],"acf":[],"yoast_head":"<!-- This site is optimized with the Yoast SEO plugin v27.4 - https:\/\/yoast.com\/product\/yoast-seo-wordpress\/ -->\n<title>Reportage om Christer Henriksson - Kristdemokraterna Ljungby<\/title>\n<meta name=\"robots\" content=\"index, follow, max-snippet:-1, max-image-preview:large, max-video-preview:-1\" \/>\n<link rel=\"canonical\" href=\"https:\/\/wp.kristdemokraterna.se\/ljungby\/reportage-i-dagens-smalanningen-om-christer-henriksson\/\" \/>\n<meta property=\"og:locale\" content=\"sv_SE\" \/>\n<meta property=\"og:type\" content=\"article\" \/>\n<meta property=\"og:title\" content=\"Reportage om Christer Henriksson - Kristdemokraterna Ljungby\" \/>\n<meta property=\"og:description\" content=\"I dagens Sm\u00e5l\u00e4nningen kan vi l\u00e4sa en l\u00e5ng intervju med Christer Henriksson. Det \u00e4r ett reportage som \u00e4r ett bokslut av de \u00e5r Christer lagt p\u00e5 politiken i Ljungby. \u00a0Christer som inte st\u00e4ller upp i valet 2018 har gjort stora avtryck inom politiken i Ljungby. F\u00f6rutom att ha varit vice ordf\u00f6rande och sedermera ordf\u00f6rande i Read More\" \/>\n<meta property=\"og:url\" content=\"https:\/\/wp.kristdemokraterna.se\/ljungby\/reportage-i-dagens-smalanningen-om-christer-henriksson\/\" \/>\n<meta property=\"og:site_name\" content=\"Kristdemokraterna Ljungby\" \/>\n<meta property=\"article:published_time\" content=\"2018-02-22T18:28:28+00:00\" \/>\n<meta property=\"article:modified_time\" content=\"2018-04-10T12:31:13+00:00\" \/>\n<meta property=\"og:image\" content=\"http:\/\/wp.kristdemokraterna.se\/ljungby\/files\/2015\/09\/img_0266-225x300.jpg\" \/>\n<meta name=\"author\" content=\"ljungby\" \/>\n<meta name=\"twitter:card\" content=\"summary_large_image\" \/>\n<meta name=\"twitter:label1\" content=\"Skriven av\" \/>\n\t<meta name=\"twitter:data1\" content=\"ljungby\" \/>\n\t<meta name=\"twitter:label2\" content=\"Ber\u00e4knad l\u00e4stid\" \/>\n\t<meta name=\"twitter:data2\" content=\"2 minuter\" \/>\n<script type=\"application\/ld+json\" class=\"yoast-schema-graph\">{\"@context\":\"https:\\\/\\\/schema.org\",\"@graph\":[{\"@type\":\"Article\",\"@id\":\"https:\\\/\\\/wp.kristdemokraterna.se\\\/ljungby\\\/reportage-i-dagens-smalanningen-om-christer-henriksson\\\/#article\",\"isPartOf\":{\"@id\":\"https:\\\/\\\/wp.kristdemokraterna.se\\\/ljungby\\\/reportage-i-dagens-smalanningen-om-christer-henriksson\\\/\"},\"author\":{\"name\":\"ljungby\",\"@id\":\"https:\\\/\\\/wp.kristdemokraterna.se\\\/ljungby\\\/#\\\/schema\\\/person\\\/ada662c5d4d309d880402ec01bfa9fc3\"},\"headline\":\"Reportage om Christer Henriksson\",\"datePublished\":\"2018-02-22T18:28:28+00:00\",\"dateModified\":\"2018-04-10T12:31:13+00:00\",\"mainEntityOfPage\":{\"@id\":\"https:\\\/\\\/wp.kristdemokraterna.se\\\/ljungby\\\/reportage-i-dagens-smalanningen-om-christer-henriksson\\\/\"},\"wordCount\":359,\"image\":{\"@id\":\"https:\\\/\\\/wp.kristdemokraterna.se\\\/ljungby\\\/reportage-i-dagens-smalanningen-om-christer-henriksson\\\/#primaryimage\"},\"thumbnailUrl\":\"http:\\\/\\\/wp.kristdemokraterna.se\\\/ljungby\\\/files\\\/2015\\\/09\\\/img_0266-225x300.jpg\",\"keywords\":[\"Christer Henriksson\"],\"articleSection\":[\"Nyheter\"],\"inLanguage\":\"sv-SE\"},{\"@type\":\"WebPage\",\"@id\":\"https:\\\/\\\/wp.kristdemokraterna.se\\\/ljungby\\\/reportage-i-dagens-smalanningen-om-christer-henriksson\\\/\",\"url\":\"https:\\\/\\\/wp.kristdemokraterna.se\\\/ljungby\\\/reportage-i-dagens-smalanningen-om-christer-henriksson\\\/\",\"name\":\"Reportage om Christer Henriksson - Kristdemokraterna Ljungby\",\"isPartOf\":{\"@id\":\"https:\\\/\\\/wp.kristdemokraterna.se\\\/ljungby\\\/#website\"},\"primaryImageOfPage\":{\"@id\":\"https:\\\/\\\/wp.kristdemokraterna.se\\\/ljungby\\\/reportage-i-dagens-smalanningen-om-christer-henriksson\\\/#primaryimage\"},\"image\":{\"@id\":\"https:\\\/\\\/wp.kristdemokraterna.se\\\/ljungby\\\/reportage-i-dagens-smalanningen-om-christer-henriksson\\\/#primaryimage\"},\"thumbnailUrl\":\"http:\\\/\\\/wp.kristdemokraterna.se\\\/ljungby\\\/files\\\/2015\\\/09\\\/img_0266-225x300.jpg\",\"datePublished\":\"2018-02-22T18:28:28+00:00\",\"dateModified\":\"2018-04-10T12:31:13+00:00\",\"author\":{\"@id\":\"https:\\\/\\\/wp.kristdemokraterna.se\\\/ljungby\\\/#\\\/schema\\\/person\\\/ada662c5d4d309d880402ec01bfa9fc3\"},\"breadcrumb\":{\"@id\":\"https:\\\/\\\/wp.kristdemokraterna.se\\\/ljungby\\\/reportage-i-dagens-smalanningen-om-christer-henriksson\\\/#breadcrumb\"},\"inLanguage\":\"sv-SE\",\"potentialAction\":[{\"@type\":\"ReadAction\",\"target\":[\"https:\\\/\\\/wp.kristdemokraterna.se\\\/ljungby\\\/reportage-i-dagens-smalanningen-om-christer-henriksson\\\/\"]}]},{\"@type\":\"ImageObject\",\"inLanguage\":\"sv-SE\",\"@id\":\"https:\\\/\\\/wp.kristdemokraterna.se\\\/ljungby\\\/reportage-i-dagens-smalanningen-om-christer-henriksson\\\/#primaryimage\",\"url\":\"http:\\\/\\\/wp.kristdemokraterna.se\\\/ljungby\\\/files\\\/2015\\\/09\\\/img_0266-225x300.jpg\",\"contentUrl\":\"http:\\\/\\\/wp.kristdemokraterna.se\\\/ljungby\\\/files\\\/2015\\\/09\\\/img_0266-225x300.jpg\"},{\"@type\":\"BreadcrumbList\",\"@id\":\"https:\\\/\\\/wp.kristdemokraterna.se\\\/ljungby\\\/reportage-i-dagens-smalanningen-om-christer-henriksson\\\/#breadcrumb\",\"itemListElement\":[{\"@type\":\"ListItem\",\"position\":1,\"name\":\"Hem\",\"item\":\"https:\\\/\\\/wp.kristdemokraterna.se\\\/ljungby\\\/\"},{\"@type\":\"ListItem\",\"position\":2,\"name\":\"Reportage om Christer Henriksson\"}]},{\"@type\":\"WebSite\",\"@id\":\"https:\\\/\\\/wp.kristdemokraterna.se\\\/ljungby\\\/#website\",\"url\":\"https:\\\/\\\/wp.kristdemokraterna.se\\\/ljungby\\\/\",\"name\":\"Kristdemokraterna Ljungby\",\"description\":\"\",\"inLanguage\":\"sv-SE\"},{\"@type\":\"Person\",\"@id\":\"https:\\\/\\\/wp.kristdemokraterna.se\\\/ljungby\\\/#\\\/schema\\\/person\\\/ada662c5d4d309d880402ec01bfa9fc3\",\"name\":\"ljungby\",\"image\":{\"@type\":\"ImageObject\",\"inLanguage\":\"sv-SE\",\"@id\":\"https:\\\/\\\/secure.gravatar.com\\\/avatar\\\/c094a9577724be90ddee7ea9cac26c1171055fef8cdee8b46ee0cfed89509ab1?s=96&r=g\",\"url\":\"https:\\\/\\\/secure.gravatar.com\\\/avatar\\\/c094a9577724be90ddee7ea9cac26c1171055fef8cdee8b46ee0cfed89509ab1?s=96&r=g\",\"contentUrl\":\"https:\\\/\\\/secure.gravatar.com\\\/avatar\\\/c094a9577724be90ddee7ea9cac26c1171055fef8cdee8b46ee0cfed89509ab1?s=96&r=g\",\"caption\":\"ljungby\"},\"url\":\"https:\\\/\\\/wp.kristdemokraterna.se\\\/ljungby\\\/author\\\/ljungby\\\/\"}]}<\/script>\n<!-- \/ Yoast SEO plugin. -->","yoast_head_json":{"title":"Reportage om Christer Henriksson - Kristdemokraterna Ljungby","robots":{"index":"index","follow":"follow","max-snippet":"max-snippet:-1","max-image-preview":"max-image-preview:large","max-video-preview":"max-video-preview:-1"},"canonical":"https:\/\/wp.kristdemokraterna.se\/ljungby\/reportage-i-dagens-smalanningen-om-christer-henriksson\/","og_locale":"sv_SE","og_type":"article","og_title":"Reportage om Christer Henriksson - Kristdemokraterna Ljungby","og_description":"I dagens Sm\u00e5l\u00e4nningen kan vi l\u00e4sa en l\u00e5ng intervju med Christer Henriksson. Det \u00e4r ett reportage som \u00e4r ett bokslut av de \u00e5r Christer lagt p\u00e5 politiken i Ljungby. \u00a0Christer som inte st\u00e4ller upp i valet 2018 har gjort stora avtryck inom politiken i Ljungby. F\u00f6rutom att ha varit vice ordf\u00f6rande och sedermera ordf\u00f6rande i Read More","og_url":"https:\/\/wp.kristdemokraterna.se\/ljungby\/reportage-i-dagens-smalanningen-om-christer-henriksson\/","og_site_name":"Kristdemokraterna Ljungby","article_published_time":"2018-02-22T18:28:28+00:00","article_modified_time":"2018-04-10T12:31:13+00:00","og_image":[{"url":"http:\/\/wp.kristdemokraterna.se\/ljungby\/files\/2015\/09\/img_0266-225x300.jpg","type":"","width":"","height":""}],"author":"ljungby","twitter_card":"summary_large_image","twitter_misc":{"Skriven av":"ljungby","Ber\u00e4knad l\u00e4stid":"2 minuter"},"schema":{"@context":"https:\/\/schema.org","@graph":[{"@type":"Article","@id":"https:\/\/wp.kristdemokraterna.se\/ljungby\/reportage-i-dagens-smalanningen-om-christer-henriksson\/#article","isPartOf":{"@id":"https:\/\/wp.kristdemokraterna.se\/ljungby\/reportage-i-dagens-smalanningen-om-christer-henriksson\/"},"author":{"name":"ljungby","@id":"https:\/\/wp.kristdemokraterna.se\/ljungby\/#\/schema\/person\/ada662c5d4d309d880402ec01bfa9fc3"},"headline":"Reportage om Christer Henriksson","datePublished":"2018-02-22T18:28:28+00:00","dateModified":"2018-04-10T12:31:13+00:00","mainEntityOfPage":{"@id":"https:\/\/wp.kristdemokraterna.se\/ljungby\/reportage-i-dagens-smalanningen-om-christer-henriksson\/"},"wordCount":359,"image":{"@id":"https:\/\/wp.kristdemokraterna.se\/ljungby\/reportage-i-dagens-smalanningen-om-christer-henriksson\/#primaryimage"},"thumbnailUrl":"http:\/\/wp.kristdemokraterna.se\/ljungby\/files\/2015\/09\/img_0266-225x300.jpg","keywords":["Christer Henriksson"],"articleSection":["Nyheter"],"inLanguage":"sv-SE"},{"@type":"WebPage","@id":"https:\/\/wp.kristdemokraterna.se\/ljungby\/reportage-i-dagens-smalanningen-om-christer-henriksson\/","url":"https:\/\/wp.kristdemokraterna.se\/ljungby\/reportage-i-dagens-smalanningen-om-christer-henriksson\/","name":"Reportage om Christer Henriksson - Kristdemokraterna Ljungby","isPartOf":{"@id":"https:\/\/wp.kristdemokraterna.se\/ljungby\/#website"},"primaryImageOfPage":{"@id":"https:\/\/wp.kristdemokraterna.se\/ljungby\/reportage-i-dagens-smalanningen-om-christer-henriksson\/#primaryimage"},"image":{"@id":"https:\/\/wp.kristdemokraterna.se\/ljungby\/reportage-i-dagens-smalanningen-om-christer-henriksson\/#primaryimage"},"thumbnailUrl":"http:\/\/wp.kristdemokraterna.se\/ljungby\/files\/2015\/09\/img_0266-225x300.jpg","datePublished":"2018-02-22T18:28:28+00:00","dateModified":"2018-04-10T12:31:13+00:00","author":{"@id":"https:\/\/wp.kristdemokraterna.se\/ljungby\/#\/schema\/person\/ada662c5d4d309d880402ec01bfa9fc3"},"breadcrumb":{"@id":"https:\/\/wp.kristdemokraterna.se\/ljungby\/reportage-i-dagens-smalanningen-om-christer-henriksson\/#breadcrumb"},"inLanguage":"sv-SE","potentialAction":[{"@type":"ReadAction","target":["https:\/\/wp.kristdemokraterna.se\/ljungby\/reportage-i-dagens-smalanningen-om-christer-henriksson\/"]}]},{"@type":"ImageObject","inLanguage":"sv-SE","@id":"https:\/\/wp.kristdemokraterna.se\/ljungby\/reportage-i-dagens-smalanningen-om-christer-henriksson\/#primaryimage","url":"http:\/\/wp.kristdemokraterna.se\/ljungby\/files\/2015\/09\/img_0266-225x300.jpg","contentUrl":"http:\/\/wp.kristdemokraterna.se\/ljungby\/files\/2015\/09\/img_0266-225x300.jpg"},{"@type":"BreadcrumbList","@id":"https:\/\/wp.kristdemokraterna.se\/ljungby\/reportage-i-dagens-smalanningen-om-christer-henriksson\/#breadcrumb","itemListElement":[{"@type":"ListItem","position":1,"name":"Hem","item":"https:\/\/wp.kristdemokraterna.se\/ljungby\/"},{"@type":"ListItem","position":2,"name":"Reportage om Christer Henriksson"}]},{"@type":"WebSite","@id":"https:\/\/wp.kristdemokraterna.se\/ljungby\/#website","url":"https:\/\/wp.kristdemokraterna.se\/ljungby\/","name":"Kristdemokraterna Ljungby","description":"","inLanguage":"sv-SE"},{"@type":"Person","@id":"https:\/\/wp.kristdemokraterna.se\/ljungby\/#\/schema\/person\/ada662c5d4d309d880402ec01bfa9fc3","name":"ljungby","image":{"@type":"ImageObject","inLanguage":"sv-SE","@id":"https:\/\/secure.gravatar.com\/avatar\/c094a9577724be90ddee7ea9cac26c1171055fef8cdee8b46ee0cfed89509ab1?s=96&r=g","url":"https:\/\/secure.gravatar.com\/avatar\/c094a9577724be90ddee7ea9cac26c1171055fef8cdee8b46ee0cfed89509ab1?s=96&r=g","contentUrl":"https:\/\/secure.gravatar.com\/avatar\/c094a9577724be90ddee7ea9cac26c1171055fef8cdee8b46ee0cfed89509ab1?s=96&r=g","caption":"ljungby"},"url":"https:\/\/wp.kristdemokraterna.se\/ljungby\/author\/ljungby\/"}]}},"_links":{"self":[{"href":"https:\/\/wp.kristdemokraterna.se\/ljungby\/wp-json\/wp\/v2\/posts\/655","targetHints":{"allow":["GET"]}}],"collection":[{"href":"https:\/\/wp.kristdemokraterna.se\/ljungby\/wp-json\/wp\/v2\/posts"}],"about":[{"href":"https:\/\/wp.kristdemokraterna.se\/ljungby\/wp-json\/wp\/v2\/types\/post"}],"author":[{"embeddable":true,"href":"https:\/\/wp.kristdemokraterna.se\/ljungby\/wp-json\/wp\/v2\/users\/434"}],"replies":[{"embeddable":true,"href":"https:\/\/wp.kristdemokraterna.se\/ljungby\/wp-json\/wp\/v2\/comments?post=655"}],"version-history":[{"count":3,"href":"https:\/\/wp.kristdemokraterna.se\/ljungby\/wp-json\/wp\/v2\/posts\/655\/revisions"}],"predecessor-version":[{"id":728,"href":"https:\/\/wp.kristdemokraterna.se\/ljungby\/wp-json\/wp\/v2\/posts\/655\/revisions\/728"}],"wp:attachment":[{"href":"https:\/\/wp.kristdemokraterna.se\/ljungby\/wp-json\/wp\/v2\/media?parent=655"}],"wp:term":[{"taxonomy":"category","embeddable":true,"href":"https:\/\/wp.kristdemokraterna.se\/ljungby\/wp-json\/wp\/v2\/categories?post=655"},{"taxonomy":"post_tag","embeddable":true,"href":"https:\/\/wp.kristdemokraterna.se\/ljungby\/wp-json\/wp\/v2\/tags?post=655"}],"curies":[{"name":"wp","href":"https:\/\/api.w.org\/{rel}","templated":true}]}}