{"id":877,"date":"2018-04-10T14:26:40","date_gmt":"2018-04-10T12:26:40","guid":{"rendered":"http:\/\/wp.kristdemokraterna.se\/ljungby\/?p=877"},"modified":"2018-04-10T14:29:54","modified_gmt":"2018-04-10T12:29:54","slug":"att-leva-med-ett-barn-med-autism","status":"publish","type":"post","link":"https:\/\/wp.kristdemokraterna.se\/ljungby\/att-leva-med-ett-barn-med-autism\/","title":{"rendered":"Att leva med ett barn med autism"},"content":{"rendered":"<div id=\"attachment_878\" style=\"width: 310px\" class=\"wp-caption alignright\"><a href=\"http:\/\/wp.kristdemokraterna.se\/ljungby\/files\/2018\/04\/img_0572.jpg\"><img loading=\"lazy\" decoding=\"async\" aria-describedby=\"caption-attachment-878\" class=\"size-medium wp-image-878\" src=\"http:\/\/wp.kristdemokraterna.se\/ljungby\/files\/2018\/04\/img_0572-300x300.jpg\" alt=\"Pia Wallenborg, kvinnan som skrivit medborgarf\u00f6rslaget om Autismskola.\" width=\"300\" height=\"300\" \/><\/a><p id=\"caption-attachment-878\" class=\"wp-caption-text\">Pia Wallenborg, som skrivit medborgarf\u00f6rslaget om Autismskola.<\/p><\/div>\n<p>P\u00e5 v\u00e5rt gruppm\u00f6te ig\u00e5r hade bjudit in Pia Wallenborg f\u00f6r att h\u00f6ra p\u00e5 hennes gripande ber\u00e4ttelse om kampen f\u00f6r sin autistiska son.<\/p>\n<p>Pia har f\u00e5tt sl\u00e5ss b\u00e5de f\u00f6r att f\u00e5 en diagnos p\u00e5 sin son, men \u00e4ven f\u00f6r r\u00e4tt hantering och bem\u00f6tande i skolan. Pia har skrivit ett medborgarf\u00f6rslag om att utreda m\u00f6jligheterna att starta resursskola i Ljungby f\u00f6r att ha en anpassad skolg\u00e5ng f\u00f6r barn med autism och andra NPF-diagnoser f\u00f6r att inte fler barn och familjer ska drabbas av samma motg\u00e5ngar som Pia och hennes familj drabbats av.<\/p>\n<p>V\u00e5r riksdagsledamot och skolpolitiska talesperson Annika Eclund har skrivit en <a href=\"http:\/\/skolvarlden.se\/artiklar\/jag-tror-inte-pa-inkludering-till-varje-pris\" target=\"_blank\" rel=\"noopener\">debattartikel i \u00e4mnet som ber\u00f6r precis det som Pia efterfr\u00e5gar.<\/a><\/p>\n<div id=\"attachment_879\" style=\"width: 235px\" class=\"wp-caption alignleft\"><a href=\"http:\/\/wp.kristdemokraterna.se\/ljungby\/files\/2018\/04\/0480339311713_max.jpg\"><img loading=\"lazy\" decoding=\"async\" aria-describedby=\"caption-attachment-879\" class=\"size-medium wp-image-879\" src=\"http:\/\/wp.kristdemokraterna.se\/ljungby\/files\/2018\/04\/0480339311713_max-225x300.jpg\" alt=\"Annika Eclund- Riksdagsledamot och Skolpolitisk talesperson\" width=\"225\" height=\"300\" srcset=\"https:\/\/wp.kristdemokraterna.se\/ljungby\/files\/2018\/04\/0480339311713_max-225x300.jpg 225w, https:\/\/wp.kristdemokraterna.se\/ljungby\/files\/2018\/04\/0480339311713_max-768x1024.jpg 768w, https:\/\/wp.kristdemokraterna.se\/ljungby\/files\/2018\/04\/0480339311713_max-405x540.jpg 405w, https:\/\/wp.kristdemokraterna.se\/ljungby\/files\/2018\/04\/0480339311713_max-150x200.jpg 150w, https:\/\/wp.kristdemokraterna.se\/ljungby\/files\/2018\/04\/0480339311713_max-370x493.jpg 370w, https:\/\/wp.kristdemokraterna.se\/ljungby\/files\/2018\/04\/0480339311713_max-770x1027.jpg 770w, https:\/\/wp.kristdemokraterna.se\/ljungby\/files\/2018\/04\/0480339311713_max-450x600.jpg 450w, https:\/\/wp.kristdemokraterna.se\/ljungby\/files\/2018\/04\/0480339311713_max-280x373.jpg 280w, https:\/\/wp.kristdemokraterna.se\/ljungby\/files\/2018\/04\/0480339311713_max-340x453.jpg 340w, https:\/\/wp.kristdemokraterna.se\/ljungby\/files\/2018\/04\/0480339311713_max-42x56.jpg 42w\" sizes=\"auto, (max-width: 225px) 100vw, 225px\" \/><\/a><p id=\"caption-attachment-879\" class=\"wp-caption-text\">Annika Eclund- Riksdagsledamot och Skolpolitisk talesperson<\/p><\/div>\n<p>Annika Eclund:<\/p>\n<blockquote><p>&#8221;Man \u00e4r s\u00e5 r\u00e4dd f\u00f6r att stigmatisera elever genom att peka ut dem som annorlunda. Men den verkliga stigmatiseringen sker genom att vi har ett system d\u00e4r man m\u00e5ste utredas&#8221;<\/p><\/blockquote>\n<p>Medborgarf\u00f6rslaget skall tas upp i n\u00e4sta kommunfullm\u00e4ktige och vi ville d\u00e4rf\u00f6r veta mer om bakgrunden till f\u00f6rslaget. D\u00e4rf\u00f6r var vi tacksamma att Pia ville st\u00e4lla upp p\u00e5 ett samtal med v\u00e5r lokala partigrupp.<\/p>\n<p>&nbsp;<\/p>\n<p>&nbsp;<\/p>\n<p>&nbsp;<\/p>\n<p><a href=\"http:\/\/skolvarlden.se\/artiklar\/jag-tror-inte-pa-inkludering-till-varje-pris\" target=\"_blank\" rel=\"noopener\">&#8221;Jag tror inte p\u00e5 inkludering till varje pris&#8221;<\/a> &#8211; Debattartikel Annika Eclund 2015-04-22<\/p>\n","protected":false},"excerpt":{"rendered":"<p>P\u00e5 v\u00e5rt gruppm\u00f6te ig\u00e5r hade bjudit in Pia Wallenborg f\u00f6r att h\u00f6ra p\u00e5 hennes gripande ber\u00e4ttelse om kampen f\u00f6r sin autistiska son. Pia har f\u00e5tt sl\u00e5ss b\u00e5de f\u00f6r att f\u00e5 en diagnos p\u00e5 sin son, men \u00e4ven f\u00f6r r\u00e4tt hantering och bem\u00f6tande i skolan. Pia har skrivit ett medborgarf\u00f6rslag om att utreda m\u00f6jligheterna att starta <a class=\"read-more-link\" href=\"https:\/\/wp.kristdemokraterna.se\/ljungby\/att-leva-med-ett-barn-med-autism\/\">Read More<\/a><\/p>\n","protected":false},"author":438,"featured_media":0,"comment_status":"closed","ping_status":"closed","sticky":false,"template":"","format":"standard","meta":{"_acf_changed":false,"footnotes":""},"categories":[5,6],"tags":[],"class_list":["post-877","post","type-post","status-publish","format-standard","hentry","category-information","category-nyheter"],"acf":[],"yoast_head":"<!-- This site is optimized with the Yoast SEO plugin v27.4 - https:\/\/yoast.com\/product\/yoast-seo-wordpress\/ -->\n<title>Att leva med ett barn med autism - Kristdemokraterna Ljungby<\/title>\n<meta name=\"robots\" content=\"index, follow, max-snippet:-1, max-image-preview:large, max-video-preview:-1\" \/>\n<link rel=\"canonical\" href=\"https:\/\/wp.kristdemokraterna.se\/ljungby\/att-leva-med-ett-barn-med-autism\/\" \/>\n<meta property=\"og:locale\" content=\"sv_SE\" \/>\n<meta property=\"og:type\" content=\"article\" \/>\n<meta property=\"og:title\" content=\"Att leva med ett barn med autism - Kristdemokraterna Ljungby\" \/>\n<meta property=\"og:description\" content=\"P\u00e5 v\u00e5rt gruppm\u00f6te ig\u00e5r hade bjudit in Pia Wallenborg f\u00f6r att h\u00f6ra p\u00e5 hennes gripande ber\u00e4ttelse om kampen f\u00f6r sin autistiska son. Pia har f\u00e5tt sl\u00e5ss b\u00e5de f\u00f6r att f\u00e5 en diagnos p\u00e5 sin son, men \u00e4ven f\u00f6r r\u00e4tt hantering och bem\u00f6tande i skolan. Pia har skrivit ett medborgarf\u00f6rslag om att utreda m\u00f6jligheterna att starta Read More\" \/>\n<meta property=\"og:url\" content=\"https:\/\/wp.kristdemokraterna.se\/ljungby\/att-leva-med-ett-barn-med-autism\/\" \/>\n<meta property=\"og:site_name\" content=\"Kristdemokraterna Ljungby\" \/>\n<meta property=\"article:published_time\" content=\"2018-04-10T12:26:40+00:00\" \/>\n<meta property=\"article:modified_time\" content=\"2018-04-10T12:29:54+00:00\" \/>\n<meta property=\"og:image\" content=\"http:\/\/wp.kristdemokraterna.se\/ljungby\/files\/2018\/04\/img_0572-300x300.jpg\" \/>\n<meta name=\"author\" content=\"joti\" \/>\n<meta name=\"twitter:card\" content=\"summary_large_image\" \/>\n<meta name=\"twitter:label1\" content=\"Skriven av\" \/>\n\t<meta name=\"twitter:data1\" content=\"joti\" \/>\n\t<meta name=\"twitter:label2\" content=\"Ber\u00e4knad l\u00e4stid\" \/>\n\t<meta name=\"twitter:data2\" content=\"1 minut\" \/>\n<script type=\"application\/ld+json\" class=\"yoast-schema-graph\">{\"@context\":\"https:\\\/\\\/schema.org\",\"@graph\":[{\"@type\":\"Article\",\"@id\":\"https:\\\/\\\/wp.kristdemokraterna.se\\\/ljungby\\\/att-leva-med-ett-barn-med-autism\\\/#article\",\"isPartOf\":{\"@id\":\"https:\\\/\\\/wp.kristdemokraterna.se\\\/ljungby\\\/att-leva-med-ett-barn-med-autism\\\/\"},\"author\":{\"name\":\"joti\",\"@id\":\"https:\\\/\\\/wp.kristdemokraterna.se\\\/ljungby\\\/#\\\/schema\\\/person\\\/9a9f9eda88b5fb0c4be49261c7adff16\"},\"headline\":\"Att leva med ett barn med autism\",\"datePublished\":\"2018-04-10T12:26:40+00:00\",\"dateModified\":\"2018-04-10T12:29:54+00:00\",\"mainEntityOfPage\":{\"@id\":\"https:\\\/\\\/wp.kristdemokraterna.se\\\/ljungby\\\/att-leva-med-ett-barn-med-autism\\\/\"},\"wordCount\":265,\"image\":{\"@id\":\"https:\\\/\\\/wp.kristdemokraterna.se\\\/ljungby\\\/att-leva-med-ett-barn-med-autism\\\/#primaryimage\"},\"thumbnailUrl\":\"http:\\\/\\\/wp.kristdemokraterna.se\\\/ljungby\\\/files\\\/2018\\\/04\\\/img_0572-300x300.jpg\",\"articleSection\":[\"Information\",\"Nyheter\"],\"inLanguage\":\"sv-SE\"},{\"@type\":\"WebPage\",\"@id\":\"https:\\\/\\\/wp.kristdemokraterna.se\\\/ljungby\\\/att-leva-med-ett-barn-med-autism\\\/\",\"url\":\"https:\\\/\\\/wp.kristdemokraterna.se\\\/ljungby\\\/att-leva-med-ett-barn-med-autism\\\/\",\"name\":\"Att leva med ett barn med autism - Kristdemokraterna Ljungby\",\"isPartOf\":{\"@id\":\"https:\\\/\\\/wp.kristdemokraterna.se\\\/ljungby\\\/#website\"},\"primaryImageOfPage\":{\"@id\":\"https:\\\/\\\/wp.kristdemokraterna.se\\\/ljungby\\\/att-leva-med-ett-barn-med-autism\\\/#primaryimage\"},\"image\":{\"@id\":\"https:\\\/\\\/wp.kristdemokraterna.se\\\/ljungby\\\/att-leva-med-ett-barn-med-autism\\\/#primaryimage\"},\"thumbnailUrl\":\"http:\\\/\\\/wp.kristdemokraterna.se\\\/ljungby\\\/files\\\/2018\\\/04\\\/img_0572-300x300.jpg\",\"datePublished\":\"2018-04-10T12:26:40+00:00\",\"dateModified\":\"2018-04-10T12:29:54+00:00\",\"author\":{\"@id\":\"https:\\\/\\\/wp.kristdemokraterna.se\\\/ljungby\\\/#\\\/schema\\\/person\\\/9a9f9eda88b5fb0c4be49261c7adff16\"},\"breadcrumb\":{\"@id\":\"https:\\\/\\\/wp.kristdemokraterna.se\\\/ljungby\\\/att-leva-med-ett-barn-med-autism\\\/#breadcrumb\"},\"inLanguage\":\"sv-SE\",\"potentialAction\":[{\"@type\":\"ReadAction\",\"target\":[\"https:\\\/\\\/wp.kristdemokraterna.se\\\/ljungby\\\/att-leva-med-ett-barn-med-autism\\\/\"]}]},{\"@type\":\"ImageObject\",\"inLanguage\":\"sv-SE\",\"@id\":\"https:\\\/\\\/wp.kristdemokraterna.se\\\/ljungby\\\/att-leva-med-ett-barn-med-autism\\\/#primaryimage\",\"url\":\"http:\\\/\\\/wp.kristdemokraterna.se\\\/ljungby\\\/files\\\/2018\\\/04\\\/img_0572-300x300.jpg\",\"contentUrl\":\"http:\\\/\\\/wp.kristdemokraterna.se\\\/ljungby\\\/files\\\/2018\\\/04\\\/img_0572-300x300.jpg\"},{\"@type\":\"BreadcrumbList\",\"@id\":\"https:\\\/\\\/wp.kristdemokraterna.se\\\/ljungby\\\/att-leva-med-ett-barn-med-autism\\\/#breadcrumb\",\"itemListElement\":[{\"@type\":\"ListItem\",\"position\":1,\"name\":\"Hem\",\"item\":\"https:\\\/\\\/wp.kristdemokraterna.se\\\/ljungby\\\/\"},{\"@type\":\"ListItem\",\"position\":2,\"name\":\"Att leva med ett barn med autism\"}]},{\"@type\":\"WebSite\",\"@id\":\"https:\\\/\\\/wp.kristdemokraterna.se\\\/ljungby\\\/#website\",\"url\":\"https:\\\/\\\/wp.kristdemokraterna.se\\\/ljungby\\\/\",\"name\":\"Kristdemokraterna Ljungby\",\"description\":\"\",\"inLanguage\":\"sv-SE\"},{\"@type\":\"Person\",\"@id\":\"https:\\\/\\\/wp.kristdemokraterna.se\\\/ljungby\\\/#\\\/schema\\\/person\\\/9a9f9eda88b5fb0c4be49261c7adff16\",\"name\":\"joti\",\"image\":{\"@type\":\"ImageObject\",\"inLanguage\":\"sv-SE\",\"@id\":\"https:\\\/\\\/secure.gravatar.com\\\/avatar\\\/489c31b66d609fabc20e87b17d2eca4b037876377a6fabee18a78ecf272a9a03?s=96&r=g\",\"url\":\"https:\\\/\\\/secure.gravatar.com\\\/avatar\\\/489c31b66d609fabc20e87b17d2eca4b037876377a6fabee18a78ecf272a9a03?s=96&r=g\",\"contentUrl\":\"https:\\\/\\\/secure.gravatar.com\\\/avatar\\\/489c31b66d609fabc20e87b17d2eca4b037876377a6fabee18a78ecf272a9a03?s=96&r=g\",\"caption\":\"joti\"},\"url\":\"https:\\\/\\\/wp.kristdemokraterna.se\\\/ljungby\\\/author\\\/joseftingbratt\\\/\"}]}<\/script>\n<!-- \/ Yoast SEO plugin. -->","yoast_head_json":{"title":"Att leva med ett barn med autism - Kristdemokraterna Ljungby","robots":{"index":"index","follow":"follow","max-snippet":"max-snippet:-1","max-image-preview":"max-image-preview:large","max-video-preview":"max-video-preview:-1"},"canonical":"https:\/\/wp.kristdemokraterna.se\/ljungby\/att-leva-med-ett-barn-med-autism\/","og_locale":"sv_SE","og_type":"article","og_title":"Att leva med ett barn med autism - Kristdemokraterna Ljungby","og_description":"P\u00e5 v\u00e5rt gruppm\u00f6te ig\u00e5r hade bjudit in Pia Wallenborg f\u00f6r att h\u00f6ra p\u00e5 hennes gripande ber\u00e4ttelse om kampen f\u00f6r sin autistiska son. Pia har f\u00e5tt sl\u00e5ss b\u00e5de f\u00f6r att f\u00e5 en diagnos p\u00e5 sin son, men \u00e4ven f\u00f6r r\u00e4tt hantering och bem\u00f6tande i skolan. Pia har skrivit ett medborgarf\u00f6rslag om att utreda m\u00f6jligheterna att starta Read More","og_url":"https:\/\/wp.kristdemokraterna.se\/ljungby\/att-leva-med-ett-barn-med-autism\/","og_site_name":"Kristdemokraterna Ljungby","article_published_time":"2018-04-10T12:26:40+00:00","article_modified_time":"2018-04-10T12:29:54+00:00","og_image":[{"url":"http:\/\/wp.kristdemokraterna.se\/ljungby\/files\/2018\/04\/img_0572-300x300.jpg","type":"","width":"","height":""}],"author":"joti","twitter_card":"summary_large_image","twitter_misc":{"Skriven av":"joti","Ber\u00e4knad l\u00e4stid":"1 minut"},"schema":{"@context":"https:\/\/schema.org","@graph":[{"@type":"Article","@id":"https:\/\/wp.kristdemokraterna.se\/ljungby\/att-leva-med-ett-barn-med-autism\/#article","isPartOf":{"@id":"https:\/\/wp.kristdemokraterna.se\/ljungby\/att-leva-med-ett-barn-med-autism\/"},"author":{"name":"joti","@id":"https:\/\/wp.kristdemokraterna.se\/ljungby\/#\/schema\/person\/9a9f9eda88b5fb0c4be49261c7adff16"},"headline":"Att leva med ett barn med autism","datePublished":"2018-04-10T12:26:40+00:00","dateModified":"2018-04-10T12:29:54+00:00","mainEntityOfPage":{"@id":"https:\/\/wp.kristdemokraterna.se\/ljungby\/att-leva-med-ett-barn-med-autism\/"},"wordCount":265,"image":{"@id":"https:\/\/wp.kristdemokraterna.se\/ljungby\/att-leva-med-ett-barn-med-autism\/#primaryimage"},"thumbnailUrl":"http:\/\/wp.kristdemokraterna.se\/ljungby\/files\/2018\/04\/img_0572-300x300.jpg","articleSection":["Information","Nyheter"],"inLanguage":"sv-SE"},{"@type":"WebPage","@id":"https:\/\/wp.kristdemokraterna.se\/ljungby\/att-leva-med-ett-barn-med-autism\/","url":"https:\/\/wp.kristdemokraterna.se\/ljungby\/att-leva-med-ett-barn-med-autism\/","name":"Att leva med ett barn med autism - Kristdemokraterna Ljungby","isPartOf":{"@id":"https:\/\/wp.kristdemokraterna.se\/ljungby\/#website"},"primaryImageOfPage":{"@id":"https:\/\/wp.kristdemokraterna.se\/ljungby\/att-leva-med-ett-barn-med-autism\/#primaryimage"},"image":{"@id":"https:\/\/wp.kristdemokraterna.se\/ljungby\/att-leva-med-ett-barn-med-autism\/#primaryimage"},"thumbnailUrl":"http:\/\/wp.kristdemokraterna.se\/ljungby\/files\/2018\/04\/img_0572-300x300.jpg","datePublished":"2018-04-10T12:26:40+00:00","dateModified":"2018-04-10T12:29:54+00:00","author":{"@id":"https:\/\/wp.kristdemokraterna.se\/ljungby\/#\/schema\/person\/9a9f9eda88b5fb0c4be49261c7adff16"},"breadcrumb":{"@id":"https:\/\/wp.kristdemokraterna.se\/ljungby\/att-leva-med-ett-barn-med-autism\/#breadcrumb"},"inLanguage":"sv-SE","potentialAction":[{"@type":"ReadAction","target":["https:\/\/wp.kristdemokraterna.se\/ljungby\/att-leva-med-ett-barn-med-autism\/"]}]},{"@type":"ImageObject","inLanguage":"sv-SE","@id":"https:\/\/wp.kristdemokraterna.se\/ljungby\/att-leva-med-ett-barn-med-autism\/#primaryimage","url":"http:\/\/wp.kristdemokraterna.se\/ljungby\/files\/2018\/04\/img_0572-300x300.jpg","contentUrl":"http:\/\/wp.kristdemokraterna.se\/ljungby\/files\/2018\/04\/img_0572-300x300.jpg"},{"@type":"BreadcrumbList","@id":"https:\/\/wp.kristdemokraterna.se\/ljungby\/att-leva-med-ett-barn-med-autism\/#breadcrumb","itemListElement":[{"@type":"ListItem","position":1,"name":"Hem","item":"https:\/\/wp.kristdemokraterna.se\/ljungby\/"},{"@type":"ListItem","position":2,"name":"Att leva med ett barn med autism"}]},{"@type":"WebSite","@id":"https:\/\/wp.kristdemokraterna.se\/ljungby\/#website","url":"https:\/\/wp.kristdemokraterna.se\/ljungby\/","name":"Kristdemokraterna Ljungby","description":"","inLanguage":"sv-SE"},{"@type":"Person","@id":"https:\/\/wp.kristdemokraterna.se\/ljungby\/#\/schema\/person\/9a9f9eda88b5fb0c4be49261c7adff16","name":"joti","image":{"@type":"ImageObject","inLanguage":"sv-SE","@id":"https:\/\/secure.gravatar.com\/avatar\/489c31b66d609fabc20e87b17d2eca4b037876377a6fabee18a78ecf272a9a03?s=96&r=g","url":"https:\/\/secure.gravatar.com\/avatar\/489c31b66d609fabc20e87b17d2eca4b037876377a6fabee18a78ecf272a9a03?s=96&r=g","contentUrl":"https:\/\/secure.gravatar.com\/avatar\/489c31b66d609fabc20e87b17d2eca4b037876377a6fabee18a78ecf272a9a03?s=96&r=g","caption":"joti"},"url":"https:\/\/wp.kristdemokraterna.se\/ljungby\/author\/joseftingbratt\/"}]}},"_links":{"self":[{"href":"https:\/\/wp.kristdemokraterna.se\/ljungby\/wp-json\/wp\/v2\/posts\/877","targetHints":{"allow":["GET"]}}],"collection":[{"href":"https:\/\/wp.kristdemokraterna.se\/ljungby\/wp-json\/wp\/v2\/posts"}],"about":[{"href":"https:\/\/wp.kristdemokraterna.se\/ljungby\/wp-json\/wp\/v2\/types\/post"}],"author":[{"embeddable":true,"href":"https:\/\/wp.kristdemokraterna.se\/ljungby\/wp-json\/wp\/v2\/users\/438"}],"replies":[{"embeddable":true,"href":"https:\/\/wp.kristdemokraterna.se\/ljungby\/wp-json\/wp\/v2\/comments?post=877"}],"version-history":[{"count":5,"href":"https:\/\/wp.kristdemokraterna.se\/ljungby\/wp-json\/wp\/v2\/posts\/877\/revisions"}],"predecessor-version":[{"id":884,"href":"https:\/\/wp.kristdemokraterna.se\/ljungby\/wp-json\/wp\/v2\/posts\/877\/revisions\/884"}],"wp:attachment":[{"href":"https:\/\/wp.kristdemokraterna.se\/ljungby\/wp-json\/wp\/v2\/media?parent=877"}],"wp:term":[{"taxonomy":"category","embeddable":true,"href":"https:\/\/wp.kristdemokraterna.se\/ljungby\/wp-json\/wp\/v2\/categories?post=877"},{"taxonomy":"post_tag","embeddable":true,"href":"https:\/\/wp.kristdemokraterna.se\/ljungby\/wp-json\/wp\/v2\/tags?post=877"}],"curies":[{"name":"wp","href":"https:\/\/api.w.org\/{rel}","templated":true}]}}