{"id":888,"date":"2018-04-12T11:10:13","date_gmt":"2018-04-12T09:10:13","guid":{"rendered":"http:\/\/wp.kristdemokraterna.se\/ljungby\/?p=888"},"modified":"2018-04-12T11:10:13","modified_gmt":"2018-04-12T09:10:13","slug":"det-ar-vart-att-utreda-behovet-av-en-resursskola","status":"publish","type":"post","link":"https:\/\/wp.kristdemokraterna.se\/ljungby\/det-ar-vart-att-utreda-behovet-av-en-resursskola\/","title":{"rendered":"Det \u00e4r v\u00e4rt att utreda behovet av en resursskola"},"content":{"rendered":"<p><a href=\"https:\/\/www.smalanningen.se\/article\/tingbratt-det-ar-vart-att-utreda-behovet-av-en-resursskola\/\" target=\"_blank\" rel=\"noopener\">I dagens Sm\u00e5l\u00e4nningen tillfr\u00e5gas v\u00e5r ordf\u00f6rande<\/a> och tillika ledamot i Barn-och Utbildningsn\u00e4mnden Susanna Tingbratt om hennes syn p\u00e5 medborgarf\u00f6rslaget om resursskola.<\/p>\n<blockquote><p>&#8221; Personligen tycker jag att det kan vara v\u00e4rt att utreda och se vad det finns f\u00f6r behov i Ljungby, och vad kostnaden skulle bli, s\u00e4ger hon&#8221;<\/p><\/blockquote>\n<p>Artikeln kr\u00e4ver prenumeration, men i korthet s\u00e5 tillfr\u00e5gas Susanna och barn- och utbildningsn\u00e4mndens ordf\u00f6rande \u00a0i artikeln om hur de ser p\u00e5 fr\u00e5gan och d\u00e4r vi kristdemokrater ser att behovet m\u00e5ste utredas anser n\u00e4mndens ordf\u00f6rande att det inte beh\u00f6vs.<\/p>\n<p>Vi bj\u00f6d in Pia f\u00f6r att f\u00e5 hennes syn p\u00e5 varf\u00f6r en resursskola beh\u00f6vs och har \u00e4ven diskuterat fr\u00e5gan inom Kristdemokraterna innan genom att ta kontakt med v\u00e5r skolpolitiska talesperson och medlemmar som arbetar med elevh\u00e4lsa.<\/p>\n<blockquote><p>&#8221;Jag ins\u00e5g att min egen kunskap om autism och resursskolor var f\u00f6r d\u00e5lig och d\u00e5 bj\u00f6d jag in Pia f\u00f6r att h\u00f6ra hennes ber\u00e4ttelse om sonens diagnos och skolg\u00e5ng. Jag har ocks\u00e5 pratat med v\u00e5r skolpolitiska talesperson Annika Eclund och med politiker i V\u00e4xj\u00f6 som k\u00e4nner till resursskolan d\u00e4r Sofieberg.&#8221;<\/p><\/blockquote>\n<p>Vi kommer f\u00e5 tillf\u00e4lle att \u00e5terkomma i fr\u00e5gan n\u00e4r \u00e4rendet kommer upp p\u00e5 Kommunfullm\u00e4ktige den 23:e april.<\/p>\n<p>&nbsp;<\/p>\n","protected":false},"excerpt":{"rendered":"<p>I dagens Sm\u00e5l\u00e4nningen tillfr\u00e5gas v\u00e5r ordf\u00f6rande och tillika ledamot i Barn-och Utbildningsn\u00e4mnden Susanna Tingbratt om hennes syn p\u00e5 medborgarf\u00f6rslaget om resursskola. &#8221; Personligen tycker jag att det kan vara v\u00e4rt att utreda och se vad det finns f\u00f6r behov i Ljungby, och vad kostnaden skulle bli, s\u00e4ger hon&#8221; Artikeln kr\u00e4ver prenumeration, men i korthet s\u00e5 <a class=\"read-more-link\" href=\"https:\/\/wp.kristdemokraterna.se\/ljungby\/det-ar-vart-att-utreda-behovet-av-en-resursskola\/\">Read More<\/a><\/p>\n","protected":false},"author":438,"featured_media":0,"comment_status":"closed","ping_status":"closed","sticky":false,"template":"","format":"standard","meta":{"_acf_changed":false,"footnotes":""},"categories":[5,6],"tags":[],"class_list":["post-888","post","type-post","status-publish","format-standard","hentry","category-information","category-nyheter"],"acf":[],"yoast_head":"<!-- This site is optimized with the Yoast SEO plugin v27.4 - https:\/\/yoast.com\/product\/yoast-seo-wordpress\/ -->\n<title>Det \u00e4r v\u00e4rt att utreda behovet av en resursskola - Kristdemokraterna Ljungby<\/title>\n<meta name=\"robots\" content=\"index, follow, max-snippet:-1, max-image-preview:large, max-video-preview:-1\" \/>\n<link rel=\"canonical\" href=\"https:\/\/wp.kristdemokraterna.se\/ljungby\/det-ar-vart-att-utreda-behovet-av-en-resursskola\/\" \/>\n<meta property=\"og:locale\" content=\"sv_SE\" \/>\n<meta property=\"og:type\" content=\"article\" \/>\n<meta property=\"og:title\" content=\"Det \u00e4r v\u00e4rt att utreda behovet av en resursskola - Kristdemokraterna Ljungby\" \/>\n<meta property=\"og:description\" content=\"I dagens Sm\u00e5l\u00e4nningen tillfr\u00e5gas v\u00e5r ordf\u00f6rande och tillika ledamot i Barn-och Utbildningsn\u00e4mnden Susanna Tingbratt om hennes syn p\u00e5 medborgarf\u00f6rslaget om resursskola. &#8221; Personligen tycker jag att det kan vara v\u00e4rt att utreda och se vad det finns f\u00f6r behov i Ljungby, och vad kostnaden skulle bli, s\u00e4ger hon&#8221; Artikeln kr\u00e4ver prenumeration, men i korthet s\u00e5 Read More\" \/>\n<meta property=\"og:url\" content=\"https:\/\/wp.kristdemokraterna.se\/ljungby\/det-ar-vart-att-utreda-behovet-av-en-resursskola\/\" \/>\n<meta property=\"og:site_name\" content=\"Kristdemokraterna Ljungby\" \/>\n<meta property=\"article:published_time\" content=\"2018-04-12T09:10:13+00:00\" \/>\n<meta name=\"author\" content=\"joti\" \/>\n<meta name=\"twitter:card\" content=\"summary_large_image\" \/>\n<meta name=\"twitter:label1\" content=\"Skriven av\" \/>\n\t<meta name=\"twitter:data1\" content=\"joti\" \/>\n\t<meta name=\"twitter:label2\" content=\"Ber\u00e4knad l\u00e4stid\" \/>\n\t<meta name=\"twitter:data2\" content=\"1 minut\" \/>\n<script type=\"application\/ld+json\" class=\"yoast-schema-graph\">{\"@context\":\"https:\\\/\\\/schema.org\",\"@graph\":[{\"@type\":\"Article\",\"@id\":\"https:\\\/\\\/wp.kristdemokraterna.se\\\/ljungby\\\/det-ar-vart-att-utreda-behovet-av-en-resursskola\\\/#article\",\"isPartOf\":{\"@id\":\"https:\\\/\\\/wp.kristdemokraterna.se\\\/ljungby\\\/det-ar-vart-att-utreda-behovet-av-en-resursskola\\\/\"},\"author\":{\"name\":\"joti\",\"@id\":\"https:\\\/\\\/wp.kristdemokraterna.se\\\/ljungby\\\/#\\\/schema\\\/person\\\/9a9f9eda88b5fb0c4be49261c7adff16\"},\"headline\":\"Det \u00e4r v\u00e4rt att utreda behovet av en resursskola\",\"datePublished\":\"2018-04-12T09:10:13+00:00\",\"mainEntityOfPage\":{\"@id\":\"https:\\\/\\\/wp.kristdemokraterna.se\\\/ljungby\\\/det-ar-vart-att-utreda-behovet-av-en-resursskola\\\/\"},\"wordCount\":242,\"articleSection\":[\"Information\",\"Nyheter\"],\"inLanguage\":\"sv-SE\"},{\"@type\":\"WebPage\",\"@id\":\"https:\\\/\\\/wp.kristdemokraterna.se\\\/ljungby\\\/det-ar-vart-att-utreda-behovet-av-en-resursskola\\\/\",\"url\":\"https:\\\/\\\/wp.kristdemokraterna.se\\\/ljungby\\\/det-ar-vart-att-utreda-behovet-av-en-resursskola\\\/\",\"name\":\"Det \u00e4r v\u00e4rt att utreda behovet av en resursskola - Kristdemokraterna Ljungby\",\"isPartOf\":{\"@id\":\"https:\\\/\\\/wp.kristdemokraterna.se\\\/ljungby\\\/#website\"},\"datePublished\":\"2018-04-12T09:10:13+00:00\",\"author\":{\"@id\":\"https:\\\/\\\/wp.kristdemokraterna.se\\\/ljungby\\\/#\\\/schema\\\/person\\\/9a9f9eda88b5fb0c4be49261c7adff16\"},\"breadcrumb\":{\"@id\":\"https:\\\/\\\/wp.kristdemokraterna.se\\\/ljungby\\\/det-ar-vart-att-utreda-behovet-av-en-resursskola\\\/#breadcrumb\"},\"inLanguage\":\"sv-SE\",\"potentialAction\":[{\"@type\":\"ReadAction\",\"target\":[\"https:\\\/\\\/wp.kristdemokraterna.se\\\/ljungby\\\/det-ar-vart-att-utreda-behovet-av-en-resursskola\\\/\"]}]},{\"@type\":\"BreadcrumbList\",\"@id\":\"https:\\\/\\\/wp.kristdemokraterna.se\\\/ljungby\\\/det-ar-vart-att-utreda-behovet-av-en-resursskola\\\/#breadcrumb\",\"itemListElement\":[{\"@type\":\"ListItem\",\"position\":1,\"name\":\"Hem\",\"item\":\"https:\\\/\\\/wp.kristdemokraterna.se\\\/ljungby\\\/\"},{\"@type\":\"ListItem\",\"position\":2,\"name\":\"Det \u00e4r v\u00e4rt att utreda behovet av en resursskola\"}]},{\"@type\":\"WebSite\",\"@id\":\"https:\\\/\\\/wp.kristdemokraterna.se\\\/ljungby\\\/#website\",\"url\":\"https:\\\/\\\/wp.kristdemokraterna.se\\\/ljungby\\\/\",\"name\":\"Kristdemokraterna Ljungby\",\"description\":\"\",\"inLanguage\":\"sv-SE\"},{\"@type\":\"Person\",\"@id\":\"https:\\\/\\\/wp.kristdemokraterna.se\\\/ljungby\\\/#\\\/schema\\\/person\\\/9a9f9eda88b5fb0c4be49261c7adff16\",\"name\":\"joti\",\"image\":{\"@type\":\"ImageObject\",\"inLanguage\":\"sv-SE\",\"@id\":\"https:\\\/\\\/secure.gravatar.com\\\/avatar\\\/489c31b66d609fabc20e87b17d2eca4b037876377a6fabee18a78ecf272a9a03?s=96&r=g\",\"url\":\"https:\\\/\\\/secure.gravatar.com\\\/avatar\\\/489c31b66d609fabc20e87b17d2eca4b037876377a6fabee18a78ecf272a9a03?s=96&r=g\",\"contentUrl\":\"https:\\\/\\\/secure.gravatar.com\\\/avatar\\\/489c31b66d609fabc20e87b17d2eca4b037876377a6fabee18a78ecf272a9a03?s=96&r=g\",\"caption\":\"joti\"},\"url\":\"https:\\\/\\\/wp.kristdemokraterna.se\\\/ljungby\\\/author\\\/joseftingbratt\\\/\"}]}<\/script>\n<!-- \/ Yoast SEO plugin. -->","yoast_head_json":{"title":"Det \u00e4r v\u00e4rt att utreda behovet av en resursskola - Kristdemokraterna Ljungby","robots":{"index":"index","follow":"follow","max-snippet":"max-snippet:-1","max-image-preview":"max-image-preview:large","max-video-preview":"max-video-preview:-1"},"canonical":"https:\/\/wp.kristdemokraterna.se\/ljungby\/det-ar-vart-att-utreda-behovet-av-en-resursskola\/","og_locale":"sv_SE","og_type":"article","og_title":"Det \u00e4r v\u00e4rt att utreda behovet av en resursskola - Kristdemokraterna Ljungby","og_description":"I dagens Sm\u00e5l\u00e4nningen tillfr\u00e5gas v\u00e5r ordf\u00f6rande och tillika ledamot i Barn-och Utbildningsn\u00e4mnden Susanna Tingbratt om hennes syn p\u00e5 medborgarf\u00f6rslaget om resursskola. &#8221; Personligen tycker jag att det kan vara v\u00e4rt att utreda och se vad det finns f\u00f6r behov i Ljungby, och vad kostnaden skulle bli, s\u00e4ger hon&#8221; Artikeln kr\u00e4ver prenumeration, men i korthet s\u00e5 Read More","og_url":"https:\/\/wp.kristdemokraterna.se\/ljungby\/det-ar-vart-att-utreda-behovet-av-en-resursskola\/","og_site_name":"Kristdemokraterna Ljungby","article_published_time":"2018-04-12T09:10:13+00:00","author":"joti","twitter_card":"summary_large_image","twitter_misc":{"Skriven av":"joti","Ber\u00e4knad l\u00e4stid":"1 minut"},"schema":{"@context":"https:\/\/schema.org","@graph":[{"@type":"Article","@id":"https:\/\/wp.kristdemokraterna.se\/ljungby\/det-ar-vart-att-utreda-behovet-av-en-resursskola\/#article","isPartOf":{"@id":"https:\/\/wp.kristdemokraterna.se\/ljungby\/det-ar-vart-att-utreda-behovet-av-en-resursskola\/"},"author":{"name":"joti","@id":"https:\/\/wp.kristdemokraterna.se\/ljungby\/#\/schema\/person\/9a9f9eda88b5fb0c4be49261c7adff16"},"headline":"Det \u00e4r v\u00e4rt att utreda behovet av en resursskola","datePublished":"2018-04-12T09:10:13+00:00","mainEntityOfPage":{"@id":"https:\/\/wp.kristdemokraterna.se\/ljungby\/det-ar-vart-att-utreda-behovet-av-en-resursskola\/"},"wordCount":242,"articleSection":["Information","Nyheter"],"inLanguage":"sv-SE"},{"@type":"WebPage","@id":"https:\/\/wp.kristdemokraterna.se\/ljungby\/det-ar-vart-att-utreda-behovet-av-en-resursskola\/","url":"https:\/\/wp.kristdemokraterna.se\/ljungby\/det-ar-vart-att-utreda-behovet-av-en-resursskola\/","name":"Det \u00e4r v\u00e4rt att utreda behovet av en resursskola - Kristdemokraterna Ljungby","isPartOf":{"@id":"https:\/\/wp.kristdemokraterna.se\/ljungby\/#website"},"datePublished":"2018-04-12T09:10:13+00:00","author":{"@id":"https:\/\/wp.kristdemokraterna.se\/ljungby\/#\/schema\/person\/9a9f9eda88b5fb0c4be49261c7adff16"},"breadcrumb":{"@id":"https:\/\/wp.kristdemokraterna.se\/ljungby\/det-ar-vart-att-utreda-behovet-av-en-resursskola\/#breadcrumb"},"inLanguage":"sv-SE","potentialAction":[{"@type":"ReadAction","target":["https:\/\/wp.kristdemokraterna.se\/ljungby\/det-ar-vart-att-utreda-behovet-av-en-resursskola\/"]}]},{"@type":"BreadcrumbList","@id":"https:\/\/wp.kristdemokraterna.se\/ljungby\/det-ar-vart-att-utreda-behovet-av-en-resursskola\/#breadcrumb","itemListElement":[{"@type":"ListItem","position":1,"name":"Hem","item":"https:\/\/wp.kristdemokraterna.se\/ljungby\/"},{"@type":"ListItem","position":2,"name":"Det \u00e4r v\u00e4rt att utreda behovet av en resursskola"}]},{"@type":"WebSite","@id":"https:\/\/wp.kristdemokraterna.se\/ljungby\/#website","url":"https:\/\/wp.kristdemokraterna.se\/ljungby\/","name":"Kristdemokraterna Ljungby","description":"","inLanguage":"sv-SE"},{"@type":"Person","@id":"https:\/\/wp.kristdemokraterna.se\/ljungby\/#\/schema\/person\/9a9f9eda88b5fb0c4be49261c7adff16","name":"joti","image":{"@type":"ImageObject","inLanguage":"sv-SE","@id":"https:\/\/secure.gravatar.com\/avatar\/489c31b66d609fabc20e87b17d2eca4b037876377a6fabee18a78ecf272a9a03?s=96&r=g","url":"https:\/\/secure.gravatar.com\/avatar\/489c31b66d609fabc20e87b17d2eca4b037876377a6fabee18a78ecf272a9a03?s=96&r=g","contentUrl":"https:\/\/secure.gravatar.com\/avatar\/489c31b66d609fabc20e87b17d2eca4b037876377a6fabee18a78ecf272a9a03?s=96&r=g","caption":"joti"},"url":"https:\/\/wp.kristdemokraterna.se\/ljungby\/author\/joseftingbratt\/"}]}},"_links":{"self":[{"href":"https:\/\/wp.kristdemokraterna.se\/ljungby\/wp-json\/wp\/v2\/posts\/888","targetHints":{"allow":["GET"]}}],"collection":[{"href":"https:\/\/wp.kristdemokraterna.se\/ljungby\/wp-json\/wp\/v2\/posts"}],"about":[{"href":"https:\/\/wp.kristdemokraterna.se\/ljungby\/wp-json\/wp\/v2\/types\/post"}],"author":[{"embeddable":true,"href":"https:\/\/wp.kristdemokraterna.se\/ljungby\/wp-json\/wp\/v2\/users\/438"}],"replies":[{"embeddable":true,"href":"https:\/\/wp.kristdemokraterna.se\/ljungby\/wp-json\/wp\/v2\/comments?post=888"}],"version-history":[{"count":2,"href":"https:\/\/wp.kristdemokraterna.se\/ljungby\/wp-json\/wp\/v2\/posts\/888\/revisions"}],"predecessor-version":[{"id":890,"href":"https:\/\/wp.kristdemokraterna.se\/ljungby\/wp-json\/wp\/v2\/posts\/888\/revisions\/890"}],"wp:attachment":[{"href":"https:\/\/wp.kristdemokraterna.se\/ljungby\/wp-json\/wp\/v2\/media?parent=888"}],"wp:term":[{"taxonomy":"category","embeddable":true,"href":"https:\/\/wp.kristdemokraterna.se\/ljungby\/wp-json\/wp\/v2\/categories?post=888"},{"taxonomy":"post_tag","embeddable":true,"href":"https:\/\/wp.kristdemokraterna.se\/ljungby\/wp-json\/wp\/v2\/tags?post=888"}],"curies":[{"name":"wp","href":"https:\/\/api.w.org\/{rel}","templated":true}]}}