{"id":923,"date":"2018-05-05T13:47:18","date_gmt":"2018-05-05T11:47:18","guid":{"rendered":"http:\/\/wp.kristdemokraterna.se\/ljungby\/?p=923"},"modified":"2018-05-05T13:47:18","modified_gmt":"2018-05-05T11:47:18","slug":"presentation-av-vara-kandidater","status":"publish","type":"post","link":"https:\/\/wp.kristdemokraterna.se\/ljungby\/presentation-av-vara-kandidater\/","title":{"rendered":"Presentation av v\u00e5ra kandidater"},"content":{"rendered":"<p>Nu finns det information om och bilder p\u00e5 alla v\u00e5ra kandidater upplagt p\u00e5 sidan.<\/p>\n<p>Se och l\u00e4s om alla v\u00e5ra kandidater h\u00e4r nedan:<\/p>\n<ol>\n<li><a href=\"http:\/\/wp.kristdemokraterna.se\/ljungby\/val-2018\/vara-kandidater-2018\/plats-1-susanna-tingbratt\/\">Susanna Tingbratt &#8211; H\u00f6gskoleingenj\u00f6r, Ljungby<\/a><\/li>\n<li><a href=\"http:\/\/wp.kristdemokraterna.se\/ljungby\/val-2018\/vara-kandidater-2018\/plats-2-rut-bjorkstrom\/\">Rut Bj\u00f6rkstr\u00f6m &#8211; Undersk\u00f6terska, Ljungby<\/a><\/li>\n<li><a href=\"http:\/\/wp.kristdemokraterna.se\/ljungby\/val-2018\/vara-kandidater-2018\/plats-3-bengt-carlsson\/\">Bengt Carlsson &#8211; \u00c5keri\u00e4gare, Ljungby<\/a><\/li>\n<li><a href=\"http:\/\/wp.kristdemokraterna.se\/ljungby\/val-2018\/vara-kandidater-2018\/plats-4-ingvar-palm\/\">Ingvar Palm &#8211; Egen f\u00f6retagare, D\u00f6rarp<\/a><\/li>\n<li><a href=\"http:\/\/wp.kristdemokraterna.se\/ljungby\/val-2018\/vara-kandidater-2018\/plats-5-lennart-olsson\/\">Lennart Olsson &#8211; Ingenj\u00f6r, Lagan<\/a><\/li>\n<li><a href=\"http:\/\/wp.kristdemokraterna.se\/ljungby\/val-2018\/vara-kandidater-2018\/plats-6-josef-tingbratt\/\">Josef Tingbratt &#8211; IT Projektledare, Ljungby<\/a><\/li>\n<li><a href=\"http:\/\/wp.kristdemokraterna.se\/ljungby\/val-2018\/vara-kandidater-2018\/plats-7-lotta-ericsson\/\">Lotta Ericsson &#8211; Undersk\u00f6terska, Lagan<\/a><\/li>\n<li><a href=\"http:\/\/wp.kristdemokraterna.se\/ljungby\/val-2018\/vara-kandidater-2018\/plats-8-percy-bergman\/\">Percy Bergman &#8211; Musikl\u00e4rare, Ljungby<\/a><\/li>\n<\/ol>\n<p>&nbsp;<\/p>\n\n\t\t<style type=\"text\/css\">\n\t\t\t#gallery-1 {\n\t\t\t\tmargin: auto;\n\t\t\t}\n\t\t\t#gallery-1 .gallery-item {\n\t\t\t\tfloat: left;\n\t\t\t\tmargin-top: 10px;\n\t\t\t\ttext-align: center;\n\t\t\t\twidth: 33%;\n\t\t\t}\n\t\t\t#gallery-1 img {\n\t\t\t\tborder: 2px solid #cfcfcf;\n\t\t\t}\n\t\t\t#gallery-1 .gallery-caption {\n\t\t\t\tmargin-left: 0;\n\t\t\t}\n\t\t\t\/* see gallery_shortcode() in wp-includes\/media.php *\/\n\t\t<\/style>\n\t\t<div id='gallery-1' class='gallery galleryid-923 gallery-columns-3 gallery-size-thumbnail'><dl class='gallery-item'>\n\t\t\t<dt class='gallery-icon landscape'>\n\t\t\t\t<a href='https:\/\/wp.kristdemokraterna.se\/ljungby\/?attachment_id=842'><img loading=\"lazy\" decoding=\"async\" width=\"150\" height=\"150\" src=\"https:\/\/wp.kristdemokraterna.se\/ljungby\/files\/2018\/04\/susanna-tingbratt-2-kvadrat-2-e1524512056489-150x150.jpg\" class=\"attachment-thumbnail size-thumbnail\" alt=\"\" aria-describedby=\"gallery-1-842\" srcset=\"https:\/\/wp.kristdemokraterna.se\/ljungby\/files\/2018\/04\/susanna-tingbratt-2-kvadrat-2-e1524512056489-150x150.jpg 150w, https:\/\/wp.kristdemokraterna.se\/ljungby\/files\/2018\/04\/susanna-tingbratt-2-kvadrat-2-e1524512056489-300x300.jpg 300w, https:\/\/wp.kristdemokraterna.se\/ljungby\/files\/2018\/04\/susanna-tingbratt-2-kvadrat-2-e1524512056489-768x768.jpg 768w, https:\/\/wp.kristdemokraterna.se\/ljungby\/files\/2018\/04\/susanna-tingbratt-2-kvadrat-2-e1524512056489-540x540.jpg 540w, https:\/\/wp.kristdemokraterna.se\/ljungby\/files\/2018\/04\/susanna-tingbratt-2-kvadrat-2-e1524512056489-200x200.jpg 200w, https:\/\/wp.kristdemokraterna.se\/ljungby\/files\/2018\/04\/susanna-tingbratt-2-kvadrat-2-e1524512056489-370x370.jpg 370w, https:\/\/wp.kristdemokraterna.se\/ljungby\/files\/2018\/04\/susanna-tingbratt-2-kvadrat-2-e1524512056489-90x90.jpg 90w, https:\/\/wp.kristdemokraterna.se\/ljungby\/files\/2018\/04\/susanna-tingbratt-2-kvadrat-2-e1524512056489-770x770.jpg 770w, https:\/\/wp.kristdemokraterna.se\/ljungby\/files\/2018\/04\/susanna-tingbratt-2-kvadrat-2-e1524512056489-450x450.jpg 450w, https:\/\/wp.kristdemokraterna.se\/ljungby\/files\/2018\/04\/susanna-tingbratt-2-kvadrat-2-e1524512056489-280x280.jpg 280w, https:\/\/wp.kristdemokraterna.se\/ljungby\/files\/2018\/04\/susanna-tingbratt-2-kvadrat-2-e1524512056489-340x340.jpg 340w, https:\/\/wp.kristdemokraterna.se\/ljungby\/files\/2018\/04\/susanna-tingbratt-2-kvadrat-2-e1524512056489-56x56.jpg 56w\" sizes=\"auto, (max-width: 150px) 100vw, 150px\" \/><\/a>\n\t\t\t<\/dt>\n\t\t\t\t<dd class='wp-caption-text gallery-caption' id='gallery-1-842'>\n\t\t\t\tSusanna Tingbratt \n\t\t\t\t<\/dd><\/dl><dl class='gallery-item'>\n\t\t\t<dt class='gallery-icon landscape'>\n\t\t\t\t<a href='https:\/\/wp.kristdemokraterna.se\/ljungby\/?attachment_id=837'><img loading=\"lazy\" decoding=\"async\" width=\"150\" height=\"150\" src=\"https:\/\/wp.kristdemokraterna.se\/ljungby\/files\/2018\/04\/rut-bjorkstrom-1-kvadrat-150x150.jpg\" class=\"attachment-thumbnail size-thumbnail\" alt=\"\" aria-describedby=\"gallery-1-837\" srcset=\"https:\/\/wp.kristdemokraterna.se\/ljungby\/files\/2018\/04\/rut-bjorkstrom-1-kvadrat-150x150.jpg 150w, https:\/\/wp.kristdemokraterna.se\/ljungby\/files\/2018\/04\/rut-bjorkstrom-1-kvadrat-300x300.jpg 300w, https:\/\/wp.kristdemokraterna.se\/ljungby\/files\/2018\/04\/rut-bjorkstrom-1-kvadrat-768x768.jpg 768w, https:\/\/wp.kristdemokraterna.se\/ljungby\/files\/2018\/04\/rut-bjorkstrom-1-kvadrat-540x540.jpg 540w, https:\/\/wp.kristdemokraterna.se\/ljungby\/files\/2018\/04\/rut-bjorkstrom-1-kvadrat-200x200.jpg 200w, https:\/\/wp.kristdemokraterna.se\/ljungby\/files\/2018\/04\/rut-bjorkstrom-1-kvadrat-370x370.jpg 370w, https:\/\/wp.kristdemokraterna.se\/ljungby\/files\/2018\/04\/rut-bjorkstrom-1-kvadrat-90x90.jpg 90w, https:\/\/wp.kristdemokraterna.se\/ljungby\/files\/2018\/04\/rut-bjorkstrom-1-kvadrat-770x770.jpg 770w, https:\/\/wp.kristdemokraterna.se\/ljungby\/files\/2018\/04\/rut-bjorkstrom-1-kvadrat-450x450.jpg 450w, https:\/\/wp.kristdemokraterna.se\/ljungby\/files\/2018\/04\/rut-bjorkstrom-1-kvadrat-280x280.jpg 280w, https:\/\/wp.kristdemokraterna.se\/ljungby\/files\/2018\/04\/rut-bjorkstrom-1-kvadrat-340x340.jpg 340w, https:\/\/wp.kristdemokraterna.se\/ljungby\/files\/2018\/04\/rut-bjorkstrom-1-kvadrat-56x56.jpg 56w\" sizes=\"auto, (max-width: 150px) 100vw, 150px\" \/><\/a>\n\t\t\t<\/dt>\n\t\t\t\t<dd class='wp-caption-text gallery-caption' id='gallery-1-837'>\n\t\t\t\tRut Bj\u00f6rkstr\u00f6m\n\t\t\t\t<\/dd><\/dl><dl class='gallery-item'>\n\t\t\t<dt class='gallery-icon landscape'>\n\t\t\t\t<a href='https:\/\/wp.kristdemokraterna.se\/ljungby\/?attachment_id=840'><img loading=\"lazy\" decoding=\"async\" width=\"150\" height=\"150\" src=\"https:\/\/wp.kristdemokraterna.se\/ljungby\/files\/2018\/04\/bengt-carlsson-2-kvadrat-150x150.jpg\" class=\"attachment-thumbnail size-thumbnail\" alt=\"\" aria-describedby=\"gallery-1-840\" srcset=\"https:\/\/wp.kristdemokraterna.se\/ljungby\/files\/2018\/04\/bengt-carlsson-2-kvadrat-150x150.jpg 150w, https:\/\/wp.kristdemokraterna.se\/ljungby\/files\/2018\/04\/bengt-carlsson-2-kvadrat-300x300.jpg 300w, https:\/\/wp.kristdemokraterna.se\/ljungby\/files\/2018\/04\/bengt-carlsson-2-kvadrat-768x768.jpg 768w, https:\/\/wp.kristdemokraterna.se\/ljungby\/files\/2018\/04\/bengt-carlsson-2-kvadrat-540x540.jpg 540w, https:\/\/wp.kristdemokraterna.se\/ljungby\/files\/2018\/04\/bengt-carlsson-2-kvadrat-200x200.jpg 200w, https:\/\/wp.kristdemokraterna.se\/ljungby\/files\/2018\/04\/bengt-carlsson-2-kvadrat-370x370.jpg 370w, https:\/\/wp.kristdemokraterna.se\/ljungby\/files\/2018\/04\/bengt-carlsson-2-kvadrat-90x90.jpg 90w, https:\/\/wp.kristdemokraterna.se\/ljungby\/files\/2018\/04\/bengt-carlsson-2-kvadrat-770x770.jpg 770w, https:\/\/wp.kristdemokraterna.se\/ljungby\/files\/2018\/04\/bengt-carlsson-2-kvadrat-450x450.jpg 450w, https:\/\/wp.kristdemokraterna.se\/ljungby\/files\/2018\/04\/bengt-carlsson-2-kvadrat-280x280.jpg 280w, https:\/\/wp.kristdemokraterna.se\/ljungby\/files\/2018\/04\/bengt-carlsson-2-kvadrat-340x340.jpg 340w, https:\/\/wp.kristdemokraterna.se\/ljungby\/files\/2018\/04\/bengt-carlsson-2-kvadrat-56x56.jpg 56w\" sizes=\"auto, (max-width: 150px) 100vw, 150px\" \/><\/a>\n\t\t\t<\/dt>\n\t\t\t\t<dd class='wp-caption-text gallery-caption' id='gallery-1-840'>\n\t\t\t\tBengt Carlsson\n\t\t\t\t<\/dd><\/dl><br style=\"clear: both\" \/><dl class='gallery-item'>\n\t\t\t<dt class='gallery-icon landscape'>\n\t\t\t\t<a href='https:\/\/wp.kristdemokraterna.se\/ljungby\/?attachment_id=841'><img loading=\"lazy\" decoding=\"async\" width=\"150\" height=\"150\" src=\"https:\/\/wp.kristdemokraterna.se\/ljungby\/files\/2018\/04\/ingvar-palm-2-kvadrat-150x150.jpg\" class=\"attachment-thumbnail size-thumbnail\" alt=\"\" aria-describedby=\"gallery-1-841\" srcset=\"https:\/\/wp.kristdemokraterna.se\/ljungby\/files\/2018\/04\/ingvar-palm-2-kvadrat-150x150.jpg 150w, https:\/\/wp.kristdemokraterna.se\/ljungby\/files\/2018\/04\/ingvar-palm-2-kvadrat-300x300.jpg 300w, https:\/\/wp.kristdemokraterna.se\/ljungby\/files\/2018\/04\/ingvar-palm-2-kvadrat-768x768.jpg 768w, https:\/\/wp.kristdemokraterna.se\/ljungby\/files\/2018\/04\/ingvar-palm-2-kvadrat-540x540.jpg 540w, https:\/\/wp.kristdemokraterna.se\/ljungby\/files\/2018\/04\/ingvar-palm-2-kvadrat-200x200.jpg 200w, https:\/\/wp.kristdemokraterna.se\/ljungby\/files\/2018\/04\/ingvar-palm-2-kvadrat-370x370.jpg 370w, https:\/\/wp.kristdemokraterna.se\/ljungby\/files\/2018\/04\/ingvar-palm-2-kvadrat-90x90.jpg 90w, https:\/\/wp.kristdemokraterna.se\/ljungby\/files\/2018\/04\/ingvar-palm-2-kvadrat-770x770.jpg 770w, https:\/\/wp.kristdemokraterna.se\/ljungby\/files\/2018\/04\/ingvar-palm-2-kvadrat-450x450.jpg 450w, https:\/\/wp.kristdemokraterna.se\/ljungby\/files\/2018\/04\/ingvar-palm-2-kvadrat-280x280.jpg 280w, https:\/\/wp.kristdemokraterna.se\/ljungby\/files\/2018\/04\/ingvar-palm-2-kvadrat-340x340.jpg 340w, https:\/\/wp.kristdemokraterna.se\/ljungby\/files\/2018\/04\/ingvar-palm-2-kvadrat-56x56.jpg 56w\" sizes=\"auto, (max-width: 150px) 100vw, 150px\" \/><\/a>\n\t\t\t<\/dt>\n\t\t\t\t<dd class='wp-caption-text gallery-caption' id='gallery-1-841'>\n\t\t\t\tIngvar Palm\n\t\t\t\t<\/dd><\/dl><dl class='gallery-item'>\n\t\t\t<dt class='gallery-icon landscape'>\n\t\t\t\t<a href='https:\/\/wp.kristdemokraterna.se\/ljungby\/?attachment_id=839'><img loading=\"lazy\" decoding=\"async\" width=\"150\" height=\"150\" src=\"https:\/\/wp.kristdemokraterna.se\/ljungby\/files\/2018\/04\/lennart-olsson-kvadtat-150x150.jpg\" class=\"attachment-thumbnail size-thumbnail\" alt=\"Lennart Olsson, f\u00f6rsta ers\u00e4ttare kommunfullm\u00e4ktige\" aria-describedby=\"gallery-1-839\" srcset=\"https:\/\/wp.kristdemokraterna.se\/ljungby\/files\/2018\/04\/lennart-olsson-kvadtat-150x150.jpg 150w, https:\/\/wp.kristdemokraterna.se\/ljungby\/files\/2018\/04\/lennart-olsson-kvadtat-300x300.jpg 300w, https:\/\/wp.kristdemokraterna.se\/ljungby\/files\/2018\/04\/lennart-olsson-kvadtat-768x768.jpg 768w, https:\/\/wp.kristdemokraterna.se\/ljungby\/files\/2018\/04\/lennart-olsson-kvadtat-540x540.jpg 540w, https:\/\/wp.kristdemokraterna.se\/ljungby\/files\/2018\/04\/lennart-olsson-kvadtat-200x200.jpg 200w, https:\/\/wp.kristdemokraterna.se\/ljungby\/files\/2018\/04\/lennart-olsson-kvadtat-370x370.jpg 370w, https:\/\/wp.kristdemokraterna.se\/ljungby\/files\/2018\/04\/lennart-olsson-kvadtat-90x90.jpg 90w, https:\/\/wp.kristdemokraterna.se\/ljungby\/files\/2018\/04\/lennart-olsson-kvadtat-770x770.jpg 770w, https:\/\/wp.kristdemokraterna.se\/ljungby\/files\/2018\/04\/lennart-olsson-kvadtat-450x450.jpg 450w, https:\/\/wp.kristdemokraterna.se\/ljungby\/files\/2018\/04\/lennart-olsson-kvadtat-280x280.jpg 280w, https:\/\/wp.kristdemokraterna.se\/ljungby\/files\/2018\/04\/lennart-olsson-kvadtat-340x340.jpg 340w, https:\/\/wp.kristdemokraterna.se\/ljungby\/files\/2018\/04\/lennart-olsson-kvadtat-56x56.jpg 56w\" sizes=\"auto, (max-width: 150px) 100vw, 150px\" \/><\/a>\n\t\t\t<\/dt>\n\t\t\t\t<dd class='wp-caption-text gallery-caption' id='gallery-1-839'>\n\t\t\t\tLennart Olsson\n\t\t\t\t<\/dd><\/dl><dl class='gallery-item'>\n\t\t\t<dt class='gallery-icon landscape'>\n\t\t\t\t<a href='https:\/\/wp.kristdemokraterna.se\/ljungby\/?attachment_id=843'><img loading=\"lazy\" decoding=\"async\" width=\"150\" height=\"150\" src=\"https:\/\/wp.kristdemokraterna.se\/ljungby\/files\/2018\/04\/josef-tingbratt-1-kvadrat-150x150.jpg\" class=\"attachment-thumbnail size-thumbnail\" alt=\"Josef Tingbratt andra ers\u00e4ttare kommunfullm\u00e4ktige\" aria-describedby=\"gallery-1-843\" srcset=\"https:\/\/wp.kristdemokraterna.se\/ljungby\/files\/2018\/04\/josef-tingbratt-1-kvadrat-150x150.jpg 150w, https:\/\/wp.kristdemokraterna.se\/ljungby\/files\/2018\/04\/josef-tingbratt-1-kvadrat-300x300.jpg 300w, https:\/\/wp.kristdemokraterna.se\/ljungby\/files\/2018\/04\/josef-tingbratt-1-kvadrat-768x768.jpg 768w, https:\/\/wp.kristdemokraterna.se\/ljungby\/files\/2018\/04\/josef-tingbratt-1-kvadrat-540x540.jpg 540w, https:\/\/wp.kristdemokraterna.se\/ljungby\/files\/2018\/04\/josef-tingbratt-1-kvadrat-200x200.jpg 200w, https:\/\/wp.kristdemokraterna.se\/ljungby\/files\/2018\/04\/josef-tingbratt-1-kvadrat-370x370.jpg 370w, https:\/\/wp.kristdemokraterna.se\/ljungby\/files\/2018\/04\/josef-tingbratt-1-kvadrat-90x90.jpg 90w, https:\/\/wp.kristdemokraterna.se\/ljungby\/files\/2018\/04\/josef-tingbratt-1-kvadrat-770x770.jpg 770w, https:\/\/wp.kristdemokraterna.se\/ljungby\/files\/2018\/04\/josef-tingbratt-1-kvadrat-450x450.jpg 450w, https:\/\/wp.kristdemokraterna.se\/ljungby\/files\/2018\/04\/josef-tingbratt-1-kvadrat-280x280.jpg 280w, https:\/\/wp.kristdemokraterna.se\/ljungby\/files\/2018\/04\/josef-tingbratt-1-kvadrat-340x340.jpg 340w, https:\/\/wp.kristdemokraterna.se\/ljungby\/files\/2018\/04\/josef-tingbratt-1-kvadrat-56x56.jpg 56w\" sizes=\"auto, (max-width: 150px) 100vw, 150px\" \/><\/a>\n\t\t\t<\/dt>\n\t\t\t\t<dd class='wp-caption-text gallery-caption' id='gallery-1-843'>\n\t\t\t\tJosef Tingbratt\n\t\t\t\t<\/dd><\/dl><br style=\"clear: both\" \/><dl class='gallery-item'>\n\t\t\t<dt class='gallery-icon landscape'>\n\t\t\t\t<a href='https:\/\/wp.kristdemokraterna.se\/ljungby\/?attachment_id=836'><img loading=\"lazy\" decoding=\"async\" width=\"150\" height=\"150\" src=\"https:\/\/wp.kristdemokraterna.se\/ljungby\/files\/2018\/04\/lotta-ericsson-kvadrat-150x150.jpg\" class=\"attachment-thumbnail size-thumbnail\" alt=\"\" aria-describedby=\"gallery-1-836\" srcset=\"https:\/\/wp.kristdemokraterna.se\/ljungby\/files\/2018\/04\/lotta-ericsson-kvadrat-150x150.jpg 150w, https:\/\/wp.kristdemokraterna.se\/ljungby\/files\/2018\/04\/lotta-ericsson-kvadrat-300x300.jpg 300w, https:\/\/wp.kristdemokraterna.se\/ljungby\/files\/2018\/04\/lotta-ericsson-kvadrat-768x768.jpg 768w, https:\/\/wp.kristdemokraterna.se\/ljungby\/files\/2018\/04\/lotta-ericsson-kvadrat-540x540.jpg 540w, https:\/\/wp.kristdemokraterna.se\/ljungby\/files\/2018\/04\/lotta-ericsson-kvadrat-200x200.jpg 200w, https:\/\/wp.kristdemokraterna.se\/ljungby\/files\/2018\/04\/lotta-ericsson-kvadrat-370x370.jpg 370w, https:\/\/wp.kristdemokraterna.se\/ljungby\/files\/2018\/04\/lotta-ericsson-kvadrat-90x90.jpg 90w, https:\/\/wp.kristdemokraterna.se\/ljungby\/files\/2018\/04\/lotta-ericsson-kvadrat-770x770.jpg 770w, https:\/\/wp.kristdemokraterna.se\/ljungby\/files\/2018\/04\/lotta-ericsson-kvadrat-450x450.jpg 450w, https:\/\/wp.kristdemokraterna.se\/ljungby\/files\/2018\/04\/lotta-ericsson-kvadrat-280x280.jpg 280w, https:\/\/wp.kristdemokraterna.se\/ljungby\/files\/2018\/04\/lotta-ericsson-kvadrat-340x340.jpg 340w, https:\/\/wp.kristdemokraterna.se\/ljungby\/files\/2018\/04\/lotta-ericsson-kvadrat-56x56.jpg 56w\" sizes=\"auto, (max-width: 150px) 100vw, 150px\" \/><\/a>\n\t\t\t<\/dt>\n\t\t\t\t<dd class='wp-caption-text gallery-caption' id='gallery-1-836'>\n\t\t\t\tPlats nr 7: Lotta Ericsson\n\t\t\t\t<\/dd><\/dl><dl class='gallery-item'>\n\t\t\t<dt class='gallery-icon landscape'>\n\t\t\t\t<a href='https:\/\/wp.kristdemokraterna.se\/ljungby\/?attachment_id=838'><img loading=\"lazy\" decoding=\"async\" width=\"150\" height=\"150\" src=\"https:\/\/wp.kristdemokraterna.se\/ljungby\/files\/2018\/04\/percy-bergman-1-kvadrat-150x150.jpg\" class=\"attachment-thumbnail size-thumbnail\" alt=\"\" aria-describedby=\"gallery-1-838\" srcset=\"https:\/\/wp.kristdemokraterna.se\/ljungby\/files\/2018\/04\/percy-bergman-1-kvadrat-150x150.jpg 150w, https:\/\/wp.kristdemokraterna.se\/ljungby\/files\/2018\/04\/percy-bergman-1-kvadrat-300x300.jpg 300w, https:\/\/wp.kristdemokraterna.se\/ljungby\/files\/2018\/04\/percy-bergman-1-kvadrat-768x768.jpg 768w, https:\/\/wp.kristdemokraterna.se\/ljungby\/files\/2018\/04\/percy-bergman-1-kvadrat-540x540.jpg 540w, https:\/\/wp.kristdemokraterna.se\/ljungby\/files\/2018\/04\/percy-bergman-1-kvadrat-200x200.jpg 200w, https:\/\/wp.kristdemokraterna.se\/ljungby\/files\/2018\/04\/percy-bergman-1-kvadrat-370x370.jpg 370w, https:\/\/wp.kristdemokraterna.se\/ljungby\/files\/2018\/04\/percy-bergman-1-kvadrat-90x90.jpg 90w, https:\/\/wp.kristdemokraterna.se\/ljungby\/files\/2018\/04\/percy-bergman-1-kvadrat-770x770.jpg 770w, https:\/\/wp.kristdemokraterna.se\/ljungby\/files\/2018\/04\/percy-bergman-1-kvadrat-450x450.jpg 450w, https:\/\/wp.kristdemokraterna.se\/ljungby\/files\/2018\/04\/percy-bergman-1-kvadrat-280x280.jpg 280w, https:\/\/wp.kristdemokraterna.se\/ljungby\/files\/2018\/04\/percy-bergman-1-kvadrat-340x340.jpg 340w, https:\/\/wp.kristdemokraterna.se\/ljungby\/files\/2018\/04\/percy-bergman-1-kvadrat-56x56.jpg 56w\" sizes=\"auto, (max-width: 150px) 100vw, 150px\" \/><\/a>\n\t\t\t<\/dt>\n\t\t\t\t<dd class='wp-caption-text gallery-caption' id='gallery-1-838'>\n\t\t\t\tPlats nr 8: Percy Bergman\n\t\t\t\t<\/dd><\/dl>\n\t\t\t<br style='clear: both' \/>\n\t\t<\/div>\n\n","protected":false},"excerpt":{"rendered":"<p>Nu finns det information om och bilder p\u00e5 alla v\u00e5ra kandidater upplagt p\u00e5 sidan. Se och l\u00e4s om alla v\u00e5ra kandidater h\u00e4r nedan: Susanna Tingbratt &#8211; H\u00f6gskoleingenj\u00f6r, Ljungby Rut Bj\u00f6rkstr\u00f6m &#8211; Undersk\u00f6terska, Ljungby Bengt Carlsson &#8211; \u00c5keri\u00e4gare, Ljungby Ingvar Palm &#8211; Egen f\u00f6retagare, D\u00f6rarp Lennart Olsson &#8211; Ingenj\u00f6r, Lagan Josef Tingbratt &#8211; IT Projektledare, Ljungby <a class=\"read-more-link\" href=\"https:\/\/wp.kristdemokraterna.se\/ljungby\/presentation-av-vara-kandidater\/\">Read More<\/a><\/p>\n","protected":false},"author":438,"featured_media":0,"comment_status":"closed","ping_status":"closed","sticky":false,"template":"","format":"standard","meta":{"_acf_changed":false,"footnotes":""},"categories":[6],"tags":[],"class_list":["post-923","post","type-post","status-publish","format-standard","hentry","category-nyheter"],"acf":[],"yoast_head":"<!-- This site is optimized with the Yoast SEO plugin v27.4 - https:\/\/yoast.com\/product\/yoast-seo-wordpress\/ -->\n<title>Presentation av v\u00e5ra kandidater - Kristdemokraterna Ljungby<\/title>\n<meta name=\"robots\" content=\"index, follow, max-snippet:-1, max-image-preview:large, max-video-preview:-1\" \/>\n<link rel=\"canonical\" href=\"https:\/\/wp.kristdemokraterna.se\/ljungby\/presentation-av-vara-kandidater\/\" \/>\n<meta property=\"og:locale\" content=\"sv_SE\" \/>\n<meta property=\"og:type\" content=\"article\" \/>\n<meta property=\"og:title\" content=\"Presentation av v\u00e5ra kandidater - Kristdemokraterna Ljungby\" \/>\n<meta property=\"og:description\" content=\"Nu finns det information om och bilder p\u00e5 alla v\u00e5ra kandidater upplagt p\u00e5 sidan. Se och l\u00e4s om alla v\u00e5ra kandidater h\u00e4r nedan: Susanna Tingbratt &#8211; H\u00f6gskoleingenj\u00f6r, Ljungby Rut Bj\u00f6rkstr\u00f6m &#8211; Undersk\u00f6terska, Ljungby Bengt Carlsson &#8211; \u00c5keri\u00e4gare, Ljungby Ingvar Palm &#8211; Egen f\u00f6retagare, D\u00f6rarp Lennart Olsson &#8211; Ingenj\u00f6r, Lagan Josef Tingbratt &#8211; IT Projektledare, Ljungby Read More\" \/>\n<meta property=\"og:url\" content=\"https:\/\/wp.kristdemokraterna.se\/ljungby\/presentation-av-vara-kandidater\/\" \/>\n<meta property=\"og:site_name\" content=\"Kristdemokraterna Ljungby\" \/>\n<meta property=\"article:published_time\" content=\"2018-05-05T11:47:18+00:00\" \/>\n<meta name=\"author\" content=\"joti\" \/>\n<meta name=\"twitter:card\" content=\"summary_large_image\" \/>\n<meta name=\"twitter:label1\" content=\"Skriven av\" \/>\n\t<meta name=\"twitter:data1\" content=\"joti\" \/>\n<script type=\"application\/ld+json\" class=\"yoast-schema-graph\">{\"@context\":\"https:\\\/\\\/schema.org\",\"@graph\":[{\"@type\":\"Article\",\"@id\":\"https:\\\/\\\/wp.kristdemokraterna.se\\\/ljungby\\\/presentation-av-vara-kandidater\\\/#article\",\"isPartOf\":{\"@id\":\"https:\\\/\\\/wp.kristdemokraterna.se\\\/ljungby\\\/presentation-av-vara-kandidater\\\/\"},\"author\":{\"name\":\"joti\",\"@id\":\"https:\\\/\\\/wp.kristdemokraterna.se\\\/ljungby\\\/#\\\/schema\\\/person\\\/9a9f9eda88b5fb0c4be49261c7adff16\"},\"headline\":\"Presentation av v\u00e5ra kandidater\",\"datePublished\":\"2018-05-05T11:47:18+00:00\",\"mainEntityOfPage\":{\"@id\":\"https:\\\/\\\/wp.kristdemokraterna.se\\\/ljungby\\\/presentation-av-vara-kandidater\\\/\"},\"wordCount\":90,\"articleSection\":[\"Nyheter\"],\"inLanguage\":\"sv-SE\"},{\"@type\":\"WebPage\",\"@id\":\"https:\\\/\\\/wp.kristdemokraterna.se\\\/ljungby\\\/presentation-av-vara-kandidater\\\/\",\"url\":\"https:\\\/\\\/wp.kristdemokraterna.se\\\/ljungby\\\/presentation-av-vara-kandidater\\\/\",\"name\":\"Presentation av v\u00e5ra kandidater - Kristdemokraterna Ljungby\",\"isPartOf\":{\"@id\":\"https:\\\/\\\/wp.kristdemokraterna.se\\\/ljungby\\\/#website\"},\"datePublished\":\"2018-05-05T11:47:18+00:00\",\"author\":{\"@id\":\"https:\\\/\\\/wp.kristdemokraterna.se\\\/ljungby\\\/#\\\/schema\\\/person\\\/9a9f9eda88b5fb0c4be49261c7adff16\"},\"breadcrumb\":{\"@id\":\"https:\\\/\\\/wp.kristdemokraterna.se\\\/ljungby\\\/presentation-av-vara-kandidater\\\/#breadcrumb\"},\"inLanguage\":\"sv-SE\",\"potentialAction\":[{\"@type\":\"ReadAction\",\"target\":[\"https:\\\/\\\/wp.kristdemokraterna.se\\\/ljungby\\\/presentation-av-vara-kandidater\\\/\"]}]},{\"@type\":\"BreadcrumbList\",\"@id\":\"https:\\\/\\\/wp.kristdemokraterna.se\\\/ljungby\\\/presentation-av-vara-kandidater\\\/#breadcrumb\",\"itemListElement\":[{\"@type\":\"ListItem\",\"position\":1,\"name\":\"Hem\",\"item\":\"https:\\\/\\\/wp.kristdemokraterna.se\\\/ljungby\\\/\"},{\"@type\":\"ListItem\",\"position\":2,\"name\":\"Presentation av v\u00e5ra kandidater\"}]},{\"@type\":\"WebSite\",\"@id\":\"https:\\\/\\\/wp.kristdemokraterna.se\\\/ljungby\\\/#website\",\"url\":\"https:\\\/\\\/wp.kristdemokraterna.se\\\/ljungby\\\/\",\"name\":\"Kristdemokraterna Ljungby\",\"description\":\"\",\"inLanguage\":\"sv-SE\"},{\"@type\":\"Person\",\"@id\":\"https:\\\/\\\/wp.kristdemokraterna.se\\\/ljungby\\\/#\\\/schema\\\/person\\\/9a9f9eda88b5fb0c4be49261c7adff16\",\"name\":\"joti\",\"image\":{\"@type\":\"ImageObject\",\"inLanguage\":\"sv-SE\",\"@id\":\"https:\\\/\\\/secure.gravatar.com\\\/avatar\\\/489c31b66d609fabc20e87b17d2eca4b037876377a6fabee18a78ecf272a9a03?s=96&r=g\",\"url\":\"https:\\\/\\\/secure.gravatar.com\\\/avatar\\\/489c31b66d609fabc20e87b17d2eca4b037876377a6fabee18a78ecf272a9a03?s=96&r=g\",\"contentUrl\":\"https:\\\/\\\/secure.gravatar.com\\\/avatar\\\/489c31b66d609fabc20e87b17d2eca4b037876377a6fabee18a78ecf272a9a03?s=96&r=g\",\"caption\":\"joti\"},\"url\":\"https:\\\/\\\/wp.kristdemokraterna.se\\\/ljungby\\\/author\\\/joseftingbratt\\\/\"}]}<\/script>\n<!-- \/ Yoast SEO plugin. -->","yoast_head_json":{"title":"Presentation av v\u00e5ra kandidater - Kristdemokraterna Ljungby","robots":{"index":"index","follow":"follow","max-snippet":"max-snippet:-1","max-image-preview":"max-image-preview:large","max-video-preview":"max-video-preview:-1"},"canonical":"https:\/\/wp.kristdemokraterna.se\/ljungby\/presentation-av-vara-kandidater\/","og_locale":"sv_SE","og_type":"article","og_title":"Presentation av v\u00e5ra kandidater - Kristdemokraterna Ljungby","og_description":"Nu finns det information om och bilder p\u00e5 alla v\u00e5ra kandidater upplagt p\u00e5 sidan. Se och l\u00e4s om alla v\u00e5ra kandidater h\u00e4r nedan: Susanna Tingbratt &#8211; H\u00f6gskoleingenj\u00f6r, Ljungby Rut Bj\u00f6rkstr\u00f6m &#8211; Undersk\u00f6terska, Ljungby Bengt Carlsson &#8211; \u00c5keri\u00e4gare, Ljungby Ingvar Palm &#8211; Egen f\u00f6retagare, D\u00f6rarp Lennart Olsson &#8211; Ingenj\u00f6r, Lagan Josef Tingbratt &#8211; IT Projektledare, Ljungby Read More","og_url":"https:\/\/wp.kristdemokraterna.se\/ljungby\/presentation-av-vara-kandidater\/","og_site_name":"Kristdemokraterna Ljungby","article_published_time":"2018-05-05T11:47:18+00:00","author":"joti","twitter_card":"summary_large_image","twitter_misc":{"Skriven av":"joti"},"schema":{"@context":"https:\/\/schema.org","@graph":[{"@type":"Article","@id":"https:\/\/wp.kristdemokraterna.se\/ljungby\/presentation-av-vara-kandidater\/#article","isPartOf":{"@id":"https:\/\/wp.kristdemokraterna.se\/ljungby\/presentation-av-vara-kandidater\/"},"author":{"name":"joti","@id":"https:\/\/wp.kristdemokraterna.se\/ljungby\/#\/schema\/person\/9a9f9eda88b5fb0c4be49261c7adff16"},"headline":"Presentation av v\u00e5ra kandidater","datePublished":"2018-05-05T11:47:18+00:00","mainEntityOfPage":{"@id":"https:\/\/wp.kristdemokraterna.se\/ljungby\/presentation-av-vara-kandidater\/"},"wordCount":90,"articleSection":["Nyheter"],"inLanguage":"sv-SE"},{"@type":"WebPage","@id":"https:\/\/wp.kristdemokraterna.se\/ljungby\/presentation-av-vara-kandidater\/","url":"https:\/\/wp.kristdemokraterna.se\/ljungby\/presentation-av-vara-kandidater\/","name":"Presentation av v\u00e5ra kandidater - Kristdemokraterna Ljungby","isPartOf":{"@id":"https:\/\/wp.kristdemokraterna.se\/ljungby\/#website"},"datePublished":"2018-05-05T11:47:18+00:00","author":{"@id":"https:\/\/wp.kristdemokraterna.se\/ljungby\/#\/schema\/person\/9a9f9eda88b5fb0c4be49261c7adff16"},"breadcrumb":{"@id":"https:\/\/wp.kristdemokraterna.se\/ljungby\/presentation-av-vara-kandidater\/#breadcrumb"},"inLanguage":"sv-SE","potentialAction":[{"@type":"ReadAction","target":["https:\/\/wp.kristdemokraterna.se\/ljungby\/presentation-av-vara-kandidater\/"]}]},{"@type":"BreadcrumbList","@id":"https:\/\/wp.kristdemokraterna.se\/ljungby\/presentation-av-vara-kandidater\/#breadcrumb","itemListElement":[{"@type":"ListItem","position":1,"name":"Hem","item":"https:\/\/wp.kristdemokraterna.se\/ljungby\/"},{"@type":"ListItem","position":2,"name":"Presentation av v\u00e5ra kandidater"}]},{"@type":"WebSite","@id":"https:\/\/wp.kristdemokraterna.se\/ljungby\/#website","url":"https:\/\/wp.kristdemokraterna.se\/ljungby\/","name":"Kristdemokraterna Ljungby","description":"","inLanguage":"sv-SE"},{"@type":"Person","@id":"https:\/\/wp.kristdemokraterna.se\/ljungby\/#\/schema\/person\/9a9f9eda88b5fb0c4be49261c7adff16","name":"joti","image":{"@type":"ImageObject","inLanguage":"sv-SE","@id":"https:\/\/secure.gravatar.com\/avatar\/489c31b66d609fabc20e87b17d2eca4b037876377a6fabee18a78ecf272a9a03?s=96&r=g","url":"https:\/\/secure.gravatar.com\/avatar\/489c31b66d609fabc20e87b17d2eca4b037876377a6fabee18a78ecf272a9a03?s=96&r=g","contentUrl":"https:\/\/secure.gravatar.com\/avatar\/489c31b66d609fabc20e87b17d2eca4b037876377a6fabee18a78ecf272a9a03?s=96&r=g","caption":"joti"},"url":"https:\/\/wp.kristdemokraterna.se\/ljungby\/author\/joseftingbratt\/"}]}},"_links":{"self":[{"href":"https:\/\/wp.kristdemokraterna.se\/ljungby\/wp-json\/wp\/v2\/posts\/923","targetHints":{"allow":["GET"]}}],"collection":[{"href":"https:\/\/wp.kristdemokraterna.se\/ljungby\/wp-json\/wp\/v2\/posts"}],"about":[{"href":"https:\/\/wp.kristdemokraterna.se\/ljungby\/wp-json\/wp\/v2\/types\/post"}],"author":[{"embeddable":true,"href":"https:\/\/wp.kristdemokraterna.se\/ljungby\/wp-json\/wp\/v2\/users\/438"}],"replies":[{"embeddable":true,"href":"https:\/\/wp.kristdemokraterna.se\/ljungby\/wp-json\/wp\/v2\/comments?post=923"}],"version-history":[{"count":2,"href":"https:\/\/wp.kristdemokraterna.se\/ljungby\/wp-json\/wp\/v2\/posts\/923\/revisions"}],"predecessor-version":[{"id":925,"href":"https:\/\/wp.kristdemokraterna.se\/ljungby\/wp-json\/wp\/v2\/posts\/923\/revisions\/925"}],"wp:attachment":[{"href":"https:\/\/wp.kristdemokraterna.se\/ljungby\/wp-json\/wp\/v2\/media?parent=923"}],"wp:term":[{"taxonomy":"category","embeddable":true,"href":"https:\/\/wp.kristdemokraterna.se\/ljungby\/wp-json\/wp\/v2\/categories?post=923"},{"taxonomy":"post_tag","embeddable":true,"href":"https:\/\/wp.kristdemokraterna.se\/ljungby\/wp-json\/wp\/v2\/tags?post=923"}],"curies":[{"name":"wp","href":"https:\/\/api.w.org\/{rel}","templated":true}]}}