{"id":987,"date":"2018-11-06T07:53:57","date_gmt":"2018-11-06T06:53:57","guid":{"rendered":"http:\/\/wp.kristdemokraterna.se\/ljungby\/?p=987"},"modified":"2018-11-06T07:53:57","modified_gmt":"2018-11-06T06:53:57","slug":"bengt-carlsson-vald-som-vice-ordforande-i-kommunfullmaktige","status":"publish","type":"post","link":"https:\/\/wp.kristdemokraterna.se\/ljungby\/bengt-carlsson-vald-som-vice-ordforande-i-kommunfullmaktige\/","title":{"rendered":"Bengt Carlsson vald som vice Ordf\u00f6rande i Kommunfullm\u00e4ktige"},"content":{"rendered":"<p>Ig\u00e5r kv\u00e4ll p\u00e5 Kommunfullm\u00e4ktige tillsattes det nya presidiet efter valet.<\/p>\n<p>Som ordf\u00f6rande valdes Ann-Charlotte Wiesel (M) f\u00f6r ytterligare en mandatperiod, som vice ordf\u00f6rande valdes Bengt Carlsson (KD).<\/p>\n<p>Vi \u00e4r mycket stolta \u00f6ver att Bengt f\u00e5tt detta f\u00f6rtroendeuppdrag och \u00e4r \u00f6vertygade om att han kommer g\u00f6ra ett gott jobb p\u00e5 denna post.<\/p>\n<p>Avseende \u00f6vriga poster s\u00e5 p\u00e5g\u00e5r fortfarande f\u00f6rhandlingar vilket ni har kunnat l\u00e4sa om i Sm\u00e5l\u00e4nningen. Vi kommer f\u00e5 tillf\u00e4lle att \u00e5terkomma om vilka poster som vi kommer inneha.<\/p>\n<p>&nbsp;<\/p>\n","protected":false},"excerpt":{"rendered":"<p>Ig\u00e5r kv\u00e4ll p\u00e5 Kommunfullm\u00e4ktige tillsattes det nya presidiet efter valet. Som ordf\u00f6rande valdes Ann-Charlotte Wiesel (M) f\u00f6r ytterligare en mandatperiod, som vice ordf\u00f6rande valdes Bengt Carlsson (KD). Vi \u00e4r mycket stolta \u00f6ver att Bengt f\u00e5tt detta f\u00f6rtroendeuppdrag och \u00e4r \u00f6vertygade om att han kommer g\u00f6ra ett gott jobb p\u00e5 denna post. Avseende \u00f6vriga poster s\u00e5 <a class=\"read-more-link\" href=\"https:\/\/wp.kristdemokraterna.se\/ljungby\/bengt-carlsson-vald-som-vice-ordforande-i-kommunfullmaktige\/\">Read More<\/a><\/p>\n","protected":false},"author":438,"featured_media":0,"comment_status":"closed","ping_status":"closed","sticky":false,"template":"","format":"standard","meta":{"_acf_changed":false,"footnotes":""},"categories":[5,6],"tags":[],"class_list":["post-987","post","type-post","status-publish","format-standard","hentry","category-information","category-nyheter"],"acf":[],"yoast_head":"<!-- This site is optimized with the Yoast SEO plugin v27.4 - https:\/\/yoast.com\/product\/yoast-seo-wordpress\/ -->\n<title>Bengt Carlsson vald som vice Ordf\u00f6rande i Kommunfullm\u00e4ktige - Kristdemokraterna Ljungby<\/title>\n<meta name=\"robots\" content=\"index, follow, max-snippet:-1, max-image-preview:large, max-video-preview:-1\" \/>\n<link rel=\"canonical\" href=\"https:\/\/wp.kristdemokraterna.se\/ljungby\/bengt-carlsson-vald-som-vice-ordforande-i-kommunfullmaktige\/\" \/>\n<meta property=\"og:locale\" content=\"sv_SE\" \/>\n<meta property=\"og:type\" content=\"article\" \/>\n<meta property=\"og:title\" content=\"Bengt Carlsson vald som vice Ordf\u00f6rande i Kommunfullm\u00e4ktige - Kristdemokraterna Ljungby\" \/>\n<meta property=\"og:description\" content=\"Ig\u00e5r kv\u00e4ll p\u00e5 Kommunfullm\u00e4ktige tillsattes det nya presidiet efter valet. Som ordf\u00f6rande valdes Ann-Charlotte Wiesel (M) f\u00f6r ytterligare en mandatperiod, som vice ordf\u00f6rande valdes Bengt Carlsson (KD). Vi \u00e4r mycket stolta \u00f6ver att Bengt f\u00e5tt detta f\u00f6rtroendeuppdrag och \u00e4r \u00f6vertygade om att han kommer g\u00f6ra ett gott jobb p\u00e5 denna post. Avseende \u00f6vriga poster s\u00e5 Read More\" \/>\n<meta property=\"og:url\" content=\"https:\/\/wp.kristdemokraterna.se\/ljungby\/bengt-carlsson-vald-som-vice-ordforande-i-kommunfullmaktige\/\" \/>\n<meta property=\"og:site_name\" content=\"Kristdemokraterna Ljungby\" \/>\n<meta property=\"article:published_time\" content=\"2018-11-06T06:53:57+00:00\" \/>\n<meta name=\"author\" content=\"joti\" \/>\n<meta name=\"twitter:card\" content=\"summary_large_image\" \/>\n<meta name=\"twitter:label1\" content=\"Skriven av\" \/>\n\t<meta name=\"twitter:data1\" content=\"joti\" \/>\n<script type=\"application\/ld+json\" class=\"yoast-schema-graph\">{\"@context\":\"https:\\\/\\\/schema.org\",\"@graph\":[{\"@type\":\"Article\",\"@id\":\"https:\\\/\\\/wp.kristdemokraterna.se\\\/ljungby\\\/bengt-carlsson-vald-som-vice-ordforande-i-kommunfullmaktige\\\/#article\",\"isPartOf\":{\"@id\":\"https:\\\/\\\/wp.kristdemokraterna.se\\\/ljungby\\\/bengt-carlsson-vald-som-vice-ordforande-i-kommunfullmaktige\\\/\"},\"author\":{\"name\":\"joti\",\"@id\":\"https:\\\/\\\/wp.kristdemokraterna.se\\\/ljungby\\\/#\\\/schema\\\/person\\\/9a9f9eda88b5fb0c4be49261c7adff16\"},\"headline\":\"Bengt Carlsson vald som vice Ordf\u00f6rande i Kommunfullm\u00e4ktige\",\"datePublished\":\"2018-11-06T06:53:57+00:00\",\"mainEntityOfPage\":{\"@id\":\"https:\\\/\\\/wp.kristdemokraterna.se\\\/ljungby\\\/bengt-carlsson-vald-som-vice-ordforande-i-kommunfullmaktige\\\/\"},\"wordCount\":106,\"articleSection\":[\"Information\",\"Nyheter\"],\"inLanguage\":\"sv-SE\"},{\"@type\":\"WebPage\",\"@id\":\"https:\\\/\\\/wp.kristdemokraterna.se\\\/ljungby\\\/bengt-carlsson-vald-som-vice-ordforande-i-kommunfullmaktige\\\/\",\"url\":\"https:\\\/\\\/wp.kristdemokraterna.se\\\/ljungby\\\/bengt-carlsson-vald-som-vice-ordforande-i-kommunfullmaktige\\\/\",\"name\":\"Bengt Carlsson vald som vice Ordf\u00f6rande i Kommunfullm\u00e4ktige - Kristdemokraterna Ljungby\",\"isPartOf\":{\"@id\":\"https:\\\/\\\/wp.kristdemokraterna.se\\\/ljungby\\\/#website\"},\"datePublished\":\"2018-11-06T06:53:57+00:00\",\"author\":{\"@id\":\"https:\\\/\\\/wp.kristdemokraterna.se\\\/ljungby\\\/#\\\/schema\\\/person\\\/9a9f9eda88b5fb0c4be49261c7adff16\"},\"breadcrumb\":{\"@id\":\"https:\\\/\\\/wp.kristdemokraterna.se\\\/ljungby\\\/bengt-carlsson-vald-som-vice-ordforande-i-kommunfullmaktige\\\/#breadcrumb\"},\"inLanguage\":\"sv-SE\",\"potentialAction\":[{\"@type\":\"ReadAction\",\"target\":[\"https:\\\/\\\/wp.kristdemokraterna.se\\\/ljungby\\\/bengt-carlsson-vald-som-vice-ordforande-i-kommunfullmaktige\\\/\"]}]},{\"@type\":\"BreadcrumbList\",\"@id\":\"https:\\\/\\\/wp.kristdemokraterna.se\\\/ljungby\\\/bengt-carlsson-vald-som-vice-ordforande-i-kommunfullmaktige\\\/#breadcrumb\",\"itemListElement\":[{\"@type\":\"ListItem\",\"position\":1,\"name\":\"Hem\",\"item\":\"https:\\\/\\\/wp.kristdemokraterna.se\\\/ljungby\\\/\"},{\"@type\":\"ListItem\",\"position\":2,\"name\":\"Bengt Carlsson vald som vice Ordf\u00f6rande i Kommunfullm\u00e4ktige\"}]},{\"@type\":\"WebSite\",\"@id\":\"https:\\\/\\\/wp.kristdemokraterna.se\\\/ljungby\\\/#website\",\"url\":\"https:\\\/\\\/wp.kristdemokraterna.se\\\/ljungby\\\/\",\"name\":\"Kristdemokraterna Ljungby\",\"description\":\"\",\"inLanguage\":\"sv-SE\"},{\"@type\":\"Person\",\"@id\":\"https:\\\/\\\/wp.kristdemokraterna.se\\\/ljungby\\\/#\\\/schema\\\/person\\\/9a9f9eda88b5fb0c4be49261c7adff16\",\"name\":\"joti\",\"image\":{\"@type\":\"ImageObject\",\"inLanguage\":\"sv-SE\",\"@id\":\"https:\\\/\\\/secure.gravatar.com\\\/avatar\\\/489c31b66d609fabc20e87b17d2eca4b037876377a6fabee18a78ecf272a9a03?s=96&r=g\",\"url\":\"https:\\\/\\\/secure.gravatar.com\\\/avatar\\\/489c31b66d609fabc20e87b17d2eca4b037876377a6fabee18a78ecf272a9a03?s=96&r=g\",\"contentUrl\":\"https:\\\/\\\/secure.gravatar.com\\\/avatar\\\/489c31b66d609fabc20e87b17d2eca4b037876377a6fabee18a78ecf272a9a03?s=96&r=g\",\"caption\":\"joti\"},\"url\":\"https:\\\/\\\/wp.kristdemokraterna.se\\\/ljungby\\\/author\\\/joseftingbratt\\\/\"}]}<\/script>\n<!-- \/ Yoast SEO plugin. -->","yoast_head_json":{"title":"Bengt Carlsson vald som vice Ordf\u00f6rande i Kommunfullm\u00e4ktige - Kristdemokraterna Ljungby","robots":{"index":"index","follow":"follow","max-snippet":"max-snippet:-1","max-image-preview":"max-image-preview:large","max-video-preview":"max-video-preview:-1"},"canonical":"https:\/\/wp.kristdemokraterna.se\/ljungby\/bengt-carlsson-vald-som-vice-ordforande-i-kommunfullmaktige\/","og_locale":"sv_SE","og_type":"article","og_title":"Bengt Carlsson vald som vice Ordf\u00f6rande i Kommunfullm\u00e4ktige - Kristdemokraterna Ljungby","og_description":"Ig\u00e5r kv\u00e4ll p\u00e5 Kommunfullm\u00e4ktige tillsattes det nya presidiet efter valet. Som ordf\u00f6rande valdes Ann-Charlotte Wiesel (M) f\u00f6r ytterligare en mandatperiod, som vice ordf\u00f6rande valdes Bengt Carlsson (KD). Vi \u00e4r mycket stolta \u00f6ver att Bengt f\u00e5tt detta f\u00f6rtroendeuppdrag och \u00e4r \u00f6vertygade om att han kommer g\u00f6ra ett gott jobb p\u00e5 denna post. Avseende \u00f6vriga poster s\u00e5 Read More","og_url":"https:\/\/wp.kristdemokraterna.se\/ljungby\/bengt-carlsson-vald-som-vice-ordforande-i-kommunfullmaktige\/","og_site_name":"Kristdemokraterna Ljungby","article_published_time":"2018-11-06T06:53:57+00:00","author":"joti","twitter_card":"summary_large_image","twitter_misc":{"Skriven av":"joti"},"schema":{"@context":"https:\/\/schema.org","@graph":[{"@type":"Article","@id":"https:\/\/wp.kristdemokraterna.se\/ljungby\/bengt-carlsson-vald-som-vice-ordforande-i-kommunfullmaktige\/#article","isPartOf":{"@id":"https:\/\/wp.kristdemokraterna.se\/ljungby\/bengt-carlsson-vald-som-vice-ordforande-i-kommunfullmaktige\/"},"author":{"name":"joti","@id":"https:\/\/wp.kristdemokraterna.se\/ljungby\/#\/schema\/person\/9a9f9eda88b5fb0c4be49261c7adff16"},"headline":"Bengt Carlsson vald som vice Ordf\u00f6rande i Kommunfullm\u00e4ktige","datePublished":"2018-11-06T06:53:57+00:00","mainEntityOfPage":{"@id":"https:\/\/wp.kristdemokraterna.se\/ljungby\/bengt-carlsson-vald-som-vice-ordforande-i-kommunfullmaktige\/"},"wordCount":106,"articleSection":["Information","Nyheter"],"inLanguage":"sv-SE"},{"@type":"WebPage","@id":"https:\/\/wp.kristdemokraterna.se\/ljungby\/bengt-carlsson-vald-som-vice-ordforande-i-kommunfullmaktige\/","url":"https:\/\/wp.kristdemokraterna.se\/ljungby\/bengt-carlsson-vald-som-vice-ordforande-i-kommunfullmaktige\/","name":"Bengt Carlsson vald som vice Ordf\u00f6rande i Kommunfullm\u00e4ktige - Kristdemokraterna Ljungby","isPartOf":{"@id":"https:\/\/wp.kristdemokraterna.se\/ljungby\/#website"},"datePublished":"2018-11-06T06:53:57+00:00","author":{"@id":"https:\/\/wp.kristdemokraterna.se\/ljungby\/#\/schema\/person\/9a9f9eda88b5fb0c4be49261c7adff16"},"breadcrumb":{"@id":"https:\/\/wp.kristdemokraterna.se\/ljungby\/bengt-carlsson-vald-som-vice-ordforande-i-kommunfullmaktige\/#breadcrumb"},"inLanguage":"sv-SE","potentialAction":[{"@type":"ReadAction","target":["https:\/\/wp.kristdemokraterna.se\/ljungby\/bengt-carlsson-vald-som-vice-ordforande-i-kommunfullmaktige\/"]}]},{"@type":"BreadcrumbList","@id":"https:\/\/wp.kristdemokraterna.se\/ljungby\/bengt-carlsson-vald-som-vice-ordforande-i-kommunfullmaktige\/#breadcrumb","itemListElement":[{"@type":"ListItem","position":1,"name":"Hem","item":"https:\/\/wp.kristdemokraterna.se\/ljungby\/"},{"@type":"ListItem","position":2,"name":"Bengt Carlsson vald som vice Ordf\u00f6rande i Kommunfullm\u00e4ktige"}]},{"@type":"WebSite","@id":"https:\/\/wp.kristdemokraterna.se\/ljungby\/#website","url":"https:\/\/wp.kristdemokraterna.se\/ljungby\/","name":"Kristdemokraterna Ljungby","description":"","inLanguage":"sv-SE"},{"@type":"Person","@id":"https:\/\/wp.kristdemokraterna.se\/ljungby\/#\/schema\/person\/9a9f9eda88b5fb0c4be49261c7adff16","name":"joti","image":{"@type":"ImageObject","inLanguage":"sv-SE","@id":"https:\/\/secure.gravatar.com\/avatar\/489c31b66d609fabc20e87b17d2eca4b037876377a6fabee18a78ecf272a9a03?s=96&r=g","url":"https:\/\/secure.gravatar.com\/avatar\/489c31b66d609fabc20e87b17d2eca4b037876377a6fabee18a78ecf272a9a03?s=96&r=g","contentUrl":"https:\/\/secure.gravatar.com\/avatar\/489c31b66d609fabc20e87b17d2eca4b037876377a6fabee18a78ecf272a9a03?s=96&r=g","caption":"joti"},"url":"https:\/\/wp.kristdemokraterna.se\/ljungby\/author\/joseftingbratt\/"}]}},"_links":{"self":[{"href":"https:\/\/wp.kristdemokraterna.se\/ljungby\/wp-json\/wp\/v2\/posts\/987","targetHints":{"allow":["GET"]}}],"collection":[{"href":"https:\/\/wp.kristdemokraterna.se\/ljungby\/wp-json\/wp\/v2\/posts"}],"about":[{"href":"https:\/\/wp.kristdemokraterna.se\/ljungby\/wp-json\/wp\/v2\/types\/post"}],"author":[{"embeddable":true,"href":"https:\/\/wp.kristdemokraterna.se\/ljungby\/wp-json\/wp\/v2\/users\/438"}],"replies":[{"embeddable":true,"href":"https:\/\/wp.kristdemokraterna.se\/ljungby\/wp-json\/wp\/v2\/comments?post=987"}],"version-history":[{"count":1,"href":"https:\/\/wp.kristdemokraterna.se\/ljungby\/wp-json\/wp\/v2\/posts\/987\/revisions"}],"predecessor-version":[{"id":988,"href":"https:\/\/wp.kristdemokraterna.se\/ljungby\/wp-json\/wp\/v2\/posts\/987\/revisions\/988"}],"wp:attachment":[{"href":"https:\/\/wp.kristdemokraterna.se\/ljungby\/wp-json\/wp\/v2\/media?parent=987"}],"wp:term":[{"taxonomy":"category","embeddable":true,"href":"https:\/\/wp.kristdemokraterna.se\/ljungby\/wp-json\/wp\/v2\/categories?post=987"},{"taxonomy":"post_tag","embeddable":true,"href":"https:\/\/wp.kristdemokraterna.se\/ljungby\/wp-json\/wp\/v2\/tags?post=987"}],"curies":[{"name":"wp","href":"https:\/\/api.w.org\/{rel}","templated":true}]}}