{"id":3512,"date":"2023-06-29T11:40:26","date_gmt":"2023-06-29T09:40:26","guid":{"rendered":"https:\/\/wp.kristdemokraterna.se\/lund\/?p=3512"},"modified":"2023-06-29T11:40:26","modified_gmt":"2023-06-29T09:40:26","slug":"ingen-tunnel-till-eslov","status":"publish","type":"post","link":"https:\/\/wp.kristdemokraterna.se\/lund\/ingen-tunnel-till-eslov\/","title":{"rendered":"INGEN TUNNEL\u00a0 TILL ESL\u00d6V!!"},"content":{"rendered":"<h4>Replik\/ins\u00e4ndare<\/h4>\n<p>Nej, nej, nej Alexander Kuprijanko \u2013 inga milsl\u00e5nga tunnlar 40 m under jord, varken till Sj\u00f6lunda eller Esl\u00f6v!<\/p>\n<p>Vad jag d\u00e4remot menar \u00e4r att det redan finns ett reningsverk i S\u00f6dra Sandby, som skulle kunna projekteras som en hypermodern anl\u00e4ggning, och avlasta ett st\u00f6rre omr\u00e5de \u00e4n nu. Det skulle kunna ta hand om t ex Linero , Dalby m. fl t\u00e4torter i \u00f6ster &#8211; \u00e4ven n\u00e4rliggande delar av Esl\u00f6vs kommun om man d\u00e4r \u00a0\u00e4r intresserad.<\/p>\n<p>P\u00e5 s\u00e5 s\u00e4tt hade K\u00e4llby ocks\u00e5 avlastats volymm\u00e4ssigt. \u00c4ven h\u00e4r b\u00f6r man sikta p\u00e5 teknik som inte \u00f6kar utfl\u00f6det av gift i \u00d6resund.\u00a0\u00a0 Kort sagt: det finns redan teknik som g\u00f6r avfall till drickbart rent vatten. Det \u00e4r dyr teknik, men Lunds kommun projekterade en kostnad p\u00e5 mer \u00e4n 3,5 miljarder p\u00e5 ett tunnelbygge, s\u00e5 en del av de pengarna kan man utan att g\u00e5 i konkurs satsa p\u00e5 ny modern teknik. Och dessutom s\u00e4tta ig\u00e5ng med en beh\u00f6vlig \u00a0nyrenovering av urgamla avloppsr\u00f6r fr\u00e5n 30-talet som finns f\u00f6r n\u00e4rvarande i stora delar av kommunen.<\/p>\n<p>Agneta Lindskog, KD<\/p>\n<p><a href=\"https:\/\/www.sydsvenskan.se\/2023-06-24\/replik-ingen-tunnel-till-eslov\">Sydsvenskan<\/a><\/p>\n<p><a href=\"https:\/\/www.sydsvenskan.se\/2023-06-22\/brak-i-den-tusenariga-staden-nar-alla-tycker-lika\">Alexander Kuprijanko<\/a><\/p>\n","protected":false},"excerpt":{"rendered":"<p>Replik\/ins\u00e4ndare Nej, nej, nej Alexander Kuprijanko \u2013 inga milsl\u00e5nga tunnlar 40 m under jord, varken till Sj\u00f6lunda eller Esl\u00f6v! Vad jag d\u00e4remot menar \u00e4r att det redan finns ett reningsverk i S\u00f6dra Sandby, som skulle kunna projekteras som en hypermodern anl\u00e4ggning, och avlasta ett st\u00f6rre omr\u00e5de \u00e4n nu. Det skulle kunna ta hand om t <a class=\"read-more-link\" href=\"https:\/\/wp.kristdemokraterna.se\/lund\/ingen-tunnel-till-eslov\/\">L\u00e4s mer<\/a><\/p>\n","protected":false},"author":444,"featured_media":0,"comment_status":"closed","ping_status":"closed","sticky":false,"template":"","format":"standard","meta":{"_acf_changed":false,"footnotes":""},"categories":[30,11],"tags":[],"class_list":["post-3512","post","type-post","status-publish","format-standard","hentry","category-debatt-och-insandare","category-inlagg"],"acf":[],"yoast_head":"<!-- This site is optimized with the Yoast SEO plugin v27.4 - https:\/\/yoast.com\/product\/yoast-seo-wordpress\/ -->\n<title>INGEN TUNNEL\u00a0 TILL ESL\u00d6V!! - Kristdemokraterna | Lund<\/title>\n<meta name=\"robots\" content=\"index, follow, max-snippet:-1, max-image-preview:large, max-video-preview:-1\" \/>\n<link rel=\"canonical\" href=\"https:\/\/wp.kristdemokraterna.se\/lund\/ingen-tunnel-till-eslov\/\" \/>\n<meta property=\"og:locale\" content=\"sv_SE\" \/>\n<meta property=\"og:type\" content=\"article\" \/>\n<meta property=\"og:title\" content=\"INGEN TUNNEL\u00a0 TILL ESL\u00d6V!! - Kristdemokraterna | Lund\" \/>\n<meta property=\"og:description\" content=\"Replik\/ins\u00e4ndare Nej, nej, nej Alexander Kuprijanko \u2013 inga milsl\u00e5nga tunnlar 40 m under jord, varken till Sj\u00f6lunda eller Esl\u00f6v! Vad jag d\u00e4remot menar \u00e4r att det redan finns ett reningsverk i S\u00f6dra Sandby, som skulle kunna projekteras som en hypermodern anl\u00e4ggning, och avlasta ett st\u00f6rre omr\u00e5de \u00e4n nu. Det skulle kunna ta hand om t L\u00e4s mer\" \/>\n<meta property=\"og:url\" content=\"https:\/\/wp.kristdemokraterna.se\/lund\/ingen-tunnel-till-eslov\/\" \/>\n<meta property=\"og:site_name\" content=\"Kristdemokraterna | Lund\" \/>\n<meta property=\"article:published_time\" content=\"2023-06-29T09:40:26+00:00\" \/>\n<meta name=\"author\" content=\"helpdesk\" \/>\n<meta name=\"twitter:card\" content=\"summary_large_image\" \/>\n<meta name=\"twitter:label1\" content=\"Skriven av\" \/>\n\t<meta name=\"twitter:data1\" content=\"helpdesk\" \/>\n\t<meta name=\"twitter:label2\" content=\"Ber\u00e4knad l\u00e4stid\" \/>\n\t<meta name=\"twitter:data2\" content=\"1 minut\" \/>\n<script type=\"application\/ld+json\" class=\"yoast-schema-graph\">{\"@context\":\"https:\\\/\\\/schema.org\",\"@graph\":[{\"@type\":\"Article\",\"@id\":\"https:\\\/\\\/wp.kristdemokraterna.se\\\/lund\\\/ingen-tunnel-till-eslov\\\/#article\",\"isPartOf\":{\"@id\":\"https:\\\/\\\/wp.kristdemokraterna.se\\\/lund\\\/ingen-tunnel-till-eslov\\\/\"},\"author\":{\"name\":\"helpdesk\",\"@id\":\"https:\\\/\\\/wp.kristdemokraterna.se\\\/lund\\\/#\\\/schema\\\/person\\\/98d27838d17178471da5e8a56aa604a4\"},\"headline\":\"INGEN TUNNEL\u00a0 TILL ESL\u00d6V!!\",\"datePublished\":\"2023-06-29T09:40:26+00:00\",\"mainEntityOfPage\":{\"@id\":\"https:\\\/\\\/wp.kristdemokraterna.se\\\/lund\\\/ingen-tunnel-till-eslov\\\/\"},\"wordCount\":205,\"articleSection\":[\"Debatt\",\"Inl\u00e4gg\"],\"inLanguage\":\"sv-SE\"},{\"@type\":\"WebPage\",\"@id\":\"https:\\\/\\\/wp.kristdemokraterna.se\\\/lund\\\/ingen-tunnel-till-eslov\\\/\",\"url\":\"https:\\\/\\\/wp.kristdemokraterna.se\\\/lund\\\/ingen-tunnel-till-eslov\\\/\",\"name\":\"INGEN TUNNEL\u00a0 TILL ESL\u00d6V!! - Kristdemokraterna | Lund\",\"isPartOf\":{\"@id\":\"https:\\\/\\\/wp.kristdemokraterna.se\\\/lund\\\/#website\"},\"datePublished\":\"2023-06-29T09:40:26+00:00\",\"author\":{\"@id\":\"https:\\\/\\\/wp.kristdemokraterna.se\\\/lund\\\/#\\\/schema\\\/person\\\/98d27838d17178471da5e8a56aa604a4\"},\"breadcrumb\":{\"@id\":\"https:\\\/\\\/wp.kristdemokraterna.se\\\/lund\\\/ingen-tunnel-till-eslov\\\/#breadcrumb\"},\"inLanguage\":\"sv-SE\",\"potentialAction\":[{\"@type\":\"ReadAction\",\"target\":[\"https:\\\/\\\/wp.kristdemokraterna.se\\\/lund\\\/ingen-tunnel-till-eslov\\\/\"]}]},{\"@type\":\"BreadcrumbList\",\"@id\":\"https:\\\/\\\/wp.kristdemokraterna.se\\\/lund\\\/ingen-tunnel-till-eslov\\\/#breadcrumb\",\"itemListElement\":[{\"@type\":\"ListItem\",\"position\":1,\"name\":\"Hem\",\"item\":\"https:\\\/\\\/wp.kristdemokraterna.se\\\/lund\\\/\"},{\"@type\":\"ListItem\",\"position\":2,\"name\":\"INGEN TUNNEL\u00a0 TILL ESL\u00d6V!!\"}]},{\"@type\":\"WebSite\",\"@id\":\"https:\\\/\\\/wp.kristdemokraterna.se\\\/lund\\\/#website\",\"url\":\"https:\\\/\\\/wp.kristdemokraterna.se\\\/lund\\\/\",\"name\":\"Kristdemokraterna | Lund\",\"description\":\"\",\"inLanguage\":\"sv-SE\"},{\"@type\":\"Person\",\"@id\":\"https:\\\/\\\/wp.kristdemokraterna.se\\\/lund\\\/#\\\/schema\\\/person\\\/98d27838d17178471da5e8a56aa604a4\",\"name\":\"helpdesk\",\"image\":{\"@type\":\"ImageObject\",\"inLanguage\":\"sv-SE\",\"@id\":\"https:\\\/\\\/secure.gravatar.com\\\/avatar\\\/2e747bc9a7d4e5a6ecca7d851e4175129f995f3f6d9ef18734d1ff623abe4a88?s=96&d=mm&r=g\",\"url\":\"https:\\\/\\\/secure.gravatar.com\\\/avatar\\\/2e747bc9a7d4e5a6ecca7d851e4175129f995f3f6d9ef18734d1ff623abe4a88?s=96&d=mm&r=g\",\"contentUrl\":\"https:\\\/\\\/secure.gravatar.com\\\/avatar\\\/2e747bc9a7d4e5a6ecca7d851e4175129f995f3f6d9ef18734d1ff623abe4a88?s=96&d=mm&r=g\",\"caption\":\"helpdesk\"},\"url\":\"https:\\\/\\\/wp.kristdemokraterna.se\\\/lund\\\/author\\\/helpdesk\\\/\"}]}<\/script>\n<!-- \/ Yoast SEO plugin. -->","yoast_head_json":{"title":"INGEN TUNNEL\u00a0 TILL ESL\u00d6V!! - Kristdemokraterna | Lund","robots":{"index":"index","follow":"follow","max-snippet":"max-snippet:-1","max-image-preview":"max-image-preview:large","max-video-preview":"max-video-preview:-1"},"canonical":"https:\/\/wp.kristdemokraterna.se\/lund\/ingen-tunnel-till-eslov\/","og_locale":"sv_SE","og_type":"article","og_title":"INGEN TUNNEL\u00a0 TILL ESL\u00d6V!! - Kristdemokraterna | Lund","og_description":"Replik\/ins\u00e4ndare Nej, nej, nej Alexander Kuprijanko \u2013 inga milsl\u00e5nga tunnlar 40 m under jord, varken till Sj\u00f6lunda eller Esl\u00f6v! Vad jag d\u00e4remot menar \u00e4r att det redan finns ett reningsverk i S\u00f6dra Sandby, som skulle kunna projekteras som en hypermodern anl\u00e4ggning, och avlasta ett st\u00f6rre omr\u00e5de \u00e4n nu. Det skulle kunna ta hand om t L\u00e4s mer","og_url":"https:\/\/wp.kristdemokraterna.se\/lund\/ingen-tunnel-till-eslov\/","og_site_name":"Kristdemokraterna | Lund","article_published_time":"2023-06-29T09:40:26+00:00","author":"helpdesk","twitter_card":"summary_large_image","twitter_misc":{"Skriven av":"helpdesk","Ber\u00e4knad l\u00e4stid":"1 minut"},"schema":{"@context":"https:\/\/schema.org","@graph":[{"@type":"Article","@id":"https:\/\/wp.kristdemokraterna.se\/lund\/ingen-tunnel-till-eslov\/#article","isPartOf":{"@id":"https:\/\/wp.kristdemokraterna.se\/lund\/ingen-tunnel-till-eslov\/"},"author":{"name":"helpdesk","@id":"https:\/\/wp.kristdemokraterna.se\/lund\/#\/schema\/person\/98d27838d17178471da5e8a56aa604a4"},"headline":"INGEN TUNNEL\u00a0 TILL ESL\u00d6V!!","datePublished":"2023-06-29T09:40:26+00:00","mainEntityOfPage":{"@id":"https:\/\/wp.kristdemokraterna.se\/lund\/ingen-tunnel-till-eslov\/"},"wordCount":205,"articleSection":["Debatt","Inl\u00e4gg"],"inLanguage":"sv-SE"},{"@type":"WebPage","@id":"https:\/\/wp.kristdemokraterna.se\/lund\/ingen-tunnel-till-eslov\/","url":"https:\/\/wp.kristdemokraterna.se\/lund\/ingen-tunnel-till-eslov\/","name":"INGEN TUNNEL\u00a0 TILL ESL\u00d6V!! - Kristdemokraterna | Lund","isPartOf":{"@id":"https:\/\/wp.kristdemokraterna.se\/lund\/#website"},"datePublished":"2023-06-29T09:40:26+00:00","author":{"@id":"https:\/\/wp.kristdemokraterna.se\/lund\/#\/schema\/person\/98d27838d17178471da5e8a56aa604a4"},"breadcrumb":{"@id":"https:\/\/wp.kristdemokraterna.se\/lund\/ingen-tunnel-till-eslov\/#breadcrumb"},"inLanguage":"sv-SE","potentialAction":[{"@type":"ReadAction","target":["https:\/\/wp.kristdemokraterna.se\/lund\/ingen-tunnel-till-eslov\/"]}]},{"@type":"BreadcrumbList","@id":"https:\/\/wp.kristdemokraterna.se\/lund\/ingen-tunnel-till-eslov\/#breadcrumb","itemListElement":[{"@type":"ListItem","position":1,"name":"Hem","item":"https:\/\/wp.kristdemokraterna.se\/lund\/"},{"@type":"ListItem","position":2,"name":"INGEN TUNNEL\u00a0 TILL ESL\u00d6V!!"}]},{"@type":"WebSite","@id":"https:\/\/wp.kristdemokraterna.se\/lund\/#website","url":"https:\/\/wp.kristdemokraterna.se\/lund\/","name":"Kristdemokraterna | Lund","description":"","inLanguage":"sv-SE"},{"@type":"Person","@id":"https:\/\/wp.kristdemokraterna.se\/lund\/#\/schema\/person\/98d27838d17178471da5e8a56aa604a4","name":"helpdesk","image":{"@type":"ImageObject","inLanguage":"sv-SE","@id":"https:\/\/secure.gravatar.com\/avatar\/2e747bc9a7d4e5a6ecca7d851e4175129f995f3f6d9ef18734d1ff623abe4a88?s=96&d=mm&r=g","url":"https:\/\/secure.gravatar.com\/avatar\/2e747bc9a7d4e5a6ecca7d851e4175129f995f3f6d9ef18734d1ff623abe4a88?s=96&d=mm&r=g","contentUrl":"https:\/\/secure.gravatar.com\/avatar\/2e747bc9a7d4e5a6ecca7d851e4175129f995f3f6d9ef18734d1ff623abe4a88?s=96&d=mm&r=g","caption":"helpdesk"},"url":"https:\/\/wp.kristdemokraterna.se\/lund\/author\/helpdesk\/"}]}},"_links":{"self":[{"href":"https:\/\/wp.kristdemokraterna.se\/lund\/wp-json\/wp\/v2\/posts\/3512","targetHints":{"allow":["GET"]}}],"collection":[{"href":"https:\/\/wp.kristdemokraterna.se\/lund\/wp-json\/wp\/v2\/posts"}],"about":[{"href":"https:\/\/wp.kristdemokraterna.se\/lund\/wp-json\/wp\/v2\/types\/post"}],"author":[{"embeddable":true,"href":"https:\/\/wp.kristdemokraterna.se\/lund\/wp-json\/wp\/v2\/users\/444"}],"replies":[{"embeddable":true,"href":"https:\/\/wp.kristdemokraterna.se\/lund\/wp-json\/wp\/v2\/comments?post=3512"}],"version-history":[{"count":0,"href":"https:\/\/wp.kristdemokraterna.se\/lund\/wp-json\/wp\/v2\/posts\/3512\/revisions"}],"wp:attachment":[{"href":"https:\/\/wp.kristdemokraterna.se\/lund\/wp-json\/wp\/v2\/media?parent=3512"}],"wp:term":[{"taxonomy":"category","embeddable":true,"href":"https:\/\/wp.kristdemokraterna.se\/lund\/wp-json\/wp\/v2\/categories?post=3512"},{"taxonomy":"post_tag","embeddable":true,"href":"https:\/\/wp.kristdemokraterna.se\/lund\/wp-json\/wp\/v2\/tags?post=3512"}],"curies":[{"name":"wp","href":"https:\/\/api.w.org\/{rel}","templated":true}]}}