{"id":3890,"date":"2024-02-22T15:07:26","date_gmt":"2024-02-22T14:07:26","guid":{"rendered":"https:\/\/wp.kristdemokraterna.se\/lund\/?p=3890"},"modified":"2025-04-01T01:11:00","modified_gmt":"2025-03-31T23:11:00","slug":"3890-2","status":"publish","type":"post","link":"https:\/\/wp.kristdemokraterna.se\/lund\/3890-2\/","title":{"rendered":"S\u00e5 ska Stadshallen anv\u00e4ndas &#8211; replik"},"content":{"rendered":"<p><a href=\"https:\/\/www.sydsvenskan.se\/2024-02-20\/politiker-svarar-sa-ska-stadshallen-anvandas\">Ins\u00e4ndare i Sydsvenskan 240221<\/a><\/p>\n<p>&nbsp;<\/p>\n<div class=\"article__text-wrapper txt-body txt-body-2\">\n<p><a class=\"article__content-link\" href=\"https:\/\/www.sydsvenskan.se\/2024-02-18\/nagra-smasura-foreningar-och-politikerna-sankte-nya-stadshallen\">I SDS 18\/2-2024 kr\u00f6nikerar Eskil Fagerstr\u00f6m om hur politikerna \u201ds\u00e4nkte nya Stadshallen\u201d.<\/a><\/p>\n<p>Argumenten f\u00f6r att ha kvar nuvarande driftsform \u00e4r ett mischmasch av h\u00f6gt och l\u00e5gt. Han menar bland annat att det skulle vara billigare att betala hyra till n\u00e5gon annan f\u00f6r att kommunen ska hyra sin egen lokal och att f\u00f6reningslivet visst inte \u00e4r utest\u00e4ngt fr\u00e5n hallen.<\/p>\n<\/div>\n<div class=\"article__text-wrapper txt-body txt-body-2\">\n<p>Som ett anekdotiskt motbevis f\u00f6r det senare tar han upp att Limus har bokat evenemang i hallen, men Limus \u00e4r ingen f\u00f6rening utan ett aktiebolag.<\/p>\n<p>I artikeln p\u00e5st\u00e5s att kommunen efter bara ett \u00e5r ska riva upp inriktningen. Det st\u00e4mmer inte. Kommunen kommer att ha kvar avtalet s\u00e5 l\u00e4nge som avtalet till\u00e5ter, till 2026.<\/p>\n<p>Vid en ny upphandling skulle avtalet rent juridiskt beh\u00f6vas upphandlas igen. Ingen kan garantera att det skulle bli Altitude som skulle vinna upphandlingen igen.<\/p>\n<p>Viktigt att n\u00e4mna \u00e4r att Altitude idag inte betalar kommunen marknadsm\u00e4ssig hyra, skattebetalarna subventionerar hyran. I en ny upphandling skulle det kr\u00e4vas en h\u00f6gre hyra \u00e4n idag.<\/p>\n<p>Vissa menar att Stadshallen \u00e4r mer \u00f6ppen nu \u00e4n tidigare. Kommunen renoverade den f\u00f6r 215 miljoner kronor s\u00e5 att den skulle bli Lundabornas vardagsrum, klart att hallen har blivit mer \u00f6ppen \u2013 besynnerligt vore det v\u00e4l annars.<\/p>\n<p>Att j\u00e4mf\u00f6ra med hur den var innan \u00e4r konstigt, Botulfsh\u00f6rnan var till exempel en butik. Det \u00e4r faktiskt kommunen som har sett till att skapa den.<\/p>\n<p>Genom att kommunen sj\u00e4lv driver hallen hoppas vi kunna skapa en st\u00f6rre m\u00e5ngfald av arrangemang. B\u00e5de f\u00f6retag och f\u00f6reningar ska kunna nyttja hallen kommunen byggt om.<\/p>\n<p><strong>Axel Hallberg (Mp), partif\u00f6retr\u00e4dare och ledamot i kommunstyrelsen<\/strong><\/p>\n<\/div>\n<div class=\"article__text-wrapper txt-body txt-body-2\">\n<p><strong>Shahad Lund (Mp), partif\u00f6retr\u00e4dare och ers\u00e4ttare i kommunstyrelsen<\/strong><\/p>\n<p><strong>Hedvig \u00c5kesson (KD), kommunalr\u00e5d och ledamot i kommunstyrelsen<\/strong><\/p>\n<p><strong>Gunnar Br\u00e5dvik (KD), ers\u00e4ttare i kommunstyrelsen<\/strong><\/p>\n<\/div>\n","protected":false},"excerpt":{"rendered":"<p>Ins\u00e4ndare i Sydsvenskan 240221 &nbsp; I SDS 18\/2-2024 kr\u00f6nikerar Eskil Fagerstr\u00f6m om hur politikerna \u201ds\u00e4nkte nya Stadshallen\u201d. Argumenten f\u00f6r att ha kvar nuvarande driftsform \u00e4r ett mischmasch av h\u00f6gt och l\u00e5gt. Han menar bland annat att det skulle vara billigare att betala hyra till n\u00e5gon annan f\u00f6r att kommunen ska hyra sin egen lokal och <a class=\"read-more-link\" href=\"https:\/\/wp.kristdemokraterna.se\/lund\/3890-2\/\">L\u00e4s mer<\/a><\/p>\n","protected":false},"author":444,"featured_media":0,"comment_status":"closed","ping_status":"closed","sticky":false,"template":"","format":"standard","meta":{"_acf_changed":false,"footnotes":""},"categories":[30],"tags":[],"class_list":["post-3890","post","type-post","status-publish","format-standard","hentry","category-debatt-och-insandare"],"acf":[],"yoast_head":"<!-- This site is optimized with the Yoast SEO plugin v27.4 - https:\/\/yoast.com\/product\/yoast-seo-wordpress\/ -->\n<title>S\u00e5 ska Stadshallen anv\u00e4ndas - replik - Kristdemokraterna | Lund<\/title>\n<meta name=\"robots\" content=\"index, follow, max-snippet:-1, max-image-preview:large, max-video-preview:-1\" \/>\n<link rel=\"canonical\" href=\"https:\/\/wp.kristdemokraterna.se\/lund\/3890-2\/\" \/>\n<meta property=\"og:locale\" content=\"sv_SE\" \/>\n<meta property=\"og:type\" content=\"article\" \/>\n<meta property=\"og:title\" content=\"S\u00e5 ska Stadshallen anv\u00e4ndas - replik - Kristdemokraterna | Lund\" \/>\n<meta property=\"og:description\" content=\"Ins\u00e4ndare i Sydsvenskan 240221 &nbsp; I SDS 18\/2-2024 kr\u00f6nikerar Eskil Fagerstr\u00f6m om hur politikerna \u201ds\u00e4nkte nya Stadshallen\u201d. Argumenten f\u00f6r att ha kvar nuvarande driftsform \u00e4r ett mischmasch av h\u00f6gt och l\u00e5gt. Han menar bland annat att det skulle vara billigare att betala hyra till n\u00e5gon annan f\u00f6r att kommunen ska hyra sin egen lokal och L\u00e4s mer\" \/>\n<meta property=\"og:url\" content=\"https:\/\/wp.kristdemokraterna.se\/lund\/3890-2\/\" \/>\n<meta property=\"og:site_name\" content=\"Kristdemokraterna | Lund\" \/>\n<meta property=\"article:published_time\" content=\"2024-02-22T14:07:26+00:00\" \/>\n<meta property=\"article:modified_time\" content=\"2025-03-31T23:11:00+00:00\" \/>\n<meta name=\"author\" content=\"helpdesk\" \/>\n<meta name=\"twitter:card\" content=\"summary_large_image\" \/>\n<meta name=\"twitter:label1\" content=\"Skriven av\" \/>\n\t<meta name=\"twitter:data1\" content=\"helpdesk\" \/>\n\t<meta name=\"twitter:label2\" content=\"Ber\u00e4knad l\u00e4stid\" \/>\n\t<meta name=\"twitter:data2\" content=\"2 minuter\" \/>\n<script type=\"application\/ld+json\" class=\"yoast-schema-graph\">{\"@context\":\"https:\\\/\\\/schema.org\",\"@graph\":[{\"@type\":\"Article\",\"@id\":\"https:\\\/\\\/wp.kristdemokraterna.se\\\/lund\\\/3890-2\\\/#article\",\"isPartOf\":{\"@id\":\"https:\\\/\\\/wp.kristdemokraterna.se\\\/lund\\\/3890-2\\\/\"},\"author\":{\"name\":\"helpdesk\",\"@id\":\"https:\\\/\\\/wp.kristdemokraterna.se\\\/lund\\\/#\\\/schema\\\/person\\\/98d27838d17178471da5e8a56aa604a4\"},\"headline\":\"S\u00e5 ska Stadshallen anv\u00e4ndas &#8211; replik\",\"datePublished\":\"2024-02-22T14:07:26+00:00\",\"dateModified\":\"2025-03-31T23:11:00+00:00\",\"mainEntityOfPage\":{\"@id\":\"https:\\\/\\\/wp.kristdemokraterna.se\\\/lund\\\/3890-2\\\/\"},\"wordCount\":333,\"articleSection\":[\"Debatt\"],\"inLanguage\":\"sv-SE\"},{\"@type\":\"WebPage\",\"@id\":\"https:\\\/\\\/wp.kristdemokraterna.se\\\/lund\\\/3890-2\\\/\",\"url\":\"https:\\\/\\\/wp.kristdemokraterna.se\\\/lund\\\/3890-2\\\/\",\"name\":\"S\u00e5 ska Stadshallen anv\u00e4ndas - replik - Kristdemokraterna | Lund\",\"isPartOf\":{\"@id\":\"https:\\\/\\\/wp.kristdemokraterna.se\\\/lund\\\/#website\"},\"datePublished\":\"2024-02-22T14:07:26+00:00\",\"dateModified\":\"2025-03-31T23:11:00+00:00\",\"author\":{\"@id\":\"https:\\\/\\\/wp.kristdemokraterna.se\\\/lund\\\/#\\\/schema\\\/person\\\/98d27838d17178471da5e8a56aa604a4\"},\"breadcrumb\":{\"@id\":\"https:\\\/\\\/wp.kristdemokraterna.se\\\/lund\\\/3890-2\\\/#breadcrumb\"},\"inLanguage\":\"sv-SE\",\"potentialAction\":[{\"@type\":\"ReadAction\",\"target\":[\"https:\\\/\\\/wp.kristdemokraterna.se\\\/lund\\\/3890-2\\\/\"]}]},{\"@type\":\"BreadcrumbList\",\"@id\":\"https:\\\/\\\/wp.kristdemokraterna.se\\\/lund\\\/3890-2\\\/#breadcrumb\",\"itemListElement\":[{\"@type\":\"ListItem\",\"position\":1,\"name\":\"Hem\",\"item\":\"https:\\\/\\\/wp.kristdemokraterna.se\\\/lund\\\/\"},{\"@type\":\"ListItem\",\"position\":2,\"name\":\"S\u00e5 ska Stadshallen anv\u00e4ndas &#8211; replik\"}]},{\"@type\":\"WebSite\",\"@id\":\"https:\\\/\\\/wp.kristdemokraterna.se\\\/lund\\\/#website\",\"url\":\"https:\\\/\\\/wp.kristdemokraterna.se\\\/lund\\\/\",\"name\":\"Kristdemokraterna | Lund\",\"description\":\"\",\"inLanguage\":\"sv-SE\"},{\"@type\":\"Person\",\"@id\":\"https:\\\/\\\/wp.kristdemokraterna.se\\\/lund\\\/#\\\/schema\\\/person\\\/98d27838d17178471da5e8a56aa604a4\",\"name\":\"helpdesk\",\"image\":{\"@type\":\"ImageObject\",\"inLanguage\":\"sv-SE\",\"@id\":\"https:\\\/\\\/secure.gravatar.com\\\/avatar\\\/2e747bc9a7d4e5a6ecca7d851e4175129f995f3f6d9ef18734d1ff623abe4a88?s=96&d=mm&r=g\",\"url\":\"https:\\\/\\\/secure.gravatar.com\\\/avatar\\\/2e747bc9a7d4e5a6ecca7d851e4175129f995f3f6d9ef18734d1ff623abe4a88?s=96&d=mm&r=g\",\"contentUrl\":\"https:\\\/\\\/secure.gravatar.com\\\/avatar\\\/2e747bc9a7d4e5a6ecca7d851e4175129f995f3f6d9ef18734d1ff623abe4a88?s=96&d=mm&r=g\",\"caption\":\"helpdesk\"},\"url\":\"https:\\\/\\\/wp.kristdemokraterna.se\\\/lund\\\/author\\\/helpdesk\\\/\"}]}<\/script>\n<!-- \/ Yoast SEO plugin. -->","yoast_head_json":{"title":"S\u00e5 ska Stadshallen anv\u00e4ndas - replik - Kristdemokraterna | Lund","robots":{"index":"index","follow":"follow","max-snippet":"max-snippet:-1","max-image-preview":"max-image-preview:large","max-video-preview":"max-video-preview:-1"},"canonical":"https:\/\/wp.kristdemokraterna.se\/lund\/3890-2\/","og_locale":"sv_SE","og_type":"article","og_title":"S\u00e5 ska Stadshallen anv\u00e4ndas - replik - Kristdemokraterna | Lund","og_description":"Ins\u00e4ndare i Sydsvenskan 240221 &nbsp; I SDS 18\/2-2024 kr\u00f6nikerar Eskil Fagerstr\u00f6m om hur politikerna \u201ds\u00e4nkte nya Stadshallen\u201d. Argumenten f\u00f6r att ha kvar nuvarande driftsform \u00e4r ett mischmasch av h\u00f6gt och l\u00e5gt. Han menar bland annat att det skulle vara billigare att betala hyra till n\u00e5gon annan f\u00f6r att kommunen ska hyra sin egen lokal och L\u00e4s mer","og_url":"https:\/\/wp.kristdemokraterna.se\/lund\/3890-2\/","og_site_name":"Kristdemokraterna | Lund","article_published_time":"2024-02-22T14:07:26+00:00","article_modified_time":"2025-03-31T23:11:00+00:00","author":"helpdesk","twitter_card":"summary_large_image","twitter_misc":{"Skriven av":"helpdesk","Ber\u00e4knad l\u00e4stid":"2 minuter"},"schema":{"@context":"https:\/\/schema.org","@graph":[{"@type":"Article","@id":"https:\/\/wp.kristdemokraterna.se\/lund\/3890-2\/#article","isPartOf":{"@id":"https:\/\/wp.kristdemokraterna.se\/lund\/3890-2\/"},"author":{"name":"helpdesk","@id":"https:\/\/wp.kristdemokraterna.se\/lund\/#\/schema\/person\/98d27838d17178471da5e8a56aa604a4"},"headline":"S\u00e5 ska Stadshallen anv\u00e4ndas &#8211; replik","datePublished":"2024-02-22T14:07:26+00:00","dateModified":"2025-03-31T23:11:00+00:00","mainEntityOfPage":{"@id":"https:\/\/wp.kristdemokraterna.se\/lund\/3890-2\/"},"wordCount":333,"articleSection":["Debatt"],"inLanguage":"sv-SE"},{"@type":"WebPage","@id":"https:\/\/wp.kristdemokraterna.se\/lund\/3890-2\/","url":"https:\/\/wp.kristdemokraterna.se\/lund\/3890-2\/","name":"S\u00e5 ska Stadshallen anv\u00e4ndas - replik - Kristdemokraterna | Lund","isPartOf":{"@id":"https:\/\/wp.kristdemokraterna.se\/lund\/#website"},"datePublished":"2024-02-22T14:07:26+00:00","dateModified":"2025-03-31T23:11:00+00:00","author":{"@id":"https:\/\/wp.kristdemokraterna.se\/lund\/#\/schema\/person\/98d27838d17178471da5e8a56aa604a4"},"breadcrumb":{"@id":"https:\/\/wp.kristdemokraterna.se\/lund\/3890-2\/#breadcrumb"},"inLanguage":"sv-SE","potentialAction":[{"@type":"ReadAction","target":["https:\/\/wp.kristdemokraterna.se\/lund\/3890-2\/"]}]},{"@type":"BreadcrumbList","@id":"https:\/\/wp.kristdemokraterna.se\/lund\/3890-2\/#breadcrumb","itemListElement":[{"@type":"ListItem","position":1,"name":"Hem","item":"https:\/\/wp.kristdemokraterna.se\/lund\/"},{"@type":"ListItem","position":2,"name":"S\u00e5 ska Stadshallen anv\u00e4ndas &#8211; replik"}]},{"@type":"WebSite","@id":"https:\/\/wp.kristdemokraterna.se\/lund\/#website","url":"https:\/\/wp.kristdemokraterna.se\/lund\/","name":"Kristdemokraterna | Lund","description":"","inLanguage":"sv-SE"},{"@type":"Person","@id":"https:\/\/wp.kristdemokraterna.se\/lund\/#\/schema\/person\/98d27838d17178471da5e8a56aa604a4","name":"helpdesk","image":{"@type":"ImageObject","inLanguage":"sv-SE","@id":"https:\/\/secure.gravatar.com\/avatar\/2e747bc9a7d4e5a6ecca7d851e4175129f995f3f6d9ef18734d1ff623abe4a88?s=96&d=mm&r=g","url":"https:\/\/secure.gravatar.com\/avatar\/2e747bc9a7d4e5a6ecca7d851e4175129f995f3f6d9ef18734d1ff623abe4a88?s=96&d=mm&r=g","contentUrl":"https:\/\/secure.gravatar.com\/avatar\/2e747bc9a7d4e5a6ecca7d851e4175129f995f3f6d9ef18734d1ff623abe4a88?s=96&d=mm&r=g","caption":"helpdesk"},"url":"https:\/\/wp.kristdemokraterna.se\/lund\/author\/helpdesk\/"}]}},"_links":{"self":[{"href":"https:\/\/wp.kristdemokraterna.se\/lund\/wp-json\/wp\/v2\/posts\/3890","targetHints":{"allow":["GET"]}}],"collection":[{"href":"https:\/\/wp.kristdemokraterna.se\/lund\/wp-json\/wp\/v2\/posts"}],"about":[{"href":"https:\/\/wp.kristdemokraterna.se\/lund\/wp-json\/wp\/v2\/types\/post"}],"author":[{"embeddable":true,"href":"https:\/\/wp.kristdemokraterna.se\/lund\/wp-json\/wp\/v2\/users\/444"}],"replies":[{"embeddable":true,"href":"https:\/\/wp.kristdemokraterna.se\/lund\/wp-json\/wp\/v2\/comments?post=3890"}],"version-history":[{"count":1,"href":"https:\/\/wp.kristdemokraterna.se\/lund\/wp-json\/wp\/v2\/posts\/3890\/revisions"}],"predecessor-version":[{"id":4479,"href":"https:\/\/wp.kristdemokraterna.se\/lund\/wp-json\/wp\/v2\/posts\/3890\/revisions\/4479"}],"wp:attachment":[{"href":"https:\/\/wp.kristdemokraterna.se\/lund\/wp-json\/wp\/v2\/media?parent=3890"}],"wp:term":[{"taxonomy":"category","embeddable":true,"href":"https:\/\/wp.kristdemokraterna.se\/lund\/wp-json\/wp\/v2\/categories?post=3890"},{"taxonomy":"post_tag","embeddable":true,"href":"https:\/\/wp.kristdemokraterna.se\/lund\/wp-json\/wp\/v2\/tags?post=3890"}],"curies":[{"name":"wp","href":"https:\/\/api.w.org\/{rel}","templated":true}]}}