{"id":4025,"date":"2024-10-19T17:27:49","date_gmt":"2024-10-19T15:27:49","guid":{"rendered":"https:\/\/wp.kristdemokraterna.se\/lund\/?p=4025"},"modified":"2025-03-31T11:48:19","modified_gmt":"2025-03-31T09:48:19","slug":"med-karlek-fran-skane-till-ukraina","status":"publish","type":"post","link":"https:\/\/wp.kristdemokraterna.se\/lund\/med-karlek-fran-skane-till-ukraina\/","title":{"rendered":"MED K\u00c4RLEK FR\u00c5N SK\u00c5NE TILL UKRAINA!"},"content":{"rendered":"<p><a href=\"http:\/\/wp.kristdemokraterna.se\/lund2\/files\/2023\/03\/hamilton-region-scaled-e1704674128441.jpg\"><img loading=\"lazy\" decoding=\"async\" class=\"wp-image-3354 size-thumbnail alignnone\" src=\"http:\/\/wp.kristdemokraterna.se\/lund2\/files\/2023\/03\/hamilton-region-scaled-e1704674128441-150x150.jpg\" alt=\"\" width=\"150\" height=\"150\" srcset=\"https:\/\/wp.kristdemokraterna.se\/lund\/files\/2023\/03\/hamilton-region-scaled-e1704674128441-150x150.jpg 150w, https:\/\/wp.kristdemokraterna.se\/lund\/files\/2023\/03\/hamilton-region-scaled-e1704674128441-90x90.jpg 90w\" sizes=\"auto, (max-width: 150px) 100vw, 150px\" \/><\/a><\/p>\n<h3><strong>Gustaf Hamilton<\/strong>, v\u00e5r medlem i Byggnadsn\u00e4mnden och Region Sk\u00e5ne, ber\u00e4ttade vid v\u00e5rt medlemsm\u00f6te i oktober om sin resa som kartl\u00e4sare\u00a0 i en hj\u00e4lps\u00e4ndning till\u00a0 Ukraina.<\/h3>\n<p>En lastbilp\u00e5 20 ton,\u00a0 laddad med sjukv\u00e5rdsutrustning fr\u00e5n Region Sk\u00e5ne,\u00a0 k\u00f6rde 160 mil fr\u00e5n Rostock via Ungern och Rum\u00e4nien till\u00a0 Ukraina i augusti.\u00a0 Destinationen\u00a0 l\u00e5g i Rum\u00e4nien i en liten gr\u00e4nsstad . Resan startade i Trelleborg och var ganska utmanande i takt med att\u00a0 v\u00e4garna i Rum\u00e4nien blev allt lerigare och sv\u00e5ra att ta sig fram p\u00e5.<\/p>\n<p><a href=\"http:\/\/wp.kristdemokraterna.se\/lund2\/files\/2024\/10\/img_9735.jpg\"><img loading=\"lazy\" decoding=\"async\" class=\"size-medium wp-image-4091 alignleft\" src=\"http:\/\/wp.kristdemokraterna.se\/lund2\/files\/2024\/10\/img_9735-300x225.jpg\" alt=\"\" width=\"300\" height=\"225\" srcset=\"https:\/\/wp.kristdemokraterna.se\/lund\/files\/2024\/10\/img_9735-300x225.jpg 300w, https:\/\/wp.kristdemokraterna.se\/lund\/files\/2024\/10\/img_9735-1024x768.jpg 1024w, https:\/\/wp.kristdemokraterna.se\/lund\/files\/2024\/10\/img_9735-768x576.jpg 768w, https:\/\/wp.kristdemokraterna.se\/lund\/files\/2024\/10\/img_9735-1536x1152.jpg 1536w, https:\/\/wp.kristdemokraterna.se\/lund\/files\/2024\/10\/img_9735-267x200.jpg 267w, https:\/\/wp.kristdemokraterna.se\/lund\/files\/2024\/10\/img_9735-370x278.jpg 370w, https:\/\/wp.kristdemokraterna.se\/lund\/files\/2024\/10\/img_9735-770x578.jpg 770w, https:\/\/wp.kristdemokraterna.se\/lund\/files\/2024\/10\/img_9735-450x338.jpg 450w, https:\/\/wp.kristdemokraterna.se\/lund\/files\/2024\/10\/img_9735-280x210.jpg 280w, https:\/\/wp.kristdemokraterna.se\/lund\/files\/2024\/10\/img_9735-340x255.jpg 340w, https:\/\/wp.kristdemokraterna.se\/lund\/files\/2024\/10\/img_9735-200x150.jpg 200w, https:\/\/wp.kristdemokraterna.se\/lund\/files\/2024\/10\/img_9735-75x56.jpg 75w, https:\/\/wp.kristdemokraterna.se\/lund\/files\/2024\/10\/img_9735.jpg 2016w\" sizes=\"auto, (max-width: 300px) 100vw, 300px\" \/><\/a><a href=\"http:\/\/wp.kristdemokraterna.se\/lund2\/files\/2024\/10\/img_9715.jpg\"><img loading=\"lazy\" decoding=\"async\" class=\"alignnone size-medium wp-image-4093\" src=\"http:\/\/wp.kristdemokraterna.se\/lund2\/files\/2024\/10\/img_9715-300x225.jpg\" alt=\"\" width=\"300\" height=\"225\" srcset=\"https:\/\/wp.kristdemokraterna.se\/lund\/files\/2024\/10\/img_9715-300x225.jpg 300w, https:\/\/wp.kristdemokraterna.se\/lund\/files\/2024\/10\/img_9715-1024x768.jpg 1024w, https:\/\/wp.kristdemokraterna.se\/lund\/files\/2024\/10\/img_9715-768x576.jpg 768w, https:\/\/wp.kristdemokraterna.se\/lund\/files\/2024\/10\/img_9715-1536x1152.jpg 1536w, https:\/\/wp.kristdemokraterna.se\/lund\/files\/2024\/10\/img_9715-267x200.jpg 267w, https:\/\/wp.kristdemokraterna.se\/lund\/files\/2024\/10\/img_9715-370x278.jpg 370w, https:\/\/wp.kristdemokraterna.se\/lund\/files\/2024\/10\/img_9715-770x578.jpg 770w, https:\/\/wp.kristdemokraterna.se\/lund\/files\/2024\/10\/img_9715-450x338.jpg 450w, https:\/\/wp.kristdemokraterna.se\/lund\/files\/2024\/10\/img_9715-280x210.jpg 280w, https:\/\/wp.kristdemokraterna.se\/lund\/files\/2024\/10\/img_9715-340x255.jpg 340w, https:\/\/wp.kristdemokraterna.se\/lund\/files\/2024\/10\/img_9715-200x150.jpg 200w, https:\/\/wp.kristdemokraterna.se\/lund\/files\/2024\/10\/img_9715-75x56.jpg 75w, https:\/\/wp.kristdemokraterna.se\/lund\/files\/2024\/10\/img_9715.jpg 2016w\" sizes=\"auto, (max-width: 300px) 100vw, 300px\" \/><\/a><\/p>\n<p>Google Maps fungerade inte, utan man m\u00e5ste ha f\u00e4rska kartor f\u00f6r att hitta k\u00f6rbara v\u00e4gar. Men man klarade av strapatserna!\u00a0 Efter n\u00e5gra dagar var man framme och kunde leverera lasten direkt i h\u00e4nderna p\u00e5 dem som skulle ta hand om\u00a0 allt.<\/p>\n<div>I gr\u00e4nsstaden finns en mottagarorganisation som heter Johaniterhj\u00e4lpen ( del av <a href=\"https:\/\/johanniterorden.se\/sv\">Johanniterorden)<\/a>. Denna organisation har h\u00e4r en logistikhub till vilken m\u00e4ngder av sk\u00e4nkta och efterfr\u00e5gade varor och produkter koncentreras. Hit kommer exempelvis allt fr\u00e5n blommor till diselelverk. Denna organisation driver tv\u00e5 barnhem i Ukraina och har i Ukraina ett antal mindre mottagningsplatser till vilka sedan , efter best\u00e4llningar fr\u00e5n huvudhubben\u00a0 materialet med egna sm\u00e5 lastbilar k\u00f6rs ut.<\/div>\n<div><\/div>\n<div><\/div>\n<div>.<\/div>\n<div>\n<p><a href=\"http:\/\/wp.kristdemokraterna.se\/lund2\/files\/2024\/10\/img_9761.jpg\"><img loading=\"lazy\" decoding=\"async\" class=\"alignnone size-medium wp-image-4092\" src=\"http:\/\/wp.kristdemokraterna.se\/lund2\/files\/2024\/10\/img_9761-300x225.jpg\" alt=\"\" width=\"300\" height=\"225\" srcset=\"https:\/\/wp.kristdemokraterna.se\/lund\/files\/2024\/10\/img_9761-300x225.jpg 300w, https:\/\/wp.kristdemokraterna.se\/lund\/files\/2024\/10\/img_9761-1024x768.jpg 1024w, https:\/\/wp.kristdemokraterna.se\/lund\/files\/2024\/10\/img_9761-768x576.jpg 768w, https:\/\/wp.kristdemokraterna.se\/lund\/files\/2024\/10\/img_9761-1536x1152.jpg 1536w, https:\/\/wp.kristdemokraterna.se\/lund\/files\/2024\/10\/img_9761-267x200.jpg 267w, https:\/\/wp.kristdemokraterna.se\/lund\/files\/2024\/10\/img_9761-370x278.jpg 370w, https:\/\/wp.kristdemokraterna.se\/lund\/files\/2024\/10\/img_9761-770x578.jpg 770w, https:\/\/wp.kristdemokraterna.se\/lund\/files\/2024\/10\/img_9761-450x338.jpg 450w, https:\/\/wp.kristdemokraterna.se\/lund\/files\/2024\/10\/img_9761-280x210.jpg 280w, https:\/\/wp.kristdemokraterna.se\/lund\/files\/2024\/10\/img_9761-340x255.jpg 340w, https:\/\/wp.kristdemokraterna.se\/lund\/files\/2024\/10\/img_9761-200x150.jpg 200w, https:\/\/wp.kristdemokraterna.se\/lund\/files\/2024\/10\/img_9761-75x56.jpg 75w, https:\/\/wp.kristdemokraterna.se\/lund\/files\/2024\/10\/img_9761.jpg 2016w\" sizes=\"auto, (max-width: 300px) 100vw, 300px\" \/><\/a><a href=\"http:\/\/wp.kristdemokraterna.se\/lund2\/files\/2024\/10\/img_9727.jpg\"><img loading=\"lazy\" decoding=\"async\" class=\"alignnone size-medium wp-image-4090\" src=\"http:\/\/wp.kristdemokraterna.se\/lund2\/files\/2024\/10\/img_9727-300x225.jpg\" alt=\"\" width=\"300\" height=\"225\" srcset=\"https:\/\/wp.kristdemokraterna.se\/lund\/files\/2024\/10\/img_9727-300x225.jpg 300w, https:\/\/wp.kristdemokraterna.se\/lund\/files\/2024\/10\/img_9727-1024x768.jpg 1024w, https:\/\/wp.kristdemokraterna.se\/lund\/files\/2024\/10\/img_9727-768x576.jpg 768w, https:\/\/wp.kristdemokraterna.se\/lund\/files\/2024\/10\/img_9727-1536x1152.jpg 1536w, https:\/\/wp.kristdemokraterna.se\/lund\/files\/2024\/10\/img_9727-267x200.jpg 267w, https:\/\/wp.kristdemokraterna.se\/lund\/files\/2024\/10\/img_9727-370x278.jpg 370w, https:\/\/wp.kristdemokraterna.se\/lund\/files\/2024\/10\/img_9727-770x578.jpg 770w, https:\/\/wp.kristdemokraterna.se\/lund\/files\/2024\/10\/img_9727-450x338.jpg 450w, https:\/\/wp.kristdemokraterna.se\/lund\/files\/2024\/10\/img_9727-280x210.jpg 280w, https:\/\/wp.kristdemokraterna.se\/lund\/files\/2024\/10\/img_9727-340x255.jpg 340w, https:\/\/wp.kristdemokraterna.se\/lund\/files\/2024\/10\/img_9727-200x150.jpg 200w, https:\/\/wp.kristdemokraterna.se\/lund\/files\/2024\/10\/img_9727-75x56.jpg 75w, https:\/\/wp.kristdemokraterna.se\/lund\/files\/2024\/10\/img_9727.jpg 2016w\" sizes=\"auto, (max-width: 300px) 100vw, 300px\" \/><\/a><\/p>\n<p style=\"text-align: left\">\n<\/div>\n<div>.<\/div>\n<div><\/div>\n<div><\/div>\n<div><\/div>\n<div>&#8221;Vi hade med oss i den sponsrade lastbilen fr\u00e5n Scania 8 ton. 6 ton sjukv\u00e5rds kl\u00e4der ( handskar, operationsrockar, tofflor, skjortor , m\u00f6ssor ) samt tv\u00e5 ton energidrycker( efterfr\u00e5gade av deras milit\u00e4ra f\u00f6rsvar) Alla som tog emot g\u00e5vorna fick identifiera sig med id kort och varorna kom utan mellanh\u00e4nder fram till sjukhus och andra mottagare.&#8221;<\/div>\n<div>.<\/div>\n<div><\/div>\n<div>\u00a0 Man opererar i t\u00e4lt kl\u00e4dda med kamouflage s\u00e5 att dr\u00f6narna inte hittar dem. Alla sjukhus med r\u00f6tt kors p\u00e5 taket bombas direkt\u00a0 &#8211; Ryssland bryter, som alla vet, mot alla internationella konventioner om hur man f\u00e5r f\u00f6ra krig.<\/div>\n<div>.<\/div>\n<p>F\u00f6rutom att v\u00e4garna var en utmaning var ocks\u00e5 maten det. L\u00e4ngs hela v\u00e4gen serverades korv i alla varianter till frukost och middag. Det var korv med lokal anknytning, det var korv i alla former. F\u00f6redragsh\u00e5llaren avst\u00e5r fr\u00e5n korv under \u00f6versk\u00e5dlig tid fram\u00e5t, kunde man ana. Hela resan tog 6 dagar.<\/p>\n<p>.Reseskildringen ber\u00f6rde oss som lyssnade.\u00a0 T\u00e4nk s\u00e5 mycket frivillorganisationerna bidrar till i det tysta, utan att n\u00e5gon g\u00e5ng f\u00e5\u00a0 medias uppm\u00e4rksamhet. Och tack till Region Sk\u00e5ne som hj\u00e4lpte till att fylla lastbilen!<\/p>\n<p>.<\/p>\n<p>Vill n\u00e5gon sk\u00e4nka n\u00e5got till Johanniterhj\u00e4lpen s\u00e5 klicka p\u00e5 l\u00e4nken nedan<\/p>\n<div><\/div>\n<h4><a href=\"http:\/\/wp.kristdemokraterna.se\/lund2\/files\/2024\/10\/img_0034-1-rotated-1.jpg\"><img loading=\"lazy\" decoding=\"async\" class=\"size-medium wp-image-4046 alignleft\" src=\"http:\/\/wp.kristdemokraterna.se\/lund\/files\/2024\/10\/img_0034-1-225x300.jpg\" alt=\"\" width=\"225\" height=\"300\" \/><\/a><a href=\"http:\/\/wp.kristdemokraterna.se\/lund2\/files\/2024\/10\/img_9779.jpg\"><img loading=\"lazy\" decoding=\"async\" class=\"size-medium wp-image-4024 aligncenter\" src=\"http:\/\/wp.kristdemokraterna.se\/lund2\/files\/2024\/10\/img_9779-300x225.jpg\" alt=\"\" width=\"300\" height=\"225\" srcset=\"https:\/\/wp.kristdemokraterna.se\/lund\/files\/2024\/10\/img_9779-300x225.jpg 300w, https:\/\/wp.kristdemokraterna.se\/lund\/files\/2024\/10\/img_9779-267x200.jpg 267w, https:\/\/wp.kristdemokraterna.se\/lund\/files\/2024\/10\/img_9779-280x210.jpg 280w, https:\/\/wp.kristdemokraterna.se\/lund\/files\/2024\/10\/img_9779-200x150.jpg 200w, https:\/\/wp.kristdemokraterna.se\/lund\/files\/2024\/10\/img_9779-75x56.jpg 75w, https:\/\/wp.kristdemokraterna.se\/lund\/files\/2024\/10\/img_9779.jpg 320w\" sizes=\"auto, (max-width: 300px) 100vw, 300px\" \/><\/a><\/h4>\n<h3><\/h3>\n<h3><\/h3>\n<h3><\/h3>\n<p>&nbsp;<\/p>\n<h3 style=\"text-align: left\"><a href=\"https:\/\/johanniter.se\/internationellt\"><strong>L\u00e4s me<\/strong><strong>r om Johanniterhj\u00e4lpen h\u00e4r<\/strong><\/a><\/h3>\n<p>&nbsp;<\/p>\n","protected":false},"excerpt":{"rendered":"<p>Gustaf Hamilton, v\u00e5r medlem i Byggnadsn\u00e4mnden och Region Sk\u00e5ne, ber\u00e4ttade vid v\u00e5rt medlemsm\u00f6te i oktober om sin resa som kartl\u00e4sare\u00a0 i en hj\u00e4lps\u00e4ndning till\u00a0 Ukraina. En lastbilp\u00e5 20 ton,\u00a0 laddad med sjukv\u00e5rdsutrustning fr\u00e5n Region Sk\u00e5ne,\u00a0 k\u00f6rde 160 mil fr\u00e5n Rostock via Ungern och Rum\u00e4nien till\u00a0 Ukraina i augusti.\u00a0 Destinationen\u00a0 l\u00e5g i Rum\u00e4nien i en liten <a class=\"read-more-link\" href=\"https:\/\/wp.kristdemokraterna.se\/lund\/med-karlek-fran-skane-till-ukraina\/\">L\u00e4s mer<\/a><\/p>\n","protected":false},"author":444,"featured_media":0,"comment_status":"closed","ping_status":"closed","sticky":false,"template":"","format":"standard","meta":{"_acf_changed":false,"footnotes":""},"categories":[11,32],"tags":[],"class_list":["post-4025","post","type-post","status-publish","format-standard","hentry","category-inlagg","category-medlemsmoten"],"acf":[],"yoast_head":"<!-- This site is optimized with the Yoast SEO plugin v27.4 - https:\/\/yoast.com\/product\/yoast-seo-wordpress\/ -->\n<title>MED K\u00c4RLEK FR\u00c5N SK\u00c5NE TILL UKRAINA! - Kristdemokraterna | Lund<\/title>\n<meta name=\"robots\" content=\"index, follow, max-snippet:-1, max-image-preview:large, max-video-preview:-1\" \/>\n<link rel=\"canonical\" href=\"https:\/\/wp.kristdemokraterna.se\/lund\/med-karlek-fran-skane-till-ukraina\/\" \/>\n<meta property=\"og:locale\" content=\"sv_SE\" \/>\n<meta property=\"og:type\" content=\"article\" \/>\n<meta property=\"og:title\" content=\"MED K\u00c4RLEK FR\u00c5N SK\u00c5NE TILL UKRAINA! - Kristdemokraterna | Lund\" \/>\n<meta property=\"og:description\" content=\"Gustaf Hamilton, v\u00e5r medlem i Byggnadsn\u00e4mnden och Region Sk\u00e5ne, ber\u00e4ttade vid v\u00e5rt medlemsm\u00f6te i oktober om sin resa som kartl\u00e4sare\u00a0 i en hj\u00e4lps\u00e4ndning till\u00a0 Ukraina. En lastbilp\u00e5 20 ton,\u00a0 laddad med sjukv\u00e5rdsutrustning fr\u00e5n Region Sk\u00e5ne,\u00a0 k\u00f6rde 160 mil fr\u00e5n Rostock via Ungern och Rum\u00e4nien till\u00a0 Ukraina i augusti.\u00a0 Destinationen\u00a0 l\u00e5g i Rum\u00e4nien i en liten L\u00e4s mer\" \/>\n<meta property=\"og:url\" content=\"https:\/\/wp.kristdemokraterna.se\/lund\/med-karlek-fran-skane-till-ukraina\/\" \/>\n<meta property=\"og:site_name\" content=\"Kristdemokraterna | Lund\" \/>\n<meta property=\"article:published_time\" content=\"2024-10-19T15:27:49+00:00\" \/>\n<meta property=\"article:modified_time\" content=\"2025-03-31T09:48:19+00:00\" \/>\n<meta property=\"og:image\" content=\"https:\/\/wp.kristdemokraterna.se\/lund\/files\/2023\/03\/hamilton-region-scaled-e1704674128441.jpg\" \/>\n\t<meta property=\"og:image:width\" content=\"1829\" \/>\n\t<meta property=\"og:image:height\" content=\"2248\" \/>\n\t<meta property=\"og:image:type\" content=\"image\/jpeg\" \/>\n<meta name=\"author\" content=\"helpdesk\" \/>\n<meta name=\"twitter:card\" content=\"summary_large_image\" \/>\n<meta name=\"twitter:label1\" content=\"Skriven av\" \/>\n\t<meta name=\"twitter:data1\" content=\"helpdesk\" \/>\n\t<meta name=\"twitter:label2\" content=\"Ber\u00e4knad l\u00e4stid\" \/>\n\t<meta name=\"twitter:data2\" content=\"4 minuter\" \/>\n<script type=\"application\/ld+json\" class=\"yoast-schema-graph\">{\"@context\":\"https:\\\/\\\/schema.org\",\"@graph\":[{\"@type\":\"Article\",\"@id\":\"https:\\\/\\\/wp.kristdemokraterna.se\\\/lund\\\/med-karlek-fran-skane-till-ukraina\\\/#article\",\"isPartOf\":{\"@id\":\"https:\\\/\\\/wp.kristdemokraterna.se\\\/lund\\\/med-karlek-fran-skane-till-ukraina\\\/\"},\"author\":{\"name\":\"helpdesk\",\"@id\":\"https:\\\/\\\/wp.kristdemokraterna.se\\\/lund\\\/#\\\/schema\\\/person\\\/98d27838d17178471da5e8a56aa604a4\"},\"headline\":\"MED K\u00c4RLEK FR\u00c5N SK\u00c5NE TILL UKRAINA!\",\"datePublished\":\"2024-10-19T15:27:49+00:00\",\"dateModified\":\"2025-03-31T09:48:19+00:00\",\"mainEntityOfPage\":{\"@id\":\"https:\\\/\\\/wp.kristdemokraterna.se\\\/lund\\\/med-karlek-fran-skane-till-ukraina\\\/\"},\"wordCount\":460,\"image\":{\"@id\":\"https:\\\/\\\/wp.kristdemokraterna.se\\\/lund\\\/med-karlek-fran-skane-till-ukraina\\\/#primaryimage\"},\"thumbnailUrl\":\"http:\\\/\\\/wp.kristdemokraterna.se\\\/lund2\\\/files\\\/2023\\\/03\\\/hamilton-region-scaled-e1704674128441-150x150.jpg\",\"articleSection\":[\"Inl\u00e4gg\",\"Medlemsm\u00f6ten\"],\"inLanguage\":\"sv-SE\"},{\"@type\":\"WebPage\",\"@id\":\"https:\\\/\\\/wp.kristdemokraterna.se\\\/lund\\\/med-karlek-fran-skane-till-ukraina\\\/\",\"url\":\"https:\\\/\\\/wp.kristdemokraterna.se\\\/lund\\\/med-karlek-fran-skane-till-ukraina\\\/\",\"name\":\"MED K\u00c4RLEK FR\u00c5N SK\u00c5NE TILL UKRAINA! - Kristdemokraterna | Lund\",\"isPartOf\":{\"@id\":\"https:\\\/\\\/wp.kristdemokraterna.se\\\/lund\\\/#website\"},\"primaryImageOfPage\":{\"@id\":\"https:\\\/\\\/wp.kristdemokraterna.se\\\/lund\\\/med-karlek-fran-skane-till-ukraina\\\/#primaryimage\"},\"image\":{\"@id\":\"https:\\\/\\\/wp.kristdemokraterna.se\\\/lund\\\/med-karlek-fran-skane-till-ukraina\\\/#primaryimage\"},\"thumbnailUrl\":\"http:\\\/\\\/wp.kristdemokraterna.se\\\/lund2\\\/files\\\/2023\\\/03\\\/hamilton-region-scaled-e1704674128441-150x150.jpg\",\"datePublished\":\"2024-10-19T15:27:49+00:00\",\"dateModified\":\"2025-03-31T09:48:19+00:00\",\"author\":{\"@id\":\"https:\\\/\\\/wp.kristdemokraterna.se\\\/lund\\\/#\\\/schema\\\/person\\\/98d27838d17178471da5e8a56aa604a4\"},\"breadcrumb\":{\"@id\":\"https:\\\/\\\/wp.kristdemokraterna.se\\\/lund\\\/med-karlek-fran-skane-till-ukraina\\\/#breadcrumb\"},\"inLanguage\":\"sv-SE\",\"potentialAction\":[{\"@type\":\"ReadAction\",\"target\":[\"https:\\\/\\\/wp.kristdemokraterna.se\\\/lund\\\/med-karlek-fran-skane-till-ukraina\\\/\"]}]},{\"@type\":\"ImageObject\",\"inLanguage\":\"sv-SE\",\"@id\":\"https:\\\/\\\/wp.kristdemokraterna.se\\\/lund\\\/med-karlek-fran-skane-till-ukraina\\\/#primaryimage\",\"url\":\"https:\\\/\\\/wp.kristdemokraterna.se\\\/lund\\\/files\\\/2023\\\/03\\\/hamilton-region-scaled-e1704674128441.jpg\",\"contentUrl\":\"https:\\\/\\\/wp.kristdemokraterna.se\\\/lund\\\/files\\\/2023\\\/03\\\/hamilton-region-scaled-e1704674128441.jpg\",\"width\":1829,\"height\":2248},{\"@type\":\"BreadcrumbList\",\"@id\":\"https:\\\/\\\/wp.kristdemokraterna.se\\\/lund\\\/med-karlek-fran-skane-till-ukraina\\\/#breadcrumb\",\"itemListElement\":[{\"@type\":\"ListItem\",\"position\":1,\"name\":\"Hem\",\"item\":\"https:\\\/\\\/wp.kristdemokraterna.se\\\/lund\\\/\"},{\"@type\":\"ListItem\",\"position\":2,\"name\":\"MED K\u00c4RLEK FR\u00c5N SK\u00c5NE TILL UKRAINA!\"}]},{\"@type\":\"WebSite\",\"@id\":\"https:\\\/\\\/wp.kristdemokraterna.se\\\/lund\\\/#website\",\"url\":\"https:\\\/\\\/wp.kristdemokraterna.se\\\/lund\\\/\",\"name\":\"Kristdemokraterna | Lund\",\"description\":\"\",\"inLanguage\":\"sv-SE\"},{\"@type\":\"Person\",\"@id\":\"https:\\\/\\\/wp.kristdemokraterna.se\\\/lund\\\/#\\\/schema\\\/person\\\/98d27838d17178471da5e8a56aa604a4\",\"name\":\"helpdesk\",\"image\":{\"@type\":\"ImageObject\",\"inLanguage\":\"sv-SE\",\"@id\":\"https:\\\/\\\/secure.gravatar.com\\\/avatar\\\/2e747bc9a7d4e5a6ecca7d851e4175129f995f3f6d9ef18734d1ff623abe4a88?s=96&d=mm&r=g\",\"url\":\"https:\\\/\\\/secure.gravatar.com\\\/avatar\\\/2e747bc9a7d4e5a6ecca7d851e4175129f995f3f6d9ef18734d1ff623abe4a88?s=96&d=mm&r=g\",\"contentUrl\":\"https:\\\/\\\/secure.gravatar.com\\\/avatar\\\/2e747bc9a7d4e5a6ecca7d851e4175129f995f3f6d9ef18734d1ff623abe4a88?s=96&d=mm&r=g\",\"caption\":\"helpdesk\"},\"url\":\"https:\\\/\\\/wp.kristdemokraterna.se\\\/lund\\\/author\\\/helpdesk\\\/\"}]}<\/script>\n<!-- \/ Yoast SEO plugin. -->","yoast_head_json":{"title":"MED K\u00c4RLEK FR\u00c5N SK\u00c5NE TILL UKRAINA! - Kristdemokraterna | Lund","robots":{"index":"index","follow":"follow","max-snippet":"max-snippet:-1","max-image-preview":"max-image-preview:large","max-video-preview":"max-video-preview:-1"},"canonical":"https:\/\/wp.kristdemokraterna.se\/lund\/med-karlek-fran-skane-till-ukraina\/","og_locale":"sv_SE","og_type":"article","og_title":"MED K\u00c4RLEK FR\u00c5N SK\u00c5NE TILL UKRAINA! - Kristdemokraterna | Lund","og_description":"Gustaf Hamilton, v\u00e5r medlem i Byggnadsn\u00e4mnden och Region Sk\u00e5ne, ber\u00e4ttade vid v\u00e5rt medlemsm\u00f6te i oktober om sin resa som kartl\u00e4sare\u00a0 i en hj\u00e4lps\u00e4ndning till\u00a0 Ukraina. En lastbilp\u00e5 20 ton,\u00a0 laddad med sjukv\u00e5rdsutrustning fr\u00e5n Region Sk\u00e5ne,\u00a0 k\u00f6rde 160 mil fr\u00e5n Rostock via Ungern och Rum\u00e4nien till\u00a0 Ukraina i augusti.\u00a0 Destinationen\u00a0 l\u00e5g i Rum\u00e4nien i en liten L\u00e4s mer","og_url":"https:\/\/wp.kristdemokraterna.se\/lund\/med-karlek-fran-skane-till-ukraina\/","og_site_name":"Kristdemokraterna | Lund","article_published_time":"2024-10-19T15:27:49+00:00","article_modified_time":"2025-03-31T09:48:19+00:00","og_image":[{"width":1829,"height":2248,"url":"https:\/\/wp.kristdemokraterna.se\/lund\/files\/2023\/03\/hamilton-region-scaled-e1704674128441.jpg","type":"image\/jpeg"}],"author":"helpdesk","twitter_card":"summary_large_image","twitter_misc":{"Skriven av":"helpdesk","Ber\u00e4knad l\u00e4stid":"4 minuter"},"schema":{"@context":"https:\/\/schema.org","@graph":[{"@type":"Article","@id":"https:\/\/wp.kristdemokraterna.se\/lund\/med-karlek-fran-skane-till-ukraina\/#article","isPartOf":{"@id":"https:\/\/wp.kristdemokraterna.se\/lund\/med-karlek-fran-skane-till-ukraina\/"},"author":{"name":"helpdesk","@id":"https:\/\/wp.kristdemokraterna.se\/lund\/#\/schema\/person\/98d27838d17178471da5e8a56aa604a4"},"headline":"MED K\u00c4RLEK FR\u00c5N SK\u00c5NE TILL UKRAINA!","datePublished":"2024-10-19T15:27:49+00:00","dateModified":"2025-03-31T09:48:19+00:00","mainEntityOfPage":{"@id":"https:\/\/wp.kristdemokraterna.se\/lund\/med-karlek-fran-skane-till-ukraina\/"},"wordCount":460,"image":{"@id":"https:\/\/wp.kristdemokraterna.se\/lund\/med-karlek-fran-skane-till-ukraina\/#primaryimage"},"thumbnailUrl":"http:\/\/wp.kristdemokraterna.se\/lund2\/files\/2023\/03\/hamilton-region-scaled-e1704674128441-150x150.jpg","articleSection":["Inl\u00e4gg","Medlemsm\u00f6ten"],"inLanguage":"sv-SE"},{"@type":"WebPage","@id":"https:\/\/wp.kristdemokraterna.se\/lund\/med-karlek-fran-skane-till-ukraina\/","url":"https:\/\/wp.kristdemokraterna.se\/lund\/med-karlek-fran-skane-till-ukraina\/","name":"MED K\u00c4RLEK FR\u00c5N SK\u00c5NE TILL UKRAINA! - Kristdemokraterna | Lund","isPartOf":{"@id":"https:\/\/wp.kristdemokraterna.se\/lund\/#website"},"primaryImageOfPage":{"@id":"https:\/\/wp.kristdemokraterna.se\/lund\/med-karlek-fran-skane-till-ukraina\/#primaryimage"},"image":{"@id":"https:\/\/wp.kristdemokraterna.se\/lund\/med-karlek-fran-skane-till-ukraina\/#primaryimage"},"thumbnailUrl":"http:\/\/wp.kristdemokraterna.se\/lund2\/files\/2023\/03\/hamilton-region-scaled-e1704674128441-150x150.jpg","datePublished":"2024-10-19T15:27:49+00:00","dateModified":"2025-03-31T09:48:19+00:00","author":{"@id":"https:\/\/wp.kristdemokraterna.se\/lund\/#\/schema\/person\/98d27838d17178471da5e8a56aa604a4"},"breadcrumb":{"@id":"https:\/\/wp.kristdemokraterna.se\/lund\/med-karlek-fran-skane-till-ukraina\/#breadcrumb"},"inLanguage":"sv-SE","potentialAction":[{"@type":"ReadAction","target":["https:\/\/wp.kristdemokraterna.se\/lund\/med-karlek-fran-skane-till-ukraina\/"]}]},{"@type":"ImageObject","inLanguage":"sv-SE","@id":"https:\/\/wp.kristdemokraterna.se\/lund\/med-karlek-fran-skane-till-ukraina\/#primaryimage","url":"https:\/\/wp.kristdemokraterna.se\/lund\/files\/2023\/03\/hamilton-region-scaled-e1704674128441.jpg","contentUrl":"https:\/\/wp.kristdemokraterna.se\/lund\/files\/2023\/03\/hamilton-region-scaled-e1704674128441.jpg","width":1829,"height":2248},{"@type":"BreadcrumbList","@id":"https:\/\/wp.kristdemokraterna.se\/lund\/med-karlek-fran-skane-till-ukraina\/#breadcrumb","itemListElement":[{"@type":"ListItem","position":1,"name":"Hem","item":"https:\/\/wp.kristdemokraterna.se\/lund\/"},{"@type":"ListItem","position":2,"name":"MED K\u00c4RLEK FR\u00c5N SK\u00c5NE TILL UKRAINA!"}]},{"@type":"WebSite","@id":"https:\/\/wp.kristdemokraterna.se\/lund\/#website","url":"https:\/\/wp.kristdemokraterna.se\/lund\/","name":"Kristdemokraterna | Lund","description":"","inLanguage":"sv-SE"},{"@type":"Person","@id":"https:\/\/wp.kristdemokraterna.se\/lund\/#\/schema\/person\/98d27838d17178471da5e8a56aa604a4","name":"helpdesk","image":{"@type":"ImageObject","inLanguage":"sv-SE","@id":"https:\/\/secure.gravatar.com\/avatar\/2e747bc9a7d4e5a6ecca7d851e4175129f995f3f6d9ef18734d1ff623abe4a88?s=96&d=mm&r=g","url":"https:\/\/secure.gravatar.com\/avatar\/2e747bc9a7d4e5a6ecca7d851e4175129f995f3f6d9ef18734d1ff623abe4a88?s=96&d=mm&r=g","contentUrl":"https:\/\/secure.gravatar.com\/avatar\/2e747bc9a7d4e5a6ecca7d851e4175129f995f3f6d9ef18734d1ff623abe4a88?s=96&d=mm&r=g","caption":"helpdesk"},"url":"https:\/\/wp.kristdemokraterna.se\/lund\/author\/helpdesk\/"}]}},"_links":{"self":[{"href":"https:\/\/wp.kristdemokraterna.se\/lund\/wp-json\/wp\/v2\/posts\/4025","targetHints":{"allow":["GET"]}}],"collection":[{"href":"https:\/\/wp.kristdemokraterna.se\/lund\/wp-json\/wp\/v2\/posts"}],"about":[{"href":"https:\/\/wp.kristdemokraterna.se\/lund\/wp-json\/wp\/v2\/types\/post"}],"author":[{"embeddable":true,"href":"https:\/\/wp.kristdemokraterna.se\/lund\/wp-json\/wp\/v2\/users\/444"}],"replies":[{"embeddable":true,"href":"https:\/\/wp.kristdemokraterna.se\/lund\/wp-json\/wp\/v2\/comments?post=4025"}],"version-history":[{"count":1,"href":"https:\/\/wp.kristdemokraterna.se\/lund\/wp-json\/wp\/v2\/posts\/4025\/revisions"}],"predecessor-version":[{"id":4459,"href":"https:\/\/wp.kristdemokraterna.se\/lund\/wp-json\/wp\/v2\/posts\/4025\/revisions\/4459"}],"wp:attachment":[{"href":"https:\/\/wp.kristdemokraterna.se\/lund\/wp-json\/wp\/v2\/media?parent=4025"}],"wp:term":[{"taxonomy":"category","embeddable":true,"href":"https:\/\/wp.kristdemokraterna.se\/lund\/wp-json\/wp\/v2\/categories?post=4025"},{"taxonomy":"post_tag","embeddable":true,"href":"https:\/\/wp.kristdemokraterna.se\/lund\/wp-json\/wp\/v2\/tags?post=4025"}],"curies":[{"name":"wp","href":"https:\/\/api.w.org\/{rel}","templated":true}]}}