{"id":4219,"date":"2025-02-12T11:41:23","date_gmt":"2025-02-12T10:41:23","guid":{"rendered":"https:\/\/wp.kristdemokraterna.se\/lund\/?p=4219"},"modified":"2025-02-12T11:41:23","modified_gmt":"2025-02-12T10:41:23","slug":"minska-attraktiviteten-i-kriminalvarden","status":"publish","type":"post","link":"https:\/\/wp.kristdemokraterna.se\/lund\/minska-attraktiviteten-i-kriminalvarden\/","title":{"rendered":"Minska attraktiviteten i Kriminalv\u00e5rden"},"content":{"rendered":"<h3>Minska attraktiviteten i Kriminalv\u00e5rden<\/h3>\n<p>Redan i antikens Grekland argumenterade Platon f\u00f6r att lagbrytare skulle kunna f\u00e5 avtj\u00e4na ett<br \/>\nstraff genom att vistas en tid under lite tr\u00e5kiga f\u00f6rh\u00e5llanden utanf\u00f6r hemmet. Platsen d\u00e4r s\u00e5<br \/>\nskedde kallades f\u00f6r desmoterionn \u201datt binda\u201d.<\/p>\n<p>I dagens Sverige finns det ocks\u00e5 f\u00e4ngelser. Efter att undertecknad under 2024 sett SVT:s<br \/>\ndramaserie om The Pirate Bay uppstod en nyfikenhet kring hur folk lagf\u00f6rda till f\u00e4ngelse n\u00e5r<br \/>\nplatsen de ska tillbringa en tid fram\u00f6ver. Nyfikenheten byttes emellertid mot oro efter en visit<br \/>\np\u00e5 Kriminalv\u00e5rdens hemsida.<\/p>\n<p>Det \u00e4r Kriminalv\u00e5rdens uppdrag att se till att f\u00e4ngelsestraffet verkst\u00e4lls. Normalt har den<br \/>\nd\u00f6mde tre m\u00e5nader p\u00e5 sig att infinna sig i f\u00e4ngelset. \u00d6nskar den d\u00f6mde checka in tidigare g\u00e5r<br \/>\ndet bra att ringa v\u00e4xeln. N\u00e4r den d\u00f6mde v\u00e4l infunnit sig p\u00e5 anstalten \u00e4r det att rekommendera<br \/>\natt denne sparar sina resekvitton. Den d\u00f6mde kan n\u00e4mligen f\u00e5 reseers\u00e4ttning f\u00f6r transporten<br \/>\ngivet att kvitto finns!<\/p>\n<p>Den som f\u00e5r sjukers\u00e4ttning fr\u00e5n F\u00f6rs\u00e4kringskassan och tas in p\u00e5 kriminalv\u00e5rdsanstalt f\u00e5r<br \/>\nbeh\u00e5lla sin f\u00f6rm\u00e5n de f\u00f6rsta 60 dagarna av vistelsen. Ibland \u00e4r det m\u00f6jligt att f\u00e5 hj\u00e4lp med<br \/>\nhyran f\u00f6r ordinarie boende fr\u00e5n hemkommunens socialtj\u00e4nst.<\/p>\n<p>Kristdemokraterna skriver p\u00e5 partiets hemsida att \u201dden som beg\u00e5r brott m\u00e5ste f\u00e5 ett k\u00e4nnbart<br \/>\nstraff\u201d. Detta \u00e4r en politik som partiet borde leva upp till genom att minska attraktiviteten f\u00f6r<br \/>\nbrukarna i Kriminalv\u00e5rden.<\/p>\n<p><strong>Undertecknad yrkar <\/strong><\/p>\n<ul>\n<li><strong>att Rikstinget uppdrar \u00e5t partistyrelsen att ta med sig ovanst\u00e5ende iakttagelser inf\u00f6r arbete<\/strong><br \/>\n<strong>med att utforma sin kriminalpolitik inf\u00f6r valet<\/strong><\/li>\n<\/ul>\n<h3><strong>Gunnar Br\u00e5dvik<\/strong><\/h3>\n","protected":false},"excerpt":{"rendered":"<p>Minska attraktiviteten i Kriminalv\u00e5rden Redan i antikens Grekland argumenterade Platon f\u00f6r att lagbrytare skulle kunna f\u00e5 avtj\u00e4na ett straff genom att vistas en tid under lite tr\u00e5kiga f\u00f6rh\u00e5llanden utanf\u00f6r hemmet. Platsen d\u00e4r s\u00e5 skedde kallades f\u00f6r desmoterionn \u201datt binda\u201d. I dagens Sverige finns det ocks\u00e5 f\u00e4ngelser. Efter att undertecknad under 2024 sett SVT:s dramaserie om <a class=\"read-more-link\" href=\"https:\/\/wp.kristdemokraterna.se\/lund\/minska-attraktiviteten-i-kriminalvarden\/\">L\u00e4s mer<\/a><\/p>\n","protected":false},"author":444,"featured_media":0,"comment_status":"closed","ping_status":"closed","sticky":false,"template":"","format":"standard","meta":{"_acf_changed":false,"footnotes":""},"categories":[14],"tags":[],"class_list":["post-4219","post","type-post","status-publish","format-standard","hentry","category-motioner-till-riksting"],"acf":[],"yoast_head":"<!-- This site is optimized with the Yoast SEO plugin v27.4 - https:\/\/yoast.com\/product\/yoast-seo-wordpress\/ -->\n<title>Minska attraktiviteten i Kriminalv\u00e5rden - Kristdemokraterna | Lund<\/title>\n<meta name=\"robots\" content=\"index, follow, max-snippet:-1, max-image-preview:large, max-video-preview:-1\" \/>\n<link rel=\"canonical\" href=\"https:\/\/wp.kristdemokraterna.se\/lund\/minska-attraktiviteten-i-kriminalvarden\/\" \/>\n<meta property=\"og:locale\" content=\"sv_SE\" \/>\n<meta property=\"og:type\" content=\"article\" \/>\n<meta property=\"og:title\" content=\"Minska attraktiviteten i Kriminalv\u00e5rden - Kristdemokraterna | Lund\" \/>\n<meta property=\"og:description\" content=\"Minska attraktiviteten i Kriminalv\u00e5rden Redan i antikens Grekland argumenterade Platon f\u00f6r att lagbrytare skulle kunna f\u00e5 avtj\u00e4na ett straff genom att vistas en tid under lite tr\u00e5kiga f\u00f6rh\u00e5llanden utanf\u00f6r hemmet. Platsen d\u00e4r s\u00e5 skedde kallades f\u00f6r desmoterionn \u201datt binda\u201d. I dagens Sverige finns det ocks\u00e5 f\u00e4ngelser. Efter att undertecknad under 2024 sett SVT:s dramaserie om L\u00e4s mer\" \/>\n<meta property=\"og:url\" content=\"https:\/\/wp.kristdemokraterna.se\/lund\/minska-attraktiviteten-i-kriminalvarden\/\" \/>\n<meta property=\"og:site_name\" content=\"Kristdemokraterna | Lund\" \/>\n<meta property=\"article:published_time\" content=\"2025-02-12T10:41:23+00:00\" \/>\n<meta name=\"author\" content=\"helpdesk\" \/>\n<meta name=\"twitter:card\" content=\"summary_large_image\" \/>\n<meta name=\"twitter:label1\" content=\"Skriven av\" \/>\n\t<meta name=\"twitter:data1\" content=\"helpdesk\" \/>\n\t<meta name=\"twitter:label2\" content=\"Ber\u00e4knad l\u00e4stid\" \/>\n\t<meta name=\"twitter:data2\" content=\"1 minut\" \/>\n<script type=\"application\/ld+json\" class=\"yoast-schema-graph\">{\"@context\":\"https:\\\/\\\/schema.org\",\"@graph\":[{\"@type\":\"Article\",\"@id\":\"https:\\\/\\\/wp.kristdemokraterna.se\\\/lund\\\/minska-attraktiviteten-i-kriminalvarden\\\/#article\",\"isPartOf\":{\"@id\":\"https:\\\/\\\/wp.kristdemokraterna.se\\\/lund\\\/minska-attraktiviteten-i-kriminalvarden\\\/\"},\"author\":{\"name\":\"helpdesk\",\"@id\":\"https:\\\/\\\/wp.kristdemokraterna.se\\\/lund\\\/#\\\/schema\\\/person\\\/98d27838d17178471da5e8a56aa604a4\"},\"headline\":\"Minska attraktiviteten i Kriminalv\u00e5rden\",\"datePublished\":\"2025-02-12T10:41:23+00:00\",\"mainEntityOfPage\":{\"@id\":\"https:\\\/\\\/wp.kristdemokraterna.se\\\/lund\\\/minska-attraktiviteten-i-kriminalvarden\\\/\"},\"wordCount\":303,\"articleSection\":[\"motioner till Riksting\"],\"inLanguage\":\"sv-SE\"},{\"@type\":\"WebPage\",\"@id\":\"https:\\\/\\\/wp.kristdemokraterna.se\\\/lund\\\/minska-attraktiviteten-i-kriminalvarden\\\/\",\"url\":\"https:\\\/\\\/wp.kristdemokraterna.se\\\/lund\\\/minska-attraktiviteten-i-kriminalvarden\\\/\",\"name\":\"Minska attraktiviteten i Kriminalv\u00e5rden - Kristdemokraterna | Lund\",\"isPartOf\":{\"@id\":\"https:\\\/\\\/wp.kristdemokraterna.se\\\/lund\\\/#website\"},\"datePublished\":\"2025-02-12T10:41:23+00:00\",\"author\":{\"@id\":\"https:\\\/\\\/wp.kristdemokraterna.se\\\/lund\\\/#\\\/schema\\\/person\\\/98d27838d17178471da5e8a56aa604a4\"},\"breadcrumb\":{\"@id\":\"https:\\\/\\\/wp.kristdemokraterna.se\\\/lund\\\/minska-attraktiviteten-i-kriminalvarden\\\/#breadcrumb\"},\"inLanguage\":\"sv-SE\",\"potentialAction\":[{\"@type\":\"ReadAction\",\"target\":[\"https:\\\/\\\/wp.kristdemokraterna.se\\\/lund\\\/minska-attraktiviteten-i-kriminalvarden\\\/\"]}]},{\"@type\":\"BreadcrumbList\",\"@id\":\"https:\\\/\\\/wp.kristdemokraterna.se\\\/lund\\\/minska-attraktiviteten-i-kriminalvarden\\\/#breadcrumb\",\"itemListElement\":[{\"@type\":\"ListItem\",\"position\":1,\"name\":\"Hem\",\"item\":\"https:\\\/\\\/wp.kristdemokraterna.se\\\/lund\\\/\"},{\"@type\":\"ListItem\",\"position\":2,\"name\":\"Minska attraktiviteten i Kriminalv\u00e5rden\"}]},{\"@type\":\"WebSite\",\"@id\":\"https:\\\/\\\/wp.kristdemokraterna.se\\\/lund\\\/#website\",\"url\":\"https:\\\/\\\/wp.kristdemokraterna.se\\\/lund\\\/\",\"name\":\"Kristdemokraterna | Lund\",\"description\":\"\",\"inLanguage\":\"sv-SE\"},{\"@type\":\"Person\",\"@id\":\"https:\\\/\\\/wp.kristdemokraterna.se\\\/lund\\\/#\\\/schema\\\/person\\\/98d27838d17178471da5e8a56aa604a4\",\"name\":\"helpdesk\",\"image\":{\"@type\":\"ImageObject\",\"inLanguage\":\"sv-SE\",\"@id\":\"https:\\\/\\\/secure.gravatar.com\\\/avatar\\\/2e747bc9a7d4e5a6ecca7d851e4175129f995f3f6d9ef18734d1ff623abe4a88?s=96&d=mm&r=g\",\"url\":\"https:\\\/\\\/secure.gravatar.com\\\/avatar\\\/2e747bc9a7d4e5a6ecca7d851e4175129f995f3f6d9ef18734d1ff623abe4a88?s=96&d=mm&r=g\",\"contentUrl\":\"https:\\\/\\\/secure.gravatar.com\\\/avatar\\\/2e747bc9a7d4e5a6ecca7d851e4175129f995f3f6d9ef18734d1ff623abe4a88?s=96&d=mm&r=g\",\"caption\":\"helpdesk\"},\"url\":\"https:\\\/\\\/wp.kristdemokraterna.se\\\/lund\\\/author\\\/helpdesk\\\/\"}]}<\/script>\n<!-- \/ Yoast SEO plugin. -->","yoast_head_json":{"title":"Minska attraktiviteten i Kriminalv\u00e5rden - Kristdemokraterna | Lund","robots":{"index":"index","follow":"follow","max-snippet":"max-snippet:-1","max-image-preview":"max-image-preview:large","max-video-preview":"max-video-preview:-1"},"canonical":"https:\/\/wp.kristdemokraterna.se\/lund\/minska-attraktiviteten-i-kriminalvarden\/","og_locale":"sv_SE","og_type":"article","og_title":"Minska attraktiviteten i Kriminalv\u00e5rden - Kristdemokraterna | Lund","og_description":"Minska attraktiviteten i Kriminalv\u00e5rden Redan i antikens Grekland argumenterade Platon f\u00f6r att lagbrytare skulle kunna f\u00e5 avtj\u00e4na ett straff genom att vistas en tid under lite tr\u00e5kiga f\u00f6rh\u00e5llanden utanf\u00f6r hemmet. Platsen d\u00e4r s\u00e5 skedde kallades f\u00f6r desmoterionn \u201datt binda\u201d. I dagens Sverige finns det ocks\u00e5 f\u00e4ngelser. Efter att undertecknad under 2024 sett SVT:s dramaserie om L\u00e4s mer","og_url":"https:\/\/wp.kristdemokraterna.se\/lund\/minska-attraktiviteten-i-kriminalvarden\/","og_site_name":"Kristdemokraterna | Lund","article_published_time":"2025-02-12T10:41:23+00:00","author":"helpdesk","twitter_card":"summary_large_image","twitter_misc":{"Skriven av":"helpdesk","Ber\u00e4knad l\u00e4stid":"1 minut"},"schema":{"@context":"https:\/\/schema.org","@graph":[{"@type":"Article","@id":"https:\/\/wp.kristdemokraterna.se\/lund\/minska-attraktiviteten-i-kriminalvarden\/#article","isPartOf":{"@id":"https:\/\/wp.kristdemokraterna.se\/lund\/minska-attraktiviteten-i-kriminalvarden\/"},"author":{"name":"helpdesk","@id":"https:\/\/wp.kristdemokraterna.se\/lund\/#\/schema\/person\/98d27838d17178471da5e8a56aa604a4"},"headline":"Minska attraktiviteten i Kriminalv\u00e5rden","datePublished":"2025-02-12T10:41:23+00:00","mainEntityOfPage":{"@id":"https:\/\/wp.kristdemokraterna.se\/lund\/minska-attraktiviteten-i-kriminalvarden\/"},"wordCount":303,"articleSection":["motioner till Riksting"],"inLanguage":"sv-SE"},{"@type":"WebPage","@id":"https:\/\/wp.kristdemokraterna.se\/lund\/minska-attraktiviteten-i-kriminalvarden\/","url":"https:\/\/wp.kristdemokraterna.se\/lund\/minska-attraktiviteten-i-kriminalvarden\/","name":"Minska attraktiviteten i Kriminalv\u00e5rden - Kristdemokraterna | Lund","isPartOf":{"@id":"https:\/\/wp.kristdemokraterna.se\/lund\/#website"},"datePublished":"2025-02-12T10:41:23+00:00","author":{"@id":"https:\/\/wp.kristdemokraterna.se\/lund\/#\/schema\/person\/98d27838d17178471da5e8a56aa604a4"},"breadcrumb":{"@id":"https:\/\/wp.kristdemokraterna.se\/lund\/minska-attraktiviteten-i-kriminalvarden\/#breadcrumb"},"inLanguage":"sv-SE","potentialAction":[{"@type":"ReadAction","target":["https:\/\/wp.kristdemokraterna.se\/lund\/minska-attraktiviteten-i-kriminalvarden\/"]}]},{"@type":"BreadcrumbList","@id":"https:\/\/wp.kristdemokraterna.se\/lund\/minska-attraktiviteten-i-kriminalvarden\/#breadcrumb","itemListElement":[{"@type":"ListItem","position":1,"name":"Hem","item":"https:\/\/wp.kristdemokraterna.se\/lund\/"},{"@type":"ListItem","position":2,"name":"Minska attraktiviteten i Kriminalv\u00e5rden"}]},{"@type":"WebSite","@id":"https:\/\/wp.kristdemokraterna.se\/lund\/#website","url":"https:\/\/wp.kristdemokraterna.se\/lund\/","name":"Kristdemokraterna | Lund","description":"","inLanguage":"sv-SE"},{"@type":"Person","@id":"https:\/\/wp.kristdemokraterna.se\/lund\/#\/schema\/person\/98d27838d17178471da5e8a56aa604a4","name":"helpdesk","image":{"@type":"ImageObject","inLanguage":"sv-SE","@id":"https:\/\/secure.gravatar.com\/avatar\/2e747bc9a7d4e5a6ecca7d851e4175129f995f3f6d9ef18734d1ff623abe4a88?s=96&d=mm&r=g","url":"https:\/\/secure.gravatar.com\/avatar\/2e747bc9a7d4e5a6ecca7d851e4175129f995f3f6d9ef18734d1ff623abe4a88?s=96&d=mm&r=g","contentUrl":"https:\/\/secure.gravatar.com\/avatar\/2e747bc9a7d4e5a6ecca7d851e4175129f995f3f6d9ef18734d1ff623abe4a88?s=96&d=mm&r=g","caption":"helpdesk"},"url":"https:\/\/wp.kristdemokraterna.se\/lund\/author\/helpdesk\/"}]}},"_links":{"self":[{"href":"https:\/\/wp.kristdemokraterna.se\/lund\/wp-json\/wp\/v2\/posts\/4219","targetHints":{"allow":["GET"]}}],"collection":[{"href":"https:\/\/wp.kristdemokraterna.se\/lund\/wp-json\/wp\/v2\/posts"}],"about":[{"href":"https:\/\/wp.kristdemokraterna.se\/lund\/wp-json\/wp\/v2\/types\/post"}],"author":[{"embeddable":true,"href":"https:\/\/wp.kristdemokraterna.se\/lund\/wp-json\/wp\/v2\/users\/444"}],"replies":[{"embeddable":true,"href":"https:\/\/wp.kristdemokraterna.se\/lund\/wp-json\/wp\/v2\/comments?post=4219"}],"version-history":[{"count":0,"href":"https:\/\/wp.kristdemokraterna.se\/lund\/wp-json\/wp\/v2\/posts\/4219\/revisions"}],"wp:attachment":[{"href":"https:\/\/wp.kristdemokraterna.se\/lund\/wp-json\/wp\/v2\/media?parent=4219"}],"wp:term":[{"taxonomy":"category","embeddable":true,"href":"https:\/\/wp.kristdemokraterna.se\/lund\/wp-json\/wp\/v2\/categories?post=4219"},{"taxonomy":"post_tag","embeddable":true,"href":"https:\/\/wp.kristdemokraterna.se\/lund\/wp-json\/wp\/v2\/tags?post=4219"}],"curies":[{"name":"wp","href":"https:\/\/api.w.org\/{rel}","templated":true}]}}