{"id":4782,"date":"2026-01-08T09:49:25","date_gmt":"2026-01-08T08:49:25","guid":{"rendered":"https:\/\/wp.kristdemokraterna.se\/lund\/?p=4782"},"modified":"2026-01-08T09:57:02","modified_gmt":"2026-01-08T08:57:02","slug":"elias-uppmarksammas-i-sds","status":"publish","type":"post","link":"https:\/\/wp.kristdemokraterna.se\/lund\/elias-uppmarksammas-i-sds\/","title":{"rendered":"ELIAS UPPM\u00c4RKSAMMAS I SDS"},"content":{"rendered":"<h2>Elias Belokosovic Johansson i topp vid provvalet<\/h2>\n<p>L\u00e4s hela artikeln <a href=\"https:\/\/www.sydsvenskan.se\/lund\/bilens-basta-van-kan-bli-kds-nya-toppnamn\/?shareSource=sharebutton\">h\u00e4r<\/a><\/p>\n","protected":false},"excerpt":{"rendered":"<p>Elias Belokosovic Johansson i topp vid provvalet L\u00e4s hela artikeln h\u00e4r<\/p>\n","protected":false},"author":880,"featured_media":0,"comment_status":"closed","ping_status":"closed","sticky":false,"template":"","format":"standard","meta":{"_acf_changed":false,"footnotes":""},"categories":[33,11,37],"tags":[],"class_list":["post-4782","post","type-post","status-publish","format-standard","hentry","category-pa-gang","category-inlagg","category-press"],"acf":[],"yoast_head":"<!-- This site is optimized with the Yoast SEO plugin v27.4 - https:\/\/yoast.com\/product\/yoast-seo-wordpress\/ -->\n<title>ELIAS UPPM\u00c4RKSAMMAS I SDS - Kristdemokraterna | Lund<\/title>\n<meta name=\"robots\" content=\"index, follow, max-snippet:-1, max-image-preview:large, max-video-preview:-1\" \/>\n<link rel=\"canonical\" href=\"https:\/\/wp.kristdemokraterna.se\/lund\/elias-uppmarksammas-i-sds\/\" \/>\n<meta property=\"og:locale\" content=\"sv_SE\" \/>\n<meta property=\"og:type\" content=\"article\" \/>\n<meta property=\"og:title\" content=\"ELIAS UPPM\u00c4RKSAMMAS I SDS - Kristdemokraterna | Lund\" \/>\n<meta property=\"og:description\" content=\"Elias Belokosovic Johansson i topp vid provvalet L\u00e4s hela artikeln h\u00e4r\" \/>\n<meta property=\"og:url\" content=\"https:\/\/wp.kristdemokraterna.se\/lund\/elias-uppmarksammas-i-sds\/\" \/>\n<meta property=\"og:site_name\" content=\"Kristdemokraterna | Lund\" \/>\n<meta property=\"article:published_time\" content=\"2026-01-08T08:49:25+00:00\" \/>\n<meta property=\"article:modified_time\" content=\"2026-01-08T08:57:02+00:00\" \/>\n<meta name=\"author\" content=\"lund\" \/>\n<meta name=\"twitter:card\" content=\"summary_large_image\" \/>\n<meta name=\"twitter:label1\" content=\"Skriven av\" \/>\n\t<meta name=\"twitter:data1\" content=\"lund\" \/>\n\t<meta name=\"twitter:label2\" content=\"Ber\u00e4knad l\u00e4stid\" \/>\n\t<meta name=\"twitter:data2\" content=\"1 minut\" \/>\n<script type=\"application\/ld+json\" class=\"yoast-schema-graph\">{\"@context\":\"https:\\\/\\\/schema.org\",\"@graph\":[{\"@type\":\"Article\",\"@id\":\"https:\\\/\\\/wp.kristdemokraterna.se\\\/lund\\\/elias-uppmarksammas-i-sds\\\/#article\",\"isPartOf\":{\"@id\":\"https:\\\/\\\/wp.kristdemokraterna.se\\\/lund\\\/elias-uppmarksammas-i-sds\\\/\"},\"author\":{\"name\":\"lund\",\"@id\":\"https:\\\/\\\/wp.kristdemokraterna.se\\\/lund\\\/#\\\/schema\\\/person\\\/a3cc7f8fd3338e4f8e88eea6483f3e1b\"},\"headline\":\"ELIAS UPPM\u00c4RKSAMMAS I SDS\",\"datePublished\":\"2026-01-08T08:49:25+00:00\",\"dateModified\":\"2026-01-08T08:57:02+00:00\",\"mainEntityOfPage\":{\"@id\":\"https:\\\/\\\/wp.kristdemokraterna.se\\\/lund\\\/elias-uppmarksammas-i-sds\\\/\"},\"wordCount\":18,\"articleSection\":[\"AKTUELLT\",\"Inl\u00e4gg\",\"Press\"],\"inLanguage\":\"sv-SE\"},{\"@type\":\"WebPage\",\"@id\":\"https:\\\/\\\/wp.kristdemokraterna.se\\\/lund\\\/elias-uppmarksammas-i-sds\\\/\",\"url\":\"https:\\\/\\\/wp.kristdemokraterna.se\\\/lund\\\/elias-uppmarksammas-i-sds\\\/\",\"name\":\"ELIAS UPPM\u00c4RKSAMMAS I SDS - Kristdemokraterna | Lund\",\"isPartOf\":{\"@id\":\"https:\\\/\\\/wp.kristdemokraterna.se\\\/lund\\\/#website\"},\"datePublished\":\"2026-01-08T08:49:25+00:00\",\"dateModified\":\"2026-01-08T08:57:02+00:00\",\"author\":{\"@id\":\"https:\\\/\\\/wp.kristdemokraterna.se\\\/lund\\\/#\\\/schema\\\/person\\\/a3cc7f8fd3338e4f8e88eea6483f3e1b\"},\"breadcrumb\":{\"@id\":\"https:\\\/\\\/wp.kristdemokraterna.se\\\/lund\\\/elias-uppmarksammas-i-sds\\\/#breadcrumb\"},\"inLanguage\":\"sv-SE\",\"potentialAction\":[{\"@type\":\"ReadAction\",\"target\":[\"https:\\\/\\\/wp.kristdemokraterna.se\\\/lund\\\/elias-uppmarksammas-i-sds\\\/\"]}]},{\"@type\":\"BreadcrumbList\",\"@id\":\"https:\\\/\\\/wp.kristdemokraterna.se\\\/lund\\\/elias-uppmarksammas-i-sds\\\/#breadcrumb\",\"itemListElement\":[{\"@type\":\"ListItem\",\"position\":1,\"name\":\"Hem\",\"item\":\"https:\\\/\\\/wp.kristdemokraterna.se\\\/lund\\\/\"},{\"@type\":\"ListItem\",\"position\":2,\"name\":\"ELIAS UPPM\u00c4RKSAMMAS I SDS\"}]},{\"@type\":\"WebSite\",\"@id\":\"https:\\\/\\\/wp.kristdemokraterna.se\\\/lund\\\/#website\",\"url\":\"https:\\\/\\\/wp.kristdemokraterna.se\\\/lund\\\/\",\"name\":\"Kristdemokraterna | Lund\",\"description\":\"\",\"inLanguage\":\"sv-SE\"},{\"@type\":\"Person\",\"@id\":\"https:\\\/\\\/wp.kristdemokraterna.se\\\/lund\\\/#\\\/schema\\\/person\\\/a3cc7f8fd3338e4f8e88eea6483f3e1b\",\"name\":\"lund\",\"image\":{\"@type\":\"ImageObject\",\"inLanguage\":\"sv-SE\",\"@id\":\"https:\\\/\\\/secure.gravatar.com\\\/avatar\\\/32831c41ed9c8fdf0e4a95a61cb2a2c162a9a8fc1e48770a5f22c69b1c85fa95?s=96&d=mm&r=g\",\"url\":\"https:\\\/\\\/secure.gravatar.com\\\/avatar\\\/32831c41ed9c8fdf0e4a95a61cb2a2c162a9a8fc1e48770a5f22c69b1c85fa95?s=96&d=mm&r=g\",\"contentUrl\":\"https:\\\/\\\/secure.gravatar.com\\\/avatar\\\/32831c41ed9c8fdf0e4a95a61cb2a2c162a9a8fc1e48770a5f22c69b1c85fa95?s=96&d=mm&r=g\",\"caption\":\"lund\"},\"url\":\"https:\\\/\\\/wp.kristdemokraterna.se\\\/lund\\\/author\\\/lund\\\/\"}]}<\/script>\n<!-- \/ Yoast SEO plugin. -->","yoast_head_json":{"title":"ELIAS UPPM\u00c4RKSAMMAS I SDS - Kristdemokraterna | Lund","robots":{"index":"index","follow":"follow","max-snippet":"max-snippet:-1","max-image-preview":"max-image-preview:large","max-video-preview":"max-video-preview:-1"},"canonical":"https:\/\/wp.kristdemokraterna.se\/lund\/elias-uppmarksammas-i-sds\/","og_locale":"sv_SE","og_type":"article","og_title":"ELIAS UPPM\u00c4RKSAMMAS I SDS - Kristdemokraterna | Lund","og_description":"Elias Belokosovic Johansson i topp vid provvalet L\u00e4s hela artikeln h\u00e4r","og_url":"https:\/\/wp.kristdemokraterna.se\/lund\/elias-uppmarksammas-i-sds\/","og_site_name":"Kristdemokraterna | Lund","article_published_time":"2026-01-08T08:49:25+00:00","article_modified_time":"2026-01-08T08:57:02+00:00","author":"lund","twitter_card":"summary_large_image","twitter_misc":{"Skriven av":"lund","Ber\u00e4knad l\u00e4stid":"1 minut"},"schema":{"@context":"https:\/\/schema.org","@graph":[{"@type":"Article","@id":"https:\/\/wp.kristdemokraterna.se\/lund\/elias-uppmarksammas-i-sds\/#article","isPartOf":{"@id":"https:\/\/wp.kristdemokraterna.se\/lund\/elias-uppmarksammas-i-sds\/"},"author":{"name":"lund","@id":"https:\/\/wp.kristdemokraterna.se\/lund\/#\/schema\/person\/a3cc7f8fd3338e4f8e88eea6483f3e1b"},"headline":"ELIAS UPPM\u00c4RKSAMMAS I SDS","datePublished":"2026-01-08T08:49:25+00:00","dateModified":"2026-01-08T08:57:02+00:00","mainEntityOfPage":{"@id":"https:\/\/wp.kristdemokraterna.se\/lund\/elias-uppmarksammas-i-sds\/"},"wordCount":18,"articleSection":["AKTUELLT","Inl\u00e4gg","Press"],"inLanguage":"sv-SE"},{"@type":"WebPage","@id":"https:\/\/wp.kristdemokraterna.se\/lund\/elias-uppmarksammas-i-sds\/","url":"https:\/\/wp.kristdemokraterna.se\/lund\/elias-uppmarksammas-i-sds\/","name":"ELIAS UPPM\u00c4RKSAMMAS I SDS - Kristdemokraterna | Lund","isPartOf":{"@id":"https:\/\/wp.kristdemokraterna.se\/lund\/#website"},"datePublished":"2026-01-08T08:49:25+00:00","dateModified":"2026-01-08T08:57:02+00:00","author":{"@id":"https:\/\/wp.kristdemokraterna.se\/lund\/#\/schema\/person\/a3cc7f8fd3338e4f8e88eea6483f3e1b"},"breadcrumb":{"@id":"https:\/\/wp.kristdemokraterna.se\/lund\/elias-uppmarksammas-i-sds\/#breadcrumb"},"inLanguage":"sv-SE","potentialAction":[{"@type":"ReadAction","target":["https:\/\/wp.kristdemokraterna.se\/lund\/elias-uppmarksammas-i-sds\/"]}]},{"@type":"BreadcrumbList","@id":"https:\/\/wp.kristdemokraterna.se\/lund\/elias-uppmarksammas-i-sds\/#breadcrumb","itemListElement":[{"@type":"ListItem","position":1,"name":"Hem","item":"https:\/\/wp.kristdemokraterna.se\/lund\/"},{"@type":"ListItem","position":2,"name":"ELIAS UPPM\u00c4RKSAMMAS I SDS"}]},{"@type":"WebSite","@id":"https:\/\/wp.kristdemokraterna.se\/lund\/#website","url":"https:\/\/wp.kristdemokraterna.se\/lund\/","name":"Kristdemokraterna | Lund","description":"","inLanguage":"sv-SE"},{"@type":"Person","@id":"https:\/\/wp.kristdemokraterna.se\/lund\/#\/schema\/person\/a3cc7f8fd3338e4f8e88eea6483f3e1b","name":"lund","image":{"@type":"ImageObject","inLanguage":"sv-SE","@id":"https:\/\/secure.gravatar.com\/avatar\/32831c41ed9c8fdf0e4a95a61cb2a2c162a9a8fc1e48770a5f22c69b1c85fa95?s=96&d=mm&r=g","url":"https:\/\/secure.gravatar.com\/avatar\/32831c41ed9c8fdf0e4a95a61cb2a2c162a9a8fc1e48770a5f22c69b1c85fa95?s=96&d=mm&r=g","contentUrl":"https:\/\/secure.gravatar.com\/avatar\/32831c41ed9c8fdf0e4a95a61cb2a2c162a9a8fc1e48770a5f22c69b1c85fa95?s=96&d=mm&r=g","caption":"lund"},"url":"https:\/\/wp.kristdemokraterna.se\/lund\/author\/lund\/"}]}},"_links":{"self":[{"href":"https:\/\/wp.kristdemokraterna.se\/lund\/wp-json\/wp\/v2\/posts\/4782","targetHints":{"allow":["GET"]}}],"collection":[{"href":"https:\/\/wp.kristdemokraterna.se\/lund\/wp-json\/wp\/v2\/posts"}],"about":[{"href":"https:\/\/wp.kristdemokraterna.se\/lund\/wp-json\/wp\/v2\/types\/post"}],"author":[{"embeddable":true,"href":"https:\/\/wp.kristdemokraterna.se\/lund\/wp-json\/wp\/v2\/users\/880"}],"replies":[{"embeddable":true,"href":"https:\/\/wp.kristdemokraterna.se\/lund\/wp-json\/wp\/v2\/comments?post=4782"}],"version-history":[{"count":5,"href":"https:\/\/wp.kristdemokraterna.se\/lund\/wp-json\/wp\/v2\/posts\/4782\/revisions"}],"predecessor-version":[{"id":4788,"href":"https:\/\/wp.kristdemokraterna.se\/lund\/wp-json\/wp\/v2\/posts\/4782\/revisions\/4788"}],"wp:attachment":[{"href":"https:\/\/wp.kristdemokraterna.se\/lund\/wp-json\/wp\/v2\/media?parent=4782"}],"wp:term":[{"taxonomy":"category","embeddable":true,"href":"https:\/\/wp.kristdemokraterna.se\/lund\/wp-json\/wp\/v2\/categories?post=4782"},{"taxonomy":"post_tag","embeddable":true,"href":"https:\/\/wp.kristdemokraterna.se\/lund\/wp-json\/wp\/v2\/tags?post=4782"}],"curies":[{"name":"wp","href":"https:\/\/api.w.org\/{rel}","templated":true}]}}