{"id":4974,"date":"2026-08-31T10:06:50","date_gmt":"2026-08-31T08:06:50","guid":{"rendered":"https:\/\/wp.kristdemokraterna.se\/lund\/?p=4974"},"modified":"2026-08-31T10:25:45","modified_gmt":"2026-08-31T08:25:45","slug":"4974-2","status":"publish","type":"post","link":"https:\/\/wp.kristdemokraterna.se\/lund\/4974-2\/","title":{"rendered":"L\u00e5t inte j\u00e4rnv\u00e4gen dela Lund i tv\u00e5 delar"},"content":{"rendered":"<h4><a href=\"https:\/\/www.sydsvenskan.se\/lokal-debatt\/lat-inte-jarnvagen-dela-lund-i-tva-delar\/\">Lund C<\/a><\/h4>\n<div class=\"article__text-wrapper txt-body txt-body-2\">\n<p>Lund beh\u00f6ver mer j\u00e4rnv\u00e4gskapacitet. Det \u00e4r vi \u00f6verens om. Men fr\u00e5gan \u00e4r inte om vi ska bygga, utan hur vi bygger f\u00f6r framtiden utan att offra Lund p\u00e5 v\u00e4gen.<\/p>\n<p>Trafikverket planerar tv\u00e5 nya sp\u00e5r genom Lund. Tillsammans med dagens tv\u00e5 blir det fyra sp\u00e5r genom staden. Trafikverket s\u00e4ger sj\u00e4lva att utbyggnaden kommer att f\u00e5 konsekvenser f\u00f6r bebyggelsen, \u00e4ven om det \u00e4nnu inte \u00e4r klart vilka hus och milj\u00f6er som p\u00e5verkas.<\/p>\n<\/div>\n<p class=\"ad__preamble ad-text txt-style-muted txt-ui txt-ui--strong txt-ui-2\">Annons<\/p>\n<div class=\"ad-wrapper\">\n<div id=\"panorama-2\"><\/div>\n<\/div>\n<div class=\"article__text-wrapper txt-body txt-body-2\">\n<p>Vi tycker att Lund m\u00e5ste t\u00e4nka st\u00f6rre. Ska vi bygga fast oss i en l\u00f6sning d\u00e4r j\u00e4rnv\u00e4gen forts\u00e4tter att sk\u00e4ra rakt genom staden och d\u00e4r Lund riskerar att f\u00f6rlora hus, stadsmilj\u00f6er och m\u00f6jligheten att utvecklas sammanh\u00e5llet?<\/p>\n<p>Vi i Kristdemokraterna s\u00e4ger nej. Vi vill i st\u00e4llet pr\u00f6va en l\u00e5ngsiktig l\u00f6sning med j\u00e4rnv\u00e4g i tunnel genom Lund och en separat str\u00e4ckning f\u00f6r godstrafiken utanf\u00f6r staden. Det handlar inte om att s\u00e4ga nej till j\u00e4rnv\u00e4gen, tv\u00e4rtom. Det handlar om att s\u00e4ga ja till mer j\u00e4rnv\u00e4g men p\u00e5 r\u00e4tt plats. Vi har redan en j\u00e4rnv\u00e4g som delar staden, ska vi verkligen acceptera att barri\u00e4ren blir \u00e4nnu st\u00f6rre?<\/p>\n<p>D\u00e5 m\u00e5ste vi v\u00e5ga t\u00e4nka 50 eller 100 \u00e5r fram i tiden, inte bara p\u00e5 vad som \u00e4r enklast att bygga just nu. Trafikverket bed\u00f6mer att tunnelalternativet blir dyrare. Men n\u00e4r ett beslut p\u00e5verkar Lund f\u00f6r generationer fram\u00e5t kan priset inte vara det enda m\u00e5ttet.<\/p>\n<p>Vi beh\u00f6ver en j\u00e4rnv\u00e4g som klarar framtidens resande och godstransporter. Men vi beh\u00f6ver ocks\u00e5 ett Lund som h\u00e4nger ihop.<\/p>\n<p>L\u00e5t oss utreda tunnelalternativet p\u00e5 allvar. L\u00e5t oss hitta en l\u00f6sning d\u00e4r godstrafiken leds utanf\u00f6r Lund. Och l\u00e5t oss bygga en j\u00e4rnv\u00e4g som v\u00e5ra barn och barnbarn kommer att tacka oss f\u00f6r. Lund f\u00f6rtj\u00e4nar b\u00e4ttre \u00e4n att bara f\u00e5 plats med tv\u00e5 sp\u00e5r till.<\/p>\n<p><a href=\"https:\/\/wp.kristdemokraterna.se\/lund\/johanna-rosen\/\"><strong>Johanna Ros\u00e9n (KD)<\/strong><\/a><\/p>\n<\/div>\n","protected":false},"excerpt":{"rendered":"<p>Lund C Lund beh\u00f6ver mer j\u00e4rnv\u00e4gskapacitet. Det \u00e4r vi \u00f6verens om. Men fr\u00e5gan \u00e4r inte om vi ska bygga, utan hur vi bygger f\u00f6r framtiden utan att offra Lund p\u00e5 v\u00e4gen. Trafikverket planerar tv\u00e5 nya sp\u00e5r genom Lund. Tillsammans med dagens tv\u00e5 blir det fyra sp\u00e5r genom staden. Trafikverket s\u00e4ger sj\u00e4lva att utbyggnaden kommer att <a class=\"read-more-link\" href=\"https:\/\/wp.kristdemokraterna.se\/lund\/4974-2\/\">L\u00e4s mer<\/a><\/p>\n","protected":false},"author":880,"featured_media":0,"comment_status":"closed","ping_status":"closed","sticky":false,"template":"","format":"standard","meta":{"_acf_changed":false,"footnotes":""},"categories":[33,11],"tags":[],"class_list":["post-4974","post","type-post","status-publish","format-standard","hentry","category-pa-gang","category-inlagg"],"acf":[],"_links":{"self":[{"href":"https:\/\/wp.kristdemokraterna.se\/lund\/wp-json\/wp\/v2\/posts\/4974","targetHints":{"allow":["GET"]}}],"collection":[{"href":"https:\/\/wp.kristdemokraterna.se\/lund\/wp-json\/wp\/v2\/posts"}],"about":[{"href":"https:\/\/wp.kristdemokraterna.se\/lund\/wp-json\/wp\/v2\/types\/post"}],"author":[{"embeddable":true,"href":"https:\/\/wp.kristdemokraterna.se\/lund\/wp-json\/wp\/v2\/users\/880"}],"replies":[{"embeddable":true,"href":"https:\/\/wp.kristdemokraterna.se\/lund\/wp-json\/wp\/v2\/comments?post=4974"}],"version-history":[{"count":4,"href":"https:\/\/wp.kristdemokraterna.se\/lund\/wp-json\/wp\/v2\/posts\/4974\/revisions"}],"predecessor-version":[{"id":4980,"href":"https:\/\/wp.kristdemokraterna.se\/lund\/wp-json\/wp\/v2\/posts\/4974\/revisions\/4980"}],"wp:attachment":[{"href":"https:\/\/wp.kristdemokraterna.se\/lund\/wp-json\/wp\/v2\/media?parent=4974"}],"wp:term":[{"taxonomy":"category","embeddable":true,"href":"https:\/\/wp.kristdemokraterna.se\/lund\/wp-json\/wp\/v2\/categories?post=4974"},{"taxonomy":"post_tag","embeddable":true,"href":"https:\/\/wp.kristdemokraterna.se\/lund\/wp-json\/wp\/v2\/tags?post=4974"}],"curies":[{"name":"wp","href":"https:\/\/api.w.org\/{rel}","templated":true}]}}