{"id":5083,"date":"2022-08-09T12:34:42","date_gmt":"2022-08-09T10:34:42","guid":{"rendered":"https:\/\/wp.kristdemokraterna.se\/malmo\/?p=5083"},"modified":"2024-03-19T20:36:01","modified_gmt":"2024-03-19T19:36:01","slug":"kd-malmos-valmanifest-2022","status":"publish","type":"post","link":"https:\/\/wp.kristdemokraterna.se\/malmo\/?p=5083","title":{"rendered":"KD Malm\u00f6s valmanifest 2022"},"content":{"rendered":"<p>Det kommunala valmanifestet finns p\u00e5 nu p\u00e5 Kristdemokraterna Malm\u00f6s sida och l\u00e4nk finner du <a href=\"https:\/\/wp.kristdemokraterna.se\/malmo\/?page_id=342\" target=\"_blank\" rel=\"noopener noreferrer\">h\u00e4r<\/a>.<\/p>\n","protected":false},"excerpt":{"rendered":"<p>Det kommunala valmanifestet finns p\u00e5 nu p\u00e5 Kristdemokraterna Malm\u00f6s sida och l\u00e4nk finner du h\u00e4r.<\/p>\n","protected":false},"author":1039,"featured_media":0,"comment_status":"closed","ping_status":"closed","sticky":false,"template":"","format":"standard","meta":{"_acf_changed":false,"footnotes":""},"categories":[1],"tags":[],"class_list":["post-5083","post","type-post","status-publish","format-standard","hentry","category-okategoriserade"],"acf":[],"yoast_head":"<!-- This site is optimized with the Yoast SEO plugin v27.5 - https:\/\/yoast.com\/product\/yoast-seo-wordpress\/ -->\n<title>KD Malm\u00f6s valmanifest 2022 - Kristdemokraterna | Malm\u00f6<\/title>\n<meta name=\"robots\" content=\"index, follow, max-snippet:-1, max-image-preview:large, max-video-preview:-1\" \/>\n<link rel=\"canonical\" href=\"https:\/\/wp.kristdemokraterna.se\/malmo\/?p=5083\" \/>\n<meta property=\"og:locale\" content=\"sv_SE\" \/>\n<meta property=\"og:type\" content=\"article\" \/>\n<meta property=\"og:title\" content=\"KD Malm\u00f6s valmanifest 2022 - Kristdemokraterna | Malm\u00f6\" \/>\n<meta property=\"og:description\" content=\"Det kommunala valmanifestet finns p\u00e5 nu p\u00e5 Kristdemokraterna Malm\u00f6s sida och l\u00e4nk finner du h\u00e4r.\" \/>\n<meta property=\"og:url\" content=\"https:\/\/wp.kristdemokraterna.se\/malmo\/?p=5083\" \/>\n<meta property=\"og:site_name\" content=\"Kristdemokraterna | Malm\u00f6\" \/>\n<meta property=\"article:published_time\" content=\"2022-08-09T10:34:42+00:00\" \/>\n<meta property=\"article:modified_time\" content=\"2024-03-19T19:36:01+00:00\" \/>\n<meta name=\"author\" content=\"Robert Baranowski\" \/>\n<meta name=\"twitter:card\" content=\"summary_large_image\" \/>\n<meta name=\"twitter:label1\" content=\"Skriven av\" \/>\n\t<meta name=\"twitter:data1\" content=\"Robert Baranowski\" \/>\n\t<meta name=\"twitter:label2\" content=\"Ber\u00e4knad l\u00e4stid\" \/>\n\t<meta name=\"twitter:data2\" content=\"1 minut\" \/>\n<script type=\"application\/ld+json\" class=\"yoast-schema-graph\">{\"@context\":\"https:\\\/\\\/schema.org\",\"@graph\":[{\"@type\":\"Article\",\"@id\":\"https:\\\/\\\/wp.kristdemokraterna.se\\\/malmo\\\/?p=5083#article\",\"isPartOf\":{\"@id\":\"https:\\\/\\\/wp.kristdemokraterna.se\\\/malmo\\\/?p=5083\"},\"author\":{\"name\":\"Robert Baranowski\",\"@id\":\"https:\\\/\\\/wp.kristdemokraterna.se\\\/malmo\\\/#\\\/schema\\\/person\\\/66d14371ff9cba815efca34e7d74bd1f\"},\"headline\":\"KD Malm\u00f6s valmanifest 2022\",\"datePublished\":\"2022-08-09T10:34:42+00:00\",\"dateModified\":\"2024-03-19T19:36:01+00:00\",\"mainEntityOfPage\":{\"@id\":\"https:\\\/\\\/wp.kristdemokraterna.se\\\/malmo\\\/?p=5083\"},\"wordCount\":22,\"inLanguage\":\"sv-SE\"},{\"@type\":\"WebPage\",\"@id\":\"https:\\\/\\\/wp.kristdemokraterna.se\\\/malmo\\\/?p=5083\",\"url\":\"https:\\\/\\\/wp.kristdemokraterna.se\\\/malmo\\\/?p=5083\",\"name\":\"KD Malm\u00f6s valmanifest 2022 - Kristdemokraterna | Malm\u00f6\",\"isPartOf\":{\"@id\":\"https:\\\/\\\/wp.kristdemokraterna.se\\\/malmo\\\/#website\"},\"datePublished\":\"2022-08-09T10:34:42+00:00\",\"dateModified\":\"2024-03-19T19:36:01+00:00\",\"author\":{\"@id\":\"https:\\\/\\\/wp.kristdemokraterna.se\\\/malmo\\\/#\\\/schema\\\/person\\\/66d14371ff9cba815efca34e7d74bd1f\"},\"breadcrumb\":{\"@id\":\"https:\\\/\\\/wp.kristdemokraterna.se\\\/malmo\\\/?p=5083#breadcrumb\"},\"inLanguage\":\"sv-SE\",\"potentialAction\":[{\"@type\":\"ReadAction\",\"target\":[\"https:\\\/\\\/wp.kristdemokraterna.se\\\/malmo\\\/?p=5083\"]}]},{\"@type\":\"BreadcrumbList\",\"@id\":\"https:\\\/\\\/wp.kristdemokraterna.se\\\/malmo\\\/?p=5083#breadcrumb\",\"itemListElement\":[{\"@type\":\"ListItem\",\"position\":1,\"name\":\"Hem\",\"item\":\"https:\\\/\\\/wp.kristdemokraterna.se\\\/malmo\\\/\"},{\"@type\":\"ListItem\",\"position\":2,\"name\":\"KD Malm\u00f6s valmanifest 2022\"}]},{\"@type\":\"WebSite\",\"@id\":\"https:\\\/\\\/wp.kristdemokraterna.se\\\/malmo\\\/#website\",\"url\":\"https:\\\/\\\/wp.kristdemokraterna.se\\\/malmo\\\/\",\"name\":\"Kristdemokraterna | Malm\u00f6\",\"description\":\"\",\"inLanguage\":\"sv-SE\"},{\"@type\":\"Person\",\"@id\":\"https:\\\/\\\/wp.kristdemokraterna.se\\\/malmo\\\/#\\\/schema\\\/person\\\/66d14371ff9cba815efca34e7d74bd1f\",\"name\":\"Robert Baranowski\",\"image\":{\"@type\":\"ImageObject\",\"inLanguage\":\"sv-SE\",\"@id\":\"https:\\\/\\\/secure.gravatar.com\\\/avatar\\\/d6eae2ea8d2d0efe1ca92e1b0cede9cb1128b2c87cf61956166e05aeeda2388b?s=96&d=mm&r=g\",\"url\":\"https:\\\/\\\/secure.gravatar.com\\\/avatar\\\/d6eae2ea8d2d0efe1ca92e1b0cede9cb1128b2c87cf61956166e05aeeda2388b?s=96&d=mm&r=g\",\"contentUrl\":\"https:\\\/\\\/secure.gravatar.com\\\/avatar\\\/d6eae2ea8d2d0efe1ca92e1b0cede9cb1128b2c87cf61956166e05aeeda2388b?s=96&d=mm&r=g\",\"caption\":\"Robert Baranowski\"},\"url\":\"https:\\\/\\\/wp.kristdemokraterna.se\\\/malmo\\\/?author=1039\"}]}<\/script>\n<!-- \/ Yoast SEO plugin. -->","yoast_head_json":{"title":"KD Malm\u00f6s valmanifest 2022 - Kristdemokraterna | Malm\u00f6","robots":{"index":"index","follow":"follow","max-snippet":"max-snippet:-1","max-image-preview":"max-image-preview:large","max-video-preview":"max-video-preview:-1"},"canonical":"https:\/\/wp.kristdemokraterna.se\/malmo\/?p=5083","og_locale":"sv_SE","og_type":"article","og_title":"KD Malm\u00f6s valmanifest 2022 - Kristdemokraterna | Malm\u00f6","og_description":"Det kommunala valmanifestet finns p\u00e5 nu p\u00e5 Kristdemokraterna Malm\u00f6s sida och l\u00e4nk finner du h\u00e4r.","og_url":"https:\/\/wp.kristdemokraterna.se\/malmo\/?p=5083","og_site_name":"Kristdemokraterna | Malm\u00f6","article_published_time":"2022-08-09T10:34:42+00:00","article_modified_time":"2024-03-19T19:36:01+00:00","author":"Robert Baranowski","twitter_card":"summary_large_image","twitter_misc":{"Skriven av":"Robert Baranowski","Ber\u00e4knad l\u00e4stid":"1 minut"},"schema":{"@context":"https:\/\/schema.org","@graph":[{"@type":"Article","@id":"https:\/\/wp.kristdemokraterna.se\/malmo\/?p=5083#article","isPartOf":{"@id":"https:\/\/wp.kristdemokraterna.se\/malmo\/?p=5083"},"author":{"name":"Robert Baranowski","@id":"https:\/\/wp.kristdemokraterna.se\/malmo\/#\/schema\/person\/66d14371ff9cba815efca34e7d74bd1f"},"headline":"KD Malm\u00f6s valmanifest 2022","datePublished":"2022-08-09T10:34:42+00:00","dateModified":"2024-03-19T19:36:01+00:00","mainEntityOfPage":{"@id":"https:\/\/wp.kristdemokraterna.se\/malmo\/?p=5083"},"wordCount":22,"inLanguage":"sv-SE"},{"@type":"WebPage","@id":"https:\/\/wp.kristdemokraterna.se\/malmo\/?p=5083","url":"https:\/\/wp.kristdemokraterna.se\/malmo\/?p=5083","name":"KD Malm\u00f6s valmanifest 2022 - Kristdemokraterna | Malm\u00f6","isPartOf":{"@id":"https:\/\/wp.kristdemokraterna.se\/malmo\/#website"},"datePublished":"2022-08-09T10:34:42+00:00","dateModified":"2024-03-19T19:36:01+00:00","author":{"@id":"https:\/\/wp.kristdemokraterna.se\/malmo\/#\/schema\/person\/66d14371ff9cba815efca34e7d74bd1f"},"breadcrumb":{"@id":"https:\/\/wp.kristdemokraterna.se\/malmo\/?p=5083#breadcrumb"},"inLanguage":"sv-SE","potentialAction":[{"@type":"ReadAction","target":["https:\/\/wp.kristdemokraterna.se\/malmo\/?p=5083"]}]},{"@type":"BreadcrumbList","@id":"https:\/\/wp.kristdemokraterna.se\/malmo\/?p=5083#breadcrumb","itemListElement":[{"@type":"ListItem","position":1,"name":"Hem","item":"https:\/\/wp.kristdemokraterna.se\/malmo\/"},{"@type":"ListItem","position":2,"name":"KD Malm\u00f6s valmanifest 2022"}]},{"@type":"WebSite","@id":"https:\/\/wp.kristdemokraterna.se\/malmo\/#website","url":"https:\/\/wp.kristdemokraterna.se\/malmo\/","name":"Kristdemokraterna | Malm\u00f6","description":"","inLanguage":"sv-SE"},{"@type":"Person","@id":"https:\/\/wp.kristdemokraterna.se\/malmo\/#\/schema\/person\/66d14371ff9cba815efca34e7d74bd1f","name":"Robert Baranowski","image":{"@type":"ImageObject","inLanguage":"sv-SE","@id":"https:\/\/secure.gravatar.com\/avatar\/d6eae2ea8d2d0efe1ca92e1b0cede9cb1128b2c87cf61956166e05aeeda2388b?s=96&d=mm&r=g","url":"https:\/\/secure.gravatar.com\/avatar\/d6eae2ea8d2d0efe1ca92e1b0cede9cb1128b2c87cf61956166e05aeeda2388b?s=96&d=mm&r=g","contentUrl":"https:\/\/secure.gravatar.com\/avatar\/d6eae2ea8d2d0efe1ca92e1b0cede9cb1128b2c87cf61956166e05aeeda2388b?s=96&d=mm&r=g","caption":"Robert Baranowski"},"url":"https:\/\/wp.kristdemokraterna.se\/malmo\/?author=1039"}]}},"_links":{"self":[{"href":"https:\/\/wp.kristdemokraterna.se\/malmo\/index.php?rest_route=\/wp\/v2\/posts\/5083","targetHints":{"allow":["GET"]}}],"collection":[{"href":"https:\/\/wp.kristdemokraterna.se\/malmo\/index.php?rest_route=\/wp\/v2\/posts"}],"about":[{"href":"https:\/\/wp.kristdemokraterna.se\/malmo\/index.php?rest_route=\/wp\/v2\/types\/post"}],"author":[{"embeddable":true,"href":"https:\/\/wp.kristdemokraterna.se\/malmo\/index.php?rest_route=\/wp\/v2\/users\/1039"}],"replies":[{"embeddable":true,"href":"https:\/\/wp.kristdemokraterna.se\/malmo\/index.php?rest_route=%2Fwp%2Fv2%2Fcomments&post=5083"}],"version-history":[{"count":1,"href":"https:\/\/wp.kristdemokraterna.se\/malmo\/index.php?rest_route=\/wp\/v2\/posts\/5083\/revisions"}],"predecessor-version":[{"id":5084,"href":"https:\/\/wp.kristdemokraterna.se\/malmo\/index.php?rest_route=\/wp\/v2\/posts\/5083\/revisions\/5084"}],"wp:attachment":[{"href":"https:\/\/wp.kristdemokraterna.se\/malmo\/index.php?rest_route=%2Fwp%2Fv2%2Fmedia&parent=5083"}],"wp:term":[{"taxonomy":"category","embeddable":true,"href":"https:\/\/wp.kristdemokraterna.se\/malmo\/index.php?rest_route=%2Fwp%2Fv2%2Fcategories&post=5083"},{"taxonomy":"post_tag","embeddable":true,"href":"https:\/\/wp.kristdemokraterna.se\/malmo\/index.php?rest_route=%2Fwp%2Fv2%2Ftags&post=5083"}],"curies":[{"name":"wp","href":"https:\/\/api.w.org\/{rel}","templated":true}]}}