{"id":5141,"date":"2024-05-20T14:37:10","date_gmt":"2024-05-20T12:37:10","guid":{"rendered":"https:\/\/wp.kristdemokraterna.se\/malmo\/?p=5141"},"modified":"2024-05-28T10:34:35","modified_gmt":"2024-05-28T08:34:35","slug":"eu-valet-stall-dina-fragor-till-oss-pa-gustav-adolfs-torg","status":"publish","type":"post","link":"https:\/\/wp.kristdemokraterna.se\/malmo\/?p=5141","title":{"rendered":"EU-VALET: St\u00e4ll dina fr\u00e5gor till oss p\u00e5 Gustav Adolfs torg!"},"content":{"rendered":"<p><strong>EU-valet n\u00e4rmar sig och veckorna fram till valdagen, s\u00f6ndagen den 9 juni h\u00e5ller vi valstuga p\u00e5 Gustav Adolfs torg. V\u00e4lkommen att komma f\u00f6rbi och samtala eller st\u00e4ll fr\u00e5gor till dina kristdemokratiska f\u00f6retr\u00e4dare i Malm\u00f6 om EU-valet, politik i allm\u00e4nhet eller hur du engagerar dig i Kristdemokraterna Malm\u00f6.<\/strong> <\/p>\n<p><strong>Kristdemokraterna g\u00e5r till val p\u00e5 Gr\u00e4nser och Frihet.<\/strong><br \/>\nGr\u00e4nser och Frihet &#8211; <em><a href=\"https:\/\/kristdemokraterna.se\/ovrigt\/eu-valmanifest-2024\" rel=\"noopener\" target=\"_blank\">46 f\u00f6rslag f\u00f6r ett starkt, tryggt och fritt Europa<\/a><\/em>. Ett Europa f\u00f6r fler jobb, konkurrenskraft och fossilfri omst\u00e4llning. Ett Europa som har tyngd nog att h\u00e5lla gr\u00e4nsen mot Putins aggressioner och som outtr\u00f6ttligt st\u00f6ttar ett fritt Ukraina. Ett Europa som tar v\u00e4rderingskampen och s\u00e4tter gr\u00e4nser f\u00f6r hot, hat och antisemitism. <\/p>\n<p><strong>Ett EU som f\u00f6rs\u00f6ker g\u00f6ra allt, kommer dock inte klara sitt k\u00e4rnuppdrag.<\/strong><br \/>\nVi befinner oss just nu i det allvarligaste s\u00e4kerhetspolitiska l\u00e4get sedan andra v\u00e4rldskriget. Det finns ingen st\u00f6rre eller mer avg\u00f6rande fr\u00e5ga f\u00f6r Europas framtid \u00e4n fr\u00e5gan om Ukrainas r\u00e4tt till fred, frihet och sj\u00e4lvbest\u00e4mmande. Vi beh\u00f6ver ocks\u00e5 motarbeta den antisemitism som just nu drabbar judar i Europa. EU beh\u00f6ver verka f\u00f6r en stramare migration genom ett kvotflyktingsystem d\u00e4r asyl s\u00f6ks utanf\u00f6r Europa.<br \/>\nBeslut som fattas b\u00e4st vid svenska k\u00f6ksbordet ska inte fattas vid Bryssels skrivbord. Vi beh\u00f6ver bygga ett Europa som st\u00e5r p\u00e5 familjernas och barnens sida. D\u00e4r vi st\u00f6ttar familjer och barn genom att gemensamt s\u00e4tta gr\u00e4nser f\u00f6r techj\u00e4ttarnas makt \u00f6ver v\u00e5ra barns frihet p\u00e5 n\u00e4tet.  <\/p>\n<p>Vi beh\u00f6ver ocks\u00e5 s\u00e4kra ett livskraftigt skogs- och jordbruk. EU ska inte detaljreglera den svenska skogen. EU ska inte heller l\u00e4gga sig i den svenska arbetsmarknaden \u2013 reglera arbetstider eller f\u00f6r\u00e4ldraf\u00f6rs\u00e4kringen. <\/p>\n<p><strong>Genom att l\u00e4gga din r\u00f6st den 9 juni tar du ansvar f\u00f6r Europa.<\/strong> Vi vill se ett Europa d\u00e4r varje land har sin identitet och suver\u00e4nitet, samtidigt som vi samarbetar f\u00f6r att n\u00e5 gemensamma m\u00e5l och sl\u00e5r vakt om v\u00e5ra europeiska v\u00e4rderingar. <\/p>\n<p>R\u00f6sta f\u00f6r ett Europa d\u00e4r v\u00e5ra gr\u00e4nser skyddas och friheten f\u00e5r blomstra. <strong>R\u00f6sta den 9 juni \u2013 r\u00f6sta bl\u00e5gult \u2013 r\u00f6sta Gr\u00e4nser och Frihet.<\/strong><\/p>\n","protected":false},"excerpt":{"rendered":"<p>EU-valet n\u00e4rmar sig och veckorna fram till valdagen, s\u00f6ndagen den 9 juni h\u00e5ller vi valstuga p\u00e5 Gustav Adolfs torg. V\u00e4lkommen att komma f\u00f6rbi och samtala eller st\u00e4ll fr\u00e5gor till dina kristdemokratiska f\u00f6retr\u00e4dare i Malm\u00f6 om EU-valet, politik i allm\u00e4nhet eller hur du engagerar dig i Kristdemokraterna Malm\u00f6. Kristdemokraterna g\u00e5r till val p\u00e5 Gr\u00e4nser och Frihet. <a class=\"read-more-link\" href=\"https:\/\/wp.kristdemokraterna.se\/malmo\/?p=5141\">L\u00e4s mer<\/a><\/p>\n","protected":false},"author":1076,"featured_media":0,"comment_status":"closed","ping_status":"closed","sticky":false,"template":"","format":"standard","meta":{"_acf_changed":false,"footnotes":""},"categories":[480],"tags":[],"class_list":["post-5141","post","type-post","status-publish","format-standard","hentry","category-nyheter"],"acf":[],"yoast_head":"<!-- This site is optimized with the Yoast SEO plugin v27.4 - https:\/\/yoast.com\/product\/yoast-seo-wordpress\/ -->\n<title>EU-VALET: St\u00e4ll dina fr\u00e5gor till oss p\u00e5 Gustav Adolfs torg! - Kristdemokraterna | Malm\u00f6<\/title>\n<meta name=\"robots\" content=\"index, follow, max-snippet:-1, max-image-preview:large, max-video-preview:-1\" \/>\n<link rel=\"canonical\" href=\"https:\/\/wp.kristdemokraterna.se\/malmo\/?p=5141\" \/>\n<meta property=\"og:locale\" content=\"sv_SE\" \/>\n<meta property=\"og:type\" content=\"article\" \/>\n<meta property=\"og:title\" content=\"EU-VALET: St\u00e4ll dina fr\u00e5gor till oss p\u00e5 Gustav Adolfs torg! - Kristdemokraterna | Malm\u00f6\" \/>\n<meta property=\"og:description\" content=\"EU-valet n\u00e4rmar sig och veckorna fram till valdagen, s\u00f6ndagen den 9 juni h\u00e5ller vi valstuga p\u00e5 Gustav Adolfs torg. V\u00e4lkommen att komma f\u00f6rbi och samtala eller st\u00e4ll fr\u00e5gor till dina kristdemokratiska f\u00f6retr\u00e4dare i Malm\u00f6 om EU-valet, politik i allm\u00e4nhet eller hur du engagerar dig i Kristdemokraterna Malm\u00f6. Kristdemokraterna g\u00e5r till val p\u00e5 Gr\u00e4nser och Frihet. L\u00e4s mer\" \/>\n<meta property=\"og:url\" content=\"https:\/\/wp.kristdemokraterna.se\/malmo\/?p=5141\" \/>\n<meta property=\"og:site_name\" content=\"Kristdemokraterna | Malm\u00f6\" \/>\n<meta property=\"article:published_time\" content=\"2024-05-20T12:37:10+00:00\" \/>\n<meta property=\"article:modified_time\" content=\"2024-05-28T08:34:35+00:00\" \/>\n<meta name=\"author\" content=\"robper\" \/>\n<meta name=\"twitter:card\" content=\"summary_large_image\" \/>\n<meta name=\"twitter:label1\" content=\"Skriven av\" \/>\n\t<meta name=\"twitter:data1\" content=\"robper\" \/>\n\t<meta name=\"twitter:label2\" content=\"Ber\u00e4knad l\u00e4stid\" \/>\n\t<meta name=\"twitter:data2\" content=\"2 minuter\" \/>\n<script type=\"application\/ld+json\" class=\"yoast-schema-graph\">{\"@context\":\"https:\\\/\\\/schema.org\",\"@graph\":[{\"@type\":\"Article\",\"@id\":\"https:\\\/\\\/wp.kristdemokraterna.se\\\/malmo\\\/?p=5141#article\",\"isPartOf\":{\"@id\":\"https:\\\/\\\/wp.kristdemokraterna.se\\\/malmo\\\/?p=5141\"},\"author\":{\"name\":\"robper\",\"@id\":\"https:\\\/\\\/wp.kristdemokraterna.se\\\/malmo\\\/#\\\/schema\\\/person\\\/5b0f248d5eddf25e838449feef26c82b\"},\"headline\":\"EU-VALET: St\u00e4ll dina fr\u00e5gor till oss p\u00e5 Gustav Adolfs torg!\",\"datePublished\":\"2024-05-20T12:37:10+00:00\",\"dateModified\":\"2024-05-28T08:34:35+00:00\",\"mainEntityOfPage\":{\"@id\":\"https:\\\/\\\/wp.kristdemokraterna.se\\\/malmo\\\/?p=5141\"},\"wordCount\":416,\"articleSection\":[\"Nyheter\"],\"inLanguage\":\"sv-SE\"},{\"@type\":\"WebPage\",\"@id\":\"https:\\\/\\\/wp.kristdemokraterna.se\\\/malmo\\\/?p=5141\",\"url\":\"https:\\\/\\\/wp.kristdemokraterna.se\\\/malmo\\\/?p=5141\",\"name\":\"EU-VALET: St\u00e4ll dina fr\u00e5gor till oss p\u00e5 Gustav Adolfs torg! - Kristdemokraterna | Malm\u00f6\",\"isPartOf\":{\"@id\":\"https:\\\/\\\/wp.kristdemokraterna.se\\\/malmo\\\/#website\"},\"datePublished\":\"2024-05-20T12:37:10+00:00\",\"dateModified\":\"2024-05-28T08:34:35+00:00\",\"author\":{\"@id\":\"https:\\\/\\\/wp.kristdemokraterna.se\\\/malmo\\\/#\\\/schema\\\/person\\\/5b0f248d5eddf25e838449feef26c82b\"},\"breadcrumb\":{\"@id\":\"https:\\\/\\\/wp.kristdemokraterna.se\\\/malmo\\\/?p=5141#breadcrumb\"},\"inLanguage\":\"sv-SE\",\"potentialAction\":[{\"@type\":\"ReadAction\",\"target\":[\"https:\\\/\\\/wp.kristdemokraterna.se\\\/malmo\\\/?p=5141\"]}]},{\"@type\":\"BreadcrumbList\",\"@id\":\"https:\\\/\\\/wp.kristdemokraterna.se\\\/malmo\\\/?p=5141#breadcrumb\",\"itemListElement\":[{\"@type\":\"ListItem\",\"position\":1,\"name\":\"Hem\",\"item\":\"https:\\\/\\\/wp.kristdemokraterna.se\\\/malmo\\\/\"},{\"@type\":\"ListItem\",\"position\":2,\"name\":\"EU-VALET: St\u00e4ll dina fr\u00e5gor till oss p\u00e5 Gustav Adolfs torg!\"}]},{\"@type\":\"WebSite\",\"@id\":\"https:\\\/\\\/wp.kristdemokraterna.se\\\/malmo\\\/#website\",\"url\":\"https:\\\/\\\/wp.kristdemokraterna.se\\\/malmo\\\/\",\"name\":\"Kristdemokraterna | Malm\u00f6\",\"description\":\"\",\"inLanguage\":\"sv-SE\"},{\"@type\":\"Person\",\"@id\":\"https:\\\/\\\/wp.kristdemokraterna.se\\\/malmo\\\/#\\\/schema\\\/person\\\/5b0f248d5eddf25e838449feef26c82b\",\"name\":\"robper\",\"image\":{\"@type\":\"ImageObject\",\"inLanguage\":\"sv-SE\",\"@id\":\"https:\\\/\\\/secure.gravatar.com\\\/avatar\\\/ff2c130ace97127f75caf5c644c210572f1f95026be9de57f0c3a12cd8eb4cfb?s=96&d=mm&r=g\",\"url\":\"https:\\\/\\\/secure.gravatar.com\\\/avatar\\\/ff2c130ace97127f75caf5c644c210572f1f95026be9de57f0c3a12cd8eb4cfb?s=96&d=mm&r=g\",\"contentUrl\":\"https:\\\/\\\/secure.gravatar.com\\\/avatar\\\/ff2c130ace97127f75caf5c644c210572f1f95026be9de57f0c3a12cd8eb4cfb?s=96&d=mm&r=g\",\"caption\":\"robper\"},\"url\":\"https:\\\/\\\/wp.kristdemokraterna.se\\\/malmo\\\/?author=1076\"}]}<\/script>\n<!-- \/ Yoast SEO plugin. -->","yoast_head_json":{"title":"EU-VALET: St\u00e4ll dina fr\u00e5gor till oss p\u00e5 Gustav Adolfs torg! - Kristdemokraterna | Malm\u00f6","robots":{"index":"index","follow":"follow","max-snippet":"max-snippet:-1","max-image-preview":"max-image-preview:large","max-video-preview":"max-video-preview:-1"},"canonical":"https:\/\/wp.kristdemokraterna.se\/malmo\/?p=5141","og_locale":"sv_SE","og_type":"article","og_title":"EU-VALET: St\u00e4ll dina fr\u00e5gor till oss p\u00e5 Gustav Adolfs torg! - Kristdemokraterna | Malm\u00f6","og_description":"EU-valet n\u00e4rmar sig och veckorna fram till valdagen, s\u00f6ndagen den 9 juni h\u00e5ller vi valstuga p\u00e5 Gustav Adolfs torg. V\u00e4lkommen att komma f\u00f6rbi och samtala eller st\u00e4ll fr\u00e5gor till dina kristdemokratiska f\u00f6retr\u00e4dare i Malm\u00f6 om EU-valet, politik i allm\u00e4nhet eller hur du engagerar dig i Kristdemokraterna Malm\u00f6. Kristdemokraterna g\u00e5r till val p\u00e5 Gr\u00e4nser och Frihet. L\u00e4s mer","og_url":"https:\/\/wp.kristdemokraterna.se\/malmo\/?p=5141","og_site_name":"Kristdemokraterna | Malm\u00f6","article_published_time":"2024-05-20T12:37:10+00:00","article_modified_time":"2024-05-28T08:34:35+00:00","author":"robper","twitter_card":"summary_large_image","twitter_misc":{"Skriven av":"robper","Ber\u00e4knad l\u00e4stid":"2 minuter"},"schema":{"@context":"https:\/\/schema.org","@graph":[{"@type":"Article","@id":"https:\/\/wp.kristdemokraterna.se\/malmo\/?p=5141#article","isPartOf":{"@id":"https:\/\/wp.kristdemokraterna.se\/malmo\/?p=5141"},"author":{"name":"robper","@id":"https:\/\/wp.kristdemokraterna.se\/malmo\/#\/schema\/person\/5b0f248d5eddf25e838449feef26c82b"},"headline":"EU-VALET: St\u00e4ll dina fr\u00e5gor till oss p\u00e5 Gustav Adolfs torg!","datePublished":"2024-05-20T12:37:10+00:00","dateModified":"2024-05-28T08:34:35+00:00","mainEntityOfPage":{"@id":"https:\/\/wp.kristdemokraterna.se\/malmo\/?p=5141"},"wordCount":416,"articleSection":["Nyheter"],"inLanguage":"sv-SE"},{"@type":"WebPage","@id":"https:\/\/wp.kristdemokraterna.se\/malmo\/?p=5141","url":"https:\/\/wp.kristdemokraterna.se\/malmo\/?p=5141","name":"EU-VALET: St\u00e4ll dina fr\u00e5gor till oss p\u00e5 Gustav Adolfs torg! - Kristdemokraterna | Malm\u00f6","isPartOf":{"@id":"https:\/\/wp.kristdemokraterna.se\/malmo\/#website"},"datePublished":"2024-05-20T12:37:10+00:00","dateModified":"2024-05-28T08:34:35+00:00","author":{"@id":"https:\/\/wp.kristdemokraterna.se\/malmo\/#\/schema\/person\/5b0f248d5eddf25e838449feef26c82b"},"breadcrumb":{"@id":"https:\/\/wp.kristdemokraterna.se\/malmo\/?p=5141#breadcrumb"},"inLanguage":"sv-SE","potentialAction":[{"@type":"ReadAction","target":["https:\/\/wp.kristdemokraterna.se\/malmo\/?p=5141"]}]},{"@type":"BreadcrumbList","@id":"https:\/\/wp.kristdemokraterna.se\/malmo\/?p=5141#breadcrumb","itemListElement":[{"@type":"ListItem","position":1,"name":"Hem","item":"https:\/\/wp.kristdemokraterna.se\/malmo\/"},{"@type":"ListItem","position":2,"name":"EU-VALET: St\u00e4ll dina fr\u00e5gor till oss p\u00e5 Gustav Adolfs torg!"}]},{"@type":"WebSite","@id":"https:\/\/wp.kristdemokraterna.se\/malmo\/#website","url":"https:\/\/wp.kristdemokraterna.se\/malmo\/","name":"Kristdemokraterna | Malm\u00f6","description":"","inLanguage":"sv-SE"},{"@type":"Person","@id":"https:\/\/wp.kristdemokraterna.se\/malmo\/#\/schema\/person\/5b0f248d5eddf25e838449feef26c82b","name":"robper","image":{"@type":"ImageObject","inLanguage":"sv-SE","@id":"https:\/\/secure.gravatar.com\/avatar\/ff2c130ace97127f75caf5c644c210572f1f95026be9de57f0c3a12cd8eb4cfb?s=96&d=mm&r=g","url":"https:\/\/secure.gravatar.com\/avatar\/ff2c130ace97127f75caf5c644c210572f1f95026be9de57f0c3a12cd8eb4cfb?s=96&d=mm&r=g","contentUrl":"https:\/\/secure.gravatar.com\/avatar\/ff2c130ace97127f75caf5c644c210572f1f95026be9de57f0c3a12cd8eb4cfb?s=96&d=mm&r=g","caption":"robper"},"url":"https:\/\/wp.kristdemokraterna.se\/malmo\/?author=1076"}]}},"_links":{"self":[{"href":"https:\/\/wp.kristdemokraterna.se\/malmo\/index.php?rest_route=\/wp\/v2\/posts\/5141","targetHints":{"allow":["GET"]}}],"collection":[{"href":"https:\/\/wp.kristdemokraterna.se\/malmo\/index.php?rest_route=\/wp\/v2\/posts"}],"about":[{"href":"https:\/\/wp.kristdemokraterna.se\/malmo\/index.php?rest_route=\/wp\/v2\/types\/post"}],"author":[{"embeddable":true,"href":"https:\/\/wp.kristdemokraterna.se\/malmo\/index.php?rest_route=\/wp\/v2\/users\/1076"}],"replies":[{"embeddable":true,"href":"https:\/\/wp.kristdemokraterna.se\/malmo\/index.php?rest_route=%2Fwp%2Fv2%2Fcomments&post=5141"}],"version-history":[{"count":6,"href":"https:\/\/wp.kristdemokraterna.se\/malmo\/index.php?rest_route=\/wp\/v2\/posts\/5141\/revisions"}],"predecessor-version":[{"id":5149,"href":"https:\/\/wp.kristdemokraterna.se\/malmo\/index.php?rest_route=\/wp\/v2\/posts\/5141\/revisions\/5149"}],"wp:attachment":[{"href":"https:\/\/wp.kristdemokraterna.se\/malmo\/index.php?rest_route=%2Fwp%2Fv2%2Fmedia&parent=5141"}],"wp:term":[{"taxonomy":"category","embeddable":true,"href":"https:\/\/wp.kristdemokraterna.se\/malmo\/index.php?rest_route=%2Fwp%2Fv2%2Fcategories&post=5141"},{"taxonomy":"post_tag","embeddable":true,"href":"https:\/\/wp.kristdemokraterna.se\/malmo\/index.php?rest_route=%2Fwp%2Fv2%2Ftags&post=5141"}],"curies":[{"name":"wp","href":"https:\/\/api.w.org\/{rel}","templated":true}]}}