{"id":5318,"date":"2025-12-09T10:34:59","date_gmt":"2025-12-09T09:34:59","guid":{"rendered":"https:\/\/wp.kristdemokraterna.se\/malmo\/?p=5318"},"modified":"2025-12-11T10:36:51","modified_gmt":"2025-12-11T09:36:51","slug":"debatt-i-tidningen-ridsport-nar-de-stora-arenorna-far-miljarder-star-ridsportens-ungdomar-kvar-pa-gammalt-grus","status":"publish","type":"post","link":"https:\/\/wp.kristdemokraterna.se\/malmo\/?p=5318","title":{"rendered":"Debatt i tidningen Ridsport: N\u00e4r de stora arenorna f\u00e5r miljarder st\u00e5r ridsportens ungdomar kvar p\u00e5 gammalt grus"},"content":{"rendered":"<p><em><strong>Artikeln \u00e4r publicerad i tidningen Ridsport den 9 december 2025, <a href=\"https:\/\/www.tidningenridsport.se\/nar-de-stora-arenorna-far-miljarder-star-ridsportens-ungdomar-kvar-pa-gammalt-grus\/?fbclid=IwY2xjawOnbORleHRuA2FlbQIxMQBzcnRjBmFwcF9pZAEwAAEeNdXKxFhLkCIlzfXCVdSdCIaC43c9K9u2Mrd8UNYn-2xvY88ldiJSPK4Cby8_aem_LmSpJBg2RX6_MY6zPiHjjQ\">N\u00e4r de stora arenorna f\u00e5r miljarder st\u00e5r ridsportens ungdomar kvar p\u00e5 gammalt grus &#8211; Ridsport<\/a><\/strong><\/em><\/p>\n<p>Malm\u00f6 satsar nu \u00f6ver 1 miljard kronor p\u00e5 en ny friidrotts- och fotbollsarena samt en multisportbyggnad. Det \u00e4r stora projekt som visar att kommunen kan prioritera idrott n\u00e4r den vill. Samtidigt st\u00e5r Malm\u00f6 Ridklubb, liksom flera andra stora ridf\u00f6reningar i staden, med underlag i ridhusen som \u00e4r s\u00e5 slitna att de riskerar b\u00e5de s\u00e4kerhet, tr\u00e4ning och t\u00e4vlingsverksamhet.<\/p>\n<p>Det \u00e4r en absurd kontrast: miljarder till stora arenor, samtidigt som grundf\u00f6ruts\u00e4ttningarna saknas f\u00f6r n\u00e5gra av Malm\u00f6s mest betydelsefulla idrottsmilj\u00f6er f\u00f6r barn och unga. Enbart Malm\u00f6 Ridklubb har runt 800 aktiva medlemmar , och tillsammans med stadens \u00f6vriga ridf\u00f6reningar r\u00f6r det sig om \u00f6ver tusen medlemmar och f\u00f6r\u00e4ldrar engagerade i verksamheterna.<\/p>\n<p>F\u00f6r oss i lokalavdelingen KD Malm\u00f6 \u00e4r det sj\u00e4lvklart att idrott ska prioriteras, men den ska prioriteras r\u00e4ttvist. Ridsporten \u00e4r en av Sveriges st\u00f6rsta ungdomsidrotter och en av dem d\u00e4r allra flest flickor deltar. H\u00e4r finns ocks\u00e5 en stark parasportverksamhet, vilket g\u00f6r fr\u00e5gan \u00e4nnu viktigare ur ett inkluderings- och trygghetsperspektiv. Vi i lokalavdelingen KD Malm\u00f6 lyfte senast p\u00e5 rikstinget i Link\u00f6ping f\u00f6rra veckan en motion om att f\u00f6reningar som arbetar aktivt med integration och socialt ansvar ska f\u00e5 st\u00f6rre st\u00f6d. Den linjen st\u00e5r vi fast vid. Vi vet att idrotten bidrar till bredare gemenskaper, st\u00e4rkt social sammanh\u00e5llning och st\u00f6rre trygghet f\u00f6r unga. Det \u00e4r inte rimligt att en idrott som engagerar tusentals barn och f\u00f6r\u00e4ldrar i Malm\u00f6 fortsatt l\u00e4mnas med underm\u00e5liga tr\u00e4ningsmilj\u00f6er, s\u00e4rskilt n\u00e4r ridsporten b\u00e4r v\u00e4rden som kommunen sj\u00e4lv s\u00e4ger sig vilja st\u00e4rka: ansvar, trygghet, ledarskap, inkludering och flickors idrottande.<\/p>\n<p>Kristdemokraterna har nationellt visat att vi st\u00e5r upp f\u00f6r idrotten, bland annat genom fritidskortet som vi drivit fram och vill utveckla. Nu beh\u00f6vs samma ansvarstagande h\u00e4r i Malm\u00f6.<\/p>\n<p>Malm\u00f6 beh\u00f6ver ett politiskt ledarskap som ser hela idrottsr\u00f6relsen, inte bara de sporter som fyller l\u00e4ktare eller lockar stora sponsoravtal.<\/p>\n<p>Vi vill att Malm\u00f6 ska:<\/p>\n<p>\u2022 Avs\u00e4tta ett riktat investeringsbidrag f\u00f6r att s\u00e4kerst\u00e4lla moderna och trygga tr\u00e4ningsmilj\u00f6er f\u00f6r stadens ridf\u00f6reningar, inklusive nytt ridhusunderlag.<\/p>\n<p>\u2022 Prioritera ridsporten i linje med stadens j\u00e4mst\u00e4lldhetsm\u00e5l och KD:s nationella linje f\u00f6r barns idrottande.<\/p>\n<p>\u2022 Investera i de idrotter som skapar st\u00f6rst social skillnad, inte bara de som syns mest p\u00e5 arenorna.<\/p>\n<p>N\u00e4r kommunen har r\u00e5d med miljardarenor f\u00f6r fotboll och friidrott, d\u00e5 har den ocks\u00e5 r\u00e5d att ge barn och ungdomar inom ridsporten de moderna och s\u00e4kra milj\u00f6er de f\u00f6rtj\u00e4nar.<\/p>\n<p>Malm\u00f6 beh\u00f6ver ett parti som s\u00e4tter barnen f\u00f6rst p\u00e5 riktigt.<\/p>\n<p>Vi i KD har redan visat att vi g\u00f6r det och nu vill vi ocks\u00e5 f\u00e5 m\u00f6jlighet att g\u00f6ra det h\u00e4r i Malm\u00f6.<\/p>\n<p>Malm\u00f6 kan b\u00e4ttre!<\/p>\n<p><strong>Johanna Stj\u00e4rnqvist, Ordf\u00f6rande KDU Malm\u00f6 <\/strong><\/p>\n<p><strong>Patrick Sackner, Gruppledare KD Malm\u00f6<\/strong><\/p>\n","protected":false},"excerpt":{"rendered":"<p>Artikeln \u00e4r publicerad i tidningen Ridsport den 9 december 2025, N\u00e4r de stora arenorna f\u00e5r miljarder st\u00e5r ridsportens ungdomar kvar p\u00e5 gammalt grus &#8211; Ridsport Malm\u00f6 satsar nu \u00f6ver 1 miljard kronor p\u00e5 en ny friidrotts- och fotbollsarena samt en multisportbyggnad. Det \u00e4r stora projekt som visar att kommunen kan prioritera idrott n\u00e4r den vill. <a class=\"read-more-link\" href=\"https:\/\/wp.kristdemokraterna.se\/malmo\/?p=5318\">L\u00e4s mer<\/a><\/p>\n","protected":false},"author":1097,"featured_media":0,"comment_status":"closed","ping_status":"closed","sticky":false,"template":"","format":"standard","meta":{"_acf_changed":false,"footnotes":""},"categories":[481],"tags":[],"class_list":["post-5318","post","type-post","status-publish","format-standard","hentry","category-debattartiklar-och-insandare"],"acf":[],"yoast_head":"<!-- This site is optimized with the Yoast SEO plugin v27.4 - https:\/\/yoast.com\/product\/yoast-seo-wordpress\/ -->\n<title>Debatt i tidningen Ridsport: N\u00e4r de stora arenorna f\u00e5r miljarder st\u00e5r ridsportens ungdomar kvar p\u00e5 gammalt grus - Kristdemokraterna | Malm\u00f6<\/title>\n<meta name=\"robots\" content=\"index, follow, max-snippet:-1, max-image-preview:large, max-video-preview:-1\" \/>\n<link rel=\"canonical\" href=\"https:\/\/wp.kristdemokraterna.se\/malmo\/?p=5318\" \/>\n<meta property=\"og:locale\" content=\"sv_SE\" \/>\n<meta property=\"og:type\" content=\"article\" \/>\n<meta property=\"og:title\" content=\"Debatt i tidningen Ridsport: N\u00e4r de stora arenorna f\u00e5r miljarder st\u00e5r ridsportens ungdomar kvar p\u00e5 gammalt grus - Kristdemokraterna | Malm\u00f6\" \/>\n<meta property=\"og:description\" content=\"Artikeln \u00e4r publicerad i tidningen Ridsport den 9 december 2025, N\u00e4r de stora arenorna f\u00e5r miljarder st\u00e5r ridsportens ungdomar kvar p\u00e5 gammalt grus &#8211; Ridsport Malm\u00f6 satsar nu \u00f6ver 1 miljard kronor p\u00e5 en ny friidrotts- och fotbollsarena samt en multisportbyggnad. Det \u00e4r stora projekt som visar att kommunen kan prioritera idrott n\u00e4r den vill. L\u00e4s mer\" \/>\n<meta property=\"og:url\" content=\"https:\/\/wp.kristdemokraterna.se\/malmo\/?p=5318\" \/>\n<meta property=\"og:site_name\" content=\"Kristdemokraterna | Malm\u00f6\" \/>\n<meta property=\"article:published_time\" content=\"2025-12-09T09:34:59+00:00\" \/>\n<meta property=\"article:modified_time\" content=\"2025-12-11T09:36:51+00:00\" \/>\n<meta name=\"author\" content=\"henrireimer\" \/>\n<meta name=\"twitter:card\" content=\"summary_large_image\" \/>\n<meta name=\"twitter:label1\" content=\"Skriven av\" \/>\n\t<meta name=\"twitter:data1\" content=\"henrireimer\" \/>\n\t<meta name=\"twitter:label2\" content=\"Ber\u00e4knad l\u00e4stid\" \/>\n\t<meta name=\"twitter:data2\" content=\"3 minuter\" \/>\n<script type=\"application\/ld+json\" class=\"yoast-schema-graph\">{\"@context\":\"https:\\\/\\\/schema.org\",\"@graph\":[{\"@type\":\"Article\",\"@id\":\"https:\\\/\\\/wp.kristdemokraterna.se\\\/malmo\\\/?p=5318#article\",\"isPartOf\":{\"@id\":\"https:\\\/\\\/wp.kristdemokraterna.se\\\/malmo\\\/?p=5318\"},\"author\":{\"name\":\"henrireimer\",\"@id\":\"https:\\\/\\\/wp.kristdemokraterna.se\\\/malmo\\\/#\\\/schema\\\/person\\\/f95998eccc67828b88c9b0be5928876b\"},\"headline\":\"Debatt i tidningen Ridsport: N\u00e4r de stora arenorna f\u00e5r miljarder st\u00e5r ridsportens ungdomar kvar p\u00e5 gammalt grus\",\"datePublished\":\"2025-12-09T09:34:59+00:00\",\"dateModified\":\"2025-12-11T09:36:51+00:00\",\"mainEntityOfPage\":{\"@id\":\"https:\\\/\\\/wp.kristdemokraterna.se\\\/malmo\\\/?p=5318\"},\"wordCount\":556,\"articleSection\":[\"Debatt\"],\"inLanguage\":\"sv-SE\"},{\"@type\":\"WebPage\",\"@id\":\"https:\\\/\\\/wp.kristdemokraterna.se\\\/malmo\\\/?p=5318\",\"url\":\"https:\\\/\\\/wp.kristdemokraterna.se\\\/malmo\\\/?p=5318\",\"name\":\"Debatt i tidningen Ridsport: N\u00e4r de stora arenorna f\u00e5r miljarder st\u00e5r ridsportens ungdomar kvar p\u00e5 gammalt grus - Kristdemokraterna | Malm\u00f6\",\"isPartOf\":{\"@id\":\"https:\\\/\\\/wp.kristdemokraterna.se\\\/malmo\\\/#website\"},\"datePublished\":\"2025-12-09T09:34:59+00:00\",\"dateModified\":\"2025-12-11T09:36:51+00:00\",\"author\":{\"@id\":\"https:\\\/\\\/wp.kristdemokraterna.se\\\/malmo\\\/#\\\/schema\\\/person\\\/f95998eccc67828b88c9b0be5928876b\"},\"breadcrumb\":{\"@id\":\"https:\\\/\\\/wp.kristdemokraterna.se\\\/malmo\\\/?p=5318#breadcrumb\"},\"inLanguage\":\"sv-SE\",\"potentialAction\":[{\"@type\":\"ReadAction\",\"target\":[\"https:\\\/\\\/wp.kristdemokraterna.se\\\/malmo\\\/?p=5318\"]}]},{\"@type\":\"BreadcrumbList\",\"@id\":\"https:\\\/\\\/wp.kristdemokraterna.se\\\/malmo\\\/?p=5318#breadcrumb\",\"itemListElement\":[{\"@type\":\"ListItem\",\"position\":1,\"name\":\"Hem\",\"item\":\"https:\\\/\\\/wp.kristdemokraterna.se\\\/malmo\\\/\"},{\"@type\":\"ListItem\",\"position\":2,\"name\":\"Debatt i tidningen Ridsport: N\u00e4r de stora arenorna f\u00e5r miljarder st\u00e5r ridsportens ungdomar kvar p\u00e5 gammalt grus\"}]},{\"@type\":\"WebSite\",\"@id\":\"https:\\\/\\\/wp.kristdemokraterna.se\\\/malmo\\\/#website\",\"url\":\"https:\\\/\\\/wp.kristdemokraterna.se\\\/malmo\\\/\",\"name\":\"Kristdemokraterna | Malm\u00f6\",\"description\":\"\",\"inLanguage\":\"sv-SE\"},{\"@type\":\"Person\",\"@id\":\"https:\\\/\\\/wp.kristdemokraterna.se\\\/malmo\\\/#\\\/schema\\\/person\\\/f95998eccc67828b88c9b0be5928876b\",\"name\":\"henrireimer\",\"image\":{\"@type\":\"ImageObject\",\"inLanguage\":\"sv-SE\",\"@id\":\"https:\\\/\\\/secure.gravatar.com\\\/avatar\\\/52cbd6b6adb8da4dc57270c52797cd284bc1b421415c7747f2edf4ca3898e475?s=96&d=mm&r=g\",\"url\":\"https:\\\/\\\/secure.gravatar.com\\\/avatar\\\/52cbd6b6adb8da4dc57270c52797cd284bc1b421415c7747f2edf4ca3898e475?s=96&d=mm&r=g\",\"contentUrl\":\"https:\\\/\\\/secure.gravatar.com\\\/avatar\\\/52cbd6b6adb8da4dc57270c52797cd284bc1b421415c7747f2edf4ca3898e475?s=96&d=mm&r=g\",\"caption\":\"henrireimer\"},\"url\":\"https:\\\/\\\/wp.kristdemokraterna.se\\\/malmo\\\/?author=1097\"}]}<\/script>\n<!-- \/ Yoast SEO plugin. -->","yoast_head_json":{"title":"Debatt i tidningen Ridsport: N\u00e4r de stora arenorna f\u00e5r miljarder st\u00e5r ridsportens ungdomar kvar p\u00e5 gammalt grus - Kristdemokraterna | Malm\u00f6","robots":{"index":"index","follow":"follow","max-snippet":"max-snippet:-1","max-image-preview":"max-image-preview:large","max-video-preview":"max-video-preview:-1"},"canonical":"https:\/\/wp.kristdemokraterna.se\/malmo\/?p=5318","og_locale":"sv_SE","og_type":"article","og_title":"Debatt i tidningen Ridsport: N\u00e4r de stora arenorna f\u00e5r miljarder st\u00e5r ridsportens ungdomar kvar p\u00e5 gammalt grus - Kristdemokraterna | Malm\u00f6","og_description":"Artikeln \u00e4r publicerad i tidningen Ridsport den 9 december 2025, N\u00e4r de stora arenorna f\u00e5r miljarder st\u00e5r ridsportens ungdomar kvar p\u00e5 gammalt grus &#8211; Ridsport Malm\u00f6 satsar nu \u00f6ver 1 miljard kronor p\u00e5 en ny friidrotts- och fotbollsarena samt en multisportbyggnad. Det \u00e4r stora projekt som visar att kommunen kan prioritera idrott n\u00e4r den vill. L\u00e4s mer","og_url":"https:\/\/wp.kristdemokraterna.se\/malmo\/?p=5318","og_site_name":"Kristdemokraterna | Malm\u00f6","article_published_time":"2025-12-09T09:34:59+00:00","article_modified_time":"2025-12-11T09:36:51+00:00","author":"henrireimer","twitter_card":"summary_large_image","twitter_misc":{"Skriven av":"henrireimer","Ber\u00e4knad l\u00e4stid":"3 minuter"},"schema":{"@context":"https:\/\/schema.org","@graph":[{"@type":"Article","@id":"https:\/\/wp.kristdemokraterna.se\/malmo\/?p=5318#article","isPartOf":{"@id":"https:\/\/wp.kristdemokraterna.se\/malmo\/?p=5318"},"author":{"name":"henrireimer","@id":"https:\/\/wp.kristdemokraterna.se\/malmo\/#\/schema\/person\/f95998eccc67828b88c9b0be5928876b"},"headline":"Debatt i tidningen Ridsport: N\u00e4r de stora arenorna f\u00e5r miljarder st\u00e5r ridsportens ungdomar kvar p\u00e5 gammalt grus","datePublished":"2025-12-09T09:34:59+00:00","dateModified":"2025-12-11T09:36:51+00:00","mainEntityOfPage":{"@id":"https:\/\/wp.kristdemokraterna.se\/malmo\/?p=5318"},"wordCount":556,"articleSection":["Debatt"],"inLanguage":"sv-SE"},{"@type":"WebPage","@id":"https:\/\/wp.kristdemokraterna.se\/malmo\/?p=5318","url":"https:\/\/wp.kristdemokraterna.se\/malmo\/?p=5318","name":"Debatt i tidningen Ridsport: N\u00e4r de stora arenorna f\u00e5r miljarder st\u00e5r ridsportens ungdomar kvar p\u00e5 gammalt grus - Kristdemokraterna | Malm\u00f6","isPartOf":{"@id":"https:\/\/wp.kristdemokraterna.se\/malmo\/#website"},"datePublished":"2025-12-09T09:34:59+00:00","dateModified":"2025-12-11T09:36:51+00:00","author":{"@id":"https:\/\/wp.kristdemokraterna.se\/malmo\/#\/schema\/person\/f95998eccc67828b88c9b0be5928876b"},"breadcrumb":{"@id":"https:\/\/wp.kristdemokraterna.se\/malmo\/?p=5318#breadcrumb"},"inLanguage":"sv-SE","potentialAction":[{"@type":"ReadAction","target":["https:\/\/wp.kristdemokraterna.se\/malmo\/?p=5318"]}]},{"@type":"BreadcrumbList","@id":"https:\/\/wp.kristdemokraterna.se\/malmo\/?p=5318#breadcrumb","itemListElement":[{"@type":"ListItem","position":1,"name":"Hem","item":"https:\/\/wp.kristdemokraterna.se\/malmo\/"},{"@type":"ListItem","position":2,"name":"Debatt i tidningen Ridsport: N\u00e4r de stora arenorna f\u00e5r miljarder st\u00e5r ridsportens ungdomar kvar p\u00e5 gammalt grus"}]},{"@type":"WebSite","@id":"https:\/\/wp.kristdemokraterna.se\/malmo\/#website","url":"https:\/\/wp.kristdemokraterna.se\/malmo\/","name":"Kristdemokraterna | Malm\u00f6","description":"","inLanguage":"sv-SE"},{"@type":"Person","@id":"https:\/\/wp.kristdemokraterna.se\/malmo\/#\/schema\/person\/f95998eccc67828b88c9b0be5928876b","name":"henrireimer","image":{"@type":"ImageObject","inLanguage":"sv-SE","@id":"https:\/\/secure.gravatar.com\/avatar\/52cbd6b6adb8da4dc57270c52797cd284bc1b421415c7747f2edf4ca3898e475?s=96&d=mm&r=g","url":"https:\/\/secure.gravatar.com\/avatar\/52cbd6b6adb8da4dc57270c52797cd284bc1b421415c7747f2edf4ca3898e475?s=96&d=mm&r=g","contentUrl":"https:\/\/secure.gravatar.com\/avatar\/52cbd6b6adb8da4dc57270c52797cd284bc1b421415c7747f2edf4ca3898e475?s=96&d=mm&r=g","caption":"henrireimer"},"url":"https:\/\/wp.kristdemokraterna.se\/malmo\/?author=1097"}]}},"_links":{"self":[{"href":"https:\/\/wp.kristdemokraterna.se\/malmo\/index.php?rest_route=\/wp\/v2\/posts\/5318","targetHints":{"allow":["GET"]}}],"collection":[{"href":"https:\/\/wp.kristdemokraterna.se\/malmo\/index.php?rest_route=\/wp\/v2\/posts"}],"about":[{"href":"https:\/\/wp.kristdemokraterna.se\/malmo\/index.php?rest_route=\/wp\/v2\/types\/post"}],"author":[{"embeddable":true,"href":"https:\/\/wp.kristdemokraterna.se\/malmo\/index.php?rest_route=\/wp\/v2\/users\/1097"}],"replies":[{"embeddable":true,"href":"https:\/\/wp.kristdemokraterna.se\/malmo\/index.php?rest_route=%2Fwp%2Fv2%2Fcomments&post=5318"}],"version-history":[{"count":4,"href":"https:\/\/wp.kristdemokraterna.se\/malmo\/index.php?rest_route=\/wp\/v2\/posts\/5318\/revisions"}],"predecessor-version":[{"id":5323,"href":"https:\/\/wp.kristdemokraterna.se\/malmo\/index.php?rest_route=\/wp\/v2\/posts\/5318\/revisions\/5323"}],"wp:attachment":[{"href":"https:\/\/wp.kristdemokraterna.se\/malmo\/index.php?rest_route=%2Fwp%2Fv2%2Fmedia&parent=5318"}],"wp:term":[{"taxonomy":"category","embeddable":true,"href":"https:\/\/wp.kristdemokraterna.se\/malmo\/index.php?rest_route=%2Fwp%2Fv2%2Fcategories&post=5318"},{"taxonomy":"post_tag","embeddable":true,"href":"https:\/\/wp.kristdemokraterna.se\/malmo\/index.php?rest_route=%2Fwp%2Fv2%2Ftags&post=5318"}],"curies":[{"name":"wp","href":"https:\/\/api.w.org\/{rel}","templated":true}]}}