{"id":109,"date":"2013-02-12T09:47:51","date_gmt":"2013-02-12T08:47:51","guid":{"rendered":"http:\/\/wp.kristdemokraterna.se\/markaryd\/?p=109"},"modified":"2014-04-18T16:48:29","modified_gmt":"2014-04-18T14:48:29","slug":"beslut-om-upphandling-av-renovering-modernisering-stromsnasbadet","status":"publish","type":"post","link":"https:\/\/wp.kristdemokraterna.se\/markaryd\/beslut-om-upphandling-av-renovering-modernisering-stromsnasbadet\/","title":{"rendered":"Beslut om upphandling av renovering\/ modernisering Str\u00f6msn\u00e4sbadet"},"content":{"rendered":"<p>Kommunstyrelsens arbetsutskott har beslutat att godk\u00e4nna f\u00f6rfr\u00e5gningsunderlaget f\u00f6r en renovering\/modernisering av Str\u00f6msn\u00e4sbadet. <\/p>\n<p>Under fjol\u00e5ret genomf\u00f6rdes en del tekniska installationer som f\u00f6rberedande arbeten och n\u00e5gra samr\u00e5d genomf\u00f6rdes med olika brukare f\u00f6r att f\u00e5 in synpunkter inf\u00f6r den slutliga projekteringen.<\/p>\n<p>Under h\u00f6sten och vintern har kommunen tagit fram handlingar f\u00f6r hela projektet innefattande konstruktion, el, mark och VVS. Entreprenadformen \u00e4r en totalentreprenad.<\/p>\n<p>Upphandlingen omfattar rivning av befintlig entr\u00e9byggnad samt uppf\u00f6rande av en ny byggnad p\u00e5 totalentreprenad, markarbeten med planteringar och en ny, asfalterad parkering, ny ytterbelysning, nya grindar och inh\u00e4gnader och ytor med nya plattor. I den nya byggnaden ing\u00e5r bl a entr\u00e9, kiosk, omkl\u00e4dningsrum med bastu och en f\u00f6rr\u00e5dsdel.<\/p>\n<p>De b\u00e5da stora bass\u00e4ngerna kommer att m\u00e5las om och runt bass\u00e4ngerna kommer plattl\u00e4ggning att ske med 50 mm gummiplattor till en medelutstr\u00e4ckning om 3 m fr\u00e5n bass\u00e4ngkanten.<\/p>\n<p>Ut\u00f6ver detta planerar kommunen att separat upphandla vattenrutschkanor samt en minigolfbana. Befintliga vattenrutschbanor h\u00e5ller inte g\u00e4llande standard, varf\u00f6r nya och moderna vattenrutschbanor kommer att handlas upp.<\/p>\n<p>Anbuden ska vara best\u00e4llaren tillhanda senast 2013-03-01. Det mest ekonomiskt f\u00f6rdelaktiga anbudet kommer att antas med h\u00e4nsyn till pris (90 %) samt kvalitet, erfarenhet och kompetens (10 %). <\/p>\n<p>Arbetet bed\u00f6ms kunna p\u00e5b\u00f6rjas i slutet av mars 2013 och skall vara f\u00e4rdigst\u00e4llda och tillg\u00e4ngliga f\u00f6r besiktning den 31 maj 2013.<\/p>\n<p>Om f\u00f6ruts\u00e4ttningarna i f\u00f6rfr\u00e5gningsunderlaget kan uppfyllas skulle en v\u00e4lbeh\u00f6vlig och ganska omfattande renovering\/modernisering av Str\u00f6msn\u00e4sbadet st\u00e5 klar till sommars\u00e4songen 2013.<\/p>\n","protected":false},"excerpt":{"rendered":"<p>Kommunstyrelsens arbetsutskott har beslutat att godk\u00e4nna f\u00f6rfr\u00e5gningsunderlaget f\u00f6r en renovering\/modernisering av Str\u00f6msn\u00e4sbadet. Under fjol\u00e5ret genomf\u00f6rdes en del tekniska installationer som f\u00f6rberedande arbeten och n\u00e5gra samr\u00e5d genomf\u00f6rdes med olika brukare f\u00f6r att f\u00e5 in synpunkter inf\u00f6r den slutliga projekteringen. Under h\u00f6sten och vintern har kommunen tagit fram handlingar f\u00f6r hela projektet innefattande konstruktion, el, mark och <a class=\"read-more-link\" href=\"https:\/\/wp.kristdemokraterna.se\/markaryd\/beslut-om-upphandling-av-renovering-modernisering-stromsnasbadet\/\">Read More<\/a><\/p>\n","protected":false},"author":474,"featured_media":0,"comment_status":"closed","ping_status":"closed","sticky":false,"template":"","format":"standard","meta":{"_acf_changed":false,"footnotes":""},"categories":[3],"tags":[],"class_list":["post-109","post","type-post","status-publish","format-standard","hentry","category-nyheter"],"acf":[],"yoast_head":"<!-- This site is optimized with the Yoast SEO plugin v27.4 - https:\/\/yoast.com\/product\/yoast-seo-wordpress\/ -->\n<title>Beslut om upphandling av renovering\/ modernisering Str\u00f6msn\u00e4sbadet - Markaryd<\/title>\n<meta name=\"robots\" content=\"index, follow, max-snippet:-1, max-image-preview:large, max-video-preview:-1\" \/>\n<link rel=\"canonical\" href=\"https:\/\/wp.kristdemokraterna.se\/markaryd\/beslut-om-upphandling-av-renovering-modernisering-stromsnasbadet\/\" \/>\n<meta property=\"og:locale\" content=\"sv_SE\" \/>\n<meta property=\"og:type\" content=\"article\" \/>\n<meta property=\"og:title\" content=\"Beslut om upphandling av renovering\/ modernisering Str\u00f6msn\u00e4sbadet - Markaryd\" \/>\n<meta property=\"og:description\" content=\"Kommunstyrelsens arbetsutskott har beslutat att godk\u00e4nna f\u00f6rfr\u00e5gningsunderlaget f\u00f6r en renovering\/modernisering av Str\u00f6msn\u00e4sbadet. Under fjol\u00e5ret genomf\u00f6rdes en del tekniska installationer som f\u00f6rberedande arbeten och n\u00e5gra samr\u00e5d genomf\u00f6rdes med olika brukare f\u00f6r att f\u00e5 in synpunkter inf\u00f6r den slutliga projekteringen. Under h\u00f6sten och vintern har kommunen tagit fram handlingar f\u00f6r hela projektet innefattande konstruktion, el, mark och Read More\" \/>\n<meta property=\"og:url\" content=\"https:\/\/wp.kristdemokraterna.se\/markaryd\/beslut-om-upphandling-av-renovering-modernisering-stromsnasbadet\/\" \/>\n<meta property=\"og:site_name\" content=\"Markaryd\" \/>\n<meta property=\"article:published_time\" content=\"2013-02-12T08:47:51+00:00\" \/>\n<meta property=\"article:modified_time\" content=\"2014-04-18T14:48:29+00:00\" \/>\n<meta name=\"author\" content=\"markaryd\" \/>\n<meta name=\"twitter:card\" content=\"summary_large_image\" \/>\n<meta name=\"twitter:label1\" content=\"Skriven av\" \/>\n\t<meta name=\"twitter:data1\" content=\"markaryd\" \/>\n\t<meta name=\"twitter:label2\" content=\"Ber\u00e4knad l\u00e4stid\" \/>\n\t<meta name=\"twitter:data2\" content=\"1 minut\" \/>\n<script type=\"application\/ld+json\" class=\"yoast-schema-graph\">{\"@context\":\"https:\\\/\\\/schema.org\",\"@graph\":[{\"@type\":\"Article\",\"@id\":\"https:\\\/\\\/wp.kristdemokraterna.se\\\/markaryd\\\/beslut-om-upphandling-av-renovering-modernisering-stromsnasbadet\\\/#article\",\"isPartOf\":{\"@id\":\"https:\\\/\\\/wp.kristdemokraterna.se\\\/markaryd\\\/beslut-om-upphandling-av-renovering-modernisering-stromsnasbadet\\\/\"},\"author\":{\"name\":\"markaryd\",\"@id\":\"https:\\\/\\\/wp.kristdemokraterna.se\\\/markaryd\\\/#\\\/schema\\\/person\\\/20f6dab07249083ef0edb78a8d691118\"},\"headline\":\"Beslut om upphandling av renovering\\\/ modernisering Str\u00f6msn\u00e4sbadet\",\"datePublished\":\"2013-02-12T08:47:51+00:00\",\"dateModified\":\"2014-04-18T14:48:29+00:00\",\"mainEntityOfPage\":{\"@id\":\"https:\\\/\\\/wp.kristdemokraterna.se\\\/markaryd\\\/beslut-om-upphandling-av-renovering-modernisering-stromsnasbadet\\\/\"},\"wordCount\":286,\"articleSection\":[\"Nyheter\"],\"inLanguage\":\"sv-SE\"},{\"@type\":\"WebPage\",\"@id\":\"https:\\\/\\\/wp.kristdemokraterna.se\\\/markaryd\\\/beslut-om-upphandling-av-renovering-modernisering-stromsnasbadet\\\/\",\"url\":\"https:\\\/\\\/wp.kristdemokraterna.se\\\/markaryd\\\/beslut-om-upphandling-av-renovering-modernisering-stromsnasbadet\\\/\",\"name\":\"Beslut om upphandling av renovering\\\/ modernisering Str\u00f6msn\u00e4sbadet - Markaryd\",\"isPartOf\":{\"@id\":\"https:\\\/\\\/wp.kristdemokraterna.se\\\/markaryd\\\/#website\"},\"datePublished\":\"2013-02-12T08:47:51+00:00\",\"dateModified\":\"2014-04-18T14:48:29+00:00\",\"author\":{\"@id\":\"https:\\\/\\\/wp.kristdemokraterna.se\\\/markaryd\\\/#\\\/schema\\\/person\\\/20f6dab07249083ef0edb78a8d691118\"},\"breadcrumb\":{\"@id\":\"https:\\\/\\\/wp.kristdemokraterna.se\\\/markaryd\\\/beslut-om-upphandling-av-renovering-modernisering-stromsnasbadet\\\/#breadcrumb\"},\"inLanguage\":\"sv-SE\",\"potentialAction\":[{\"@type\":\"ReadAction\",\"target\":[\"https:\\\/\\\/wp.kristdemokraterna.se\\\/markaryd\\\/beslut-om-upphandling-av-renovering-modernisering-stromsnasbadet\\\/\"]}]},{\"@type\":\"BreadcrumbList\",\"@id\":\"https:\\\/\\\/wp.kristdemokraterna.se\\\/markaryd\\\/beslut-om-upphandling-av-renovering-modernisering-stromsnasbadet\\\/#breadcrumb\",\"itemListElement\":[{\"@type\":\"ListItem\",\"position\":1,\"name\":\"Hem\",\"item\":\"https:\\\/\\\/wp.kristdemokraterna.se\\\/markaryd\\\/\"},{\"@type\":\"ListItem\",\"position\":2,\"name\":\"Beslut om upphandling av renovering\\\/ modernisering Str\u00f6msn\u00e4sbadet\"}]},{\"@type\":\"WebSite\",\"@id\":\"https:\\\/\\\/wp.kristdemokraterna.se\\\/markaryd\\\/#website\",\"url\":\"https:\\\/\\\/wp.kristdemokraterna.se\\\/markaryd\\\/\",\"name\":\"Markaryd\",\"description\":\"En till Kristdemokraterna webbplats\",\"inLanguage\":\"sv-SE\"},{\"@type\":\"Person\",\"@id\":\"https:\\\/\\\/wp.kristdemokraterna.se\\\/markaryd\\\/#\\\/schema\\\/person\\\/20f6dab07249083ef0edb78a8d691118\",\"name\":\"markaryd\",\"image\":{\"@type\":\"ImageObject\",\"inLanguage\":\"sv-SE\",\"@id\":\"https:\\\/\\\/secure.gravatar.com\\\/avatar\\\/ce5f8ef50c9f87e03a57d5a1a3f910e145199216f82fa8b5dea22840de7efc0e?s=96&r=g\",\"url\":\"https:\\\/\\\/secure.gravatar.com\\\/avatar\\\/ce5f8ef50c9f87e03a57d5a1a3f910e145199216f82fa8b5dea22840de7efc0e?s=96&r=g\",\"contentUrl\":\"https:\\\/\\\/secure.gravatar.com\\\/avatar\\\/ce5f8ef50c9f87e03a57d5a1a3f910e145199216f82fa8b5dea22840de7efc0e?s=96&r=g\",\"caption\":\"markaryd\"},\"url\":\"https:\\\/\\\/wp.kristdemokraterna.se\\\/markaryd\\\/author\\\/markaryd\\\/\"}]}<\/script>\n<!-- \/ Yoast SEO plugin. -->","yoast_head_json":{"title":"Beslut om upphandling av renovering\/ modernisering Str\u00f6msn\u00e4sbadet - Markaryd","robots":{"index":"index","follow":"follow","max-snippet":"max-snippet:-1","max-image-preview":"max-image-preview:large","max-video-preview":"max-video-preview:-1"},"canonical":"https:\/\/wp.kristdemokraterna.se\/markaryd\/beslut-om-upphandling-av-renovering-modernisering-stromsnasbadet\/","og_locale":"sv_SE","og_type":"article","og_title":"Beslut om upphandling av renovering\/ modernisering Str\u00f6msn\u00e4sbadet - Markaryd","og_description":"Kommunstyrelsens arbetsutskott har beslutat att godk\u00e4nna f\u00f6rfr\u00e5gningsunderlaget f\u00f6r en renovering\/modernisering av Str\u00f6msn\u00e4sbadet. Under fjol\u00e5ret genomf\u00f6rdes en del tekniska installationer som f\u00f6rberedande arbeten och n\u00e5gra samr\u00e5d genomf\u00f6rdes med olika brukare f\u00f6r att f\u00e5 in synpunkter inf\u00f6r den slutliga projekteringen. Under h\u00f6sten och vintern har kommunen tagit fram handlingar f\u00f6r hela projektet innefattande konstruktion, el, mark och Read More","og_url":"https:\/\/wp.kristdemokraterna.se\/markaryd\/beslut-om-upphandling-av-renovering-modernisering-stromsnasbadet\/","og_site_name":"Markaryd","article_published_time":"2013-02-12T08:47:51+00:00","article_modified_time":"2014-04-18T14:48:29+00:00","author":"markaryd","twitter_card":"summary_large_image","twitter_misc":{"Skriven av":"markaryd","Ber\u00e4knad l\u00e4stid":"1 minut"},"schema":{"@context":"https:\/\/schema.org","@graph":[{"@type":"Article","@id":"https:\/\/wp.kristdemokraterna.se\/markaryd\/beslut-om-upphandling-av-renovering-modernisering-stromsnasbadet\/#article","isPartOf":{"@id":"https:\/\/wp.kristdemokraterna.se\/markaryd\/beslut-om-upphandling-av-renovering-modernisering-stromsnasbadet\/"},"author":{"name":"markaryd","@id":"https:\/\/wp.kristdemokraterna.se\/markaryd\/#\/schema\/person\/20f6dab07249083ef0edb78a8d691118"},"headline":"Beslut om upphandling av renovering\/ modernisering Str\u00f6msn\u00e4sbadet","datePublished":"2013-02-12T08:47:51+00:00","dateModified":"2014-04-18T14:48:29+00:00","mainEntityOfPage":{"@id":"https:\/\/wp.kristdemokraterna.se\/markaryd\/beslut-om-upphandling-av-renovering-modernisering-stromsnasbadet\/"},"wordCount":286,"articleSection":["Nyheter"],"inLanguage":"sv-SE"},{"@type":"WebPage","@id":"https:\/\/wp.kristdemokraterna.se\/markaryd\/beslut-om-upphandling-av-renovering-modernisering-stromsnasbadet\/","url":"https:\/\/wp.kristdemokraterna.se\/markaryd\/beslut-om-upphandling-av-renovering-modernisering-stromsnasbadet\/","name":"Beslut om upphandling av renovering\/ modernisering Str\u00f6msn\u00e4sbadet - Markaryd","isPartOf":{"@id":"https:\/\/wp.kristdemokraterna.se\/markaryd\/#website"},"datePublished":"2013-02-12T08:47:51+00:00","dateModified":"2014-04-18T14:48:29+00:00","author":{"@id":"https:\/\/wp.kristdemokraterna.se\/markaryd\/#\/schema\/person\/20f6dab07249083ef0edb78a8d691118"},"breadcrumb":{"@id":"https:\/\/wp.kristdemokraterna.se\/markaryd\/beslut-om-upphandling-av-renovering-modernisering-stromsnasbadet\/#breadcrumb"},"inLanguage":"sv-SE","potentialAction":[{"@type":"ReadAction","target":["https:\/\/wp.kristdemokraterna.se\/markaryd\/beslut-om-upphandling-av-renovering-modernisering-stromsnasbadet\/"]}]},{"@type":"BreadcrumbList","@id":"https:\/\/wp.kristdemokraterna.se\/markaryd\/beslut-om-upphandling-av-renovering-modernisering-stromsnasbadet\/#breadcrumb","itemListElement":[{"@type":"ListItem","position":1,"name":"Hem","item":"https:\/\/wp.kristdemokraterna.se\/markaryd\/"},{"@type":"ListItem","position":2,"name":"Beslut om upphandling av renovering\/ modernisering Str\u00f6msn\u00e4sbadet"}]},{"@type":"WebSite","@id":"https:\/\/wp.kristdemokraterna.se\/markaryd\/#website","url":"https:\/\/wp.kristdemokraterna.se\/markaryd\/","name":"Markaryd","description":"En till Kristdemokraterna webbplats","inLanguage":"sv-SE"},{"@type":"Person","@id":"https:\/\/wp.kristdemokraterna.se\/markaryd\/#\/schema\/person\/20f6dab07249083ef0edb78a8d691118","name":"markaryd","image":{"@type":"ImageObject","inLanguage":"sv-SE","@id":"https:\/\/secure.gravatar.com\/avatar\/ce5f8ef50c9f87e03a57d5a1a3f910e145199216f82fa8b5dea22840de7efc0e?s=96&r=g","url":"https:\/\/secure.gravatar.com\/avatar\/ce5f8ef50c9f87e03a57d5a1a3f910e145199216f82fa8b5dea22840de7efc0e?s=96&r=g","contentUrl":"https:\/\/secure.gravatar.com\/avatar\/ce5f8ef50c9f87e03a57d5a1a3f910e145199216f82fa8b5dea22840de7efc0e?s=96&r=g","caption":"markaryd"},"url":"https:\/\/wp.kristdemokraterna.se\/markaryd\/author\/markaryd\/"}]}},"_links":{"self":[{"href":"https:\/\/wp.kristdemokraterna.se\/markaryd\/wp-json\/wp\/v2\/posts\/109","targetHints":{"allow":["GET"]}}],"collection":[{"href":"https:\/\/wp.kristdemokraterna.se\/markaryd\/wp-json\/wp\/v2\/posts"}],"about":[{"href":"https:\/\/wp.kristdemokraterna.se\/markaryd\/wp-json\/wp\/v2\/types\/post"}],"author":[{"embeddable":true,"href":"https:\/\/wp.kristdemokraterna.se\/markaryd\/wp-json\/wp\/v2\/users\/474"}],"replies":[{"embeddable":true,"href":"https:\/\/wp.kristdemokraterna.se\/markaryd\/wp-json\/wp\/v2\/comments?post=109"}],"version-history":[{"count":1,"href":"https:\/\/wp.kristdemokraterna.se\/markaryd\/wp-json\/wp\/v2\/posts\/109\/revisions"}],"predecessor-version":[{"id":110,"href":"https:\/\/wp.kristdemokraterna.se\/markaryd\/wp-json\/wp\/v2\/posts\/109\/revisions\/110"}],"wp:attachment":[{"href":"https:\/\/wp.kristdemokraterna.se\/markaryd\/wp-json\/wp\/v2\/media?parent=109"}],"wp:term":[{"taxonomy":"category","embeddable":true,"href":"https:\/\/wp.kristdemokraterna.se\/markaryd\/wp-json\/wp\/v2\/categories?post=109"},{"taxonomy":"post_tag","embeddable":true,"href":"https:\/\/wp.kristdemokraterna.se\/markaryd\/wp-json\/wp\/v2\/tags?post=109"}],"curies":[{"name":"wp","href":"https:\/\/api.w.org\/{rel}","templated":true}]}}