{"id":187,"date":"2010-09-02T12:27:20","date_gmt":"2010-09-02T10:27:20","guid":{"rendered":"http:\/\/wp.kristdemokraterna.se\/markaryd\/?p=187"},"modified":"2014-04-18T22:28:25","modified_gmt":"2014-04-18T20:28:25","slug":"regeringen-godkanner-markaryds-detaljplaner","status":"publish","type":"post","link":"https:\/\/wp.kristdemokraterna.se\/markaryd\/regeringen-godkanner-markaryds-detaljplaner\/","title":{"rendered":"Regeringen godk\u00e4nner Markaryds detaljplaner"},"content":{"rendered":"<p>\u2013 Detta \u00e4r en seger f\u00f6r r\u00e4ttvisan! Det s\u00e4ger Bengt Germundsson (KD), kommunstyrelsens ordf\u00f6rande i Markaryds kommun, efter beskedet att regeringen idag beslutat godk\u00e4nna de tv\u00e5 detaljplaner som L\u00e4nsstyrelsen i Kronoberg och Sydvatten AB under flera \u00e5r gjort allt f\u00f6r att f\u00f6rs\u00f6ka stoppa. Efter fem \u00e5rs arbete, varav de senaste tv\u00e5 \u00e5ren med omfattande och kostsamma processer, kan kommunen \u00e4ntligen arbeta vidare med nya etableringar i b\u00e4sta skyltl\u00e4gen utmed E4:an.<\/p>\n<p>Regeringens beslut s\u00e4tter nu en v\u00e4lkommen punkt i en segdragen tvist med L\u00e4nsstyrelsen och Sydvatten och ger, enligt uppgift, Markaryds kommun r\u00e4tt i alla delar i de tv\u00e5 \u00e4rendena som kommunen tvingats driva till h\u00f6gsta instans. I besluten, som enligt uppgift helt f\u00f6ljer Boverkets tidigare yttrande, konstateras att kommunens val att lokalisera verksamheter som kontor, industri, handel m.m. till ett omr\u00e5de l\u00e4ngs med E4:an \u00e4r ur flera aspekter att anse som en l\u00e4mplig lokalisering. Detta fr\u00e4mjar en \u00e4ndam\u00e5lsenlig struktur och inneb\u00e4r en god hush\u00e5llning med marken. De skydds\u00e5tg\u00e4rder kommunen f\u00f6reslagit f\u00f6r att skydda Bolmentunneln fr\u00e5n att n\u00e5s av f\u00f6roreningar fr\u00e5n omr\u00e5dena anses vara tillr\u00e4ckliga och detaljplanerna har utformats p\u00e5 ett s\u00e4tt som i huvudsak \u00e4r f\u00f6renligt med de grundl\u00e4ggande principerna i plan- och bygglagen.<\/p>\n<p>\u2013 Detta \u00e4r precis samma slutsats som den expertmyndighet kom fram till som l\u00e4nsstyrelsen under h\u00f6sten 2008 valde att anlita f\u00f6r att granska planerna, s\u00e4ger Bengt Germundsson. Det m\u00e4rkliga \u00e4r att l\u00e4nsstyrelsen valde att inte ta n\u00e5gon notis om detta, utan upph\u00e4vde planerna. L\u00e4nsstyrelsens st\u00e4llningstagande har f\u00f6rorsakat Markaryds kommun mer \u00e4n tv\u00e5 \u00e5rs extra arbete och stora kostnader, inte minst i form av uteblivna etableringar.<\/p>\n<p>Nu kan kommunen se fram\u00e5t och intensifiera arbetet med att f\u00e5 nya etableringar till ett av s\u00f6dra Sveriges logistiskt mest intressanta omr\u00e5den. \u2013 Regeringens beslut \u00e4r avg\u00f6rande f\u00f6r Markaryds fortsatta expansion och utveckling. V\u00e5rt agerande visar \u00e4n en g\u00e5ng hur viktigt det \u00e4r att v\u00e5ga ta strid f\u00f6r principiellt viktiga fr\u00e5gor, avslutar Germundsson. <\/p>\n","protected":false},"excerpt":{"rendered":"<p>\u2013 Detta \u00e4r en seger f\u00f6r r\u00e4ttvisan! Det s\u00e4ger Bengt Germundsson (KD), kommunstyrelsens ordf\u00f6rande i Markaryds kommun, efter beskedet att regeringen idag beslutat godk\u00e4nna de tv\u00e5 detaljplaner som L\u00e4nsstyrelsen i Kronoberg och Sydvatten AB under flera \u00e5r gjort allt f\u00f6r att f\u00f6rs\u00f6ka stoppa. Efter fem \u00e5rs arbete, varav de senaste tv\u00e5 \u00e5ren med omfattande och <a class=\"read-more-link\" href=\"https:\/\/wp.kristdemokraterna.se\/markaryd\/regeringen-godkanner-markaryds-detaljplaner\/\">Read More<\/a><\/p>\n","protected":false},"author":474,"featured_media":0,"comment_status":"closed","ping_status":"closed","sticky":false,"template":"","format":"standard","meta":{"_acf_changed":false,"footnotes":""},"categories":[3],"tags":[],"class_list":["post-187","post","type-post","status-publish","format-standard","hentry","category-nyheter"],"acf":[],"yoast_head":"<!-- This site is optimized with the Yoast SEO plugin v27.5 - https:\/\/yoast.com\/product\/yoast-seo-wordpress\/ -->\n<title>Regeringen godk\u00e4nner Markaryds detaljplaner - Markaryd<\/title>\n<meta name=\"robots\" content=\"index, follow, max-snippet:-1, max-image-preview:large, max-video-preview:-1\" \/>\n<link rel=\"canonical\" href=\"https:\/\/wp.kristdemokraterna.se\/markaryd\/regeringen-godkanner-markaryds-detaljplaner\/\" \/>\n<meta property=\"og:locale\" content=\"sv_SE\" \/>\n<meta property=\"og:type\" content=\"article\" \/>\n<meta property=\"og:title\" content=\"Regeringen godk\u00e4nner Markaryds detaljplaner - Markaryd\" \/>\n<meta property=\"og:description\" content=\"\u2013 Detta \u00e4r en seger f\u00f6r r\u00e4ttvisan! Det s\u00e4ger Bengt Germundsson (KD), kommunstyrelsens ordf\u00f6rande i Markaryds kommun, efter beskedet att regeringen idag beslutat godk\u00e4nna de tv\u00e5 detaljplaner som L\u00e4nsstyrelsen i Kronoberg och Sydvatten AB under flera \u00e5r gjort allt f\u00f6r att f\u00f6rs\u00f6ka stoppa. Efter fem \u00e5rs arbete, varav de senaste tv\u00e5 \u00e5ren med omfattande och Read More\" \/>\n<meta property=\"og:url\" content=\"https:\/\/wp.kristdemokraterna.se\/markaryd\/regeringen-godkanner-markaryds-detaljplaner\/\" \/>\n<meta property=\"og:site_name\" content=\"Markaryd\" \/>\n<meta property=\"article:published_time\" content=\"2010-09-02T10:27:20+00:00\" \/>\n<meta property=\"article:modified_time\" content=\"2014-04-18T20:28:25+00:00\" \/>\n<meta name=\"author\" content=\"markaryd\" \/>\n<meta name=\"twitter:card\" content=\"summary_large_image\" \/>\n<meta name=\"twitter:label1\" content=\"Skriven av\" \/>\n\t<meta name=\"twitter:data1\" content=\"markaryd\" \/>\n\t<meta name=\"twitter:label2\" content=\"Ber\u00e4knad l\u00e4stid\" \/>\n\t<meta name=\"twitter:data2\" content=\"2 minuter\" \/>\n<script type=\"application\/ld+json\" class=\"yoast-schema-graph\">{\"@context\":\"https:\\\/\\\/schema.org\",\"@graph\":[{\"@type\":\"Article\",\"@id\":\"https:\\\/\\\/wp.kristdemokraterna.se\\\/markaryd\\\/regeringen-godkanner-markaryds-detaljplaner\\\/#article\",\"isPartOf\":{\"@id\":\"https:\\\/\\\/wp.kristdemokraterna.se\\\/markaryd\\\/regeringen-godkanner-markaryds-detaljplaner\\\/\"},\"author\":{\"name\":\"markaryd\",\"@id\":\"https:\\\/\\\/wp.kristdemokraterna.se\\\/markaryd\\\/#\\\/schema\\\/person\\\/20f6dab07249083ef0edb78a8d691118\"},\"headline\":\"Regeringen godk\u00e4nner Markaryds detaljplaner\",\"datePublished\":\"2010-09-02T10:27:20+00:00\",\"dateModified\":\"2014-04-18T20:28:25+00:00\",\"mainEntityOfPage\":{\"@id\":\"https:\\\/\\\/wp.kristdemokraterna.se\\\/markaryd\\\/regeringen-godkanner-markaryds-detaljplaner\\\/\"},\"wordCount\":374,\"articleSection\":[\"Nyheter\"],\"inLanguage\":\"sv-SE\"},{\"@type\":\"WebPage\",\"@id\":\"https:\\\/\\\/wp.kristdemokraterna.se\\\/markaryd\\\/regeringen-godkanner-markaryds-detaljplaner\\\/\",\"url\":\"https:\\\/\\\/wp.kristdemokraterna.se\\\/markaryd\\\/regeringen-godkanner-markaryds-detaljplaner\\\/\",\"name\":\"Regeringen godk\u00e4nner Markaryds detaljplaner - Markaryd\",\"isPartOf\":{\"@id\":\"https:\\\/\\\/wp.kristdemokraterna.se\\\/markaryd\\\/#website\"},\"datePublished\":\"2010-09-02T10:27:20+00:00\",\"dateModified\":\"2014-04-18T20:28:25+00:00\",\"author\":{\"@id\":\"https:\\\/\\\/wp.kristdemokraterna.se\\\/markaryd\\\/#\\\/schema\\\/person\\\/20f6dab07249083ef0edb78a8d691118\"},\"breadcrumb\":{\"@id\":\"https:\\\/\\\/wp.kristdemokraterna.se\\\/markaryd\\\/regeringen-godkanner-markaryds-detaljplaner\\\/#breadcrumb\"},\"inLanguage\":\"sv-SE\",\"potentialAction\":[{\"@type\":\"ReadAction\",\"target\":[\"https:\\\/\\\/wp.kristdemokraterna.se\\\/markaryd\\\/regeringen-godkanner-markaryds-detaljplaner\\\/\"]}]},{\"@type\":\"BreadcrumbList\",\"@id\":\"https:\\\/\\\/wp.kristdemokraterna.se\\\/markaryd\\\/regeringen-godkanner-markaryds-detaljplaner\\\/#breadcrumb\",\"itemListElement\":[{\"@type\":\"ListItem\",\"position\":1,\"name\":\"Hem\",\"item\":\"https:\\\/\\\/wp.kristdemokraterna.se\\\/markaryd\\\/\"},{\"@type\":\"ListItem\",\"position\":2,\"name\":\"Regeringen godk\u00e4nner Markaryds detaljplaner\"}]},{\"@type\":\"WebSite\",\"@id\":\"https:\\\/\\\/wp.kristdemokraterna.se\\\/markaryd\\\/#website\",\"url\":\"https:\\\/\\\/wp.kristdemokraterna.se\\\/markaryd\\\/\",\"name\":\"Markaryd\",\"description\":\"En till Kristdemokraterna webbplats\",\"inLanguage\":\"sv-SE\"},{\"@type\":\"Person\",\"@id\":\"https:\\\/\\\/wp.kristdemokraterna.se\\\/markaryd\\\/#\\\/schema\\\/person\\\/20f6dab07249083ef0edb78a8d691118\",\"name\":\"markaryd\",\"image\":{\"@type\":\"ImageObject\",\"inLanguage\":\"sv-SE\",\"@id\":\"https:\\\/\\\/secure.gravatar.com\\\/avatar\\\/ce5f8ef50c9f87e03a57d5a1a3f910e145199216f82fa8b5dea22840de7efc0e?s=96&r=g\",\"url\":\"https:\\\/\\\/secure.gravatar.com\\\/avatar\\\/ce5f8ef50c9f87e03a57d5a1a3f910e145199216f82fa8b5dea22840de7efc0e?s=96&r=g\",\"contentUrl\":\"https:\\\/\\\/secure.gravatar.com\\\/avatar\\\/ce5f8ef50c9f87e03a57d5a1a3f910e145199216f82fa8b5dea22840de7efc0e?s=96&r=g\",\"caption\":\"markaryd\"},\"url\":\"https:\\\/\\\/wp.kristdemokraterna.se\\\/markaryd\\\/author\\\/markaryd\\\/\"}]}<\/script>\n<!-- \/ Yoast SEO plugin. -->","yoast_head_json":{"title":"Regeringen godk\u00e4nner Markaryds detaljplaner - Markaryd","robots":{"index":"index","follow":"follow","max-snippet":"max-snippet:-1","max-image-preview":"max-image-preview:large","max-video-preview":"max-video-preview:-1"},"canonical":"https:\/\/wp.kristdemokraterna.se\/markaryd\/regeringen-godkanner-markaryds-detaljplaner\/","og_locale":"sv_SE","og_type":"article","og_title":"Regeringen godk\u00e4nner Markaryds detaljplaner - Markaryd","og_description":"\u2013 Detta \u00e4r en seger f\u00f6r r\u00e4ttvisan! Det s\u00e4ger Bengt Germundsson (KD), kommunstyrelsens ordf\u00f6rande i Markaryds kommun, efter beskedet att regeringen idag beslutat godk\u00e4nna de tv\u00e5 detaljplaner som L\u00e4nsstyrelsen i Kronoberg och Sydvatten AB under flera \u00e5r gjort allt f\u00f6r att f\u00f6rs\u00f6ka stoppa. Efter fem \u00e5rs arbete, varav de senaste tv\u00e5 \u00e5ren med omfattande och Read More","og_url":"https:\/\/wp.kristdemokraterna.se\/markaryd\/regeringen-godkanner-markaryds-detaljplaner\/","og_site_name":"Markaryd","article_published_time":"2010-09-02T10:27:20+00:00","article_modified_time":"2014-04-18T20:28:25+00:00","author":"markaryd","twitter_card":"summary_large_image","twitter_misc":{"Skriven av":"markaryd","Ber\u00e4knad l\u00e4stid":"2 minuter"},"schema":{"@context":"https:\/\/schema.org","@graph":[{"@type":"Article","@id":"https:\/\/wp.kristdemokraterna.se\/markaryd\/regeringen-godkanner-markaryds-detaljplaner\/#article","isPartOf":{"@id":"https:\/\/wp.kristdemokraterna.se\/markaryd\/regeringen-godkanner-markaryds-detaljplaner\/"},"author":{"name":"markaryd","@id":"https:\/\/wp.kristdemokraterna.se\/markaryd\/#\/schema\/person\/20f6dab07249083ef0edb78a8d691118"},"headline":"Regeringen godk\u00e4nner Markaryds detaljplaner","datePublished":"2010-09-02T10:27:20+00:00","dateModified":"2014-04-18T20:28:25+00:00","mainEntityOfPage":{"@id":"https:\/\/wp.kristdemokraterna.se\/markaryd\/regeringen-godkanner-markaryds-detaljplaner\/"},"wordCount":374,"articleSection":["Nyheter"],"inLanguage":"sv-SE"},{"@type":"WebPage","@id":"https:\/\/wp.kristdemokraterna.se\/markaryd\/regeringen-godkanner-markaryds-detaljplaner\/","url":"https:\/\/wp.kristdemokraterna.se\/markaryd\/regeringen-godkanner-markaryds-detaljplaner\/","name":"Regeringen godk\u00e4nner Markaryds detaljplaner - Markaryd","isPartOf":{"@id":"https:\/\/wp.kristdemokraterna.se\/markaryd\/#website"},"datePublished":"2010-09-02T10:27:20+00:00","dateModified":"2014-04-18T20:28:25+00:00","author":{"@id":"https:\/\/wp.kristdemokraterna.se\/markaryd\/#\/schema\/person\/20f6dab07249083ef0edb78a8d691118"},"breadcrumb":{"@id":"https:\/\/wp.kristdemokraterna.se\/markaryd\/regeringen-godkanner-markaryds-detaljplaner\/#breadcrumb"},"inLanguage":"sv-SE","potentialAction":[{"@type":"ReadAction","target":["https:\/\/wp.kristdemokraterna.se\/markaryd\/regeringen-godkanner-markaryds-detaljplaner\/"]}]},{"@type":"BreadcrumbList","@id":"https:\/\/wp.kristdemokraterna.se\/markaryd\/regeringen-godkanner-markaryds-detaljplaner\/#breadcrumb","itemListElement":[{"@type":"ListItem","position":1,"name":"Hem","item":"https:\/\/wp.kristdemokraterna.se\/markaryd\/"},{"@type":"ListItem","position":2,"name":"Regeringen godk\u00e4nner Markaryds detaljplaner"}]},{"@type":"WebSite","@id":"https:\/\/wp.kristdemokraterna.se\/markaryd\/#website","url":"https:\/\/wp.kristdemokraterna.se\/markaryd\/","name":"Markaryd","description":"En till Kristdemokraterna webbplats","inLanguage":"sv-SE"},{"@type":"Person","@id":"https:\/\/wp.kristdemokraterna.se\/markaryd\/#\/schema\/person\/20f6dab07249083ef0edb78a8d691118","name":"markaryd","image":{"@type":"ImageObject","inLanguage":"sv-SE","@id":"https:\/\/secure.gravatar.com\/avatar\/ce5f8ef50c9f87e03a57d5a1a3f910e145199216f82fa8b5dea22840de7efc0e?s=96&r=g","url":"https:\/\/secure.gravatar.com\/avatar\/ce5f8ef50c9f87e03a57d5a1a3f910e145199216f82fa8b5dea22840de7efc0e?s=96&r=g","contentUrl":"https:\/\/secure.gravatar.com\/avatar\/ce5f8ef50c9f87e03a57d5a1a3f910e145199216f82fa8b5dea22840de7efc0e?s=96&r=g","caption":"markaryd"},"url":"https:\/\/wp.kristdemokraterna.se\/markaryd\/author\/markaryd\/"}]}},"_links":{"self":[{"href":"https:\/\/wp.kristdemokraterna.se\/markaryd\/wp-json\/wp\/v2\/posts\/187","targetHints":{"allow":["GET"]}}],"collection":[{"href":"https:\/\/wp.kristdemokraterna.se\/markaryd\/wp-json\/wp\/v2\/posts"}],"about":[{"href":"https:\/\/wp.kristdemokraterna.se\/markaryd\/wp-json\/wp\/v2\/types\/post"}],"author":[{"embeddable":true,"href":"https:\/\/wp.kristdemokraterna.se\/markaryd\/wp-json\/wp\/v2\/users\/474"}],"replies":[{"embeddable":true,"href":"https:\/\/wp.kristdemokraterna.se\/markaryd\/wp-json\/wp\/v2\/comments?post=187"}],"version-history":[{"count":1,"href":"https:\/\/wp.kristdemokraterna.se\/markaryd\/wp-json\/wp\/v2\/posts\/187\/revisions"}],"predecessor-version":[{"id":188,"href":"https:\/\/wp.kristdemokraterna.se\/markaryd\/wp-json\/wp\/v2\/posts\/187\/revisions\/188"}],"wp:attachment":[{"href":"https:\/\/wp.kristdemokraterna.se\/markaryd\/wp-json\/wp\/v2\/media?parent=187"}],"wp:term":[{"taxonomy":"category","embeddable":true,"href":"https:\/\/wp.kristdemokraterna.se\/markaryd\/wp-json\/wp\/v2\/categories?post=187"},{"taxonomy":"post_tag","embeddable":true,"href":"https:\/\/wp.kristdemokraterna.se\/markaryd\/wp-json\/wp\/v2\/tags?post=187"}],"curies":[{"name":"wp","href":"https:\/\/api.w.org\/{rel}","templated":true}]}}