{"id":197,"date":"2010-05-03T11:34:23","date_gmt":"2010-05-03T09:34:23","guid":{"rendered":"http:\/\/wp.kristdemokraterna.se\/markaryd\/?p=197"},"modified":"2014-04-18T22:35:21","modified_gmt":"2014-04-18T20:35:21","slug":"markaryd-fyra-i-landet-om-foretagen-sjalva-far-valja","status":"publish","type":"post","link":"https:\/\/wp.kristdemokraterna.se\/markaryd\/markaryd-fyra-i-landet-om-foretagen-sjalva-far-valja\/","title":{"rendered":"Markaryd fyra i landet \u2013 om f\u00f6retagen sj\u00e4lva f\u00e5r v\u00e4lja"},"content":{"rendered":"<p>Idag presenterades Svenskt N\u00e4ringslivs \u00e5rliga ranking \u00f6ver f\u00f6retagsklimatet i landets kommuner. Markaryds kommun hamnar p\u00e5 en 4:e plats i landet vad g\u00e4ller f\u00f6retagens samlade omd\u00f6me om f\u00f6retagsklimatet i kommunen. \u2013 Detta \u00e4r resultatet av en mycket god samverkan mellan n\u00e4ringslivet och kommunen, konstaterar Bengt Germundsson (KD), kommunstyrelsens ordf\u00f6rande. Ett bra n\u00e4ringslivsklimat \u00e4r avg\u00f6rande f\u00f6r kommunens framtida utveckling.<br \/>\nI enk\u00e4tsvaren fr\u00e5n f\u00f6retagarna kl\u00e4ttrar kommunen i flera delar och hamnar p\u00e5 topp tio i landet p\u00e5 inte mindre \u00e4n 6 av 12 parametrar. N\u00e4r det g\u00e4ller fr\u00e5nvaro av osund konkurrens uppfattas kommunen som n\u00e4st b\u00e4st i landet! N\u00e5got l\u00e4gre v\u00e4rden f\u00e5r kommunen p\u00e5 de statistiska delarna som det \u00e4r sv\u00e5rt att p\u00e5verka. Vad g\u00e4ller tj\u00e4nstem\u00e4nnens och politikernas attityder till f\u00f6retagande n\u00e5r kommunen toppresultat.<\/p>\n<p>\u2013 Trots ett mycket bra resultat finns det fortfarande mycket att jobba vidare med, s\u00e4ger n\u00e4ringslivschef Bengt G\u00f6ran S\u00f6derlind. N\u00e4rheten mellan f\u00f6retagen och kommunen \u00e4r en framg\u00e5ngsfaktor.  <\/p>\n<p>Totalt sett hamnar kommunen p\u00e5 20 plats av Sveriges 290 kommuner.<\/p>\n<p>L\u00e4s mer om rankingen p\u00e5:<br \/>\n<a href=\"http:\/\/foretagsklimat.svensktnaringsliv.se\/start.do\">http:\/\/foretagsklimat.svensktnaringsliv.se\/start.do<\/a><\/p>\n","protected":false},"excerpt":{"rendered":"<p>Idag presenterades Svenskt N\u00e4ringslivs \u00e5rliga ranking \u00f6ver f\u00f6retagsklimatet i landets kommuner. Markaryds kommun hamnar p\u00e5 en 4:e plats i landet vad g\u00e4ller f\u00f6retagens samlade omd\u00f6me om f\u00f6retagsklimatet i kommunen. \u2013 Detta \u00e4r resultatet av en mycket god samverkan mellan n\u00e4ringslivet och kommunen, konstaterar Bengt Germundsson (KD), kommunstyrelsens ordf\u00f6rande. Ett bra n\u00e4ringslivsklimat \u00e4r avg\u00f6rande f\u00f6r kommunens <a class=\"read-more-link\" href=\"https:\/\/wp.kristdemokraterna.se\/markaryd\/markaryd-fyra-i-landet-om-foretagen-sjalva-far-valja\/\">Read More<\/a><\/p>\n","protected":false},"author":474,"featured_media":0,"comment_status":"closed","ping_status":"closed","sticky":false,"template":"","format":"standard","meta":{"_acf_changed":false,"footnotes":""},"categories":[3],"tags":[],"class_list":["post-197","post","type-post","status-publish","format-standard","hentry","category-nyheter"],"acf":[],"yoast_head":"<!-- This site is optimized with the Yoast SEO plugin v27.4 - https:\/\/yoast.com\/product\/yoast-seo-wordpress\/ -->\n<title>Markaryd fyra i landet \u2013 om f\u00f6retagen sj\u00e4lva f\u00e5r v\u00e4lja - Markaryd<\/title>\n<meta name=\"robots\" content=\"index, follow, max-snippet:-1, max-image-preview:large, max-video-preview:-1\" \/>\n<link rel=\"canonical\" href=\"https:\/\/wp.kristdemokraterna.se\/markaryd\/markaryd-fyra-i-landet-om-foretagen-sjalva-far-valja\/\" \/>\n<meta property=\"og:locale\" content=\"sv_SE\" \/>\n<meta property=\"og:type\" content=\"article\" \/>\n<meta property=\"og:title\" content=\"Markaryd fyra i landet \u2013 om f\u00f6retagen sj\u00e4lva f\u00e5r v\u00e4lja - Markaryd\" \/>\n<meta property=\"og:description\" content=\"Idag presenterades Svenskt N\u00e4ringslivs \u00e5rliga ranking \u00f6ver f\u00f6retagsklimatet i landets kommuner. Markaryds kommun hamnar p\u00e5 en 4:e plats i landet vad g\u00e4ller f\u00f6retagens samlade omd\u00f6me om f\u00f6retagsklimatet i kommunen. \u2013 Detta \u00e4r resultatet av en mycket god samverkan mellan n\u00e4ringslivet och kommunen, konstaterar Bengt Germundsson (KD), kommunstyrelsens ordf\u00f6rande. Ett bra n\u00e4ringslivsklimat \u00e4r avg\u00f6rande f\u00f6r kommunens Read More\" \/>\n<meta property=\"og:url\" content=\"https:\/\/wp.kristdemokraterna.se\/markaryd\/markaryd-fyra-i-landet-om-foretagen-sjalva-far-valja\/\" \/>\n<meta property=\"og:site_name\" content=\"Markaryd\" \/>\n<meta property=\"article:published_time\" content=\"2010-05-03T09:34:23+00:00\" \/>\n<meta property=\"article:modified_time\" content=\"2014-04-18T20:35:21+00:00\" \/>\n<meta name=\"author\" content=\"markaryd\" \/>\n<meta name=\"twitter:card\" content=\"summary_large_image\" \/>\n<meta name=\"twitter:label1\" content=\"Skriven av\" \/>\n\t<meta name=\"twitter:data1\" content=\"markaryd\" \/>\n\t<meta name=\"twitter:label2\" content=\"Ber\u00e4knad l\u00e4stid\" \/>\n\t<meta name=\"twitter:data2\" content=\"1 minut\" \/>\n<script type=\"application\/ld+json\" class=\"yoast-schema-graph\">{\"@context\":\"https:\\\/\\\/schema.org\",\"@graph\":[{\"@type\":\"Article\",\"@id\":\"https:\\\/\\\/wp.kristdemokraterna.se\\\/markaryd\\\/markaryd-fyra-i-landet-om-foretagen-sjalva-far-valja\\\/#article\",\"isPartOf\":{\"@id\":\"https:\\\/\\\/wp.kristdemokraterna.se\\\/markaryd\\\/markaryd-fyra-i-landet-om-foretagen-sjalva-far-valja\\\/\"},\"author\":{\"name\":\"markaryd\",\"@id\":\"https:\\\/\\\/wp.kristdemokraterna.se\\\/markaryd\\\/#\\\/schema\\\/person\\\/20f6dab07249083ef0edb78a8d691118\"},\"headline\":\"Markaryd fyra i landet \u2013 om f\u00f6retagen sj\u00e4lva f\u00e5r v\u00e4lja\",\"datePublished\":\"2010-05-03T09:34:23+00:00\",\"dateModified\":\"2014-04-18T20:35:21+00:00\",\"mainEntityOfPage\":{\"@id\":\"https:\\\/\\\/wp.kristdemokraterna.se\\\/markaryd\\\/markaryd-fyra-i-landet-om-foretagen-sjalva-far-valja\\\/\"},\"wordCount\":216,\"articleSection\":[\"Nyheter\"],\"inLanguage\":\"sv-SE\"},{\"@type\":\"WebPage\",\"@id\":\"https:\\\/\\\/wp.kristdemokraterna.se\\\/markaryd\\\/markaryd-fyra-i-landet-om-foretagen-sjalva-far-valja\\\/\",\"url\":\"https:\\\/\\\/wp.kristdemokraterna.se\\\/markaryd\\\/markaryd-fyra-i-landet-om-foretagen-sjalva-far-valja\\\/\",\"name\":\"Markaryd fyra i landet \u2013 om f\u00f6retagen sj\u00e4lva f\u00e5r v\u00e4lja - Markaryd\",\"isPartOf\":{\"@id\":\"https:\\\/\\\/wp.kristdemokraterna.se\\\/markaryd\\\/#website\"},\"datePublished\":\"2010-05-03T09:34:23+00:00\",\"dateModified\":\"2014-04-18T20:35:21+00:00\",\"author\":{\"@id\":\"https:\\\/\\\/wp.kristdemokraterna.se\\\/markaryd\\\/#\\\/schema\\\/person\\\/20f6dab07249083ef0edb78a8d691118\"},\"breadcrumb\":{\"@id\":\"https:\\\/\\\/wp.kristdemokraterna.se\\\/markaryd\\\/markaryd-fyra-i-landet-om-foretagen-sjalva-far-valja\\\/#breadcrumb\"},\"inLanguage\":\"sv-SE\",\"potentialAction\":[{\"@type\":\"ReadAction\",\"target\":[\"https:\\\/\\\/wp.kristdemokraterna.se\\\/markaryd\\\/markaryd-fyra-i-landet-om-foretagen-sjalva-far-valja\\\/\"]}]},{\"@type\":\"BreadcrumbList\",\"@id\":\"https:\\\/\\\/wp.kristdemokraterna.se\\\/markaryd\\\/markaryd-fyra-i-landet-om-foretagen-sjalva-far-valja\\\/#breadcrumb\",\"itemListElement\":[{\"@type\":\"ListItem\",\"position\":1,\"name\":\"Hem\",\"item\":\"https:\\\/\\\/wp.kristdemokraterna.se\\\/markaryd\\\/\"},{\"@type\":\"ListItem\",\"position\":2,\"name\":\"Markaryd fyra i landet \u2013 om f\u00f6retagen sj\u00e4lva f\u00e5r v\u00e4lja\"}]},{\"@type\":\"WebSite\",\"@id\":\"https:\\\/\\\/wp.kristdemokraterna.se\\\/markaryd\\\/#website\",\"url\":\"https:\\\/\\\/wp.kristdemokraterna.se\\\/markaryd\\\/\",\"name\":\"Markaryd\",\"description\":\"En till Kristdemokraterna webbplats\",\"inLanguage\":\"sv-SE\"},{\"@type\":\"Person\",\"@id\":\"https:\\\/\\\/wp.kristdemokraterna.se\\\/markaryd\\\/#\\\/schema\\\/person\\\/20f6dab07249083ef0edb78a8d691118\",\"name\":\"markaryd\",\"image\":{\"@type\":\"ImageObject\",\"inLanguage\":\"sv-SE\",\"@id\":\"https:\\\/\\\/secure.gravatar.com\\\/avatar\\\/ce5f8ef50c9f87e03a57d5a1a3f910e145199216f82fa8b5dea22840de7efc0e?s=96&r=g\",\"url\":\"https:\\\/\\\/secure.gravatar.com\\\/avatar\\\/ce5f8ef50c9f87e03a57d5a1a3f910e145199216f82fa8b5dea22840de7efc0e?s=96&r=g\",\"contentUrl\":\"https:\\\/\\\/secure.gravatar.com\\\/avatar\\\/ce5f8ef50c9f87e03a57d5a1a3f910e145199216f82fa8b5dea22840de7efc0e?s=96&r=g\",\"caption\":\"markaryd\"},\"url\":\"https:\\\/\\\/wp.kristdemokraterna.se\\\/markaryd\\\/author\\\/markaryd\\\/\"}]}<\/script>\n<!-- \/ Yoast SEO plugin. -->","yoast_head_json":{"title":"Markaryd fyra i landet \u2013 om f\u00f6retagen sj\u00e4lva f\u00e5r v\u00e4lja - Markaryd","robots":{"index":"index","follow":"follow","max-snippet":"max-snippet:-1","max-image-preview":"max-image-preview:large","max-video-preview":"max-video-preview:-1"},"canonical":"https:\/\/wp.kristdemokraterna.se\/markaryd\/markaryd-fyra-i-landet-om-foretagen-sjalva-far-valja\/","og_locale":"sv_SE","og_type":"article","og_title":"Markaryd fyra i landet \u2013 om f\u00f6retagen sj\u00e4lva f\u00e5r v\u00e4lja - Markaryd","og_description":"Idag presenterades Svenskt N\u00e4ringslivs \u00e5rliga ranking \u00f6ver f\u00f6retagsklimatet i landets kommuner. Markaryds kommun hamnar p\u00e5 en 4:e plats i landet vad g\u00e4ller f\u00f6retagens samlade omd\u00f6me om f\u00f6retagsklimatet i kommunen. \u2013 Detta \u00e4r resultatet av en mycket god samverkan mellan n\u00e4ringslivet och kommunen, konstaterar Bengt Germundsson (KD), kommunstyrelsens ordf\u00f6rande. Ett bra n\u00e4ringslivsklimat \u00e4r avg\u00f6rande f\u00f6r kommunens Read More","og_url":"https:\/\/wp.kristdemokraterna.se\/markaryd\/markaryd-fyra-i-landet-om-foretagen-sjalva-far-valja\/","og_site_name":"Markaryd","article_published_time":"2010-05-03T09:34:23+00:00","article_modified_time":"2014-04-18T20:35:21+00:00","author":"markaryd","twitter_card":"summary_large_image","twitter_misc":{"Skriven av":"markaryd","Ber\u00e4knad l\u00e4stid":"1 minut"},"schema":{"@context":"https:\/\/schema.org","@graph":[{"@type":"Article","@id":"https:\/\/wp.kristdemokraterna.se\/markaryd\/markaryd-fyra-i-landet-om-foretagen-sjalva-far-valja\/#article","isPartOf":{"@id":"https:\/\/wp.kristdemokraterna.se\/markaryd\/markaryd-fyra-i-landet-om-foretagen-sjalva-far-valja\/"},"author":{"name":"markaryd","@id":"https:\/\/wp.kristdemokraterna.se\/markaryd\/#\/schema\/person\/20f6dab07249083ef0edb78a8d691118"},"headline":"Markaryd fyra i landet \u2013 om f\u00f6retagen sj\u00e4lva f\u00e5r v\u00e4lja","datePublished":"2010-05-03T09:34:23+00:00","dateModified":"2014-04-18T20:35:21+00:00","mainEntityOfPage":{"@id":"https:\/\/wp.kristdemokraterna.se\/markaryd\/markaryd-fyra-i-landet-om-foretagen-sjalva-far-valja\/"},"wordCount":216,"articleSection":["Nyheter"],"inLanguage":"sv-SE"},{"@type":"WebPage","@id":"https:\/\/wp.kristdemokraterna.se\/markaryd\/markaryd-fyra-i-landet-om-foretagen-sjalva-far-valja\/","url":"https:\/\/wp.kristdemokraterna.se\/markaryd\/markaryd-fyra-i-landet-om-foretagen-sjalva-far-valja\/","name":"Markaryd fyra i landet \u2013 om f\u00f6retagen sj\u00e4lva f\u00e5r v\u00e4lja - Markaryd","isPartOf":{"@id":"https:\/\/wp.kristdemokraterna.se\/markaryd\/#website"},"datePublished":"2010-05-03T09:34:23+00:00","dateModified":"2014-04-18T20:35:21+00:00","author":{"@id":"https:\/\/wp.kristdemokraterna.se\/markaryd\/#\/schema\/person\/20f6dab07249083ef0edb78a8d691118"},"breadcrumb":{"@id":"https:\/\/wp.kristdemokraterna.se\/markaryd\/markaryd-fyra-i-landet-om-foretagen-sjalva-far-valja\/#breadcrumb"},"inLanguage":"sv-SE","potentialAction":[{"@type":"ReadAction","target":["https:\/\/wp.kristdemokraterna.se\/markaryd\/markaryd-fyra-i-landet-om-foretagen-sjalva-far-valja\/"]}]},{"@type":"BreadcrumbList","@id":"https:\/\/wp.kristdemokraterna.se\/markaryd\/markaryd-fyra-i-landet-om-foretagen-sjalva-far-valja\/#breadcrumb","itemListElement":[{"@type":"ListItem","position":1,"name":"Hem","item":"https:\/\/wp.kristdemokraterna.se\/markaryd\/"},{"@type":"ListItem","position":2,"name":"Markaryd fyra i landet \u2013 om f\u00f6retagen sj\u00e4lva f\u00e5r v\u00e4lja"}]},{"@type":"WebSite","@id":"https:\/\/wp.kristdemokraterna.se\/markaryd\/#website","url":"https:\/\/wp.kristdemokraterna.se\/markaryd\/","name":"Markaryd","description":"En till Kristdemokraterna webbplats","inLanguage":"sv-SE"},{"@type":"Person","@id":"https:\/\/wp.kristdemokraterna.se\/markaryd\/#\/schema\/person\/20f6dab07249083ef0edb78a8d691118","name":"markaryd","image":{"@type":"ImageObject","inLanguage":"sv-SE","@id":"https:\/\/secure.gravatar.com\/avatar\/ce5f8ef50c9f87e03a57d5a1a3f910e145199216f82fa8b5dea22840de7efc0e?s=96&r=g","url":"https:\/\/secure.gravatar.com\/avatar\/ce5f8ef50c9f87e03a57d5a1a3f910e145199216f82fa8b5dea22840de7efc0e?s=96&r=g","contentUrl":"https:\/\/secure.gravatar.com\/avatar\/ce5f8ef50c9f87e03a57d5a1a3f910e145199216f82fa8b5dea22840de7efc0e?s=96&r=g","caption":"markaryd"},"url":"https:\/\/wp.kristdemokraterna.se\/markaryd\/author\/markaryd\/"}]}},"_links":{"self":[{"href":"https:\/\/wp.kristdemokraterna.se\/markaryd\/wp-json\/wp\/v2\/posts\/197","targetHints":{"allow":["GET"]}}],"collection":[{"href":"https:\/\/wp.kristdemokraterna.se\/markaryd\/wp-json\/wp\/v2\/posts"}],"about":[{"href":"https:\/\/wp.kristdemokraterna.se\/markaryd\/wp-json\/wp\/v2\/types\/post"}],"author":[{"embeddable":true,"href":"https:\/\/wp.kristdemokraterna.se\/markaryd\/wp-json\/wp\/v2\/users\/474"}],"replies":[{"embeddable":true,"href":"https:\/\/wp.kristdemokraterna.se\/markaryd\/wp-json\/wp\/v2\/comments?post=197"}],"version-history":[{"count":1,"href":"https:\/\/wp.kristdemokraterna.se\/markaryd\/wp-json\/wp\/v2\/posts\/197\/revisions"}],"predecessor-version":[{"id":198,"href":"https:\/\/wp.kristdemokraterna.se\/markaryd\/wp-json\/wp\/v2\/posts\/197\/revisions\/198"}],"wp:attachment":[{"href":"https:\/\/wp.kristdemokraterna.se\/markaryd\/wp-json\/wp\/v2\/media?parent=197"}],"wp:term":[{"taxonomy":"category","embeddable":true,"href":"https:\/\/wp.kristdemokraterna.se\/markaryd\/wp-json\/wp\/v2\/categories?post=197"},{"taxonomy":"post_tag","embeddable":true,"href":"https:\/\/wp.kristdemokraterna.se\/markaryd\/wp-json\/wp\/v2\/tags?post=197"}],"curies":[{"name":"wp","href":"https:\/\/api.w.org\/{rel}","templated":true}]}}