{"id":227,"date":"2014-04-07T21:20:35","date_gmt":"2014-04-07T19:20:35","guid":{"rendered":"http:\/\/wp.kristdemokraterna.se\/markaryd\/?p=227"},"modified":"2014-04-23T00:59:18","modified_gmt":"2014-04-22T22:59:18","slug":"kdu-s-ordforande-sara-skyttedal-pa-besok-i-markaryd","status":"publish","type":"post","link":"https:\/\/wp.kristdemokraterna.se\/markaryd\/kdu-s-ordforande-sara-skyttedal-pa-besok-i-markaryd\/","title":{"rendered":"KDU:s ordf\u00f6rande Sara Skyttedal p\u00e5 bes\u00f6k i Markaryd"},"content":{"rendered":"<p><a href=\"http:\/\/wp.kristdemokraterna.se\/markaryd\/files\/2014\/04\/sara-i-markaryd.jpg\"><img loading=\"lazy\" decoding=\"async\" src=\"http:\/\/wp.kristdemokraterna.se\/markaryd\/files\/2014\/04\/sara-i-markaryd.jpg\" alt=\"Sara i Markaryd\" width=\"2592\" height=\"1936\" class=\"alignnone size-full wp-image-229\" srcset=\"https:\/\/wp.kristdemokraterna.se\/markaryd\/files\/2014\/04\/sara-i-markaryd.jpg 2592w, https:\/\/wp.kristdemokraterna.se\/markaryd\/files\/2014\/04\/sara-i-markaryd-300x224.jpg 300w, https:\/\/wp.kristdemokraterna.se\/markaryd\/files\/2014\/04\/sara-i-markaryd-540x403.jpg 540w, https:\/\/wp.kristdemokraterna.se\/markaryd\/files\/2014\/04\/sara-i-markaryd-463x346.jpg 463w, https:\/\/wp.kristdemokraterna.se\/markaryd\/files\/2014\/04\/sara-i-markaryd-149x112.jpg 149w\" sizes=\"auto, (max-width: 2592px) 100vw, 2592px\" \/><\/a><\/p>\n<p>Idag bes\u00f6kte KDU:s ordf\u00f6rande Sara Skyttedal Markaryd. Sara \u00e4r kristdemokratisk kandidat p\u00e5 valsedeln till Europaparlamentet och toppar \u00e4ven riksdagslistan i Kronoberg vid h\u00f6stens val. Under dagen fick Sara l\u00e4ra k\u00e4nna Markaryd lite n\u00e4rmare och \u00e4ven tr\u00e4ffa den kommunpolitiska gruppen, d\u00e4r bland annat planerna f\u00f6r den kommande valr\u00f6relsen diskuterades.<\/p>\n<p>Sara po\u00e4ngterade s\u00e4rskilt vikten av att v\u00e4rna politikens gr\u00e4nser och se till att politiken fullg\u00f6r sitt grunduppdrag. Det blir fel n\u00e4r politiker tror att de vet b\u00e4st i familjen. <\/p>\n<p>Inf\u00f6r EU-valet lyfts fr\u00e5gor om subsidiaritetsprincipen som \u00e4r mycket viktig f\u00f6r Kristdemokraterna. Andra viktiga fr\u00e5gor f\u00f6r EU \u00e4r att bek\u00e4mpa brottsligheten, verka f\u00f6r en bra milj\u00f6politik och f\u00f6r freden i Europa. <\/p>\n<p>F\u00f6r Kronobergs l\u00e4n \u00e4r goda villkor f\u00f6r f\u00f6retagsamheten viktiga liksom fr\u00e5gor om strandskyddet, satsningar p\u00e5 infrastrukturen och b\u00e4ttre grundf\u00f6ruts\u00e4ttningar f\u00f6r att landsbygden ska kunna klara sig p\u00e5 egen hand.<\/p>\n<p>Avslutningsvis diskuteras politikerbes\u00f6k vid n\u00e5gra av de stora evenemangen i v\u00e5r kommun \u2013 V\u00e5rmarknaden, Str\u00f6msn\u00e4sfestivalen och h\u00f6stmarknaden \u2013 men \u00e4ven bes\u00f6k p\u00e5 gymnasieskolan inf\u00f6r EU-valet.<\/p>\n<p><em>\u201d Jag k\u00e4nner ett stort ansvar inf\u00f6r utmaningen och \u00e4r enormt taggad inf\u00f6r valr\u00f6relsen. Jag hoppas f\u00e5 f\u00f6rtroendet av kronobergarna i h\u00f6stens val f\u00f6r ett tydlig kristdemokratiskt alternativ som konkret visar hur vi ska f\u00f6rb\u00e4ttra barn och ungas uppv\u00e4xtvillkor. Efter 8 \u00e5r med Alliansen har Sverige blivit b\u00e4ttre, men mycket mer beh\u00f6ver g\u00f6ras. Jag vill vara med och k\u00e4mpa f\u00f6r mer av kristdemokratisk politik realiserad i regeringen. Mer politik f\u00f6r starkare familjer, f\u00f6r en skola med ordning och reda samt f\u00f6r \u00f6kad lag och ordning i samh\u00e4llet.\u201d<\/em><\/p>\n<p>Sara Skyttedal<\/p>\n","protected":false},"excerpt":{"rendered":"<p>Idag bes\u00f6kte KDU:s ordf\u00f6rande Sara Skyttedal Markaryd. Sara \u00e4r kristdemokratisk kandidat p\u00e5 valsedeln till Europaparlamentet och toppar \u00e4ven riksdagslistan i Kronoberg vid h\u00f6stens val. Under dagen fick Sara l\u00e4ra k\u00e4nna Markaryd lite n\u00e4rmare och \u00e4ven tr\u00e4ffa den kommunpolitiska gruppen, d\u00e4r bland annat planerna f\u00f6r den kommande valr\u00f6relsen diskuterades. Sara po\u00e4ngterade s\u00e4rskilt vikten av att v\u00e4rna <a class=\"read-more-link\" href=\"https:\/\/wp.kristdemokraterna.se\/markaryd\/kdu-s-ordforande-sara-skyttedal-pa-besok-i-markaryd\/\">Read More<\/a><\/p>\n","protected":false},"author":474,"featured_media":0,"comment_status":"closed","ping_status":"closed","sticky":false,"template":"","format":"standard","meta":{"_acf_changed":false,"footnotes":""},"categories":[3],"tags":[],"class_list":["post-227","post","type-post","status-publish","format-standard","hentry","category-nyheter"],"acf":[],"yoast_head":"<!-- This site is optimized with the Yoast SEO plugin v27.5 - https:\/\/yoast.com\/product\/yoast-seo-wordpress\/ -->\n<title>KDU:s ordf\u00f6rande Sara Skyttedal p\u00e5 bes\u00f6k i Markaryd - Markaryd<\/title>\n<meta name=\"robots\" content=\"index, follow, max-snippet:-1, max-image-preview:large, max-video-preview:-1\" \/>\n<link rel=\"canonical\" href=\"https:\/\/wp.kristdemokraterna.se\/markaryd\/kdu-s-ordforande-sara-skyttedal-pa-besok-i-markaryd\/\" \/>\n<meta property=\"og:locale\" content=\"sv_SE\" \/>\n<meta property=\"og:type\" content=\"article\" \/>\n<meta property=\"og:title\" content=\"KDU:s ordf\u00f6rande Sara Skyttedal p\u00e5 bes\u00f6k i Markaryd - Markaryd\" \/>\n<meta property=\"og:description\" content=\"Idag bes\u00f6kte KDU:s ordf\u00f6rande Sara Skyttedal Markaryd. Sara \u00e4r kristdemokratisk kandidat p\u00e5 valsedeln till Europaparlamentet och toppar \u00e4ven riksdagslistan i Kronoberg vid h\u00f6stens val. Under dagen fick Sara l\u00e4ra k\u00e4nna Markaryd lite n\u00e4rmare och \u00e4ven tr\u00e4ffa den kommunpolitiska gruppen, d\u00e4r bland annat planerna f\u00f6r den kommande valr\u00f6relsen diskuterades. Sara po\u00e4ngterade s\u00e4rskilt vikten av att v\u00e4rna Read More\" \/>\n<meta property=\"og:url\" content=\"https:\/\/wp.kristdemokraterna.se\/markaryd\/kdu-s-ordforande-sara-skyttedal-pa-besok-i-markaryd\/\" \/>\n<meta property=\"og:site_name\" content=\"Markaryd\" \/>\n<meta property=\"article:published_time\" content=\"2014-04-07T19:20:35+00:00\" \/>\n<meta property=\"article:modified_time\" content=\"2014-04-22T22:59:18+00:00\" \/>\n<meta property=\"og:image\" content=\"http:\/\/wp.kristdemokraterna.se\/markaryd\/files\/2014\/04\/sara-i-markaryd.jpg\" \/>\n<meta name=\"author\" content=\"markaryd\" \/>\n<meta name=\"twitter:card\" content=\"summary_large_image\" \/>\n<meta name=\"twitter:label1\" content=\"Skriven av\" \/>\n\t<meta name=\"twitter:data1\" content=\"markaryd\" \/>\n\t<meta name=\"twitter:label2\" content=\"Ber\u00e4knad l\u00e4stid\" \/>\n\t<meta name=\"twitter:data2\" content=\"2 minuter\" \/>\n<script type=\"application\/ld+json\" class=\"yoast-schema-graph\">{\"@context\":\"https:\\\/\\\/schema.org\",\"@graph\":[{\"@type\":\"Article\",\"@id\":\"https:\\\/\\\/wp.kristdemokraterna.se\\\/markaryd\\\/kdu-s-ordforande-sara-skyttedal-pa-besok-i-markaryd\\\/#article\",\"isPartOf\":{\"@id\":\"https:\\\/\\\/wp.kristdemokraterna.se\\\/markaryd\\\/kdu-s-ordforande-sara-skyttedal-pa-besok-i-markaryd\\\/\"},\"author\":{\"name\":\"markaryd\",\"@id\":\"https:\\\/\\\/wp.kristdemokraterna.se\\\/markaryd\\\/#\\\/schema\\\/person\\\/20f6dab07249083ef0edb78a8d691118\"},\"headline\":\"KDU:s ordf\u00f6rande Sara Skyttedal p\u00e5 bes\u00f6k i Markaryd\",\"datePublished\":\"2014-04-07T19:20:35+00:00\",\"dateModified\":\"2014-04-22T22:59:18+00:00\",\"mainEntityOfPage\":{\"@id\":\"https:\\\/\\\/wp.kristdemokraterna.se\\\/markaryd\\\/kdu-s-ordforande-sara-skyttedal-pa-besok-i-markaryd\\\/\"},\"wordCount\":322,\"image\":{\"@id\":\"https:\\\/\\\/wp.kristdemokraterna.se\\\/markaryd\\\/kdu-s-ordforande-sara-skyttedal-pa-besok-i-markaryd\\\/#primaryimage\"},\"thumbnailUrl\":\"http:\\\/\\\/wp.kristdemokraterna.se\\\/markaryd\\\/files\\\/2014\\\/04\\\/sara-i-markaryd.jpg\",\"articleSection\":[\"Nyheter\"],\"inLanguage\":\"sv-SE\"},{\"@type\":\"WebPage\",\"@id\":\"https:\\\/\\\/wp.kristdemokraterna.se\\\/markaryd\\\/kdu-s-ordforande-sara-skyttedal-pa-besok-i-markaryd\\\/\",\"url\":\"https:\\\/\\\/wp.kristdemokraterna.se\\\/markaryd\\\/kdu-s-ordforande-sara-skyttedal-pa-besok-i-markaryd\\\/\",\"name\":\"KDU:s ordf\u00f6rande Sara Skyttedal p\u00e5 bes\u00f6k i Markaryd - Markaryd\",\"isPartOf\":{\"@id\":\"https:\\\/\\\/wp.kristdemokraterna.se\\\/markaryd\\\/#website\"},\"primaryImageOfPage\":{\"@id\":\"https:\\\/\\\/wp.kristdemokraterna.se\\\/markaryd\\\/kdu-s-ordforande-sara-skyttedal-pa-besok-i-markaryd\\\/#primaryimage\"},\"image\":{\"@id\":\"https:\\\/\\\/wp.kristdemokraterna.se\\\/markaryd\\\/kdu-s-ordforande-sara-skyttedal-pa-besok-i-markaryd\\\/#primaryimage\"},\"thumbnailUrl\":\"http:\\\/\\\/wp.kristdemokraterna.se\\\/markaryd\\\/files\\\/2014\\\/04\\\/sara-i-markaryd.jpg\",\"datePublished\":\"2014-04-07T19:20:35+00:00\",\"dateModified\":\"2014-04-22T22:59:18+00:00\",\"author\":{\"@id\":\"https:\\\/\\\/wp.kristdemokraterna.se\\\/markaryd\\\/#\\\/schema\\\/person\\\/20f6dab07249083ef0edb78a8d691118\"},\"breadcrumb\":{\"@id\":\"https:\\\/\\\/wp.kristdemokraterna.se\\\/markaryd\\\/kdu-s-ordforande-sara-skyttedal-pa-besok-i-markaryd\\\/#breadcrumb\"},\"inLanguage\":\"sv-SE\",\"potentialAction\":[{\"@type\":\"ReadAction\",\"target\":[\"https:\\\/\\\/wp.kristdemokraterna.se\\\/markaryd\\\/kdu-s-ordforande-sara-skyttedal-pa-besok-i-markaryd\\\/\"]}]},{\"@type\":\"ImageObject\",\"inLanguage\":\"sv-SE\",\"@id\":\"https:\\\/\\\/wp.kristdemokraterna.se\\\/markaryd\\\/kdu-s-ordforande-sara-skyttedal-pa-besok-i-markaryd\\\/#primaryimage\",\"url\":\"https:\\\/\\\/wp.kristdemokraterna.se\\\/markaryd\\\/files\\\/2014\\\/04\\\/sara-i-markaryd.jpg\",\"contentUrl\":\"https:\\\/\\\/wp.kristdemokraterna.se\\\/markaryd\\\/files\\\/2014\\\/04\\\/sara-i-markaryd.jpg\",\"width\":2592,\"height\":1936},{\"@type\":\"BreadcrumbList\",\"@id\":\"https:\\\/\\\/wp.kristdemokraterna.se\\\/markaryd\\\/kdu-s-ordforande-sara-skyttedal-pa-besok-i-markaryd\\\/#breadcrumb\",\"itemListElement\":[{\"@type\":\"ListItem\",\"position\":1,\"name\":\"Hem\",\"item\":\"https:\\\/\\\/wp.kristdemokraterna.se\\\/markaryd\\\/\"},{\"@type\":\"ListItem\",\"position\":2,\"name\":\"KDU:s ordf\u00f6rande Sara Skyttedal p\u00e5 bes\u00f6k i Markaryd\"}]},{\"@type\":\"WebSite\",\"@id\":\"https:\\\/\\\/wp.kristdemokraterna.se\\\/markaryd\\\/#website\",\"url\":\"https:\\\/\\\/wp.kristdemokraterna.se\\\/markaryd\\\/\",\"name\":\"Markaryd\",\"description\":\"En till Kristdemokraterna webbplats\",\"inLanguage\":\"sv-SE\"},{\"@type\":\"Person\",\"@id\":\"https:\\\/\\\/wp.kristdemokraterna.se\\\/markaryd\\\/#\\\/schema\\\/person\\\/20f6dab07249083ef0edb78a8d691118\",\"name\":\"markaryd\",\"image\":{\"@type\":\"ImageObject\",\"inLanguage\":\"sv-SE\",\"@id\":\"https:\\\/\\\/secure.gravatar.com\\\/avatar\\\/ce5f8ef50c9f87e03a57d5a1a3f910e145199216f82fa8b5dea22840de7efc0e?s=96&r=g\",\"url\":\"https:\\\/\\\/secure.gravatar.com\\\/avatar\\\/ce5f8ef50c9f87e03a57d5a1a3f910e145199216f82fa8b5dea22840de7efc0e?s=96&r=g\",\"contentUrl\":\"https:\\\/\\\/secure.gravatar.com\\\/avatar\\\/ce5f8ef50c9f87e03a57d5a1a3f910e145199216f82fa8b5dea22840de7efc0e?s=96&r=g\",\"caption\":\"markaryd\"},\"url\":\"https:\\\/\\\/wp.kristdemokraterna.se\\\/markaryd\\\/author\\\/markaryd\\\/\"}]}<\/script>\n<!-- \/ Yoast SEO plugin. -->","yoast_head_json":{"title":"KDU:s ordf\u00f6rande Sara Skyttedal p\u00e5 bes\u00f6k i Markaryd - Markaryd","robots":{"index":"index","follow":"follow","max-snippet":"max-snippet:-1","max-image-preview":"max-image-preview:large","max-video-preview":"max-video-preview:-1"},"canonical":"https:\/\/wp.kristdemokraterna.se\/markaryd\/kdu-s-ordforande-sara-skyttedal-pa-besok-i-markaryd\/","og_locale":"sv_SE","og_type":"article","og_title":"KDU:s ordf\u00f6rande Sara Skyttedal p\u00e5 bes\u00f6k i Markaryd - Markaryd","og_description":"Idag bes\u00f6kte KDU:s ordf\u00f6rande Sara Skyttedal Markaryd. Sara \u00e4r kristdemokratisk kandidat p\u00e5 valsedeln till Europaparlamentet och toppar \u00e4ven riksdagslistan i Kronoberg vid h\u00f6stens val. Under dagen fick Sara l\u00e4ra k\u00e4nna Markaryd lite n\u00e4rmare och \u00e4ven tr\u00e4ffa den kommunpolitiska gruppen, d\u00e4r bland annat planerna f\u00f6r den kommande valr\u00f6relsen diskuterades. Sara po\u00e4ngterade s\u00e4rskilt vikten av att v\u00e4rna Read More","og_url":"https:\/\/wp.kristdemokraterna.se\/markaryd\/kdu-s-ordforande-sara-skyttedal-pa-besok-i-markaryd\/","og_site_name":"Markaryd","article_published_time":"2014-04-07T19:20:35+00:00","article_modified_time":"2014-04-22T22:59:18+00:00","og_image":[{"url":"http:\/\/wp.kristdemokraterna.se\/markaryd\/files\/2014\/04\/sara-i-markaryd.jpg","type":"","width":"","height":""}],"author":"markaryd","twitter_card":"summary_large_image","twitter_misc":{"Skriven av":"markaryd","Ber\u00e4knad l\u00e4stid":"2 minuter"},"schema":{"@context":"https:\/\/schema.org","@graph":[{"@type":"Article","@id":"https:\/\/wp.kristdemokraterna.se\/markaryd\/kdu-s-ordforande-sara-skyttedal-pa-besok-i-markaryd\/#article","isPartOf":{"@id":"https:\/\/wp.kristdemokraterna.se\/markaryd\/kdu-s-ordforande-sara-skyttedal-pa-besok-i-markaryd\/"},"author":{"name":"markaryd","@id":"https:\/\/wp.kristdemokraterna.se\/markaryd\/#\/schema\/person\/20f6dab07249083ef0edb78a8d691118"},"headline":"KDU:s ordf\u00f6rande Sara Skyttedal p\u00e5 bes\u00f6k i Markaryd","datePublished":"2014-04-07T19:20:35+00:00","dateModified":"2014-04-22T22:59:18+00:00","mainEntityOfPage":{"@id":"https:\/\/wp.kristdemokraterna.se\/markaryd\/kdu-s-ordforande-sara-skyttedal-pa-besok-i-markaryd\/"},"wordCount":322,"image":{"@id":"https:\/\/wp.kristdemokraterna.se\/markaryd\/kdu-s-ordforande-sara-skyttedal-pa-besok-i-markaryd\/#primaryimage"},"thumbnailUrl":"http:\/\/wp.kristdemokraterna.se\/markaryd\/files\/2014\/04\/sara-i-markaryd.jpg","articleSection":["Nyheter"],"inLanguage":"sv-SE"},{"@type":"WebPage","@id":"https:\/\/wp.kristdemokraterna.se\/markaryd\/kdu-s-ordforande-sara-skyttedal-pa-besok-i-markaryd\/","url":"https:\/\/wp.kristdemokraterna.se\/markaryd\/kdu-s-ordforande-sara-skyttedal-pa-besok-i-markaryd\/","name":"KDU:s ordf\u00f6rande Sara Skyttedal p\u00e5 bes\u00f6k i Markaryd - Markaryd","isPartOf":{"@id":"https:\/\/wp.kristdemokraterna.se\/markaryd\/#website"},"primaryImageOfPage":{"@id":"https:\/\/wp.kristdemokraterna.se\/markaryd\/kdu-s-ordforande-sara-skyttedal-pa-besok-i-markaryd\/#primaryimage"},"image":{"@id":"https:\/\/wp.kristdemokraterna.se\/markaryd\/kdu-s-ordforande-sara-skyttedal-pa-besok-i-markaryd\/#primaryimage"},"thumbnailUrl":"http:\/\/wp.kristdemokraterna.se\/markaryd\/files\/2014\/04\/sara-i-markaryd.jpg","datePublished":"2014-04-07T19:20:35+00:00","dateModified":"2014-04-22T22:59:18+00:00","author":{"@id":"https:\/\/wp.kristdemokraterna.se\/markaryd\/#\/schema\/person\/20f6dab07249083ef0edb78a8d691118"},"breadcrumb":{"@id":"https:\/\/wp.kristdemokraterna.se\/markaryd\/kdu-s-ordforande-sara-skyttedal-pa-besok-i-markaryd\/#breadcrumb"},"inLanguage":"sv-SE","potentialAction":[{"@type":"ReadAction","target":["https:\/\/wp.kristdemokraterna.se\/markaryd\/kdu-s-ordforande-sara-skyttedal-pa-besok-i-markaryd\/"]}]},{"@type":"ImageObject","inLanguage":"sv-SE","@id":"https:\/\/wp.kristdemokraterna.se\/markaryd\/kdu-s-ordforande-sara-skyttedal-pa-besok-i-markaryd\/#primaryimage","url":"https:\/\/wp.kristdemokraterna.se\/markaryd\/files\/2014\/04\/sara-i-markaryd.jpg","contentUrl":"https:\/\/wp.kristdemokraterna.se\/markaryd\/files\/2014\/04\/sara-i-markaryd.jpg","width":2592,"height":1936},{"@type":"BreadcrumbList","@id":"https:\/\/wp.kristdemokraterna.se\/markaryd\/kdu-s-ordforande-sara-skyttedal-pa-besok-i-markaryd\/#breadcrumb","itemListElement":[{"@type":"ListItem","position":1,"name":"Hem","item":"https:\/\/wp.kristdemokraterna.se\/markaryd\/"},{"@type":"ListItem","position":2,"name":"KDU:s ordf\u00f6rande Sara Skyttedal p\u00e5 bes\u00f6k i Markaryd"}]},{"@type":"WebSite","@id":"https:\/\/wp.kristdemokraterna.se\/markaryd\/#website","url":"https:\/\/wp.kristdemokraterna.se\/markaryd\/","name":"Markaryd","description":"En till Kristdemokraterna webbplats","inLanguage":"sv-SE"},{"@type":"Person","@id":"https:\/\/wp.kristdemokraterna.se\/markaryd\/#\/schema\/person\/20f6dab07249083ef0edb78a8d691118","name":"markaryd","image":{"@type":"ImageObject","inLanguage":"sv-SE","@id":"https:\/\/secure.gravatar.com\/avatar\/ce5f8ef50c9f87e03a57d5a1a3f910e145199216f82fa8b5dea22840de7efc0e?s=96&r=g","url":"https:\/\/secure.gravatar.com\/avatar\/ce5f8ef50c9f87e03a57d5a1a3f910e145199216f82fa8b5dea22840de7efc0e?s=96&r=g","contentUrl":"https:\/\/secure.gravatar.com\/avatar\/ce5f8ef50c9f87e03a57d5a1a3f910e145199216f82fa8b5dea22840de7efc0e?s=96&r=g","caption":"markaryd"},"url":"https:\/\/wp.kristdemokraterna.se\/markaryd\/author\/markaryd\/"}]}},"_links":{"self":[{"href":"https:\/\/wp.kristdemokraterna.se\/markaryd\/wp-json\/wp\/v2\/posts\/227","targetHints":{"allow":["GET"]}}],"collection":[{"href":"https:\/\/wp.kristdemokraterna.se\/markaryd\/wp-json\/wp\/v2\/posts"}],"about":[{"href":"https:\/\/wp.kristdemokraterna.se\/markaryd\/wp-json\/wp\/v2\/types\/post"}],"author":[{"embeddable":true,"href":"https:\/\/wp.kristdemokraterna.se\/markaryd\/wp-json\/wp\/v2\/users\/474"}],"replies":[{"embeddable":true,"href":"https:\/\/wp.kristdemokraterna.se\/markaryd\/wp-json\/wp\/v2\/comments?post=227"}],"version-history":[{"count":3,"href":"https:\/\/wp.kristdemokraterna.se\/markaryd\/wp-json\/wp\/v2\/posts\/227\/revisions"}],"predecessor-version":[{"id":237,"href":"https:\/\/wp.kristdemokraterna.se\/markaryd\/wp-json\/wp\/v2\/posts\/227\/revisions\/237"}],"wp:attachment":[{"href":"https:\/\/wp.kristdemokraterna.se\/markaryd\/wp-json\/wp\/v2\/media?parent=227"}],"wp:term":[{"taxonomy":"category","embeddable":true,"href":"https:\/\/wp.kristdemokraterna.se\/markaryd\/wp-json\/wp\/v2\/categories?post=227"},{"taxonomy":"post_tag","embeddable":true,"href":"https:\/\/wp.kristdemokraterna.se\/markaryd\/wp-json\/wp\/v2\/tags?post=227"}],"curies":[{"name":"wp","href":"https:\/\/api.w.org\/{rel}","templated":true}]}}