{"id":268,"date":"2014-05-23T11:59:07","date_gmt":"2014-05-23T09:59:07","guid":{"rendered":"http:\/\/wp.kristdemokraterna.se\/markaryd\/?p=268"},"modified":"2014-05-23T11:59:07","modified_gmt":"2014-05-23T09:59:07","slug":"ingen-valfrihet-i-markaryd-om-det-blir-s-styre","status":"publish","type":"post","link":"https:\/\/wp.kristdemokraterna.se\/markaryd\/ingen-valfrihet-i-markaryd-om-det-blir-s-styre\/","title":{"rendered":"Ingen valfrihet i Markaryd om det blir (S)-styre"},"content":{"rendered":"<p><a href=\"http:\/\/wp.kristdemokraterna.se\/markaryd\/files\/2014\/05\/rasar-mot-valfrihet2.jpg\"><img loading=\"lazy\" decoding=\"async\" src=\"http:\/\/wp.kristdemokraterna.se\/markaryd\/files\/2014\/05\/rasar-mot-valfrihet2.jpg\" alt=\"Rasar mot valfrihet2\" width=\"481\" height=\"374\" class=\"alignnone size-full wp-image-269\" srcset=\"https:\/\/wp.kristdemokraterna.se\/markaryd\/files\/2014\/05\/rasar-mot-valfrihet2.jpg 481w, https:\/\/wp.kristdemokraterna.se\/markaryd\/files\/2014\/05\/rasar-mot-valfrihet2-300x233.jpg 300w, https:\/\/wp.kristdemokraterna.se\/markaryd\/files\/2014\/05\/rasar-mot-valfrihet2-444x346.jpg 444w, https:\/\/wp.kristdemokraterna.se\/markaryd\/files\/2014\/05\/rasar-mot-valfrihet2-144x112.jpg 144w\" sizes=\"auto, (max-width: 481px) 100vw, 481px\" \/><\/a><em><\/p>\n<p>Idag publiceras Alliansens svar p\u00e5 socialdemokraten Kenneth Cederfelts raseri mot valfriheten p\u00e5 tidningen Sm\u00e5l\u00e4nningens ins\u00e4ndarsida:<\/em><\/p>\n<p>Det \u00e4r v\u00e4lkommet att Kenneth Cederfelt (S) tydligg\u00f6r sin och sitt partis syn p\u00e5 valfrihet och vad v\u00e4ljarna kan f\u00f6rv\u00e4nta sig om socialdemokraterna vinner valet i h\u00f6st. V\u00e5ra \u00e4ldre och funktionshindrade kommer inte l\u00e4ngre att f\u00e5 v\u00e4lja hemtj\u00e4nst eller vem som man vill ska utf\u00f6ra omsorgstj\u00e4nsterna. F\u00f6r\u00e4ldrarna i Markaryds kommun kommer inte l\u00e4ngre att f\u00e5 v\u00e4lja hur man vill ordna sin barnomsorg. Enskild f\u00f6rskola, familjedaghem och v\u00e5rdnadsbidrag kommer att vara ett minne blott.<\/p>\n<p>P\u00e5 nationell niv\u00e5 vill man avskaffa RUT, m\u00f6jlighet till skatteavdrag f\u00f6r hush\u00e5llsn\u00e4ra tj\u00e4nster, och ledande (S)-politiker i landstinget har talat om \u00e5terst\u00e4llare. Visst undrar man om detta inneb\u00e4r att socialdemokraterna ocks\u00e5 vill s\u00e4tta stopp f\u00f6r privata v\u00e5rdalternativ som Gr\u00e4nsbygdskliniken och Tandv\u00e5rdsGruppen? <\/p>\n<p>Helt klart \u00e4r att i socialdemokraternas Sverige inneb\u00e4r valfrihet att man f\u00e5r v\u00e4lja vad som helst, men att det bara ska finnas en enda utf\u00f6rare att v\u00e4lja &#8211; det offentliga.<\/p>\n<p>Tyv\u00e4rr kan vi konstatera att \u00e4ven personal inom de kommunala verksamheterna kan g\u00f6ra fel eller leverera service av d\u00e5lig kvalitet. Om nu Cederfelt och socialdemokraterna, med st\u00f6d av ett enda otydligt exempel, \u00e4r beredda att beteckna hela valfriheten som ett fiasko, hur kommer man d\u00e5 att agera n\u00e4r man ska hantera kvalitetsbrister i den kommunala verksamheten? Vem ska ta \u00f6ver om kommunal verksamhet g\u00f6r misstag och det inte finns n\u00e5gon annan utf\u00f6rare att v\u00e4lja?<\/p>\n<p>Alliansens besked \u00e4r lika tydligt! Vi tror att m\u00e4nniskor har en f\u00f6rm\u00e5ga att sj\u00e4lva kunna v\u00e4lja och ta st\u00e4llning. Vi anser att m\u00e5ngfald, alternativ och en sund konkurrens faktiskt inneb\u00e4r att kvaliteten blir b\u00e4ttre. Och vi \u00e4r \u00f6vertygade om att vi som politiker ska ge m\u00e4nniskor m\u00f6jligheter att v\u00e4lja. Politiker ska inte styra och st\u00e4lla \u00f6ver det folk sj\u00e4lva kan fatta beslut om. <\/p>\n<p>Bengt Germundsson (KD)<br \/>\nTommy Andersson (M)<br \/>\nSven Jansson (C) <\/p>\n","protected":false},"excerpt":{"rendered":"<p>Idag publiceras Alliansens svar p\u00e5 socialdemokraten Kenneth Cederfelts raseri mot valfriheten p\u00e5 tidningen Sm\u00e5l\u00e4nningens ins\u00e4ndarsida: Det \u00e4r v\u00e4lkommet att Kenneth Cederfelt (S) tydligg\u00f6r sin och sitt partis syn p\u00e5 valfrihet och vad v\u00e4ljarna kan f\u00f6rv\u00e4nta sig om socialdemokraterna vinner valet i h\u00f6st. V\u00e5ra \u00e4ldre och funktionshindrade kommer inte l\u00e4ngre att f\u00e5 v\u00e4lja hemtj\u00e4nst eller vem <a class=\"read-more-link\" href=\"https:\/\/wp.kristdemokraterna.se\/markaryd\/ingen-valfrihet-i-markaryd-om-det-blir-s-styre\/\">Read More<\/a><\/p>\n","protected":false},"author":474,"featured_media":0,"comment_status":"closed","ping_status":"closed","sticky":false,"template":"","format":"standard","meta":{"_acf_changed":false,"footnotes":""},"categories":[3],"tags":[],"class_list":["post-268","post","type-post","status-publish","format-standard","hentry","category-nyheter"],"acf":[],"yoast_head":"<!-- This site is optimized with the Yoast SEO plugin v27.5 - https:\/\/yoast.com\/product\/yoast-seo-wordpress\/ -->\n<title>Ingen valfrihet i Markaryd om det blir (S)-styre - Markaryd<\/title>\n<meta name=\"robots\" content=\"index, follow, max-snippet:-1, max-image-preview:large, max-video-preview:-1\" \/>\n<link rel=\"canonical\" href=\"https:\/\/wp.kristdemokraterna.se\/markaryd\/ingen-valfrihet-i-markaryd-om-det-blir-s-styre\/\" \/>\n<meta property=\"og:locale\" content=\"sv_SE\" \/>\n<meta property=\"og:type\" content=\"article\" \/>\n<meta property=\"og:title\" content=\"Ingen valfrihet i Markaryd om det blir (S)-styre - Markaryd\" \/>\n<meta property=\"og:description\" content=\"Idag publiceras Alliansens svar p\u00e5 socialdemokraten Kenneth Cederfelts raseri mot valfriheten p\u00e5 tidningen Sm\u00e5l\u00e4nningens ins\u00e4ndarsida: Det \u00e4r v\u00e4lkommet att Kenneth Cederfelt (S) tydligg\u00f6r sin och sitt partis syn p\u00e5 valfrihet och vad v\u00e4ljarna kan f\u00f6rv\u00e4nta sig om socialdemokraterna vinner valet i h\u00f6st. V\u00e5ra \u00e4ldre och funktionshindrade kommer inte l\u00e4ngre att f\u00e5 v\u00e4lja hemtj\u00e4nst eller vem Read More\" \/>\n<meta property=\"og:url\" content=\"https:\/\/wp.kristdemokraterna.se\/markaryd\/ingen-valfrihet-i-markaryd-om-det-blir-s-styre\/\" \/>\n<meta property=\"og:site_name\" content=\"Markaryd\" \/>\n<meta property=\"article:published_time\" content=\"2014-05-23T09:59:07+00:00\" \/>\n<meta property=\"og:image\" content=\"http:\/\/wp.kristdemokraterna.se\/markaryd\/files\/2014\/05\/rasar-mot-valfrihet2.jpg\" \/>\n<meta name=\"author\" content=\"markaryd\" \/>\n<meta name=\"twitter:card\" content=\"summary_large_image\" \/>\n<meta name=\"twitter:label1\" content=\"Skriven av\" \/>\n\t<meta name=\"twitter:data1\" content=\"markaryd\" \/>\n\t<meta name=\"twitter:label2\" content=\"Ber\u00e4knad l\u00e4stid\" \/>\n\t<meta name=\"twitter:data2\" content=\"2 minuter\" \/>\n<script type=\"application\/ld+json\" class=\"yoast-schema-graph\">{\"@context\":\"https:\\\/\\\/schema.org\",\"@graph\":[{\"@type\":\"Article\",\"@id\":\"https:\\\/\\\/wp.kristdemokraterna.se\\\/markaryd\\\/ingen-valfrihet-i-markaryd-om-det-blir-s-styre\\\/#article\",\"isPartOf\":{\"@id\":\"https:\\\/\\\/wp.kristdemokraterna.se\\\/markaryd\\\/ingen-valfrihet-i-markaryd-om-det-blir-s-styre\\\/\"},\"author\":{\"name\":\"markaryd\",\"@id\":\"https:\\\/\\\/wp.kristdemokraterna.se\\\/markaryd\\\/#\\\/schema\\\/person\\\/20f6dab07249083ef0edb78a8d691118\"},\"headline\":\"Ingen valfrihet i Markaryd om det blir (S)-styre\",\"datePublished\":\"2014-05-23T09:59:07+00:00\",\"mainEntityOfPage\":{\"@id\":\"https:\\\/\\\/wp.kristdemokraterna.se\\\/markaryd\\\/ingen-valfrihet-i-markaryd-om-det-blir-s-styre\\\/\"},\"wordCount\":376,\"image\":{\"@id\":\"https:\\\/\\\/wp.kristdemokraterna.se\\\/markaryd\\\/ingen-valfrihet-i-markaryd-om-det-blir-s-styre\\\/#primaryimage\"},\"thumbnailUrl\":\"http:\\\/\\\/wp.kristdemokraterna.se\\\/markaryd\\\/files\\\/2014\\\/05\\\/rasar-mot-valfrihet2.jpg\",\"articleSection\":[\"Nyheter\"],\"inLanguage\":\"sv-SE\"},{\"@type\":\"WebPage\",\"@id\":\"https:\\\/\\\/wp.kristdemokraterna.se\\\/markaryd\\\/ingen-valfrihet-i-markaryd-om-det-blir-s-styre\\\/\",\"url\":\"https:\\\/\\\/wp.kristdemokraterna.se\\\/markaryd\\\/ingen-valfrihet-i-markaryd-om-det-blir-s-styre\\\/\",\"name\":\"Ingen valfrihet i Markaryd om det blir (S)-styre - Markaryd\",\"isPartOf\":{\"@id\":\"https:\\\/\\\/wp.kristdemokraterna.se\\\/markaryd\\\/#website\"},\"primaryImageOfPage\":{\"@id\":\"https:\\\/\\\/wp.kristdemokraterna.se\\\/markaryd\\\/ingen-valfrihet-i-markaryd-om-det-blir-s-styre\\\/#primaryimage\"},\"image\":{\"@id\":\"https:\\\/\\\/wp.kristdemokraterna.se\\\/markaryd\\\/ingen-valfrihet-i-markaryd-om-det-blir-s-styre\\\/#primaryimage\"},\"thumbnailUrl\":\"http:\\\/\\\/wp.kristdemokraterna.se\\\/markaryd\\\/files\\\/2014\\\/05\\\/rasar-mot-valfrihet2.jpg\",\"datePublished\":\"2014-05-23T09:59:07+00:00\",\"author\":{\"@id\":\"https:\\\/\\\/wp.kristdemokraterna.se\\\/markaryd\\\/#\\\/schema\\\/person\\\/20f6dab07249083ef0edb78a8d691118\"},\"breadcrumb\":{\"@id\":\"https:\\\/\\\/wp.kristdemokraterna.se\\\/markaryd\\\/ingen-valfrihet-i-markaryd-om-det-blir-s-styre\\\/#breadcrumb\"},\"inLanguage\":\"sv-SE\",\"potentialAction\":[{\"@type\":\"ReadAction\",\"target\":[\"https:\\\/\\\/wp.kristdemokraterna.se\\\/markaryd\\\/ingen-valfrihet-i-markaryd-om-det-blir-s-styre\\\/\"]}]},{\"@type\":\"ImageObject\",\"inLanguage\":\"sv-SE\",\"@id\":\"https:\\\/\\\/wp.kristdemokraterna.se\\\/markaryd\\\/ingen-valfrihet-i-markaryd-om-det-blir-s-styre\\\/#primaryimage\",\"url\":\"https:\\\/\\\/wp.kristdemokraterna.se\\\/markaryd\\\/files\\\/2014\\\/05\\\/rasar-mot-valfrihet2.jpg\",\"contentUrl\":\"https:\\\/\\\/wp.kristdemokraterna.se\\\/markaryd\\\/files\\\/2014\\\/05\\\/rasar-mot-valfrihet2.jpg\",\"width\":481,\"height\":374},{\"@type\":\"BreadcrumbList\",\"@id\":\"https:\\\/\\\/wp.kristdemokraterna.se\\\/markaryd\\\/ingen-valfrihet-i-markaryd-om-det-blir-s-styre\\\/#breadcrumb\",\"itemListElement\":[{\"@type\":\"ListItem\",\"position\":1,\"name\":\"Hem\",\"item\":\"https:\\\/\\\/wp.kristdemokraterna.se\\\/markaryd\\\/\"},{\"@type\":\"ListItem\",\"position\":2,\"name\":\"Ingen valfrihet i Markaryd om det blir (S)-styre\"}]},{\"@type\":\"WebSite\",\"@id\":\"https:\\\/\\\/wp.kristdemokraterna.se\\\/markaryd\\\/#website\",\"url\":\"https:\\\/\\\/wp.kristdemokraterna.se\\\/markaryd\\\/\",\"name\":\"Markaryd\",\"description\":\"En till Kristdemokraterna webbplats\",\"inLanguage\":\"sv-SE\"},{\"@type\":\"Person\",\"@id\":\"https:\\\/\\\/wp.kristdemokraterna.se\\\/markaryd\\\/#\\\/schema\\\/person\\\/20f6dab07249083ef0edb78a8d691118\",\"name\":\"markaryd\",\"image\":{\"@type\":\"ImageObject\",\"inLanguage\":\"sv-SE\",\"@id\":\"https:\\\/\\\/secure.gravatar.com\\\/avatar\\\/ce5f8ef50c9f87e03a57d5a1a3f910e145199216f82fa8b5dea22840de7efc0e?s=96&r=g\",\"url\":\"https:\\\/\\\/secure.gravatar.com\\\/avatar\\\/ce5f8ef50c9f87e03a57d5a1a3f910e145199216f82fa8b5dea22840de7efc0e?s=96&r=g\",\"contentUrl\":\"https:\\\/\\\/secure.gravatar.com\\\/avatar\\\/ce5f8ef50c9f87e03a57d5a1a3f910e145199216f82fa8b5dea22840de7efc0e?s=96&r=g\",\"caption\":\"markaryd\"},\"url\":\"https:\\\/\\\/wp.kristdemokraterna.se\\\/markaryd\\\/author\\\/markaryd\\\/\"}]}<\/script>\n<!-- \/ Yoast SEO plugin. -->","yoast_head_json":{"title":"Ingen valfrihet i Markaryd om det blir (S)-styre - Markaryd","robots":{"index":"index","follow":"follow","max-snippet":"max-snippet:-1","max-image-preview":"max-image-preview:large","max-video-preview":"max-video-preview:-1"},"canonical":"https:\/\/wp.kristdemokraterna.se\/markaryd\/ingen-valfrihet-i-markaryd-om-det-blir-s-styre\/","og_locale":"sv_SE","og_type":"article","og_title":"Ingen valfrihet i Markaryd om det blir (S)-styre - Markaryd","og_description":"Idag publiceras Alliansens svar p\u00e5 socialdemokraten Kenneth Cederfelts raseri mot valfriheten p\u00e5 tidningen Sm\u00e5l\u00e4nningens ins\u00e4ndarsida: Det \u00e4r v\u00e4lkommet att Kenneth Cederfelt (S) tydligg\u00f6r sin och sitt partis syn p\u00e5 valfrihet och vad v\u00e4ljarna kan f\u00f6rv\u00e4nta sig om socialdemokraterna vinner valet i h\u00f6st. V\u00e5ra \u00e4ldre och funktionshindrade kommer inte l\u00e4ngre att f\u00e5 v\u00e4lja hemtj\u00e4nst eller vem Read More","og_url":"https:\/\/wp.kristdemokraterna.se\/markaryd\/ingen-valfrihet-i-markaryd-om-det-blir-s-styre\/","og_site_name":"Markaryd","article_published_time":"2014-05-23T09:59:07+00:00","og_image":[{"url":"http:\/\/wp.kristdemokraterna.se\/markaryd\/files\/2014\/05\/rasar-mot-valfrihet2.jpg","type":"","width":"","height":""}],"author":"markaryd","twitter_card":"summary_large_image","twitter_misc":{"Skriven av":"markaryd","Ber\u00e4knad l\u00e4stid":"2 minuter"},"schema":{"@context":"https:\/\/schema.org","@graph":[{"@type":"Article","@id":"https:\/\/wp.kristdemokraterna.se\/markaryd\/ingen-valfrihet-i-markaryd-om-det-blir-s-styre\/#article","isPartOf":{"@id":"https:\/\/wp.kristdemokraterna.se\/markaryd\/ingen-valfrihet-i-markaryd-om-det-blir-s-styre\/"},"author":{"name":"markaryd","@id":"https:\/\/wp.kristdemokraterna.se\/markaryd\/#\/schema\/person\/20f6dab07249083ef0edb78a8d691118"},"headline":"Ingen valfrihet i Markaryd om det blir (S)-styre","datePublished":"2014-05-23T09:59:07+00:00","mainEntityOfPage":{"@id":"https:\/\/wp.kristdemokraterna.se\/markaryd\/ingen-valfrihet-i-markaryd-om-det-blir-s-styre\/"},"wordCount":376,"image":{"@id":"https:\/\/wp.kristdemokraterna.se\/markaryd\/ingen-valfrihet-i-markaryd-om-det-blir-s-styre\/#primaryimage"},"thumbnailUrl":"http:\/\/wp.kristdemokraterna.se\/markaryd\/files\/2014\/05\/rasar-mot-valfrihet2.jpg","articleSection":["Nyheter"],"inLanguage":"sv-SE"},{"@type":"WebPage","@id":"https:\/\/wp.kristdemokraterna.se\/markaryd\/ingen-valfrihet-i-markaryd-om-det-blir-s-styre\/","url":"https:\/\/wp.kristdemokraterna.se\/markaryd\/ingen-valfrihet-i-markaryd-om-det-blir-s-styre\/","name":"Ingen valfrihet i Markaryd om det blir (S)-styre - Markaryd","isPartOf":{"@id":"https:\/\/wp.kristdemokraterna.se\/markaryd\/#website"},"primaryImageOfPage":{"@id":"https:\/\/wp.kristdemokraterna.se\/markaryd\/ingen-valfrihet-i-markaryd-om-det-blir-s-styre\/#primaryimage"},"image":{"@id":"https:\/\/wp.kristdemokraterna.se\/markaryd\/ingen-valfrihet-i-markaryd-om-det-blir-s-styre\/#primaryimage"},"thumbnailUrl":"http:\/\/wp.kristdemokraterna.se\/markaryd\/files\/2014\/05\/rasar-mot-valfrihet2.jpg","datePublished":"2014-05-23T09:59:07+00:00","author":{"@id":"https:\/\/wp.kristdemokraterna.se\/markaryd\/#\/schema\/person\/20f6dab07249083ef0edb78a8d691118"},"breadcrumb":{"@id":"https:\/\/wp.kristdemokraterna.se\/markaryd\/ingen-valfrihet-i-markaryd-om-det-blir-s-styre\/#breadcrumb"},"inLanguage":"sv-SE","potentialAction":[{"@type":"ReadAction","target":["https:\/\/wp.kristdemokraterna.se\/markaryd\/ingen-valfrihet-i-markaryd-om-det-blir-s-styre\/"]}]},{"@type":"ImageObject","inLanguage":"sv-SE","@id":"https:\/\/wp.kristdemokraterna.se\/markaryd\/ingen-valfrihet-i-markaryd-om-det-blir-s-styre\/#primaryimage","url":"https:\/\/wp.kristdemokraterna.se\/markaryd\/files\/2014\/05\/rasar-mot-valfrihet2.jpg","contentUrl":"https:\/\/wp.kristdemokraterna.se\/markaryd\/files\/2014\/05\/rasar-mot-valfrihet2.jpg","width":481,"height":374},{"@type":"BreadcrumbList","@id":"https:\/\/wp.kristdemokraterna.se\/markaryd\/ingen-valfrihet-i-markaryd-om-det-blir-s-styre\/#breadcrumb","itemListElement":[{"@type":"ListItem","position":1,"name":"Hem","item":"https:\/\/wp.kristdemokraterna.se\/markaryd\/"},{"@type":"ListItem","position":2,"name":"Ingen valfrihet i Markaryd om det blir (S)-styre"}]},{"@type":"WebSite","@id":"https:\/\/wp.kristdemokraterna.se\/markaryd\/#website","url":"https:\/\/wp.kristdemokraterna.se\/markaryd\/","name":"Markaryd","description":"En till Kristdemokraterna webbplats","inLanguage":"sv-SE"},{"@type":"Person","@id":"https:\/\/wp.kristdemokraterna.se\/markaryd\/#\/schema\/person\/20f6dab07249083ef0edb78a8d691118","name":"markaryd","image":{"@type":"ImageObject","inLanguage":"sv-SE","@id":"https:\/\/secure.gravatar.com\/avatar\/ce5f8ef50c9f87e03a57d5a1a3f910e145199216f82fa8b5dea22840de7efc0e?s=96&r=g","url":"https:\/\/secure.gravatar.com\/avatar\/ce5f8ef50c9f87e03a57d5a1a3f910e145199216f82fa8b5dea22840de7efc0e?s=96&r=g","contentUrl":"https:\/\/secure.gravatar.com\/avatar\/ce5f8ef50c9f87e03a57d5a1a3f910e145199216f82fa8b5dea22840de7efc0e?s=96&r=g","caption":"markaryd"},"url":"https:\/\/wp.kristdemokraterna.se\/markaryd\/author\/markaryd\/"}]}},"_links":{"self":[{"href":"https:\/\/wp.kristdemokraterna.se\/markaryd\/wp-json\/wp\/v2\/posts\/268","targetHints":{"allow":["GET"]}}],"collection":[{"href":"https:\/\/wp.kristdemokraterna.se\/markaryd\/wp-json\/wp\/v2\/posts"}],"about":[{"href":"https:\/\/wp.kristdemokraterna.se\/markaryd\/wp-json\/wp\/v2\/types\/post"}],"author":[{"embeddable":true,"href":"https:\/\/wp.kristdemokraterna.se\/markaryd\/wp-json\/wp\/v2\/users\/474"}],"replies":[{"embeddable":true,"href":"https:\/\/wp.kristdemokraterna.se\/markaryd\/wp-json\/wp\/v2\/comments?post=268"}],"version-history":[{"count":1,"href":"https:\/\/wp.kristdemokraterna.se\/markaryd\/wp-json\/wp\/v2\/posts\/268\/revisions"}],"predecessor-version":[{"id":270,"href":"https:\/\/wp.kristdemokraterna.se\/markaryd\/wp-json\/wp\/v2\/posts\/268\/revisions\/270"}],"wp:attachment":[{"href":"https:\/\/wp.kristdemokraterna.se\/markaryd\/wp-json\/wp\/v2\/media?parent=268"}],"wp:term":[{"taxonomy":"category","embeddable":true,"href":"https:\/\/wp.kristdemokraterna.se\/markaryd\/wp-json\/wp\/v2\/categories?post=268"},{"taxonomy":"post_tag","embeddable":true,"href":"https:\/\/wp.kristdemokraterna.se\/markaryd\/wp-json\/wp\/v2\/tags?post=268"}],"curies":[{"name":"wp","href":"https:\/\/api.w.org\/{rel}","templated":true}]}}