{"id":273,"date":"2014-06-04T23:41:48","date_gmt":"2014-06-04T21:41:48","guid":{"rendered":"http:\/\/wp.kristdemokraterna.se\/markaryd\/?p=273"},"modified":"2014-06-10T23:48:54","modified_gmt":"2014-06-10T21:48:54","slug":"sakliga-besked-om-s-agerande","status":"publish","type":"post","link":"https:\/\/wp.kristdemokraterna.se\/markaryd\/sakliga-besked-om-s-agerande\/","title":{"rendered":"Sakliga besked om (S) agerande"},"content":{"rendered":"<p><em><strong>Alliansens replik till Kenneth Cederfelt (S) publicerad i Sm\u00e5l\u00e4nningen idag:<\/strong><\/em><\/p>\n<p>Om Kenneth Cederfelt (S) anser sig felciterad av Sm\u00e5l\u00e4nningen finns s\u00e4kert en m\u00f6jlighet att f\u00e5 r\u00e4ttelse genom ett genm\u00e4le. N\u00e5got s\u00e5dant har, s\u00e5vitt vi vet, inte publicerats.<\/p>\n<p>Vid kommunfullm\u00e4ktige den 28 november 2013, \u00a7 99, yrkade socialdemokraterna bl a f\u00f6ljande:<br \/>\n&#8211; Avskaffa LOV:en, dvs ingen valfrihet f\u00f6r \u00e4ldre och funktionsnedsatta<br \/>\n&#8211; Avskaffa v\u00e5rdnadsbidraget, dvs ingen valfrihet f\u00f6r barnfamiljer<br \/>\n&#8211; Avskaffa tj\u00e4nstegarantierna<br \/>\n&#8211; Avskaffa utmaningsr\u00e4tten<br \/>\n&#8211; Begr\u00e4nsa alternativa driftsformer<\/p>\n<p>I socialdemokraternas motion till Riksdagen den 29 april 2014 (2013\/14:Fi13) f\u00f6resl\u00e5s bl a f\u00f6ljande:<br \/>\n&#8211; Halvera taket f\u00f6r RUT-avdrag och begr\u00e4nsa avdragsm\u00f6jligheterna<\/p>\n<p>Innan Kenneth Cederfelt (S) anklagar Alliansen f\u00f6r felaktigheter vore det kl\u00e4dsamt om han tog reda p\u00e5 vilken politik det \u00e4r som han sj\u00e4lv och socialdemokraterna vill genomf\u00f6ra. Om inte detta \u00e4r bekant ens f\u00f6r en aktiv politiker som Cederfelt, finns all anledning att tala om f\u00f6r kommuninv\u00e5narna att det \u00e4r en avskaffad valfrihet som blir konsekvensen om socialdemokraterna kommer i majoritet efter valet i september.<\/p>\n<p>Bengt Germundsson (KD)<br \/>\nTommy Andersson (M)<br \/>\nSven Jansson (C) <\/p>\n","protected":false},"excerpt":{"rendered":"<p>Alliansens replik till Kenneth Cederfelt (S) publicerad i Sm\u00e5l\u00e4nningen idag: Om Kenneth Cederfelt (S) anser sig felciterad av Sm\u00e5l\u00e4nningen finns s\u00e4kert en m\u00f6jlighet att f\u00e5 r\u00e4ttelse genom ett genm\u00e4le. N\u00e5got s\u00e5dant har, s\u00e5vitt vi vet, inte publicerats. Vid kommunfullm\u00e4ktige den 28 november 2013, \u00a7 99, yrkade socialdemokraterna bl a f\u00f6ljande: &#8211; Avskaffa LOV:en, dvs ingen <a class=\"read-more-link\" href=\"https:\/\/wp.kristdemokraterna.se\/markaryd\/sakliga-besked-om-s-agerande\/\">Read More<\/a><\/p>\n","protected":false},"author":474,"featured_media":0,"comment_status":"closed","ping_status":"closed","sticky":false,"template":"","format":"standard","meta":{"_acf_changed":false,"footnotes":""},"categories":[3],"tags":[],"class_list":["post-273","post","type-post","status-publish","format-standard","hentry","category-nyheter"],"acf":[],"yoast_head":"<!-- This site is optimized with the Yoast SEO plugin v27.4 - https:\/\/yoast.com\/product\/yoast-seo-wordpress\/ -->\n<title>Sakliga besked om (S) agerande - Markaryd<\/title>\n<meta name=\"robots\" content=\"index, follow, max-snippet:-1, max-image-preview:large, max-video-preview:-1\" \/>\n<link rel=\"canonical\" href=\"https:\/\/wp.kristdemokraterna.se\/markaryd\/sakliga-besked-om-s-agerande\/\" \/>\n<meta property=\"og:locale\" content=\"sv_SE\" \/>\n<meta property=\"og:type\" content=\"article\" \/>\n<meta property=\"og:title\" content=\"Sakliga besked om (S) agerande - Markaryd\" \/>\n<meta property=\"og:description\" content=\"Alliansens replik till Kenneth Cederfelt (S) publicerad i Sm\u00e5l\u00e4nningen idag: Om Kenneth Cederfelt (S) anser sig felciterad av Sm\u00e5l\u00e4nningen finns s\u00e4kert en m\u00f6jlighet att f\u00e5 r\u00e4ttelse genom ett genm\u00e4le. N\u00e5got s\u00e5dant har, s\u00e5vitt vi vet, inte publicerats. Vid kommunfullm\u00e4ktige den 28 november 2013, \u00a7 99, yrkade socialdemokraterna bl a f\u00f6ljande: &#8211; Avskaffa LOV:en, dvs ingen Read More\" \/>\n<meta property=\"og:url\" content=\"https:\/\/wp.kristdemokraterna.se\/markaryd\/sakliga-besked-om-s-agerande\/\" \/>\n<meta property=\"og:site_name\" content=\"Markaryd\" \/>\n<meta property=\"article:published_time\" content=\"2014-06-04T21:41:48+00:00\" \/>\n<meta property=\"article:modified_time\" content=\"2014-06-10T21:48:54+00:00\" \/>\n<meta name=\"author\" content=\"markaryd\" \/>\n<meta name=\"twitter:card\" content=\"summary_large_image\" \/>\n<meta name=\"twitter:label1\" content=\"Skriven av\" \/>\n\t<meta name=\"twitter:data1\" content=\"markaryd\" \/>\n\t<meta name=\"twitter:label2\" content=\"Ber\u00e4knad l\u00e4stid\" \/>\n\t<meta name=\"twitter:data2\" content=\"1 minut\" \/>\n<script type=\"application\/ld+json\" class=\"yoast-schema-graph\">{\"@context\":\"https:\\\/\\\/schema.org\",\"@graph\":[{\"@type\":\"Article\",\"@id\":\"https:\\\/\\\/wp.kristdemokraterna.se\\\/markaryd\\\/sakliga-besked-om-s-agerande\\\/#article\",\"isPartOf\":{\"@id\":\"https:\\\/\\\/wp.kristdemokraterna.se\\\/markaryd\\\/sakliga-besked-om-s-agerande\\\/\"},\"author\":{\"name\":\"markaryd\",\"@id\":\"https:\\\/\\\/wp.kristdemokraterna.se\\\/markaryd\\\/#\\\/schema\\\/person\\\/20f6dab07249083ef0edb78a8d691118\"},\"headline\":\"Sakliga besked om (S) agerande\",\"datePublished\":\"2014-06-04T21:41:48+00:00\",\"dateModified\":\"2014-06-10T21:48:54+00:00\",\"mainEntityOfPage\":{\"@id\":\"https:\\\/\\\/wp.kristdemokraterna.se\\\/markaryd\\\/sakliga-besked-om-s-agerande\\\/\"},\"wordCount\":206,\"articleSection\":[\"Nyheter\"],\"inLanguage\":\"sv-SE\"},{\"@type\":\"WebPage\",\"@id\":\"https:\\\/\\\/wp.kristdemokraterna.se\\\/markaryd\\\/sakliga-besked-om-s-agerande\\\/\",\"url\":\"https:\\\/\\\/wp.kristdemokraterna.se\\\/markaryd\\\/sakliga-besked-om-s-agerande\\\/\",\"name\":\"Sakliga besked om (S) agerande - Markaryd\",\"isPartOf\":{\"@id\":\"https:\\\/\\\/wp.kristdemokraterna.se\\\/markaryd\\\/#website\"},\"datePublished\":\"2014-06-04T21:41:48+00:00\",\"dateModified\":\"2014-06-10T21:48:54+00:00\",\"author\":{\"@id\":\"https:\\\/\\\/wp.kristdemokraterna.se\\\/markaryd\\\/#\\\/schema\\\/person\\\/20f6dab07249083ef0edb78a8d691118\"},\"breadcrumb\":{\"@id\":\"https:\\\/\\\/wp.kristdemokraterna.se\\\/markaryd\\\/sakliga-besked-om-s-agerande\\\/#breadcrumb\"},\"inLanguage\":\"sv-SE\",\"potentialAction\":[{\"@type\":\"ReadAction\",\"target\":[\"https:\\\/\\\/wp.kristdemokraterna.se\\\/markaryd\\\/sakliga-besked-om-s-agerande\\\/\"]}]},{\"@type\":\"BreadcrumbList\",\"@id\":\"https:\\\/\\\/wp.kristdemokraterna.se\\\/markaryd\\\/sakliga-besked-om-s-agerande\\\/#breadcrumb\",\"itemListElement\":[{\"@type\":\"ListItem\",\"position\":1,\"name\":\"Hem\",\"item\":\"https:\\\/\\\/wp.kristdemokraterna.se\\\/markaryd\\\/\"},{\"@type\":\"ListItem\",\"position\":2,\"name\":\"Sakliga besked om (S) agerande\"}]},{\"@type\":\"WebSite\",\"@id\":\"https:\\\/\\\/wp.kristdemokraterna.se\\\/markaryd\\\/#website\",\"url\":\"https:\\\/\\\/wp.kristdemokraterna.se\\\/markaryd\\\/\",\"name\":\"Markaryd\",\"description\":\"En till Kristdemokraterna webbplats\",\"inLanguage\":\"sv-SE\"},{\"@type\":\"Person\",\"@id\":\"https:\\\/\\\/wp.kristdemokraterna.se\\\/markaryd\\\/#\\\/schema\\\/person\\\/20f6dab07249083ef0edb78a8d691118\",\"name\":\"markaryd\",\"image\":{\"@type\":\"ImageObject\",\"inLanguage\":\"sv-SE\",\"@id\":\"https:\\\/\\\/secure.gravatar.com\\\/avatar\\\/ce5f8ef50c9f87e03a57d5a1a3f910e145199216f82fa8b5dea22840de7efc0e?s=96&r=g\",\"url\":\"https:\\\/\\\/secure.gravatar.com\\\/avatar\\\/ce5f8ef50c9f87e03a57d5a1a3f910e145199216f82fa8b5dea22840de7efc0e?s=96&r=g\",\"contentUrl\":\"https:\\\/\\\/secure.gravatar.com\\\/avatar\\\/ce5f8ef50c9f87e03a57d5a1a3f910e145199216f82fa8b5dea22840de7efc0e?s=96&r=g\",\"caption\":\"markaryd\"},\"url\":\"https:\\\/\\\/wp.kristdemokraterna.se\\\/markaryd\\\/author\\\/markaryd\\\/\"}]}<\/script>\n<!-- \/ Yoast SEO plugin. -->","yoast_head_json":{"title":"Sakliga besked om (S) agerande - Markaryd","robots":{"index":"index","follow":"follow","max-snippet":"max-snippet:-1","max-image-preview":"max-image-preview:large","max-video-preview":"max-video-preview:-1"},"canonical":"https:\/\/wp.kristdemokraterna.se\/markaryd\/sakliga-besked-om-s-agerande\/","og_locale":"sv_SE","og_type":"article","og_title":"Sakliga besked om (S) agerande - Markaryd","og_description":"Alliansens replik till Kenneth Cederfelt (S) publicerad i Sm\u00e5l\u00e4nningen idag: Om Kenneth Cederfelt (S) anser sig felciterad av Sm\u00e5l\u00e4nningen finns s\u00e4kert en m\u00f6jlighet att f\u00e5 r\u00e4ttelse genom ett genm\u00e4le. N\u00e5got s\u00e5dant har, s\u00e5vitt vi vet, inte publicerats. Vid kommunfullm\u00e4ktige den 28 november 2013, \u00a7 99, yrkade socialdemokraterna bl a f\u00f6ljande: &#8211; Avskaffa LOV:en, dvs ingen Read More","og_url":"https:\/\/wp.kristdemokraterna.se\/markaryd\/sakliga-besked-om-s-agerande\/","og_site_name":"Markaryd","article_published_time":"2014-06-04T21:41:48+00:00","article_modified_time":"2014-06-10T21:48:54+00:00","author":"markaryd","twitter_card":"summary_large_image","twitter_misc":{"Skriven av":"markaryd","Ber\u00e4knad l\u00e4stid":"1 minut"},"schema":{"@context":"https:\/\/schema.org","@graph":[{"@type":"Article","@id":"https:\/\/wp.kristdemokraterna.se\/markaryd\/sakliga-besked-om-s-agerande\/#article","isPartOf":{"@id":"https:\/\/wp.kristdemokraterna.se\/markaryd\/sakliga-besked-om-s-agerande\/"},"author":{"name":"markaryd","@id":"https:\/\/wp.kristdemokraterna.se\/markaryd\/#\/schema\/person\/20f6dab07249083ef0edb78a8d691118"},"headline":"Sakliga besked om (S) agerande","datePublished":"2014-06-04T21:41:48+00:00","dateModified":"2014-06-10T21:48:54+00:00","mainEntityOfPage":{"@id":"https:\/\/wp.kristdemokraterna.se\/markaryd\/sakliga-besked-om-s-agerande\/"},"wordCount":206,"articleSection":["Nyheter"],"inLanguage":"sv-SE"},{"@type":"WebPage","@id":"https:\/\/wp.kristdemokraterna.se\/markaryd\/sakliga-besked-om-s-agerande\/","url":"https:\/\/wp.kristdemokraterna.se\/markaryd\/sakliga-besked-om-s-agerande\/","name":"Sakliga besked om (S) agerande - Markaryd","isPartOf":{"@id":"https:\/\/wp.kristdemokraterna.se\/markaryd\/#website"},"datePublished":"2014-06-04T21:41:48+00:00","dateModified":"2014-06-10T21:48:54+00:00","author":{"@id":"https:\/\/wp.kristdemokraterna.se\/markaryd\/#\/schema\/person\/20f6dab07249083ef0edb78a8d691118"},"breadcrumb":{"@id":"https:\/\/wp.kristdemokraterna.se\/markaryd\/sakliga-besked-om-s-agerande\/#breadcrumb"},"inLanguage":"sv-SE","potentialAction":[{"@type":"ReadAction","target":["https:\/\/wp.kristdemokraterna.se\/markaryd\/sakliga-besked-om-s-agerande\/"]}]},{"@type":"BreadcrumbList","@id":"https:\/\/wp.kristdemokraterna.se\/markaryd\/sakliga-besked-om-s-agerande\/#breadcrumb","itemListElement":[{"@type":"ListItem","position":1,"name":"Hem","item":"https:\/\/wp.kristdemokraterna.se\/markaryd\/"},{"@type":"ListItem","position":2,"name":"Sakliga besked om (S) agerande"}]},{"@type":"WebSite","@id":"https:\/\/wp.kristdemokraterna.se\/markaryd\/#website","url":"https:\/\/wp.kristdemokraterna.se\/markaryd\/","name":"Markaryd","description":"En till Kristdemokraterna webbplats","inLanguage":"sv-SE"},{"@type":"Person","@id":"https:\/\/wp.kristdemokraterna.se\/markaryd\/#\/schema\/person\/20f6dab07249083ef0edb78a8d691118","name":"markaryd","image":{"@type":"ImageObject","inLanguage":"sv-SE","@id":"https:\/\/secure.gravatar.com\/avatar\/ce5f8ef50c9f87e03a57d5a1a3f910e145199216f82fa8b5dea22840de7efc0e?s=96&r=g","url":"https:\/\/secure.gravatar.com\/avatar\/ce5f8ef50c9f87e03a57d5a1a3f910e145199216f82fa8b5dea22840de7efc0e?s=96&r=g","contentUrl":"https:\/\/secure.gravatar.com\/avatar\/ce5f8ef50c9f87e03a57d5a1a3f910e145199216f82fa8b5dea22840de7efc0e?s=96&r=g","caption":"markaryd"},"url":"https:\/\/wp.kristdemokraterna.se\/markaryd\/author\/markaryd\/"}]}},"_links":{"self":[{"href":"https:\/\/wp.kristdemokraterna.se\/markaryd\/wp-json\/wp\/v2\/posts\/273","targetHints":{"allow":["GET"]}}],"collection":[{"href":"https:\/\/wp.kristdemokraterna.se\/markaryd\/wp-json\/wp\/v2\/posts"}],"about":[{"href":"https:\/\/wp.kristdemokraterna.se\/markaryd\/wp-json\/wp\/v2\/types\/post"}],"author":[{"embeddable":true,"href":"https:\/\/wp.kristdemokraterna.se\/markaryd\/wp-json\/wp\/v2\/users\/474"}],"replies":[{"embeddable":true,"href":"https:\/\/wp.kristdemokraterna.se\/markaryd\/wp-json\/wp\/v2\/comments?post=273"}],"version-history":[{"count":2,"href":"https:\/\/wp.kristdemokraterna.se\/markaryd\/wp-json\/wp\/v2\/posts\/273\/revisions"}],"predecessor-version":[{"id":275,"href":"https:\/\/wp.kristdemokraterna.se\/markaryd\/wp-json\/wp\/v2\/posts\/273\/revisions\/275"}],"wp:attachment":[{"href":"https:\/\/wp.kristdemokraterna.se\/markaryd\/wp-json\/wp\/v2\/media?parent=273"}],"wp:term":[{"taxonomy":"category","embeddable":true,"href":"https:\/\/wp.kristdemokraterna.se\/markaryd\/wp-json\/wp\/v2\/categories?post=273"},{"taxonomy":"post_tag","embeddable":true,"href":"https:\/\/wp.kristdemokraterna.se\/markaryd\/wp-json\/wp\/v2\/tags?post=273"}],"curies":[{"name":"wp","href":"https:\/\/api.w.org\/{rel}","templated":true}]}}