{"id":549,"date":"2017-01-21T13:58:36","date_gmt":"2017-01-21T12:58:36","guid":{"rendered":"http:\/\/wp.kristdemokraterna.se\/markaryd\/?p=549"},"modified":"2017-09-10T01:04:12","modified_gmt":"2017-09-09T23:04:12","slug":"inspirerande-kd-kick-off-i-markaryd-med-halsning-fran-ebba-busch-thor","status":"publish","type":"post","link":"https:\/\/wp.kristdemokraterna.se\/markaryd\/inspirerande-kd-kick-off-i-markaryd-med-halsning-fran-ebba-busch-thor\/","title":{"rendered":"Inspirerande KD kick-off i Markaryd med h\u00e4lsning fr\u00e5n Ebba Busch Thor"},"content":{"rendered":"<p><iframe loading=\"lazy\" title=\"H\u00e4lsning fr\u00e5n Ebba Busch Thor\" width=\"500\" height=\"281\" src=\"https:\/\/www.youtube.com\/embed\/DA7plI9Qq_g?start=2&#038;feature=oembed\" frameborder=\"0\" allow=\"accelerometer; autoplay; clipboard-write; encrypted-media; gyroscope; picture-in-picture; web-share\" referrerpolicy=\"strict-origin-when-cross-origin\" allowfullscreen><\/iframe><\/p>\n<p>Kristdemokraternas lokala kick-off p\u00e5 Ekebacken Hotell &amp; Konferens startade med en personlig h\u00e4lsning fr\u00e5n partiledare Ebba Busch Thor till alla v\u00e5ra f\u00f6rtroendevalda. B\u00e4ttre inspiration kunde vi knappast f\u00e5. St\u00e4mningen var verkligen p\u00e5 topp under hela l\u00f6rdagen s\u00e5v\u00e4l i gruppdiskussionerna som i storsamlingarna. Det var roligt att s\u00e5 m\u00e5nga st\u00e4llde upp under st\u00f6rre delen av dagen f\u00f6r att diskutera strategi, organisation och inte minst politik inf\u00f6r de tv\u00e5 \u00e5r som \u00e4r kvar av mandatperioden och inf\u00f6r valet 2018.<\/p>\n","protected":false},"excerpt":{"rendered":"<p>Kristdemokraternas lokala kick-off p\u00e5 Ekebacken Hotell &amp; Konferens startade med en personlig h\u00e4lsning fr\u00e5n partiledare Ebba Busch Thor till alla v\u00e5ra f\u00f6rtroendevalda. B\u00e4ttre inspiration kunde vi knappast f\u00e5. St\u00e4mningen var verkligen p\u00e5 topp under hela l\u00f6rdagen s\u00e5v\u00e4l i gruppdiskussionerna som i storsamlingarna. Det var roligt att s\u00e5 m\u00e5nga st\u00e4llde upp under st\u00f6rre delen av dagen <a class=\"read-more-link\" href=\"https:\/\/wp.kristdemokraterna.se\/markaryd\/inspirerande-kd-kick-off-i-markaryd-med-halsning-fran-ebba-busch-thor\/\">Read More<\/a><\/p>\n","protected":false},"author":474,"featured_media":0,"comment_status":"closed","ping_status":"closed","sticky":false,"template":"","format":"standard","meta":{"_acf_changed":false,"footnotes":""},"categories":[1],"tags":[],"class_list":["post-549","post","type-post","status-publish","format-standard","hentry","category-las-mer"],"acf":[],"yoast_head":"<!-- This site is optimized with the Yoast SEO plugin v27.5 - https:\/\/yoast.com\/product\/yoast-seo-wordpress\/ -->\n<title>Inspirerande KD kick-off i Markaryd med h\u00e4lsning fr\u00e5n Ebba Busch Thor - Markaryd<\/title>\n<meta name=\"robots\" content=\"index, follow, max-snippet:-1, max-image-preview:large, max-video-preview:-1\" \/>\n<link rel=\"canonical\" href=\"https:\/\/wp.kristdemokraterna.se\/markaryd\/inspirerande-kd-kick-off-i-markaryd-med-halsning-fran-ebba-busch-thor\/\" \/>\n<meta property=\"og:locale\" content=\"sv_SE\" \/>\n<meta property=\"og:type\" content=\"article\" \/>\n<meta property=\"og:title\" content=\"Inspirerande KD kick-off i Markaryd med h\u00e4lsning fr\u00e5n Ebba Busch Thor - Markaryd\" \/>\n<meta property=\"og:description\" content=\"Kristdemokraternas lokala kick-off p\u00e5 Ekebacken Hotell &amp; Konferens startade med en personlig h\u00e4lsning fr\u00e5n partiledare Ebba Busch Thor till alla v\u00e5ra f\u00f6rtroendevalda. B\u00e4ttre inspiration kunde vi knappast f\u00e5. St\u00e4mningen var verkligen p\u00e5 topp under hela l\u00f6rdagen s\u00e5v\u00e4l i gruppdiskussionerna som i storsamlingarna. Det var roligt att s\u00e5 m\u00e5nga st\u00e4llde upp under st\u00f6rre delen av dagen Read More\" \/>\n<meta property=\"og:url\" content=\"https:\/\/wp.kristdemokraterna.se\/markaryd\/inspirerande-kd-kick-off-i-markaryd-med-halsning-fran-ebba-busch-thor\/\" \/>\n<meta property=\"og:site_name\" content=\"Markaryd\" \/>\n<meta property=\"article:published_time\" content=\"2017-01-21T12:58:36+00:00\" \/>\n<meta property=\"article:modified_time\" content=\"2017-09-09T23:04:12+00:00\" \/>\n<meta name=\"author\" content=\"markaryd\" \/>\n<meta name=\"twitter:card\" content=\"summary_large_image\" \/>\n<meta name=\"twitter:label1\" content=\"Skriven av\" \/>\n\t<meta name=\"twitter:data1\" content=\"markaryd\" \/>\n\t<meta name=\"twitter:label2\" content=\"Ber\u00e4knad l\u00e4stid\" \/>\n\t<meta name=\"twitter:data2\" content=\"1 minut\" \/>\n<script type=\"application\/ld+json\" class=\"yoast-schema-graph\">{\"@context\":\"https:\\\/\\\/schema.org\",\"@graph\":[{\"@type\":\"Article\",\"@id\":\"https:\\\/\\\/wp.kristdemokraterna.se\\\/markaryd\\\/inspirerande-kd-kick-off-i-markaryd-med-halsning-fran-ebba-busch-thor\\\/#article\",\"isPartOf\":{\"@id\":\"https:\\\/\\\/wp.kristdemokraterna.se\\\/markaryd\\\/inspirerande-kd-kick-off-i-markaryd-med-halsning-fran-ebba-busch-thor\\\/\"},\"author\":{\"name\":\"markaryd\",\"@id\":\"https:\\\/\\\/wp.kristdemokraterna.se\\\/markaryd\\\/#\\\/schema\\\/person\\\/20f6dab07249083ef0edb78a8d691118\"},\"headline\":\"Inspirerande KD kick-off i Markaryd med h\u00e4lsning fr\u00e5n Ebba Busch Thor\",\"datePublished\":\"2017-01-21T12:58:36+00:00\",\"dateModified\":\"2017-09-09T23:04:12+00:00\",\"mainEntityOfPage\":{\"@id\":\"https:\\\/\\\/wp.kristdemokraterna.se\\\/markaryd\\\/inspirerande-kd-kick-off-i-markaryd-med-halsning-fran-ebba-busch-thor\\\/\"},\"wordCount\":119,\"articleSection\":[\"L\u00e4s mer\"],\"inLanguage\":\"sv-SE\"},{\"@type\":\"WebPage\",\"@id\":\"https:\\\/\\\/wp.kristdemokraterna.se\\\/markaryd\\\/inspirerande-kd-kick-off-i-markaryd-med-halsning-fran-ebba-busch-thor\\\/\",\"url\":\"https:\\\/\\\/wp.kristdemokraterna.se\\\/markaryd\\\/inspirerande-kd-kick-off-i-markaryd-med-halsning-fran-ebba-busch-thor\\\/\",\"name\":\"Inspirerande KD kick-off i Markaryd med h\u00e4lsning fr\u00e5n Ebba Busch Thor - Markaryd\",\"isPartOf\":{\"@id\":\"https:\\\/\\\/wp.kristdemokraterna.se\\\/markaryd\\\/#website\"},\"datePublished\":\"2017-01-21T12:58:36+00:00\",\"dateModified\":\"2017-09-09T23:04:12+00:00\",\"author\":{\"@id\":\"https:\\\/\\\/wp.kristdemokraterna.se\\\/markaryd\\\/#\\\/schema\\\/person\\\/20f6dab07249083ef0edb78a8d691118\"},\"breadcrumb\":{\"@id\":\"https:\\\/\\\/wp.kristdemokraterna.se\\\/markaryd\\\/inspirerande-kd-kick-off-i-markaryd-med-halsning-fran-ebba-busch-thor\\\/#breadcrumb\"},\"inLanguage\":\"sv-SE\",\"potentialAction\":[{\"@type\":\"ReadAction\",\"target\":[\"https:\\\/\\\/wp.kristdemokraterna.se\\\/markaryd\\\/inspirerande-kd-kick-off-i-markaryd-med-halsning-fran-ebba-busch-thor\\\/\"]}]},{\"@type\":\"BreadcrumbList\",\"@id\":\"https:\\\/\\\/wp.kristdemokraterna.se\\\/markaryd\\\/inspirerande-kd-kick-off-i-markaryd-med-halsning-fran-ebba-busch-thor\\\/#breadcrumb\",\"itemListElement\":[{\"@type\":\"ListItem\",\"position\":1,\"name\":\"Hem\",\"item\":\"https:\\\/\\\/wp.kristdemokraterna.se\\\/markaryd\\\/\"},{\"@type\":\"ListItem\",\"position\":2,\"name\":\"Inspirerande KD kick-off i Markaryd med h\u00e4lsning fr\u00e5n Ebba Busch Thor\"}]},{\"@type\":\"WebSite\",\"@id\":\"https:\\\/\\\/wp.kristdemokraterna.se\\\/markaryd\\\/#website\",\"url\":\"https:\\\/\\\/wp.kristdemokraterna.se\\\/markaryd\\\/\",\"name\":\"Markaryd\",\"description\":\"En till Kristdemokraterna webbplats\",\"inLanguage\":\"sv-SE\"},{\"@type\":\"Person\",\"@id\":\"https:\\\/\\\/wp.kristdemokraterna.se\\\/markaryd\\\/#\\\/schema\\\/person\\\/20f6dab07249083ef0edb78a8d691118\",\"name\":\"markaryd\",\"image\":{\"@type\":\"ImageObject\",\"inLanguage\":\"sv-SE\",\"@id\":\"https:\\\/\\\/secure.gravatar.com\\\/avatar\\\/ce5f8ef50c9f87e03a57d5a1a3f910e145199216f82fa8b5dea22840de7efc0e?s=96&r=g\",\"url\":\"https:\\\/\\\/secure.gravatar.com\\\/avatar\\\/ce5f8ef50c9f87e03a57d5a1a3f910e145199216f82fa8b5dea22840de7efc0e?s=96&r=g\",\"contentUrl\":\"https:\\\/\\\/secure.gravatar.com\\\/avatar\\\/ce5f8ef50c9f87e03a57d5a1a3f910e145199216f82fa8b5dea22840de7efc0e?s=96&r=g\",\"caption\":\"markaryd\"},\"url\":\"https:\\\/\\\/wp.kristdemokraterna.se\\\/markaryd\\\/author\\\/markaryd\\\/\"}]}<\/script>\n<!-- \/ Yoast SEO plugin. -->","yoast_head_json":{"title":"Inspirerande KD kick-off i Markaryd med h\u00e4lsning fr\u00e5n Ebba Busch Thor - Markaryd","robots":{"index":"index","follow":"follow","max-snippet":"max-snippet:-1","max-image-preview":"max-image-preview:large","max-video-preview":"max-video-preview:-1"},"canonical":"https:\/\/wp.kristdemokraterna.se\/markaryd\/inspirerande-kd-kick-off-i-markaryd-med-halsning-fran-ebba-busch-thor\/","og_locale":"sv_SE","og_type":"article","og_title":"Inspirerande KD kick-off i Markaryd med h\u00e4lsning fr\u00e5n Ebba Busch Thor - Markaryd","og_description":"Kristdemokraternas lokala kick-off p\u00e5 Ekebacken Hotell &amp; Konferens startade med en personlig h\u00e4lsning fr\u00e5n partiledare Ebba Busch Thor till alla v\u00e5ra f\u00f6rtroendevalda. B\u00e4ttre inspiration kunde vi knappast f\u00e5. St\u00e4mningen var verkligen p\u00e5 topp under hela l\u00f6rdagen s\u00e5v\u00e4l i gruppdiskussionerna som i storsamlingarna. Det var roligt att s\u00e5 m\u00e5nga st\u00e4llde upp under st\u00f6rre delen av dagen Read More","og_url":"https:\/\/wp.kristdemokraterna.se\/markaryd\/inspirerande-kd-kick-off-i-markaryd-med-halsning-fran-ebba-busch-thor\/","og_site_name":"Markaryd","article_published_time":"2017-01-21T12:58:36+00:00","article_modified_time":"2017-09-09T23:04:12+00:00","author":"markaryd","twitter_card":"summary_large_image","twitter_misc":{"Skriven av":"markaryd","Ber\u00e4knad l\u00e4stid":"1 minut"},"schema":{"@context":"https:\/\/schema.org","@graph":[{"@type":"Article","@id":"https:\/\/wp.kristdemokraterna.se\/markaryd\/inspirerande-kd-kick-off-i-markaryd-med-halsning-fran-ebba-busch-thor\/#article","isPartOf":{"@id":"https:\/\/wp.kristdemokraterna.se\/markaryd\/inspirerande-kd-kick-off-i-markaryd-med-halsning-fran-ebba-busch-thor\/"},"author":{"name":"markaryd","@id":"https:\/\/wp.kristdemokraterna.se\/markaryd\/#\/schema\/person\/20f6dab07249083ef0edb78a8d691118"},"headline":"Inspirerande KD kick-off i Markaryd med h\u00e4lsning fr\u00e5n Ebba Busch Thor","datePublished":"2017-01-21T12:58:36+00:00","dateModified":"2017-09-09T23:04:12+00:00","mainEntityOfPage":{"@id":"https:\/\/wp.kristdemokraterna.se\/markaryd\/inspirerande-kd-kick-off-i-markaryd-med-halsning-fran-ebba-busch-thor\/"},"wordCount":119,"articleSection":["L\u00e4s mer"],"inLanguage":"sv-SE"},{"@type":"WebPage","@id":"https:\/\/wp.kristdemokraterna.se\/markaryd\/inspirerande-kd-kick-off-i-markaryd-med-halsning-fran-ebba-busch-thor\/","url":"https:\/\/wp.kristdemokraterna.se\/markaryd\/inspirerande-kd-kick-off-i-markaryd-med-halsning-fran-ebba-busch-thor\/","name":"Inspirerande KD kick-off i Markaryd med h\u00e4lsning fr\u00e5n Ebba Busch Thor - Markaryd","isPartOf":{"@id":"https:\/\/wp.kristdemokraterna.se\/markaryd\/#website"},"datePublished":"2017-01-21T12:58:36+00:00","dateModified":"2017-09-09T23:04:12+00:00","author":{"@id":"https:\/\/wp.kristdemokraterna.se\/markaryd\/#\/schema\/person\/20f6dab07249083ef0edb78a8d691118"},"breadcrumb":{"@id":"https:\/\/wp.kristdemokraterna.se\/markaryd\/inspirerande-kd-kick-off-i-markaryd-med-halsning-fran-ebba-busch-thor\/#breadcrumb"},"inLanguage":"sv-SE","potentialAction":[{"@type":"ReadAction","target":["https:\/\/wp.kristdemokraterna.se\/markaryd\/inspirerande-kd-kick-off-i-markaryd-med-halsning-fran-ebba-busch-thor\/"]}]},{"@type":"BreadcrumbList","@id":"https:\/\/wp.kristdemokraterna.se\/markaryd\/inspirerande-kd-kick-off-i-markaryd-med-halsning-fran-ebba-busch-thor\/#breadcrumb","itemListElement":[{"@type":"ListItem","position":1,"name":"Hem","item":"https:\/\/wp.kristdemokraterna.se\/markaryd\/"},{"@type":"ListItem","position":2,"name":"Inspirerande KD kick-off i Markaryd med h\u00e4lsning fr\u00e5n Ebba Busch Thor"}]},{"@type":"WebSite","@id":"https:\/\/wp.kristdemokraterna.se\/markaryd\/#website","url":"https:\/\/wp.kristdemokraterna.se\/markaryd\/","name":"Markaryd","description":"En till Kristdemokraterna webbplats","inLanguage":"sv-SE"},{"@type":"Person","@id":"https:\/\/wp.kristdemokraterna.se\/markaryd\/#\/schema\/person\/20f6dab07249083ef0edb78a8d691118","name":"markaryd","image":{"@type":"ImageObject","inLanguage":"sv-SE","@id":"https:\/\/secure.gravatar.com\/avatar\/ce5f8ef50c9f87e03a57d5a1a3f910e145199216f82fa8b5dea22840de7efc0e?s=96&r=g","url":"https:\/\/secure.gravatar.com\/avatar\/ce5f8ef50c9f87e03a57d5a1a3f910e145199216f82fa8b5dea22840de7efc0e?s=96&r=g","contentUrl":"https:\/\/secure.gravatar.com\/avatar\/ce5f8ef50c9f87e03a57d5a1a3f910e145199216f82fa8b5dea22840de7efc0e?s=96&r=g","caption":"markaryd"},"url":"https:\/\/wp.kristdemokraterna.se\/markaryd\/author\/markaryd\/"}]}},"_links":{"self":[{"href":"https:\/\/wp.kristdemokraterna.se\/markaryd\/wp-json\/wp\/v2\/posts\/549","targetHints":{"allow":["GET"]}}],"collection":[{"href":"https:\/\/wp.kristdemokraterna.se\/markaryd\/wp-json\/wp\/v2\/posts"}],"about":[{"href":"https:\/\/wp.kristdemokraterna.se\/markaryd\/wp-json\/wp\/v2\/types\/post"}],"author":[{"embeddable":true,"href":"https:\/\/wp.kristdemokraterna.se\/markaryd\/wp-json\/wp\/v2\/users\/474"}],"replies":[{"embeddable":true,"href":"https:\/\/wp.kristdemokraterna.se\/markaryd\/wp-json\/wp\/v2\/comments?post=549"}],"version-history":[{"count":1,"href":"https:\/\/wp.kristdemokraterna.se\/markaryd\/wp-json\/wp\/v2\/posts\/549\/revisions"}],"predecessor-version":[{"id":550,"href":"https:\/\/wp.kristdemokraterna.se\/markaryd\/wp-json\/wp\/v2\/posts\/549\/revisions\/550"}],"wp:attachment":[{"href":"https:\/\/wp.kristdemokraterna.se\/markaryd\/wp-json\/wp\/v2\/media?parent=549"}],"wp:term":[{"taxonomy":"category","embeddable":true,"href":"https:\/\/wp.kristdemokraterna.se\/markaryd\/wp-json\/wp\/v2\/categories?post=549"},{"taxonomy":"post_tag","embeddable":true,"href":"https:\/\/wp.kristdemokraterna.se\/markaryd\/wp-json\/wp\/v2\/tags?post=549"}],"curies":[{"name":"wp","href":"https:\/\/api.w.org\/{rel}","templated":true}]}}