{"id":560,"date":"2017-02-12T01:12:53","date_gmt":"2017-02-12T00:12:53","guid":{"rendered":"http:\/\/wp.kristdemokraterna.se\/markaryd\/?p=560"},"modified":"2017-09-10T01:14:34","modified_gmt":"2017-09-09T23:14:34","slug":"alliansen-i-markaryd-satsar-pa-forebyggande-arbete-for-barnens-basta","status":"publish","type":"post","link":"https:\/\/wp.kristdemokraterna.se\/markaryd\/alliansen-i-markaryd-satsar-pa-forebyggande-arbete-for-barnens-basta\/","title":{"rendered":"Alliansen i Markaryd satsar p\u00e5 f\u00f6rebyggande arbete &#8211; f\u00f6r barnens b\u00e4sta!"},"content":{"rendered":"<p><img loading=\"lazy\" decoding=\"async\" src=\"http:\/\/wp.kristdemokraterna.se\/markaryd\/files\/2017\/09\/2017-02-12-barn_ohalsa.jpg\" alt=\"\" width=\"478\" height=\"262\" class=\"alignnone size-full wp-image-561\" srcset=\"https:\/\/wp.kristdemokraterna.se\/markaryd\/files\/2017\/09\/2017-02-12-barn_ohalsa.jpg 478w, https:\/\/wp.kristdemokraterna.se\/markaryd\/files\/2017\/09\/2017-02-12-barn_ohalsa-300x164.jpg 300w, https:\/\/wp.kristdemokraterna.se\/markaryd\/files\/2017\/09\/2017-02-12-barn_ohalsa-186x102.jpg 186w\" sizes=\"auto, (max-width: 478px) 100vw, 478px\" \/><\/p>\n<p>Alliansens i Markaryd f\u00f6retr\u00e4dare i socialn\u00e4mnden samt utbildnings- och kulturn\u00e4mnden skriver i en debattartikel om v\u00e5ra satsningar p\u00e5 f\u00f6rebyggande arbete &#8211; f\u00f6r barnens b\u00e4sta:<\/p>\n<p>&#8221;Alla barn och unga \u00e4r unikt skapade och v\u00e4rdefulla i sina egna och andras \u00f6gon. Psykisk oh\u00e4lsa i form av oro, \u00e5ngest och negativ stress kan bidra till en k\u00e4nsla av hoppl\u00f6shet och brist p\u00e5 framtidstro och mening. D\u00e4rf\u00f6r beh\u00f6ver vi i f\u00f6rebyggande syfte st\u00e4rka de sammanhang och gemenskaper som v\u00e5ra barn och unga vistas i. Barn och unga som har, eller riskerar att utveckla psykisk oh\u00e4lsa, \u00e4r ett h\u00f6gt prioriterat omr\u00e5de f\u00f6r oss. Psykisk oh\u00e4lsa kan i m\u00e5nga fall utg\u00f6ra ett stort hinder f\u00f6r personlig utveckling och framtida m\u00f6jligheter till ett sj\u00e4lvst\u00e4ndigt liv. Det b\u00e4sta f\u00f6r barnen \u00e4r att tidigt m\u00f6ta en vuxenv\u00e4rld som kan agera gemensamt med fokus p\u00e5 att bibeh\u00e5lla det goda i barnens livssituation. F\u00f6r att lyckas med detta kr\u00e4vs en gedigen samverkan mellan familj, skola och socialtj\u00e4nst.<br \/>\nDen unga flickan p\u00e5 skolg\u00e5rden som k\u00e4nner sig misslyckad f\u00f6r att hon inte f\u00e5r vara med i lekarna med sina klasskompisar, \u00e4r v\u00e4rd v\u00e5r uppm\u00e4rksamhet.<br \/>\nDen 15-\u00e5rige pojken som oroar sig f\u00f6r att komma hem till en tillvaro som pr\u00e4glas av konflikter och otrygghet ska bli sedd och bekr\u00e4ftad i den r\u00e4dsla och \u00e5ngest som en s\u00e5dan hemsituation medf\u00f6r med mera.<br \/>\nAlliansen i Markaryd har d\u00e4rf\u00f6r gett socialn\u00e4mnden och utbildnings- och kulturn\u00e4mnden ett gemensamt uppdrag att genomf\u00f6ra en analys f\u00f6r att kartl\u00e4gga och unders\u00f6ka orsakerna till den psykiska oh\u00e4lsan. Analysen ska sedan ligga till grund f\u00f6r de \u00e5tg\u00e4rder som b\u00f6r vidtas inom den egna n\u00e4mnden som n\u00e4mnd\u00f6vergripande. Alliansen riktar d\u00e4rf\u00f6r sammanlagt 2 miljoner kr till de b\u00e5da n\u00e4mnderna f\u00f6r 2017, med fokus p\u00e5 att st\u00e4rka det f\u00f6rebyggande arbetet.<br \/>\nV\u00e5r vision \u00e4r att skapa goda uppv\u00e4xtvillkor f\u00f6r alla barn och unga i v\u00e5r kommun d\u00e4r den psykiska h\u00e4lsan bibeh\u00e5lls och st\u00e4rks. Det arbetet g\u00f6r vi b\u00e4st tillsammans!&#8221;<\/p>\n<p>Maria Svensson Lundin (KD)<br \/>\nMalin Stadig Lundgren (KD)<br \/>\nBenita Jansson (C)<br \/>\nCarina Gunnarsson (M)<\/p>\n","protected":false},"excerpt":{"rendered":"<p>Alliansens i Markaryd f\u00f6retr\u00e4dare i socialn\u00e4mnden samt utbildnings- och kulturn\u00e4mnden skriver i en debattartikel om v\u00e5ra satsningar p\u00e5 f\u00f6rebyggande arbete &#8211; f\u00f6r barnens b\u00e4sta: &#8221;Alla barn och unga \u00e4r unikt skapade och v\u00e4rdefulla i sina egna och andras \u00f6gon. Psykisk oh\u00e4lsa i form av oro, \u00e5ngest och negativ stress kan bidra till en k\u00e4nsla av <a class=\"read-more-link\" href=\"https:\/\/wp.kristdemokraterna.se\/markaryd\/alliansen-i-markaryd-satsar-pa-forebyggande-arbete-for-barnens-basta\/\">Read More<\/a><\/p>\n","protected":false},"author":474,"featured_media":0,"comment_status":"closed","ping_status":"closed","sticky":false,"template":"","format":"standard","meta":{"_acf_changed":false,"footnotes":""},"categories":[1],"tags":[],"class_list":["post-560","post","type-post","status-publish","format-standard","hentry","category-las-mer"],"acf":[],"yoast_head":"<!-- This site is optimized with the Yoast SEO plugin v27.4 - https:\/\/yoast.com\/product\/yoast-seo-wordpress\/ -->\n<title>Alliansen i Markaryd satsar p\u00e5 f\u00f6rebyggande arbete - f\u00f6r barnens b\u00e4sta! - Markaryd<\/title>\n<meta name=\"robots\" content=\"index, follow, max-snippet:-1, max-image-preview:large, max-video-preview:-1\" \/>\n<link rel=\"canonical\" href=\"https:\/\/wp.kristdemokraterna.se\/markaryd\/alliansen-i-markaryd-satsar-pa-forebyggande-arbete-for-barnens-basta\/\" \/>\n<meta property=\"og:locale\" content=\"sv_SE\" \/>\n<meta property=\"og:type\" content=\"article\" \/>\n<meta property=\"og:title\" content=\"Alliansen i Markaryd satsar p\u00e5 f\u00f6rebyggande arbete - f\u00f6r barnens b\u00e4sta! - Markaryd\" \/>\n<meta property=\"og:description\" content=\"Alliansens i Markaryd f\u00f6retr\u00e4dare i socialn\u00e4mnden samt utbildnings- och kulturn\u00e4mnden skriver i en debattartikel om v\u00e5ra satsningar p\u00e5 f\u00f6rebyggande arbete &#8211; f\u00f6r barnens b\u00e4sta: &#8221;Alla barn och unga \u00e4r unikt skapade och v\u00e4rdefulla i sina egna och andras \u00f6gon. Psykisk oh\u00e4lsa i form av oro, \u00e5ngest och negativ stress kan bidra till en k\u00e4nsla av Read More\" \/>\n<meta property=\"og:url\" content=\"https:\/\/wp.kristdemokraterna.se\/markaryd\/alliansen-i-markaryd-satsar-pa-forebyggande-arbete-for-barnens-basta\/\" \/>\n<meta property=\"og:site_name\" content=\"Markaryd\" \/>\n<meta property=\"article:published_time\" content=\"2017-02-12T00:12:53+00:00\" \/>\n<meta property=\"article:modified_time\" content=\"2017-09-09T23:14:34+00:00\" \/>\n<meta property=\"og:image\" content=\"http:\/\/wp.kristdemokraterna.se\/markaryd\/files\/2017\/09\/2017-02-12-barn_ohalsa.jpg\" \/>\n<meta name=\"author\" content=\"markaryd\" \/>\n<meta name=\"twitter:card\" content=\"summary_large_image\" \/>\n<meta name=\"twitter:label1\" content=\"Skriven av\" \/>\n\t<meta name=\"twitter:data1\" content=\"markaryd\" \/>\n\t<meta name=\"twitter:label2\" content=\"Ber\u00e4knad l\u00e4stid\" \/>\n\t<meta name=\"twitter:data2\" content=\"2 minuter\" \/>\n<script type=\"application\/ld+json\" class=\"yoast-schema-graph\">{\"@context\":\"https:\\\/\\\/schema.org\",\"@graph\":[{\"@type\":\"Article\",\"@id\":\"https:\\\/\\\/wp.kristdemokraterna.se\\\/markaryd\\\/alliansen-i-markaryd-satsar-pa-forebyggande-arbete-for-barnens-basta\\\/#article\",\"isPartOf\":{\"@id\":\"https:\\\/\\\/wp.kristdemokraterna.se\\\/markaryd\\\/alliansen-i-markaryd-satsar-pa-forebyggande-arbete-for-barnens-basta\\\/\"},\"author\":{\"name\":\"markaryd\",\"@id\":\"https:\\\/\\\/wp.kristdemokraterna.se\\\/markaryd\\\/#\\\/schema\\\/person\\\/20f6dab07249083ef0edb78a8d691118\"},\"headline\":\"Alliansen i Markaryd satsar p\u00e5 f\u00f6rebyggande arbete &#8211; f\u00f6r barnens b\u00e4sta!\",\"datePublished\":\"2017-02-12T00:12:53+00:00\",\"dateModified\":\"2017-09-09T23:14:34+00:00\",\"mainEntityOfPage\":{\"@id\":\"https:\\\/\\\/wp.kristdemokraterna.se\\\/markaryd\\\/alliansen-i-markaryd-satsar-pa-forebyggande-arbete-for-barnens-basta\\\/\"},\"wordCount\":421,\"image\":{\"@id\":\"https:\\\/\\\/wp.kristdemokraterna.se\\\/markaryd\\\/alliansen-i-markaryd-satsar-pa-forebyggande-arbete-for-barnens-basta\\\/#primaryimage\"},\"thumbnailUrl\":\"http:\\\/\\\/wp.kristdemokraterna.se\\\/markaryd\\\/files\\\/2017\\\/09\\\/2017-02-12-barn_ohalsa.jpg\",\"articleSection\":[\"L\u00e4s mer\"],\"inLanguage\":\"sv-SE\"},{\"@type\":\"WebPage\",\"@id\":\"https:\\\/\\\/wp.kristdemokraterna.se\\\/markaryd\\\/alliansen-i-markaryd-satsar-pa-forebyggande-arbete-for-barnens-basta\\\/\",\"url\":\"https:\\\/\\\/wp.kristdemokraterna.se\\\/markaryd\\\/alliansen-i-markaryd-satsar-pa-forebyggande-arbete-for-barnens-basta\\\/\",\"name\":\"Alliansen i Markaryd satsar p\u00e5 f\u00f6rebyggande arbete - f\u00f6r barnens b\u00e4sta! - Markaryd\",\"isPartOf\":{\"@id\":\"https:\\\/\\\/wp.kristdemokraterna.se\\\/markaryd\\\/#website\"},\"primaryImageOfPage\":{\"@id\":\"https:\\\/\\\/wp.kristdemokraterna.se\\\/markaryd\\\/alliansen-i-markaryd-satsar-pa-forebyggande-arbete-for-barnens-basta\\\/#primaryimage\"},\"image\":{\"@id\":\"https:\\\/\\\/wp.kristdemokraterna.se\\\/markaryd\\\/alliansen-i-markaryd-satsar-pa-forebyggande-arbete-for-barnens-basta\\\/#primaryimage\"},\"thumbnailUrl\":\"http:\\\/\\\/wp.kristdemokraterna.se\\\/markaryd\\\/files\\\/2017\\\/09\\\/2017-02-12-barn_ohalsa.jpg\",\"datePublished\":\"2017-02-12T00:12:53+00:00\",\"dateModified\":\"2017-09-09T23:14:34+00:00\",\"author\":{\"@id\":\"https:\\\/\\\/wp.kristdemokraterna.se\\\/markaryd\\\/#\\\/schema\\\/person\\\/20f6dab07249083ef0edb78a8d691118\"},\"breadcrumb\":{\"@id\":\"https:\\\/\\\/wp.kristdemokraterna.se\\\/markaryd\\\/alliansen-i-markaryd-satsar-pa-forebyggande-arbete-for-barnens-basta\\\/#breadcrumb\"},\"inLanguage\":\"sv-SE\",\"potentialAction\":[{\"@type\":\"ReadAction\",\"target\":[\"https:\\\/\\\/wp.kristdemokraterna.se\\\/markaryd\\\/alliansen-i-markaryd-satsar-pa-forebyggande-arbete-for-barnens-basta\\\/\"]}]},{\"@type\":\"ImageObject\",\"inLanguage\":\"sv-SE\",\"@id\":\"https:\\\/\\\/wp.kristdemokraterna.se\\\/markaryd\\\/alliansen-i-markaryd-satsar-pa-forebyggande-arbete-for-barnens-basta\\\/#primaryimage\",\"url\":\"https:\\\/\\\/wp.kristdemokraterna.se\\\/markaryd\\\/files\\\/2017\\\/09\\\/2017-02-12-barn_ohalsa.jpg\",\"contentUrl\":\"https:\\\/\\\/wp.kristdemokraterna.se\\\/markaryd\\\/files\\\/2017\\\/09\\\/2017-02-12-barn_ohalsa.jpg\",\"width\":478,\"height\":262},{\"@type\":\"BreadcrumbList\",\"@id\":\"https:\\\/\\\/wp.kristdemokraterna.se\\\/markaryd\\\/alliansen-i-markaryd-satsar-pa-forebyggande-arbete-for-barnens-basta\\\/#breadcrumb\",\"itemListElement\":[{\"@type\":\"ListItem\",\"position\":1,\"name\":\"Hem\",\"item\":\"https:\\\/\\\/wp.kristdemokraterna.se\\\/markaryd\\\/\"},{\"@type\":\"ListItem\",\"position\":2,\"name\":\"Alliansen i Markaryd satsar p\u00e5 f\u00f6rebyggande arbete &#8211; f\u00f6r barnens b\u00e4sta!\"}]},{\"@type\":\"WebSite\",\"@id\":\"https:\\\/\\\/wp.kristdemokraterna.se\\\/markaryd\\\/#website\",\"url\":\"https:\\\/\\\/wp.kristdemokraterna.se\\\/markaryd\\\/\",\"name\":\"Markaryd\",\"description\":\"En till Kristdemokraterna webbplats\",\"inLanguage\":\"sv-SE\"},{\"@type\":\"Person\",\"@id\":\"https:\\\/\\\/wp.kristdemokraterna.se\\\/markaryd\\\/#\\\/schema\\\/person\\\/20f6dab07249083ef0edb78a8d691118\",\"name\":\"markaryd\",\"image\":{\"@type\":\"ImageObject\",\"inLanguage\":\"sv-SE\",\"@id\":\"https:\\\/\\\/secure.gravatar.com\\\/avatar\\\/ce5f8ef50c9f87e03a57d5a1a3f910e145199216f82fa8b5dea22840de7efc0e?s=96&r=g\",\"url\":\"https:\\\/\\\/secure.gravatar.com\\\/avatar\\\/ce5f8ef50c9f87e03a57d5a1a3f910e145199216f82fa8b5dea22840de7efc0e?s=96&r=g\",\"contentUrl\":\"https:\\\/\\\/secure.gravatar.com\\\/avatar\\\/ce5f8ef50c9f87e03a57d5a1a3f910e145199216f82fa8b5dea22840de7efc0e?s=96&r=g\",\"caption\":\"markaryd\"},\"url\":\"https:\\\/\\\/wp.kristdemokraterna.se\\\/markaryd\\\/author\\\/markaryd\\\/\"}]}<\/script>\n<!-- \/ Yoast SEO plugin. -->","yoast_head_json":{"title":"Alliansen i Markaryd satsar p\u00e5 f\u00f6rebyggande arbete - f\u00f6r barnens b\u00e4sta! - Markaryd","robots":{"index":"index","follow":"follow","max-snippet":"max-snippet:-1","max-image-preview":"max-image-preview:large","max-video-preview":"max-video-preview:-1"},"canonical":"https:\/\/wp.kristdemokraterna.se\/markaryd\/alliansen-i-markaryd-satsar-pa-forebyggande-arbete-for-barnens-basta\/","og_locale":"sv_SE","og_type":"article","og_title":"Alliansen i Markaryd satsar p\u00e5 f\u00f6rebyggande arbete - f\u00f6r barnens b\u00e4sta! - Markaryd","og_description":"Alliansens i Markaryd f\u00f6retr\u00e4dare i socialn\u00e4mnden samt utbildnings- och kulturn\u00e4mnden skriver i en debattartikel om v\u00e5ra satsningar p\u00e5 f\u00f6rebyggande arbete &#8211; f\u00f6r barnens b\u00e4sta: &#8221;Alla barn och unga \u00e4r unikt skapade och v\u00e4rdefulla i sina egna och andras \u00f6gon. Psykisk oh\u00e4lsa i form av oro, \u00e5ngest och negativ stress kan bidra till en k\u00e4nsla av Read More","og_url":"https:\/\/wp.kristdemokraterna.se\/markaryd\/alliansen-i-markaryd-satsar-pa-forebyggande-arbete-for-barnens-basta\/","og_site_name":"Markaryd","article_published_time":"2017-02-12T00:12:53+00:00","article_modified_time":"2017-09-09T23:14:34+00:00","og_image":[{"url":"http:\/\/wp.kristdemokraterna.se\/markaryd\/files\/2017\/09\/2017-02-12-barn_ohalsa.jpg","type":"","width":"","height":""}],"author":"markaryd","twitter_card":"summary_large_image","twitter_misc":{"Skriven av":"markaryd","Ber\u00e4knad l\u00e4stid":"2 minuter"},"schema":{"@context":"https:\/\/schema.org","@graph":[{"@type":"Article","@id":"https:\/\/wp.kristdemokraterna.se\/markaryd\/alliansen-i-markaryd-satsar-pa-forebyggande-arbete-for-barnens-basta\/#article","isPartOf":{"@id":"https:\/\/wp.kristdemokraterna.se\/markaryd\/alliansen-i-markaryd-satsar-pa-forebyggande-arbete-for-barnens-basta\/"},"author":{"name":"markaryd","@id":"https:\/\/wp.kristdemokraterna.se\/markaryd\/#\/schema\/person\/20f6dab07249083ef0edb78a8d691118"},"headline":"Alliansen i Markaryd satsar p\u00e5 f\u00f6rebyggande arbete &#8211; f\u00f6r barnens b\u00e4sta!","datePublished":"2017-02-12T00:12:53+00:00","dateModified":"2017-09-09T23:14:34+00:00","mainEntityOfPage":{"@id":"https:\/\/wp.kristdemokraterna.se\/markaryd\/alliansen-i-markaryd-satsar-pa-forebyggande-arbete-for-barnens-basta\/"},"wordCount":421,"image":{"@id":"https:\/\/wp.kristdemokraterna.se\/markaryd\/alliansen-i-markaryd-satsar-pa-forebyggande-arbete-for-barnens-basta\/#primaryimage"},"thumbnailUrl":"http:\/\/wp.kristdemokraterna.se\/markaryd\/files\/2017\/09\/2017-02-12-barn_ohalsa.jpg","articleSection":["L\u00e4s mer"],"inLanguage":"sv-SE"},{"@type":"WebPage","@id":"https:\/\/wp.kristdemokraterna.se\/markaryd\/alliansen-i-markaryd-satsar-pa-forebyggande-arbete-for-barnens-basta\/","url":"https:\/\/wp.kristdemokraterna.se\/markaryd\/alliansen-i-markaryd-satsar-pa-forebyggande-arbete-for-barnens-basta\/","name":"Alliansen i Markaryd satsar p\u00e5 f\u00f6rebyggande arbete - f\u00f6r barnens b\u00e4sta! - Markaryd","isPartOf":{"@id":"https:\/\/wp.kristdemokraterna.se\/markaryd\/#website"},"primaryImageOfPage":{"@id":"https:\/\/wp.kristdemokraterna.se\/markaryd\/alliansen-i-markaryd-satsar-pa-forebyggande-arbete-for-barnens-basta\/#primaryimage"},"image":{"@id":"https:\/\/wp.kristdemokraterna.se\/markaryd\/alliansen-i-markaryd-satsar-pa-forebyggande-arbete-for-barnens-basta\/#primaryimage"},"thumbnailUrl":"http:\/\/wp.kristdemokraterna.se\/markaryd\/files\/2017\/09\/2017-02-12-barn_ohalsa.jpg","datePublished":"2017-02-12T00:12:53+00:00","dateModified":"2017-09-09T23:14:34+00:00","author":{"@id":"https:\/\/wp.kristdemokraterna.se\/markaryd\/#\/schema\/person\/20f6dab07249083ef0edb78a8d691118"},"breadcrumb":{"@id":"https:\/\/wp.kristdemokraterna.se\/markaryd\/alliansen-i-markaryd-satsar-pa-forebyggande-arbete-for-barnens-basta\/#breadcrumb"},"inLanguage":"sv-SE","potentialAction":[{"@type":"ReadAction","target":["https:\/\/wp.kristdemokraterna.se\/markaryd\/alliansen-i-markaryd-satsar-pa-forebyggande-arbete-for-barnens-basta\/"]}]},{"@type":"ImageObject","inLanguage":"sv-SE","@id":"https:\/\/wp.kristdemokraterna.se\/markaryd\/alliansen-i-markaryd-satsar-pa-forebyggande-arbete-for-barnens-basta\/#primaryimage","url":"https:\/\/wp.kristdemokraterna.se\/markaryd\/files\/2017\/09\/2017-02-12-barn_ohalsa.jpg","contentUrl":"https:\/\/wp.kristdemokraterna.se\/markaryd\/files\/2017\/09\/2017-02-12-barn_ohalsa.jpg","width":478,"height":262},{"@type":"BreadcrumbList","@id":"https:\/\/wp.kristdemokraterna.se\/markaryd\/alliansen-i-markaryd-satsar-pa-forebyggande-arbete-for-barnens-basta\/#breadcrumb","itemListElement":[{"@type":"ListItem","position":1,"name":"Hem","item":"https:\/\/wp.kristdemokraterna.se\/markaryd\/"},{"@type":"ListItem","position":2,"name":"Alliansen i Markaryd satsar p\u00e5 f\u00f6rebyggande arbete &#8211; f\u00f6r barnens b\u00e4sta!"}]},{"@type":"WebSite","@id":"https:\/\/wp.kristdemokraterna.se\/markaryd\/#website","url":"https:\/\/wp.kristdemokraterna.se\/markaryd\/","name":"Markaryd","description":"En till Kristdemokraterna webbplats","inLanguage":"sv-SE"},{"@type":"Person","@id":"https:\/\/wp.kristdemokraterna.se\/markaryd\/#\/schema\/person\/20f6dab07249083ef0edb78a8d691118","name":"markaryd","image":{"@type":"ImageObject","inLanguage":"sv-SE","@id":"https:\/\/secure.gravatar.com\/avatar\/ce5f8ef50c9f87e03a57d5a1a3f910e145199216f82fa8b5dea22840de7efc0e?s=96&r=g","url":"https:\/\/secure.gravatar.com\/avatar\/ce5f8ef50c9f87e03a57d5a1a3f910e145199216f82fa8b5dea22840de7efc0e?s=96&r=g","contentUrl":"https:\/\/secure.gravatar.com\/avatar\/ce5f8ef50c9f87e03a57d5a1a3f910e145199216f82fa8b5dea22840de7efc0e?s=96&r=g","caption":"markaryd"},"url":"https:\/\/wp.kristdemokraterna.se\/markaryd\/author\/markaryd\/"}]}},"_links":{"self":[{"href":"https:\/\/wp.kristdemokraterna.se\/markaryd\/wp-json\/wp\/v2\/posts\/560","targetHints":{"allow":["GET"]}}],"collection":[{"href":"https:\/\/wp.kristdemokraterna.se\/markaryd\/wp-json\/wp\/v2\/posts"}],"about":[{"href":"https:\/\/wp.kristdemokraterna.se\/markaryd\/wp-json\/wp\/v2\/types\/post"}],"author":[{"embeddable":true,"href":"https:\/\/wp.kristdemokraterna.se\/markaryd\/wp-json\/wp\/v2\/users\/474"}],"replies":[{"embeddable":true,"href":"https:\/\/wp.kristdemokraterna.se\/markaryd\/wp-json\/wp\/v2\/comments?post=560"}],"version-history":[{"count":1,"href":"https:\/\/wp.kristdemokraterna.se\/markaryd\/wp-json\/wp\/v2\/posts\/560\/revisions"}],"predecessor-version":[{"id":562,"href":"https:\/\/wp.kristdemokraterna.se\/markaryd\/wp-json\/wp\/v2\/posts\/560\/revisions\/562"}],"wp:attachment":[{"href":"https:\/\/wp.kristdemokraterna.se\/markaryd\/wp-json\/wp\/v2\/media?parent=560"}],"wp:term":[{"taxonomy":"category","embeddable":true,"href":"https:\/\/wp.kristdemokraterna.se\/markaryd\/wp-json\/wp\/v2\/categories?post=560"},{"taxonomy":"post_tag","embeddable":true,"href":"https:\/\/wp.kristdemokraterna.se\/markaryd\/wp-json\/wp\/v2\/tags?post=560"}],"curies":[{"name":"wp","href":"https:\/\/api.w.org\/{rel}","templated":true}]}}