{"id":643,"date":"2018-01-20T20:44:34","date_gmt":"2018-01-20T19:44:34","guid":{"rendered":"http:\/\/wp.kristdemokraterna.se\/markaryd\/?p=643"},"modified":"2018-01-21T21:18:53","modified_gmt":"2018-01-21T20:18:53","slug":"valbesokt-kick-off-for-kd-i-markaryd","status":"publish","type":"post","link":"https:\/\/wp.kristdemokraterna.se\/markaryd\/valbesokt-kick-off-for-kd-i-markaryd\/","title":{"rendered":"V\u00e4lbes\u00f6kt kick-off f\u00f6r KD i Markaryd"},"content":{"rendered":"<p><img loading=\"lazy\" decoding=\"async\" class=\"alignnone size-full wp-image-644\" src=\"http:\/\/wp.kristdemokraterna.se\/markaryd\/files\/2018\/01\/2018-01-20-kick-off-gruppbild.jpg\" alt=\"\" width=\"3264\" height=\"2448\" srcset=\"https:\/\/wp.kristdemokraterna.se\/markaryd\/files\/2018\/01\/2018-01-20-kick-off-gruppbild.jpg 3264w, https:\/\/wp.kristdemokraterna.se\/markaryd\/files\/2018\/01\/2018-01-20-kick-off-gruppbild-300x225.jpg 300w, https:\/\/wp.kristdemokraterna.se\/markaryd\/files\/2018\/01\/2018-01-20-kick-off-gruppbild-768x576.jpg 768w, https:\/\/wp.kristdemokraterna.se\/markaryd\/files\/2018\/01\/2018-01-20-kick-off-gruppbild-540x405.jpg 540w, https:\/\/wp.kristdemokraterna.se\/markaryd\/files\/2018\/01\/2018-01-20-kick-off-gruppbild-461x346.jpg 461w, https:\/\/wp.kristdemokraterna.se\/markaryd\/files\/2018\/01\/2018-01-20-kick-off-gruppbild-149x112.jpg 149w\" sizes=\"auto, (max-width: 3264px) 100vw, 3264px\" \/><\/p>\n<p>St\u00e4mningen var p\u00e5 topp n\u00e4r 25-30 kristdemokrater fr\u00e5n partiavdelningen i Markaryd samlades idag p\u00e5 Ekebackens Hotell &amp; Konferens f\u00f6r en kick-off inf\u00f6r val\u00e5ret 2018. Distriktets f\u00f6rstanamn p\u00e5 valsedeln till Riksdagen, Patrik \u00c5kesson fr\u00e5n V\u00e4xj\u00f6, h\u00f6ll ett inspirerande anf\u00f6rande om sin bakgrund och v\u00e4gen fram till sitt politiska engagemang. Patrik kommer att bli en positiv kraft i valr\u00f6relsen med sina kontakter inom n\u00e4ringslivet och sportv\u00e4rlden. Han driver fortfarande ett par f\u00f6retag och var som sportchef i V\u00e4xj\u00f6 Lakers en bidragande kraft till att laget idag \u00e4r bland de b\u00e4sta i SHL. Patrik ber\u00e4ttade ocks\u00e5 att familjepolitiken och f\u00f6retagarfr\u00e5gorna ligger honom varmt om hj\u00e4rtat och han lovade st\u00f6tta partiavdelningen i Markaryd i den kommande valr\u00f6relsen.<\/p>\n<p>Bengt Germundsson, ordf\u00f6rande i partiavdelningen, ber\u00e4ttade d\u00e4refter om kristdemokratisk ideologi och den v\u00e4rdegrund partiet st\u00e5r p\u00e5 och som utg\u00f6r grunden f\u00f6r v\u00e5rt politiska engagemang. Han redovisade ocks\u00e5 huvuddragen i den valplan partiet lokalt kommer att arbeta efter och kunde \u00e4ven ber\u00e4tta att Kristdemokraterna i Markaryd s\u00e5 h\u00e4r l\u00e5ngt har uppfyllt 17 av de 22 vall\u00f6ften partiet gick till val p\u00e5. Fyra av de \u00f6vriga vall\u00f6ftena \u00e4r p\u00e5 god v\u00e4g att uppfyllas medan endast ett sannolikt inte kommer att hinna uppfyllas under den h\u00e4r mandatperioden.<\/p>\n<p>Slutligen blev det en inspirerande diskussion under gruppledaren Samuel Wombells ledning d\u00e5 deltagarna lyfte fram en rad f\u00f6rslag till fr\u00e5gor att arbeta vidare med som inriktning f\u00f6r partiets politik i Markaryds kommun under de kommande \u00e5ren.<\/p>\n<p>Dagen avslutades med en middag och av kommentarerna att d\u00f6ma var deltagarna mycket n\u00f6jda och inspirerade \u00f6ver dagen. Det b\u00e5dar verkligen gott f\u00f6r den kommande valr\u00f6relsen!<\/p>\n","protected":false},"excerpt":{"rendered":"<p>St\u00e4mningen var p\u00e5 topp n\u00e4r 25-30 kristdemokrater fr\u00e5n partiavdelningen i Markaryd samlades idag p\u00e5 Ekebackens Hotell &amp; Konferens f\u00f6r en kick-off inf\u00f6r val\u00e5ret 2018. Distriktets f\u00f6rstanamn p\u00e5 valsedeln till Riksdagen, Patrik \u00c5kesson fr\u00e5n V\u00e4xj\u00f6, h\u00f6ll ett inspirerande anf\u00f6rande om sin bakgrund och v\u00e4gen fram till sitt politiska engagemang. Patrik kommer att bli en positiv kraft <a class=\"read-more-link\" href=\"https:\/\/wp.kristdemokraterna.se\/markaryd\/valbesokt-kick-off-for-kd-i-markaryd\/\">Read More<\/a><\/p>\n","protected":false},"author":474,"featured_media":0,"comment_status":"closed","ping_status":"closed","sticky":false,"template":"","format":"standard","meta":{"_acf_changed":false,"footnotes":""},"categories":[1],"tags":[],"class_list":["post-643","post","type-post","status-publish","format-standard","hentry","category-las-mer"],"acf":[],"yoast_head":"<!-- This site is optimized with the Yoast SEO plugin v27.5 - https:\/\/yoast.com\/product\/yoast-seo-wordpress\/ -->\n<title>V\u00e4lbes\u00f6kt kick-off f\u00f6r KD i Markaryd - Markaryd<\/title>\n<meta name=\"robots\" content=\"index, follow, max-snippet:-1, max-image-preview:large, max-video-preview:-1\" \/>\n<link rel=\"canonical\" href=\"https:\/\/wp.kristdemokraterna.se\/markaryd\/valbesokt-kick-off-for-kd-i-markaryd\/\" \/>\n<meta property=\"og:locale\" content=\"sv_SE\" \/>\n<meta property=\"og:type\" content=\"article\" \/>\n<meta property=\"og:title\" content=\"V\u00e4lbes\u00f6kt kick-off f\u00f6r KD i Markaryd - Markaryd\" \/>\n<meta property=\"og:description\" content=\"St\u00e4mningen var p\u00e5 topp n\u00e4r 25-30 kristdemokrater fr\u00e5n partiavdelningen i Markaryd samlades idag p\u00e5 Ekebackens Hotell &amp; Konferens f\u00f6r en kick-off inf\u00f6r val\u00e5ret 2018. Distriktets f\u00f6rstanamn p\u00e5 valsedeln till Riksdagen, Patrik \u00c5kesson fr\u00e5n V\u00e4xj\u00f6, h\u00f6ll ett inspirerande anf\u00f6rande om sin bakgrund och v\u00e4gen fram till sitt politiska engagemang. Patrik kommer att bli en positiv kraft Read More\" \/>\n<meta property=\"og:url\" content=\"https:\/\/wp.kristdemokraterna.se\/markaryd\/valbesokt-kick-off-for-kd-i-markaryd\/\" \/>\n<meta property=\"og:site_name\" content=\"Markaryd\" \/>\n<meta property=\"article:published_time\" content=\"2018-01-20T19:44:34+00:00\" \/>\n<meta property=\"article:modified_time\" content=\"2018-01-21T20:18:53+00:00\" \/>\n<meta property=\"og:image\" content=\"http:\/\/wp.kristdemokraterna.se\/markaryd\/files\/2018\/01\/2018-01-20-kick-off-gruppbild.jpg\" \/>\n<meta name=\"author\" content=\"markaryd\" \/>\n<meta name=\"twitter:card\" content=\"summary_large_image\" \/>\n<meta name=\"twitter:label1\" content=\"Skriven av\" \/>\n\t<meta name=\"twitter:data1\" content=\"markaryd\" \/>\n\t<meta name=\"twitter:label2\" content=\"Ber\u00e4knad l\u00e4stid\" \/>\n\t<meta name=\"twitter:data2\" content=\"2 minuter\" \/>\n<script type=\"application\/ld+json\" class=\"yoast-schema-graph\">{\"@context\":\"https:\\\/\\\/schema.org\",\"@graph\":[{\"@type\":\"Article\",\"@id\":\"https:\\\/\\\/wp.kristdemokraterna.se\\\/markaryd\\\/valbesokt-kick-off-for-kd-i-markaryd\\\/#article\",\"isPartOf\":{\"@id\":\"https:\\\/\\\/wp.kristdemokraterna.se\\\/markaryd\\\/valbesokt-kick-off-for-kd-i-markaryd\\\/\"},\"author\":{\"name\":\"markaryd\",\"@id\":\"https:\\\/\\\/wp.kristdemokraterna.se\\\/markaryd\\\/#\\\/schema\\\/person\\\/20f6dab07249083ef0edb78a8d691118\"},\"headline\":\"V\u00e4lbes\u00f6kt kick-off f\u00f6r KD i Markaryd\",\"datePublished\":\"2018-01-20T19:44:34+00:00\",\"dateModified\":\"2018-01-21T20:18:53+00:00\",\"mainEntityOfPage\":{\"@id\":\"https:\\\/\\\/wp.kristdemokraterna.se\\\/markaryd\\\/valbesokt-kick-off-for-kd-i-markaryd\\\/\"},\"wordCount\":312,\"image\":{\"@id\":\"https:\\\/\\\/wp.kristdemokraterna.se\\\/markaryd\\\/valbesokt-kick-off-for-kd-i-markaryd\\\/#primaryimage\"},\"thumbnailUrl\":\"http:\\\/\\\/wp.kristdemokraterna.se\\\/markaryd\\\/files\\\/2018\\\/01\\\/2018-01-20-kick-off-gruppbild.jpg\",\"articleSection\":[\"L\u00e4s mer\"],\"inLanguage\":\"sv-SE\"},{\"@type\":\"WebPage\",\"@id\":\"https:\\\/\\\/wp.kristdemokraterna.se\\\/markaryd\\\/valbesokt-kick-off-for-kd-i-markaryd\\\/\",\"url\":\"https:\\\/\\\/wp.kristdemokraterna.se\\\/markaryd\\\/valbesokt-kick-off-for-kd-i-markaryd\\\/\",\"name\":\"V\u00e4lbes\u00f6kt kick-off f\u00f6r KD i Markaryd - Markaryd\",\"isPartOf\":{\"@id\":\"https:\\\/\\\/wp.kristdemokraterna.se\\\/markaryd\\\/#website\"},\"primaryImageOfPage\":{\"@id\":\"https:\\\/\\\/wp.kristdemokraterna.se\\\/markaryd\\\/valbesokt-kick-off-for-kd-i-markaryd\\\/#primaryimage\"},\"image\":{\"@id\":\"https:\\\/\\\/wp.kristdemokraterna.se\\\/markaryd\\\/valbesokt-kick-off-for-kd-i-markaryd\\\/#primaryimage\"},\"thumbnailUrl\":\"http:\\\/\\\/wp.kristdemokraterna.se\\\/markaryd\\\/files\\\/2018\\\/01\\\/2018-01-20-kick-off-gruppbild.jpg\",\"datePublished\":\"2018-01-20T19:44:34+00:00\",\"dateModified\":\"2018-01-21T20:18:53+00:00\",\"author\":{\"@id\":\"https:\\\/\\\/wp.kristdemokraterna.se\\\/markaryd\\\/#\\\/schema\\\/person\\\/20f6dab07249083ef0edb78a8d691118\"},\"breadcrumb\":{\"@id\":\"https:\\\/\\\/wp.kristdemokraterna.se\\\/markaryd\\\/valbesokt-kick-off-for-kd-i-markaryd\\\/#breadcrumb\"},\"inLanguage\":\"sv-SE\",\"potentialAction\":[{\"@type\":\"ReadAction\",\"target\":[\"https:\\\/\\\/wp.kristdemokraterna.se\\\/markaryd\\\/valbesokt-kick-off-for-kd-i-markaryd\\\/\"]}]},{\"@type\":\"ImageObject\",\"inLanguage\":\"sv-SE\",\"@id\":\"https:\\\/\\\/wp.kristdemokraterna.se\\\/markaryd\\\/valbesokt-kick-off-for-kd-i-markaryd\\\/#primaryimage\",\"url\":\"https:\\\/\\\/wp.kristdemokraterna.se\\\/markaryd\\\/files\\\/2018\\\/01\\\/2018-01-20-kick-off-gruppbild.jpg\",\"contentUrl\":\"https:\\\/\\\/wp.kristdemokraterna.se\\\/markaryd\\\/files\\\/2018\\\/01\\\/2018-01-20-kick-off-gruppbild.jpg\",\"width\":3264,\"height\":2448},{\"@type\":\"BreadcrumbList\",\"@id\":\"https:\\\/\\\/wp.kristdemokraterna.se\\\/markaryd\\\/valbesokt-kick-off-for-kd-i-markaryd\\\/#breadcrumb\",\"itemListElement\":[{\"@type\":\"ListItem\",\"position\":1,\"name\":\"Hem\",\"item\":\"https:\\\/\\\/wp.kristdemokraterna.se\\\/markaryd\\\/\"},{\"@type\":\"ListItem\",\"position\":2,\"name\":\"V\u00e4lbes\u00f6kt kick-off f\u00f6r KD i Markaryd\"}]},{\"@type\":\"WebSite\",\"@id\":\"https:\\\/\\\/wp.kristdemokraterna.se\\\/markaryd\\\/#website\",\"url\":\"https:\\\/\\\/wp.kristdemokraterna.se\\\/markaryd\\\/\",\"name\":\"Markaryd\",\"description\":\"En till Kristdemokraterna webbplats\",\"inLanguage\":\"sv-SE\"},{\"@type\":\"Person\",\"@id\":\"https:\\\/\\\/wp.kristdemokraterna.se\\\/markaryd\\\/#\\\/schema\\\/person\\\/20f6dab07249083ef0edb78a8d691118\",\"name\":\"markaryd\",\"image\":{\"@type\":\"ImageObject\",\"inLanguage\":\"sv-SE\",\"@id\":\"https:\\\/\\\/secure.gravatar.com\\\/avatar\\\/ce5f8ef50c9f87e03a57d5a1a3f910e145199216f82fa8b5dea22840de7efc0e?s=96&r=g\",\"url\":\"https:\\\/\\\/secure.gravatar.com\\\/avatar\\\/ce5f8ef50c9f87e03a57d5a1a3f910e145199216f82fa8b5dea22840de7efc0e?s=96&r=g\",\"contentUrl\":\"https:\\\/\\\/secure.gravatar.com\\\/avatar\\\/ce5f8ef50c9f87e03a57d5a1a3f910e145199216f82fa8b5dea22840de7efc0e?s=96&r=g\",\"caption\":\"markaryd\"},\"url\":\"https:\\\/\\\/wp.kristdemokraterna.se\\\/markaryd\\\/author\\\/markaryd\\\/\"}]}<\/script>\n<!-- \/ Yoast SEO plugin. -->","yoast_head_json":{"title":"V\u00e4lbes\u00f6kt kick-off f\u00f6r KD i Markaryd - Markaryd","robots":{"index":"index","follow":"follow","max-snippet":"max-snippet:-1","max-image-preview":"max-image-preview:large","max-video-preview":"max-video-preview:-1"},"canonical":"https:\/\/wp.kristdemokraterna.se\/markaryd\/valbesokt-kick-off-for-kd-i-markaryd\/","og_locale":"sv_SE","og_type":"article","og_title":"V\u00e4lbes\u00f6kt kick-off f\u00f6r KD i Markaryd - Markaryd","og_description":"St\u00e4mningen var p\u00e5 topp n\u00e4r 25-30 kristdemokrater fr\u00e5n partiavdelningen i Markaryd samlades idag p\u00e5 Ekebackens Hotell &amp; Konferens f\u00f6r en kick-off inf\u00f6r val\u00e5ret 2018. Distriktets f\u00f6rstanamn p\u00e5 valsedeln till Riksdagen, Patrik \u00c5kesson fr\u00e5n V\u00e4xj\u00f6, h\u00f6ll ett inspirerande anf\u00f6rande om sin bakgrund och v\u00e4gen fram till sitt politiska engagemang. Patrik kommer att bli en positiv kraft Read More","og_url":"https:\/\/wp.kristdemokraterna.se\/markaryd\/valbesokt-kick-off-for-kd-i-markaryd\/","og_site_name":"Markaryd","article_published_time":"2018-01-20T19:44:34+00:00","article_modified_time":"2018-01-21T20:18:53+00:00","og_image":[{"url":"http:\/\/wp.kristdemokraterna.se\/markaryd\/files\/2018\/01\/2018-01-20-kick-off-gruppbild.jpg","type":"","width":"","height":""}],"author":"markaryd","twitter_card":"summary_large_image","twitter_misc":{"Skriven av":"markaryd","Ber\u00e4knad l\u00e4stid":"2 minuter"},"schema":{"@context":"https:\/\/schema.org","@graph":[{"@type":"Article","@id":"https:\/\/wp.kristdemokraterna.se\/markaryd\/valbesokt-kick-off-for-kd-i-markaryd\/#article","isPartOf":{"@id":"https:\/\/wp.kristdemokraterna.se\/markaryd\/valbesokt-kick-off-for-kd-i-markaryd\/"},"author":{"name":"markaryd","@id":"https:\/\/wp.kristdemokraterna.se\/markaryd\/#\/schema\/person\/20f6dab07249083ef0edb78a8d691118"},"headline":"V\u00e4lbes\u00f6kt kick-off f\u00f6r KD i Markaryd","datePublished":"2018-01-20T19:44:34+00:00","dateModified":"2018-01-21T20:18:53+00:00","mainEntityOfPage":{"@id":"https:\/\/wp.kristdemokraterna.se\/markaryd\/valbesokt-kick-off-for-kd-i-markaryd\/"},"wordCount":312,"image":{"@id":"https:\/\/wp.kristdemokraterna.se\/markaryd\/valbesokt-kick-off-for-kd-i-markaryd\/#primaryimage"},"thumbnailUrl":"http:\/\/wp.kristdemokraterna.se\/markaryd\/files\/2018\/01\/2018-01-20-kick-off-gruppbild.jpg","articleSection":["L\u00e4s mer"],"inLanguage":"sv-SE"},{"@type":"WebPage","@id":"https:\/\/wp.kristdemokraterna.se\/markaryd\/valbesokt-kick-off-for-kd-i-markaryd\/","url":"https:\/\/wp.kristdemokraterna.se\/markaryd\/valbesokt-kick-off-for-kd-i-markaryd\/","name":"V\u00e4lbes\u00f6kt kick-off f\u00f6r KD i Markaryd - Markaryd","isPartOf":{"@id":"https:\/\/wp.kristdemokraterna.se\/markaryd\/#website"},"primaryImageOfPage":{"@id":"https:\/\/wp.kristdemokraterna.se\/markaryd\/valbesokt-kick-off-for-kd-i-markaryd\/#primaryimage"},"image":{"@id":"https:\/\/wp.kristdemokraterna.se\/markaryd\/valbesokt-kick-off-for-kd-i-markaryd\/#primaryimage"},"thumbnailUrl":"http:\/\/wp.kristdemokraterna.se\/markaryd\/files\/2018\/01\/2018-01-20-kick-off-gruppbild.jpg","datePublished":"2018-01-20T19:44:34+00:00","dateModified":"2018-01-21T20:18:53+00:00","author":{"@id":"https:\/\/wp.kristdemokraterna.se\/markaryd\/#\/schema\/person\/20f6dab07249083ef0edb78a8d691118"},"breadcrumb":{"@id":"https:\/\/wp.kristdemokraterna.se\/markaryd\/valbesokt-kick-off-for-kd-i-markaryd\/#breadcrumb"},"inLanguage":"sv-SE","potentialAction":[{"@type":"ReadAction","target":["https:\/\/wp.kristdemokraterna.se\/markaryd\/valbesokt-kick-off-for-kd-i-markaryd\/"]}]},{"@type":"ImageObject","inLanguage":"sv-SE","@id":"https:\/\/wp.kristdemokraterna.se\/markaryd\/valbesokt-kick-off-for-kd-i-markaryd\/#primaryimage","url":"https:\/\/wp.kristdemokraterna.se\/markaryd\/files\/2018\/01\/2018-01-20-kick-off-gruppbild.jpg","contentUrl":"https:\/\/wp.kristdemokraterna.se\/markaryd\/files\/2018\/01\/2018-01-20-kick-off-gruppbild.jpg","width":3264,"height":2448},{"@type":"BreadcrumbList","@id":"https:\/\/wp.kristdemokraterna.se\/markaryd\/valbesokt-kick-off-for-kd-i-markaryd\/#breadcrumb","itemListElement":[{"@type":"ListItem","position":1,"name":"Hem","item":"https:\/\/wp.kristdemokraterna.se\/markaryd\/"},{"@type":"ListItem","position":2,"name":"V\u00e4lbes\u00f6kt kick-off f\u00f6r KD i Markaryd"}]},{"@type":"WebSite","@id":"https:\/\/wp.kristdemokraterna.se\/markaryd\/#website","url":"https:\/\/wp.kristdemokraterna.se\/markaryd\/","name":"Markaryd","description":"En till Kristdemokraterna webbplats","inLanguage":"sv-SE"},{"@type":"Person","@id":"https:\/\/wp.kristdemokraterna.se\/markaryd\/#\/schema\/person\/20f6dab07249083ef0edb78a8d691118","name":"markaryd","image":{"@type":"ImageObject","inLanguage":"sv-SE","@id":"https:\/\/secure.gravatar.com\/avatar\/ce5f8ef50c9f87e03a57d5a1a3f910e145199216f82fa8b5dea22840de7efc0e?s=96&r=g","url":"https:\/\/secure.gravatar.com\/avatar\/ce5f8ef50c9f87e03a57d5a1a3f910e145199216f82fa8b5dea22840de7efc0e?s=96&r=g","contentUrl":"https:\/\/secure.gravatar.com\/avatar\/ce5f8ef50c9f87e03a57d5a1a3f910e145199216f82fa8b5dea22840de7efc0e?s=96&r=g","caption":"markaryd"},"url":"https:\/\/wp.kristdemokraterna.se\/markaryd\/author\/markaryd\/"}]}},"_links":{"self":[{"href":"https:\/\/wp.kristdemokraterna.se\/markaryd\/wp-json\/wp\/v2\/posts\/643","targetHints":{"allow":["GET"]}}],"collection":[{"href":"https:\/\/wp.kristdemokraterna.se\/markaryd\/wp-json\/wp\/v2\/posts"}],"about":[{"href":"https:\/\/wp.kristdemokraterna.se\/markaryd\/wp-json\/wp\/v2\/types\/post"}],"author":[{"embeddable":true,"href":"https:\/\/wp.kristdemokraterna.se\/markaryd\/wp-json\/wp\/v2\/users\/474"}],"replies":[{"embeddable":true,"href":"https:\/\/wp.kristdemokraterna.se\/markaryd\/wp-json\/wp\/v2\/comments?post=643"}],"version-history":[{"count":4,"href":"https:\/\/wp.kristdemokraterna.se\/markaryd\/wp-json\/wp\/v2\/posts\/643\/revisions"}],"predecessor-version":[{"id":647,"href":"https:\/\/wp.kristdemokraterna.se\/markaryd\/wp-json\/wp\/v2\/posts\/643\/revisions\/647"}],"wp:attachment":[{"href":"https:\/\/wp.kristdemokraterna.se\/markaryd\/wp-json\/wp\/v2\/media?parent=643"}],"wp:term":[{"taxonomy":"category","embeddable":true,"href":"https:\/\/wp.kristdemokraterna.se\/markaryd\/wp-json\/wp\/v2\/categories?post=643"},{"taxonomy":"post_tag","embeddable":true,"href":"https:\/\/wp.kristdemokraterna.se\/markaryd\/wp-json\/wp\/v2\/tags?post=643"}],"curies":[{"name":"wp","href":"https:\/\/api.w.org\/{rel}","templated":true}]}}