{"id":800,"date":"2022-08-15T16:32:47","date_gmt":"2022-08-15T14:32:47","guid":{"rendered":"https:\/\/wp.kristdemokraterna.se\/markaryd\/?p=800"},"modified":"2022-08-30T21:52:27","modified_gmt":"2022-08-30T19:52:27","slug":"pubkvallar-med-kd-markaryd","status":"publish","type":"post","link":"https:\/\/wp.kristdemokraterna.se\/markaryd\/pubkvallar-med-kd-markaryd\/","title":{"rendered":"Pubkv\u00e4llar med KD Markaryd"},"content":{"rendered":"<p>V\u00e4lkommen till KD:S pubkv\u00e4llar p\u00e5 Ekebackens restaurang i Markaryd!<\/p>\n<p>Den 17\/8, 24\/8 och 31\/8 tr\u00e4ffas vi f\u00f6r att prata politik och st\u00e4lla fr\u00e5gor till Kristdemokraternas kandidater.<\/p>\n<p>F\u00f6rst ut \u00e4r Staffan Danielsson, som varit centerpolitiker i 50 \u00e5r men som nu g\u00e5tt med i Kristdemokraterna. Staffan kommer att ber\u00e4tta om varf\u00f6r KD \u00e4r det b\u00e4sta alternativet f\u00f6r landsbygden och kommunerna i v\u00e5rt hj\u00e4rtland. V\u00e4lkommen!<\/p>\n<p><img loading=\"lazy\" decoding=\"async\" class=\"alignnone size-full wp-image-801\" src=\"http:\/\/wp.kristdemokraterna.se\/markaryd\/files\/2022\/08\/2022-08-22-pubkvallar.png\" alt=\"\" width=\"264\" height=\"388\" srcset=\"https:\/\/wp.kristdemokraterna.se\/markaryd\/files\/2022\/08\/2022-08-22-pubkvallar.png 264w, https:\/\/wp.kristdemokraterna.se\/markaryd\/files\/2022\/08\/2022-08-22-pubkvallar-204x300.png 204w, https:\/\/wp.kristdemokraterna.se\/markaryd\/files\/2022\/08\/2022-08-22-pubkvallar-136x200.png 136w, https:\/\/wp.kristdemokraterna.se\/markaryd\/files\/2022\/08\/2022-08-22-pubkvallar-38x56.png 38w\" sizes=\"auto, (max-width: 264px) 100vw, 264px\" \/><\/p>\n","protected":false},"excerpt":{"rendered":"<p>V\u00e4lkommen till KD:S pubkv\u00e4llar p\u00e5 Ekebackens restaurang i Markaryd! Den 17\/8, 24\/8 och 31\/8 tr\u00e4ffas vi f\u00f6r att prata politik och st\u00e4lla fr\u00e5gor till Kristdemokraternas kandidater. F\u00f6rst ut \u00e4r Staffan Danielsson, som varit centerpolitiker i 50 \u00e5r men som nu g\u00e5tt med i Kristdemokraterna. Staffan kommer att ber\u00e4tta om varf\u00f6r KD \u00e4r det b\u00e4sta alternativet <a class=\"read-more-link\" href=\"https:\/\/wp.kristdemokraterna.se\/markaryd\/pubkvallar-med-kd-markaryd\/\">Read More<\/a><\/p>\n","protected":false},"author":474,"featured_media":0,"comment_status":"closed","ping_status":"closed","sticky":false,"template":"","format":"standard","meta":{"_acf_changed":false,"footnotes":""},"categories":[10,1,3],"tags":[],"class_list":["post-800","post","type-post","status-publish","format-standard","hentry","category-inlagg","category-las-mer","category-nyheter"],"acf":[],"yoast_head":"<!-- This site is optimized with the Yoast SEO plugin v27.4 - https:\/\/yoast.com\/product\/yoast-seo-wordpress\/ -->\n<title>Pubkv\u00e4llar med KD Markaryd - Markaryd<\/title>\n<meta name=\"robots\" content=\"index, follow, max-snippet:-1, max-image-preview:large, max-video-preview:-1\" \/>\n<link rel=\"canonical\" href=\"https:\/\/wp.kristdemokraterna.se\/markaryd\/pubkvallar-med-kd-markaryd\/\" \/>\n<meta property=\"og:locale\" content=\"sv_SE\" \/>\n<meta property=\"og:type\" content=\"article\" \/>\n<meta property=\"og:title\" content=\"Pubkv\u00e4llar med KD Markaryd - Markaryd\" \/>\n<meta property=\"og:description\" content=\"V\u00e4lkommen till KD:S pubkv\u00e4llar p\u00e5 Ekebackens restaurang i Markaryd! Den 17\/8, 24\/8 och 31\/8 tr\u00e4ffas vi f\u00f6r att prata politik och st\u00e4lla fr\u00e5gor till Kristdemokraternas kandidater. F\u00f6rst ut \u00e4r Staffan Danielsson, som varit centerpolitiker i 50 \u00e5r men som nu g\u00e5tt med i Kristdemokraterna. Staffan kommer att ber\u00e4tta om varf\u00f6r KD \u00e4r det b\u00e4sta alternativet Read More\" \/>\n<meta property=\"og:url\" content=\"https:\/\/wp.kristdemokraterna.se\/markaryd\/pubkvallar-med-kd-markaryd\/\" \/>\n<meta property=\"og:site_name\" content=\"Markaryd\" \/>\n<meta property=\"article:published_time\" content=\"2022-08-15T14:32:47+00:00\" \/>\n<meta property=\"article:modified_time\" content=\"2022-08-30T19:52:27+00:00\" \/>\n<meta property=\"og:image\" content=\"http:\/\/wp.kristdemokraterna.se\/markaryd\/files\/2022\/08\/2022-08-22-pubkvallar.png\" \/>\n<meta name=\"author\" content=\"markaryd\" \/>\n<meta name=\"twitter:card\" content=\"summary_large_image\" \/>\n<meta name=\"twitter:label1\" content=\"Skriven av\" \/>\n\t<meta name=\"twitter:data1\" content=\"markaryd\" \/>\n<script type=\"application\/ld+json\" class=\"yoast-schema-graph\">{\"@context\":\"https:\\\/\\\/schema.org\",\"@graph\":[{\"@type\":\"Article\",\"@id\":\"https:\\\/\\\/wp.kristdemokraterna.se\\\/markaryd\\\/pubkvallar-med-kd-markaryd\\\/#article\",\"isPartOf\":{\"@id\":\"https:\\\/\\\/wp.kristdemokraterna.se\\\/markaryd\\\/pubkvallar-med-kd-markaryd\\\/\"},\"author\":{\"name\":\"markaryd\",\"@id\":\"https:\\\/\\\/wp.kristdemokraterna.se\\\/markaryd\\\/#\\\/schema\\\/person\\\/20f6dab07249083ef0edb78a8d691118\"},\"headline\":\"Pubkv\u00e4llar med KD Markaryd\",\"datePublished\":\"2022-08-15T14:32:47+00:00\",\"dateModified\":\"2022-08-30T19:52:27+00:00\",\"mainEntityOfPage\":{\"@id\":\"https:\\\/\\\/wp.kristdemokraterna.se\\\/markaryd\\\/pubkvallar-med-kd-markaryd\\\/\"},\"wordCount\":80,\"image\":{\"@id\":\"https:\\\/\\\/wp.kristdemokraterna.se\\\/markaryd\\\/pubkvallar-med-kd-markaryd\\\/#primaryimage\"},\"thumbnailUrl\":\"http:\\\/\\\/wp.kristdemokraterna.se\\\/markaryd\\\/files\\\/2022\\\/08\\\/2022-08-22-pubkvallar.png\",\"articleSection\":[\"Inl\u00e4gg\",\"L\u00e4s mer\",\"Nyheter\"],\"inLanguage\":\"sv-SE\"},{\"@type\":\"WebPage\",\"@id\":\"https:\\\/\\\/wp.kristdemokraterna.se\\\/markaryd\\\/pubkvallar-med-kd-markaryd\\\/\",\"url\":\"https:\\\/\\\/wp.kristdemokraterna.se\\\/markaryd\\\/pubkvallar-med-kd-markaryd\\\/\",\"name\":\"Pubkv\u00e4llar med KD Markaryd - Markaryd\",\"isPartOf\":{\"@id\":\"https:\\\/\\\/wp.kristdemokraterna.se\\\/markaryd\\\/#website\"},\"primaryImageOfPage\":{\"@id\":\"https:\\\/\\\/wp.kristdemokraterna.se\\\/markaryd\\\/pubkvallar-med-kd-markaryd\\\/#primaryimage\"},\"image\":{\"@id\":\"https:\\\/\\\/wp.kristdemokraterna.se\\\/markaryd\\\/pubkvallar-med-kd-markaryd\\\/#primaryimage\"},\"thumbnailUrl\":\"http:\\\/\\\/wp.kristdemokraterna.se\\\/markaryd\\\/files\\\/2022\\\/08\\\/2022-08-22-pubkvallar.png\",\"datePublished\":\"2022-08-15T14:32:47+00:00\",\"dateModified\":\"2022-08-30T19:52:27+00:00\",\"author\":{\"@id\":\"https:\\\/\\\/wp.kristdemokraterna.se\\\/markaryd\\\/#\\\/schema\\\/person\\\/20f6dab07249083ef0edb78a8d691118\"},\"breadcrumb\":{\"@id\":\"https:\\\/\\\/wp.kristdemokraterna.se\\\/markaryd\\\/pubkvallar-med-kd-markaryd\\\/#breadcrumb\"},\"inLanguage\":\"sv-SE\",\"potentialAction\":[{\"@type\":\"ReadAction\",\"target\":[\"https:\\\/\\\/wp.kristdemokraterna.se\\\/markaryd\\\/pubkvallar-med-kd-markaryd\\\/\"]}]},{\"@type\":\"ImageObject\",\"inLanguage\":\"sv-SE\",\"@id\":\"https:\\\/\\\/wp.kristdemokraterna.se\\\/markaryd\\\/pubkvallar-med-kd-markaryd\\\/#primaryimage\",\"url\":\"http:\\\/\\\/wp.kristdemokraterna.se\\\/markaryd\\\/files\\\/2022\\\/08\\\/2022-08-22-pubkvallar.png\",\"contentUrl\":\"http:\\\/\\\/wp.kristdemokraterna.se\\\/markaryd\\\/files\\\/2022\\\/08\\\/2022-08-22-pubkvallar.png\"},{\"@type\":\"BreadcrumbList\",\"@id\":\"https:\\\/\\\/wp.kristdemokraterna.se\\\/markaryd\\\/pubkvallar-med-kd-markaryd\\\/#breadcrumb\",\"itemListElement\":[{\"@type\":\"ListItem\",\"position\":1,\"name\":\"Hem\",\"item\":\"https:\\\/\\\/wp.kristdemokraterna.se\\\/markaryd\\\/\"},{\"@type\":\"ListItem\",\"position\":2,\"name\":\"Pubkv\u00e4llar med KD Markaryd\"}]},{\"@type\":\"WebSite\",\"@id\":\"https:\\\/\\\/wp.kristdemokraterna.se\\\/markaryd\\\/#website\",\"url\":\"https:\\\/\\\/wp.kristdemokraterna.se\\\/markaryd\\\/\",\"name\":\"Markaryd\",\"description\":\"En till Kristdemokraterna webbplats\",\"inLanguage\":\"sv-SE\"},{\"@type\":\"Person\",\"@id\":\"https:\\\/\\\/wp.kristdemokraterna.se\\\/markaryd\\\/#\\\/schema\\\/person\\\/20f6dab07249083ef0edb78a8d691118\",\"name\":\"markaryd\",\"image\":{\"@type\":\"ImageObject\",\"inLanguage\":\"sv-SE\",\"@id\":\"https:\\\/\\\/secure.gravatar.com\\\/avatar\\\/ce5f8ef50c9f87e03a57d5a1a3f910e145199216f82fa8b5dea22840de7efc0e?s=96&r=g\",\"url\":\"https:\\\/\\\/secure.gravatar.com\\\/avatar\\\/ce5f8ef50c9f87e03a57d5a1a3f910e145199216f82fa8b5dea22840de7efc0e?s=96&r=g\",\"contentUrl\":\"https:\\\/\\\/secure.gravatar.com\\\/avatar\\\/ce5f8ef50c9f87e03a57d5a1a3f910e145199216f82fa8b5dea22840de7efc0e?s=96&r=g\",\"caption\":\"markaryd\"},\"url\":\"https:\\\/\\\/wp.kristdemokraterna.se\\\/markaryd\\\/author\\\/markaryd\\\/\"}]}<\/script>\n<!-- \/ Yoast SEO plugin. -->","yoast_head_json":{"title":"Pubkv\u00e4llar med KD Markaryd - Markaryd","robots":{"index":"index","follow":"follow","max-snippet":"max-snippet:-1","max-image-preview":"max-image-preview:large","max-video-preview":"max-video-preview:-1"},"canonical":"https:\/\/wp.kristdemokraterna.se\/markaryd\/pubkvallar-med-kd-markaryd\/","og_locale":"sv_SE","og_type":"article","og_title":"Pubkv\u00e4llar med KD Markaryd - Markaryd","og_description":"V\u00e4lkommen till KD:S pubkv\u00e4llar p\u00e5 Ekebackens restaurang i Markaryd! Den 17\/8, 24\/8 och 31\/8 tr\u00e4ffas vi f\u00f6r att prata politik och st\u00e4lla fr\u00e5gor till Kristdemokraternas kandidater. F\u00f6rst ut \u00e4r Staffan Danielsson, som varit centerpolitiker i 50 \u00e5r men som nu g\u00e5tt med i Kristdemokraterna. Staffan kommer att ber\u00e4tta om varf\u00f6r KD \u00e4r det b\u00e4sta alternativet Read More","og_url":"https:\/\/wp.kristdemokraterna.se\/markaryd\/pubkvallar-med-kd-markaryd\/","og_site_name":"Markaryd","article_published_time":"2022-08-15T14:32:47+00:00","article_modified_time":"2022-08-30T19:52:27+00:00","og_image":[{"url":"http:\/\/wp.kristdemokraterna.se\/markaryd\/files\/2022\/08\/2022-08-22-pubkvallar.png","type":"","width":"","height":""}],"author":"markaryd","twitter_card":"summary_large_image","twitter_misc":{"Skriven av":"markaryd"},"schema":{"@context":"https:\/\/schema.org","@graph":[{"@type":"Article","@id":"https:\/\/wp.kristdemokraterna.se\/markaryd\/pubkvallar-med-kd-markaryd\/#article","isPartOf":{"@id":"https:\/\/wp.kristdemokraterna.se\/markaryd\/pubkvallar-med-kd-markaryd\/"},"author":{"name":"markaryd","@id":"https:\/\/wp.kristdemokraterna.se\/markaryd\/#\/schema\/person\/20f6dab07249083ef0edb78a8d691118"},"headline":"Pubkv\u00e4llar med KD Markaryd","datePublished":"2022-08-15T14:32:47+00:00","dateModified":"2022-08-30T19:52:27+00:00","mainEntityOfPage":{"@id":"https:\/\/wp.kristdemokraterna.se\/markaryd\/pubkvallar-med-kd-markaryd\/"},"wordCount":80,"image":{"@id":"https:\/\/wp.kristdemokraterna.se\/markaryd\/pubkvallar-med-kd-markaryd\/#primaryimage"},"thumbnailUrl":"http:\/\/wp.kristdemokraterna.se\/markaryd\/files\/2022\/08\/2022-08-22-pubkvallar.png","articleSection":["Inl\u00e4gg","L\u00e4s mer","Nyheter"],"inLanguage":"sv-SE"},{"@type":"WebPage","@id":"https:\/\/wp.kristdemokraterna.se\/markaryd\/pubkvallar-med-kd-markaryd\/","url":"https:\/\/wp.kristdemokraterna.se\/markaryd\/pubkvallar-med-kd-markaryd\/","name":"Pubkv\u00e4llar med KD Markaryd - Markaryd","isPartOf":{"@id":"https:\/\/wp.kristdemokraterna.se\/markaryd\/#website"},"primaryImageOfPage":{"@id":"https:\/\/wp.kristdemokraterna.se\/markaryd\/pubkvallar-med-kd-markaryd\/#primaryimage"},"image":{"@id":"https:\/\/wp.kristdemokraterna.se\/markaryd\/pubkvallar-med-kd-markaryd\/#primaryimage"},"thumbnailUrl":"http:\/\/wp.kristdemokraterna.se\/markaryd\/files\/2022\/08\/2022-08-22-pubkvallar.png","datePublished":"2022-08-15T14:32:47+00:00","dateModified":"2022-08-30T19:52:27+00:00","author":{"@id":"https:\/\/wp.kristdemokraterna.se\/markaryd\/#\/schema\/person\/20f6dab07249083ef0edb78a8d691118"},"breadcrumb":{"@id":"https:\/\/wp.kristdemokraterna.se\/markaryd\/pubkvallar-med-kd-markaryd\/#breadcrumb"},"inLanguage":"sv-SE","potentialAction":[{"@type":"ReadAction","target":["https:\/\/wp.kristdemokraterna.se\/markaryd\/pubkvallar-med-kd-markaryd\/"]}]},{"@type":"ImageObject","inLanguage":"sv-SE","@id":"https:\/\/wp.kristdemokraterna.se\/markaryd\/pubkvallar-med-kd-markaryd\/#primaryimage","url":"http:\/\/wp.kristdemokraterna.se\/markaryd\/files\/2022\/08\/2022-08-22-pubkvallar.png","contentUrl":"http:\/\/wp.kristdemokraterna.se\/markaryd\/files\/2022\/08\/2022-08-22-pubkvallar.png"},{"@type":"BreadcrumbList","@id":"https:\/\/wp.kristdemokraterna.se\/markaryd\/pubkvallar-med-kd-markaryd\/#breadcrumb","itemListElement":[{"@type":"ListItem","position":1,"name":"Hem","item":"https:\/\/wp.kristdemokraterna.se\/markaryd\/"},{"@type":"ListItem","position":2,"name":"Pubkv\u00e4llar med KD Markaryd"}]},{"@type":"WebSite","@id":"https:\/\/wp.kristdemokraterna.se\/markaryd\/#website","url":"https:\/\/wp.kristdemokraterna.se\/markaryd\/","name":"Markaryd","description":"En till Kristdemokraterna webbplats","inLanguage":"sv-SE"},{"@type":"Person","@id":"https:\/\/wp.kristdemokraterna.se\/markaryd\/#\/schema\/person\/20f6dab07249083ef0edb78a8d691118","name":"markaryd","image":{"@type":"ImageObject","inLanguage":"sv-SE","@id":"https:\/\/secure.gravatar.com\/avatar\/ce5f8ef50c9f87e03a57d5a1a3f910e145199216f82fa8b5dea22840de7efc0e?s=96&r=g","url":"https:\/\/secure.gravatar.com\/avatar\/ce5f8ef50c9f87e03a57d5a1a3f910e145199216f82fa8b5dea22840de7efc0e?s=96&r=g","contentUrl":"https:\/\/secure.gravatar.com\/avatar\/ce5f8ef50c9f87e03a57d5a1a3f910e145199216f82fa8b5dea22840de7efc0e?s=96&r=g","caption":"markaryd"},"url":"https:\/\/wp.kristdemokraterna.se\/markaryd\/author\/markaryd\/"}]}},"_links":{"self":[{"href":"https:\/\/wp.kristdemokraterna.se\/markaryd\/wp-json\/wp\/v2\/posts\/800","targetHints":{"allow":["GET"]}}],"collection":[{"href":"https:\/\/wp.kristdemokraterna.se\/markaryd\/wp-json\/wp\/v2\/posts"}],"about":[{"href":"https:\/\/wp.kristdemokraterna.se\/markaryd\/wp-json\/wp\/v2\/types\/post"}],"author":[{"embeddable":true,"href":"https:\/\/wp.kristdemokraterna.se\/markaryd\/wp-json\/wp\/v2\/users\/474"}],"replies":[{"embeddable":true,"href":"https:\/\/wp.kristdemokraterna.se\/markaryd\/wp-json\/wp\/v2\/comments?post=800"}],"version-history":[{"count":3,"href":"https:\/\/wp.kristdemokraterna.se\/markaryd\/wp-json\/wp\/v2\/posts\/800\/revisions"}],"predecessor-version":[{"id":867,"href":"https:\/\/wp.kristdemokraterna.se\/markaryd\/wp-json\/wp\/v2\/posts\/800\/revisions\/867"}],"wp:attachment":[{"href":"https:\/\/wp.kristdemokraterna.se\/markaryd\/wp-json\/wp\/v2\/media?parent=800"}],"wp:term":[{"taxonomy":"category","embeddable":true,"href":"https:\/\/wp.kristdemokraterna.se\/markaryd\/wp-json\/wp\/v2\/categories?post=800"},{"taxonomy":"post_tag","embeddable":true,"href":"https:\/\/wp.kristdemokraterna.se\/markaryd\/wp-json\/wp\/v2\/tags?post=800"}],"curies":[{"name":"wp","href":"https:\/\/api.w.org\/{rel}","templated":true}]}}