{"id":823,"date":"2022-07-03T17:48:05","date_gmt":"2022-07-03T15:48:05","guid":{"rendered":"https:\/\/wp.kristdemokraterna.se\/markaryd\/?p=823"},"modified":"2022-08-30T21:53:10","modified_gmt":"2022-08-30T19:53:10","slug":"ebba-busch-i-markaryd-svenska-folket-fortjanar-battre","status":"publish","type":"post","link":"https:\/\/wp.kristdemokraterna.se\/markaryd\/ebba-busch-i-markaryd-svenska-folket-fortjanar-battre\/","title":{"rendered":"Ebba Busch i Markaryd: \u201dSvenska folket f\u00f6rtj\u00e4nar b\u00e4ttre\u201d!"},"content":{"rendered":"<p><img loading=\"lazy\" decoding=\"async\" class=\"alignnone wp-image-825\" src=\"http:\/\/wp.kristdemokraterna.se\/markaryd\/files\/2022\/08\/2022-07-03-ebba-och-kd-markaryd-300x225.jpg\" alt=\"\" width=\"490\" height=\"368\" srcset=\"https:\/\/wp.kristdemokraterna.se\/markaryd\/files\/2022\/08\/2022-07-03-ebba-och-kd-markaryd-300x225.jpg 300w, https:\/\/wp.kristdemokraterna.se\/markaryd\/files\/2022\/08\/2022-07-03-ebba-och-kd-markaryd-540x405.jpg 540w, https:\/\/wp.kristdemokraterna.se\/markaryd\/files\/2022\/08\/2022-07-03-ebba-och-kd-markaryd-768x576.jpg 768w, https:\/\/wp.kristdemokraterna.se\/markaryd\/files\/2022\/08\/2022-07-03-ebba-och-kd-markaryd-1536x1152.jpg 1536w, https:\/\/wp.kristdemokraterna.se\/markaryd\/files\/2022\/08\/2022-07-03-ebba-och-kd-markaryd-2048x1536.jpg 2048w, https:\/\/wp.kristdemokraterna.se\/markaryd\/files\/2022\/08\/2022-07-03-ebba-och-kd-markaryd-267x200.jpg 267w, https:\/\/wp.kristdemokraterna.se\/markaryd\/files\/2022\/08\/2022-07-03-ebba-och-kd-markaryd-370x278.jpg 370w, https:\/\/wp.kristdemokraterna.se\/markaryd\/files\/2022\/08\/2022-07-03-ebba-och-kd-markaryd-770x578.jpg 770w, https:\/\/wp.kristdemokraterna.se\/markaryd\/files\/2022\/08\/2022-07-03-ebba-och-kd-markaryd-450x338.jpg 450w, https:\/\/wp.kristdemokraterna.se\/markaryd\/files\/2022\/08\/2022-07-03-ebba-och-kd-markaryd-280x210.jpg 280w, https:\/\/wp.kristdemokraterna.se\/markaryd\/files\/2022\/08\/2022-07-03-ebba-och-kd-markaryd-340x255.jpg 340w, https:\/\/wp.kristdemokraterna.se\/markaryd\/files\/2022\/08\/2022-07-03-ebba-och-kd-markaryd-200x150.jpg 200w, https:\/\/wp.kristdemokraterna.se\/markaryd\/files\/2022\/08\/2022-07-03-ebba-och-kd-markaryd-75x56.jpg 75w\" sizes=\"auto, (max-width: 490px) 100vw, 490px\" \/><\/p>\n<p><strong>KD:s partiledare Ebba Busch bes\u00f6kte i b\u00f6rjan av juli Rasta i Markaryd f\u00f6r ett \u201dSverigesnack\u201d. Intresset var stort och \u00f6ver 200 personer hade m\u00f6tt upp f\u00f6r att lyssna till Ebba. Tryggheten p\u00e5 gator och torg, de l\u00e5nga v\u00e5rdk\u00f6erna och behovet av en nationell sjukv\u00e5rdsreform samt landsbygdsfr\u00e5gorna med allt h\u00f6gre priser, inte minst p\u00e5 bensin och diesel, var de huvudfr\u00e5gor som Ebba lyfte fram.\u00a0\u00a0\u00a0\u00a0\u00a0\u00a0\u00a0\u00a0\u00a0\u00a0\u00a0\u00a0\u00a0\u00a0\u00a0\u00a0\u00a0\u00a0\u00a0\u00a0\u00a0\u00a0<\/strong><\/p>\n<p>&#8211; Efter \u00e5tta \u00e5r med en r\u00f6d-gr\u00f6n regering sl\u00e5r vi rekord i antalet skjutningar. Det \u00e4r rekordm\u00e5nga m\u00e4nniskor som v\u00e4ntar p\u00e5 att f\u00e5 v\u00e5rd och priserna p\u00e5 drivmedel och el gr\u00e4ver djupa h\u00e5l i hush\u00e5llens pl\u00e5nb\u00f6cker. Svenska folket f\u00f6rtj\u00e4nar b\u00e4ttre och det kan vi \u00e4ndra p\u00e5 genom att den 11 september r\u00f6sta fram en regering med s\u00e5 stort kristdemokratiskt inflytande som m\u00f6jligt, sa Ebba Busch.<\/p>\n<p><b>H\u00e4r \u00e4r n\u00e5gra av v\u00e5ra f\u00f6rslag:<\/b><\/p>\n<ul>\n<li><b>Satsa p\u00e5 f\u00f6rebyggande arbete och trygga familjer. Sk\u00e4rp straffen, slopa straffrabatterna, utbilda fler poliser och ge mer resurser till tullen.<\/b><\/li>\n<li><b>Skapa fler v\u00e5rdplatser, inr\u00e4tta en nationell v\u00e5rdf\u00f6rmedling, inf\u00f6r en fast l\u00e4karkontakt f\u00f6r alla och g\u00f6r en satsning p\u00e5 den n\u00e4ra v\u00e5rden i form av prim\u00e4rv\u00e5rd och hemsjukv\u00e5rd.<\/b><\/li>\n<li><b>L\u00e4gre br\u00e4nslepriser genom s\u00e4nkt skatt och l\u00e4gre andel biodrivmedel som ska blandas i bensin och diesel.<\/b><\/li>\n<\/ul>\n<p>&nbsp;<\/p>\n","protected":false},"excerpt":{"rendered":"<p>KD:s partiledare Ebba Busch bes\u00f6kte i b\u00f6rjan av juli Rasta i Markaryd f\u00f6r ett \u201dSverigesnack\u201d. Intresset var stort och \u00f6ver 200 personer hade m\u00f6tt upp f\u00f6r att lyssna till Ebba. Tryggheten p\u00e5 gator och torg, de l\u00e5nga v\u00e5rdk\u00f6erna och behovet av en nationell sjukv\u00e5rdsreform samt landsbygdsfr\u00e5gorna med allt h\u00f6gre priser, inte minst p\u00e5 bensin och <a class=\"read-more-link\" href=\"https:\/\/wp.kristdemokraterna.se\/markaryd\/ebba-busch-i-markaryd-svenska-folket-fortjanar-battre\/\">Read More<\/a><\/p>\n","protected":false},"author":474,"featured_media":0,"comment_status":"closed","ping_status":"closed","sticky":false,"template":"","format":"standard","meta":{"_acf_changed":false,"footnotes":""},"categories":[10,1,3],"tags":[],"class_list":["post-823","post","type-post","status-publish","format-standard","hentry","category-inlagg","category-las-mer","category-nyheter"],"acf":[],"yoast_head":"<!-- This site is optimized with the Yoast SEO plugin v27.4 - https:\/\/yoast.com\/product\/yoast-seo-wordpress\/ -->\n<title>Ebba Busch i Markaryd: \u201dSvenska folket f\u00f6rtj\u00e4nar b\u00e4ttre\u201d! - Markaryd<\/title>\n<meta name=\"robots\" content=\"index, follow, max-snippet:-1, max-image-preview:large, max-video-preview:-1\" \/>\n<link rel=\"canonical\" href=\"https:\/\/wp.kristdemokraterna.se\/markaryd\/ebba-busch-i-markaryd-svenska-folket-fortjanar-battre\/\" \/>\n<meta property=\"og:locale\" content=\"sv_SE\" \/>\n<meta property=\"og:type\" content=\"article\" \/>\n<meta property=\"og:title\" content=\"Ebba Busch i Markaryd: \u201dSvenska folket f\u00f6rtj\u00e4nar b\u00e4ttre\u201d! - Markaryd\" \/>\n<meta property=\"og:description\" content=\"KD:s partiledare Ebba Busch bes\u00f6kte i b\u00f6rjan av juli Rasta i Markaryd f\u00f6r ett \u201dSverigesnack\u201d. Intresset var stort och \u00f6ver 200 personer hade m\u00f6tt upp f\u00f6r att lyssna till Ebba. Tryggheten p\u00e5 gator och torg, de l\u00e5nga v\u00e5rdk\u00f6erna och behovet av en nationell sjukv\u00e5rdsreform samt landsbygdsfr\u00e5gorna med allt h\u00f6gre priser, inte minst p\u00e5 bensin och Read More\" \/>\n<meta property=\"og:url\" content=\"https:\/\/wp.kristdemokraterna.se\/markaryd\/ebba-busch-i-markaryd-svenska-folket-fortjanar-battre\/\" \/>\n<meta property=\"og:site_name\" content=\"Markaryd\" \/>\n<meta property=\"article:published_time\" content=\"2022-07-03T15:48:05+00:00\" \/>\n<meta property=\"article:modified_time\" content=\"2022-08-30T19:53:10+00:00\" \/>\n<meta property=\"og:image\" content=\"http:\/\/wp.kristdemokraterna.se\/markaryd\/files\/2022\/08\/2022-07-03-ebba-och-kd-markaryd-300x225.jpg\" \/>\n<meta name=\"author\" content=\"markaryd\" \/>\n<meta name=\"twitter:card\" content=\"summary_large_image\" \/>\n<meta name=\"twitter:label1\" content=\"Skriven av\" \/>\n\t<meta name=\"twitter:data1\" content=\"markaryd\" \/>\n\t<meta name=\"twitter:label2\" content=\"Ber\u00e4knad l\u00e4stid\" \/>\n\t<meta name=\"twitter:data2\" content=\"1 minut\" \/>\n<script type=\"application\/ld+json\" class=\"yoast-schema-graph\">{\"@context\":\"https:\\\/\\\/schema.org\",\"@graph\":[{\"@type\":\"Article\",\"@id\":\"https:\\\/\\\/wp.kristdemokraterna.se\\\/markaryd\\\/ebba-busch-i-markaryd-svenska-folket-fortjanar-battre\\\/#article\",\"isPartOf\":{\"@id\":\"https:\\\/\\\/wp.kristdemokraterna.se\\\/markaryd\\\/ebba-busch-i-markaryd-svenska-folket-fortjanar-battre\\\/\"},\"author\":{\"name\":\"markaryd\",\"@id\":\"https:\\\/\\\/wp.kristdemokraterna.se\\\/markaryd\\\/#\\\/schema\\\/person\\\/20f6dab07249083ef0edb78a8d691118\"},\"headline\":\"Ebba Busch i Markaryd: \u201dSvenska folket f\u00f6rtj\u00e4nar b\u00e4ttre\u201d!\",\"datePublished\":\"2022-07-03T15:48:05+00:00\",\"dateModified\":\"2022-08-30T19:53:10+00:00\",\"mainEntityOfPage\":{\"@id\":\"https:\\\/\\\/wp.kristdemokraterna.se\\\/markaryd\\\/ebba-busch-i-markaryd-svenska-folket-fortjanar-battre\\\/\"},\"wordCount\":260,\"image\":{\"@id\":\"https:\\\/\\\/wp.kristdemokraterna.se\\\/markaryd\\\/ebba-busch-i-markaryd-svenska-folket-fortjanar-battre\\\/#primaryimage\"},\"thumbnailUrl\":\"http:\\\/\\\/wp.kristdemokraterna.se\\\/markaryd\\\/files\\\/2022\\\/08\\\/2022-07-03-ebba-och-kd-markaryd-300x225.jpg\",\"articleSection\":[\"Inl\u00e4gg\",\"L\u00e4s mer\",\"Nyheter\"],\"inLanguage\":\"sv-SE\"},{\"@type\":\"WebPage\",\"@id\":\"https:\\\/\\\/wp.kristdemokraterna.se\\\/markaryd\\\/ebba-busch-i-markaryd-svenska-folket-fortjanar-battre\\\/\",\"url\":\"https:\\\/\\\/wp.kristdemokraterna.se\\\/markaryd\\\/ebba-busch-i-markaryd-svenska-folket-fortjanar-battre\\\/\",\"name\":\"Ebba Busch i Markaryd: \u201dSvenska folket f\u00f6rtj\u00e4nar b\u00e4ttre\u201d! - Markaryd\",\"isPartOf\":{\"@id\":\"https:\\\/\\\/wp.kristdemokraterna.se\\\/markaryd\\\/#website\"},\"primaryImageOfPage\":{\"@id\":\"https:\\\/\\\/wp.kristdemokraterna.se\\\/markaryd\\\/ebba-busch-i-markaryd-svenska-folket-fortjanar-battre\\\/#primaryimage\"},\"image\":{\"@id\":\"https:\\\/\\\/wp.kristdemokraterna.se\\\/markaryd\\\/ebba-busch-i-markaryd-svenska-folket-fortjanar-battre\\\/#primaryimage\"},\"thumbnailUrl\":\"http:\\\/\\\/wp.kristdemokraterna.se\\\/markaryd\\\/files\\\/2022\\\/08\\\/2022-07-03-ebba-och-kd-markaryd-300x225.jpg\",\"datePublished\":\"2022-07-03T15:48:05+00:00\",\"dateModified\":\"2022-08-30T19:53:10+00:00\",\"author\":{\"@id\":\"https:\\\/\\\/wp.kristdemokraterna.se\\\/markaryd\\\/#\\\/schema\\\/person\\\/20f6dab07249083ef0edb78a8d691118\"},\"breadcrumb\":{\"@id\":\"https:\\\/\\\/wp.kristdemokraterna.se\\\/markaryd\\\/ebba-busch-i-markaryd-svenska-folket-fortjanar-battre\\\/#breadcrumb\"},\"inLanguage\":\"sv-SE\",\"potentialAction\":[{\"@type\":\"ReadAction\",\"target\":[\"https:\\\/\\\/wp.kristdemokraterna.se\\\/markaryd\\\/ebba-busch-i-markaryd-svenska-folket-fortjanar-battre\\\/\"]}]},{\"@type\":\"ImageObject\",\"inLanguage\":\"sv-SE\",\"@id\":\"https:\\\/\\\/wp.kristdemokraterna.se\\\/markaryd\\\/ebba-busch-i-markaryd-svenska-folket-fortjanar-battre\\\/#primaryimage\",\"url\":\"http:\\\/\\\/wp.kristdemokraterna.se\\\/markaryd\\\/files\\\/2022\\\/08\\\/2022-07-03-ebba-och-kd-markaryd-300x225.jpg\",\"contentUrl\":\"http:\\\/\\\/wp.kristdemokraterna.se\\\/markaryd\\\/files\\\/2022\\\/08\\\/2022-07-03-ebba-och-kd-markaryd-300x225.jpg\"},{\"@type\":\"BreadcrumbList\",\"@id\":\"https:\\\/\\\/wp.kristdemokraterna.se\\\/markaryd\\\/ebba-busch-i-markaryd-svenska-folket-fortjanar-battre\\\/#breadcrumb\",\"itemListElement\":[{\"@type\":\"ListItem\",\"position\":1,\"name\":\"Hem\",\"item\":\"https:\\\/\\\/wp.kristdemokraterna.se\\\/markaryd\\\/\"},{\"@type\":\"ListItem\",\"position\":2,\"name\":\"Ebba Busch i Markaryd: \u201dSvenska folket f\u00f6rtj\u00e4nar b\u00e4ttre\u201d!\"}]},{\"@type\":\"WebSite\",\"@id\":\"https:\\\/\\\/wp.kristdemokraterna.se\\\/markaryd\\\/#website\",\"url\":\"https:\\\/\\\/wp.kristdemokraterna.se\\\/markaryd\\\/\",\"name\":\"Markaryd\",\"description\":\"En till Kristdemokraterna webbplats\",\"inLanguage\":\"sv-SE\"},{\"@type\":\"Person\",\"@id\":\"https:\\\/\\\/wp.kristdemokraterna.se\\\/markaryd\\\/#\\\/schema\\\/person\\\/20f6dab07249083ef0edb78a8d691118\",\"name\":\"markaryd\",\"image\":{\"@type\":\"ImageObject\",\"inLanguage\":\"sv-SE\",\"@id\":\"https:\\\/\\\/secure.gravatar.com\\\/avatar\\\/ce5f8ef50c9f87e03a57d5a1a3f910e145199216f82fa8b5dea22840de7efc0e?s=96&r=g\",\"url\":\"https:\\\/\\\/secure.gravatar.com\\\/avatar\\\/ce5f8ef50c9f87e03a57d5a1a3f910e145199216f82fa8b5dea22840de7efc0e?s=96&r=g\",\"contentUrl\":\"https:\\\/\\\/secure.gravatar.com\\\/avatar\\\/ce5f8ef50c9f87e03a57d5a1a3f910e145199216f82fa8b5dea22840de7efc0e?s=96&r=g\",\"caption\":\"markaryd\"},\"url\":\"https:\\\/\\\/wp.kristdemokraterna.se\\\/markaryd\\\/author\\\/markaryd\\\/\"}]}<\/script>\n<!-- \/ Yoast SEO plugin. -->","yoast_head_json":{"title":"Ebba Busch i Markaryd: \u201dSvenska folket f\u00f6rtj\u00e4nar b\u00e4ttre\u201d! - Markaryd","robots":{"index":"index","follow":"follow","max-snippet":"max-snippet:-1","max-image-preview":"max-image-preview:large","max-video-preview":"max-video-preview:-1"},"canonical":"https:\/\/wp.kristdemokraterna.se\/markaryd\/ebba-busch-i-markaryd-svenska-folket-fortjanar-battre\/","og_locale":"sv_SE","og_type":"article","og_title":"Ebba Busch i Markaryd: \u201dSvenska folket f\u00f6rtj\u00e4nar b\u00e4ttre\u201d! - Markaryd","og_description":"KD:s partiledare Ebba Busch bes\u00f6kte i b\u00f6rjan av juli Rasta i Markaryd f\u00f6r ett \u201dSverigesnack\u201d. Intresset var stort och \u00f6ver 200 personer hade m\u00f6tt upp f\u00f6r att lyssna till Ebba. Tryggheten p\u00e5 gator och torg, de l\u00e5nga v\u00e5rdk\u00f6erna och behovet av en nationell sjukv\u00e5rdsreform samt landsbygdsfr\u00e5gorna med allt h\u00f6gre priser, inte minst p\u00e5 bensin och Read More","og_url":"https:\/\/wp.kristdemokraterna.se\/markaryd\/ebba-busch-i-markaryd-svenska-folket-fortjanar-battre\/","og_site_name":"Markaryd","article_published_time":"2022-07-03T15:48:05+00:00","article_modified_time":"2022-08-30T19:53:10+00:00","og_image":[{"url":"http:\/\/wp.kristdemokraterna.se\/markaryd\/files\/2022\/08\/2022-07-03-ebba-och-kd-markaryd-300x225.jpg","type":"","width":"","height":""}],"author":"markaryd","twitter_card":"summary_large_image","twitter_misc":{"Skriven av":"markaryd","Ber\u00e4knad l\u00e4stid":"1 minut"},"schema":{"@context":"https:\/\/schema.org","@graph":[{"@type":"Article","@id":"https:\/\/wp.kristdemokraterna.se\/markaryd\/ebba-busch-i-markaryd-svenska-folket-fortjanar-battre\/#article","isPartOf":{"@id":"https:\/\/wp.kristdemokraterna.se\/markaryd\/ebba-busch-i-markaryd-svenska-folket-fortjanar-battre\/"},"author":{"name":"markaryd","@id":"https:\/\/wp.kristdemokraterna.se\/markaryd\/#\/schema\/person\/20f6dab07249083ef0edb78a8d691118"},"headline":"Ebba Busch i Markaryd: \u201dSvenska folket f\u00f6rtj\u00e4nar b\u00e4ttre\u201d!","datePublished":"2022-07-03T15:48:05+00:00","dateModified":"2022-08-30T19:53:10+00:00","mainEntityOfPage":{"@id":"https:\/\/wp.kristdemokraterna.se\/markaryd\/ebba-busch-i-markaryd-svenska-folket-fortjanar-battre\/"},"wordCount":260,"image":{"@id":"https:\/\/wp.kristdemokraterna.se\/markaryd\/ebba-busch-i-markaryd-svenska-folket-fortjanar-battre\/#primaryimage"},"thumbnailUrl":"http:\/\/wp.kristdemokraterna.se\/markaryd\/files\/2022\/08\/2022-07-03-ebba-och-kd-markaryd-300x225.jpg","articleSection":["Inl\u00e4gg","L\u00e4s mer","Nyheter"],"inLanguage":"sv-SE"},{"@type":"WebPage","@id":"https:\/\/wp.kristdemokraterna.se\/markaryd\/ebba-busch-i-markaryd-svenska-folket-fortjanar-battre\/","url":"https:\/\/wp.kristdemokraterna.se\/markaryd\/ebba-busch-i-markaryd-svenska-folket-fortjanar-battre\/","name":"Ebba Busch i Markaryd: \u201dSvenska folket f\u00f6rtj\u00e4nar b\u00e4ttre\u201d! - Markaryd","isPartOf":{"@id":"https:\/\/wp.kristdemokraterna.se\/markaryd\/#website"},"primaryImageOfPage":{"@id":"https:\/\/wp.kristdemokraterna.se\/markaryd\/ebba-busch-i-markaryd-svenska-folket-fortjanar-battre\/#primaryimage"},"image":{"@id":"https:\/\/wp.kristdemokraterna.se\/markaryd\/ebba-busch-i-markaryd-svenska-folket-fortjanar-battre\/#primaryimage"},"thumbnailUrl":"http:\/\/wp.kristdemokraterna.se\/markaryd\/files\/2022\/08\/2022-07-03-ebba-och-kd-markaryd-300x225.jpg","datePublished":"2022-07-03T15:48:05+00:00","dateModified":"2022-08-30T19:53:10+00:00","author":{"@id":"https:\/\/wp.kristdemokraterna.se\/markaryd\/#\/schema\/person\/20f6dab07249083ef0edb78a8d691118"},"breadcrumb":{"@id":"https:\/\/wp.kristdemokraterna.se\/markaryd\/ebba-busch-i-markaryd-svenska-folket-fortjanar-battre\/#breadcrumb"},"inLanguage":"sv-SE","potentialAction":[{"@type":"ReadAction","target":["https:\/\/wp.kristdemokraterna.se\/markaryd\/ebba-busch-i-markaryd-svenska-folket-fortjanar-battre\/"]}]},{"@type":"ImageObject","inLanguage":"sv-SE","@id":"https:\/\/wp.kristdemokraterna.se\/markaryd\/ebba-busch-i-markaryd-svenska-folket-fortjanar-battre\/#primaryimage","url":"http:\/\/wp.kristdemokraterna.se\/markaryd\/files\/2022\/08\/2022-07-03-ebba-och-kd-markaryd-300x225.jpg","contentUrl":"http:\/\/wp.kristdemokraterna.se\/markaryd\/files\/2022\/08\/2022-07-03-ebba-och-kd-markaryd-300x225.jpg"},{"@type":"BreadcrumbList","@id":"https:\/\/wp.kristdemokraterna.se\/markaryd\/ebba-busch-i-markaryd-svenska-folket-fortjanar-battre\/#breadcrumb","itemListElement":[{"@type":"ListItem","position":1,"name":"Hem","item":"https:\/\/wp.kristdemokraterna.se\/markaryd\/"},{"@type":"ListItem","position":2,"name":"Ebba Busch i Markaryd: \u201dSvenska folket f\u00f6rtj\u00e4nar b\u00e4ttre\u201d!"}]},{"@type":"WebSite","@id":"https:\/\/wp.kristdemokraterna.se\/markaryd\/#website","url":"https:\/\/wp.kristdemokraterna.se\/markaryd\/","name":"Markaryd","description":"En till Kristdemokraterna webbplats","inLanguage":"sv-SE"},{"@type":"Person","@id":"https:\/\/wp.kristdemokraterna.se\/markaryd\/#\/schema\/person\/20f6dab07249083ef0edb78a8d691118","name":"markaryd","image":{"@type":"ImageObject","inLanguage":"sv-SE","@id":"https:\/\/secure.gravatar.com\/avatar\/ce5f8ef50c9f87e03a57d5a1a3f910e145199216f82fa8b5dea22840de7efc0e?s=96&r=g","url":"https:\/\/secure.gravatar.com\/avatar\/ce5f8ef50c9f87e03a57d5a1a3f910e145199216f82fa8b5dea22840de7efc0e?s=96&r=g","contentUrl":"https:\/\/secure.gravatar.com\/avatar\/ce5f8ef50c9f87e03a57d5a1a3f910e145199216f82fa8b5dea22840de7efc0e?s=96&r=g","caption":"markaryd"},"url":"https:\/\/wp.kristdemokraterna.se\/markaryd\/author\/markaryd\/"}]}},"_links":{"self":[{"href":"https:\/\/wp.kristdemokraterna.se\/markaryd\/wp-json\/wp\/v2\/posts\/823","targetHints":{"allow":["GET"]}}],"collection":[{"href":"https:\/\/wp.kristdemokraterna.se\/markaryd\/wp-json\/wp\/v2\/posts"}],"about":[{"href":"https:\/\/wp.kristdemokraterna.se\/markaryd\/wp-json\/wp\/v2\/types\/post"}],"author":[{"embeddable":true,"href":"https:\/\/wp.kristdemokraterna.se\/markaryd\/wp-json\/wp\/v2\/users\/474"}],"replies":[{"embeddable":true,"href":"https:\/\/wp.kristdemokraterna.se\/markaryd\/wp-json\/wp\/v2\/comments?post=823"}],"version-history":[{"count":2,"href":"https:\/\/wp.kristdemokraterna.se\/markaryd\/wp-json\/wp\/v2\/posts\/823\/revisions"}],"predecessor-version":[{"id":868,"href":"https:\/\/wp.kristdemokraterna.se\/markaryd\/wp-json\/wp\/v2\/posts\/823\/revisions\/868"}],"wp:attachment":[{"href":"https:\/\/wp.kristdemokraterna.se\/markaryd\/wp-json\/wp\/v2\/media?parent=823"}],"wp:term":[{"taxonomy":"category","embeddable":true,"href":"https:\/\/wp.kristdemokraterna.se\/markaryd\/wp-json\/wp\/v2\/categories?post=823"},{"taxonomy":"post_tag","embeddable":true,"href":"https:\/\/wp.kristdemokraterna.se\/markaryd\/wp-json\/wp\/v2\/tags?post=823"}],"curies":[{"name":"wp","href":"https:\/\/api.w.org\/{rel}","templated":true}]}}