{"id":854,"date":"2022-04-13T13:18:22","date_gmt":"2022-04-13T11:18:22","guid":{"rendered":"https:\/\/wp.kristdemokraterna.se\/markaryd\/?p=854"},"modified":"2022-08-26T13:20:01","modified_gmt":"2022-08-26T11:20:01","slug":"positivt-resultat-for-markaryds-kommun-nar-aret-2021-summeras","status":"publish","type":"post","link":"https:\/\/wp.kristdemokraterna.se\/markaryd\/positivt-resultat-for-markaryds-kommun-nar-aret-2021-summeras\/","title":{"rendered":"Positivt resultat f\u00f6r Markaryds kommun n\u00e4r \u00e5ret 2021 summeras"},"content":{"rendered":"<p><strong>Kommunstyrelsen i Markaryds kommun har nu behandlat \u00e5rsredovisningen f\u00f6r 2021 och det \u00e4r positiva resultat som redovisas. \u2013 Vi g\u00f6r ett bra bokslut b\u00e5de ekonomiskt och verksamhetsm\u00e4ssigt, s\u00e4ger kommunstyrelsens ordf\u00f6rande Bengt Germundsson (KD). Samtidigt tar vi h\u00f6jd f\u00f6r de framtida utmaningar vi har genom de reservationer vi haft m\u00f6jlighet att g\u00f6ra, n\u00e5got som blir extra viktigt i den oroliga tid vi just nu befinner oss i. \u00a0Bengt Germundsson konstaterar att det goda <\/strong><strong>resultatet beror p\u00e5 ett mycket gott arbete av v\u00e5r personal och f\u00f6rtroendevalda och riktar ett stort tack till dem f\u00f6r alla insatser under 2021.<\/strong><\/p>\n<p>Efter \u00e5tta \u00e5r av befolknings\u00f6kning minskade under 2021 kommunens inv\u00e5narantal med 53 personer och uppgick vid \u00e5rsskiftet till 10\u00a0320 personer. Under 2021 f\u00f6ddes det 100 barn i kommunen, vilket \u00e4r 18 f\u00e4rre \u00e4n 2020.<\/p>\n<p>\u00c5rets resultat uppg\u00e5r till 29,9 mkr efter avs\u00e4ttningar och reservationer i samband med bokslutet. Detta \u00e4r 23,4 mkr b\u00e4ttre \u00e4n budget.<\/p>\n<p>Kommunstyrelsen redovisar ett \u00f6verskott om 7,4 mkr, medan milj\u00f6- och byggnadsn\u00e4mnden \u00e4r i balans. Socialn\u00e4mnden redovisar ett underskott om -10,9 mkr. Av underskottet utg\u00f6rs 5,3 mkr av extraordin\u00e4ra kostnader till f\u00f6ljd av Coronapandemin som inte kompenserats av statliga medel. Utbildnings- och kulturn\u00e4mnden redovisar underskott om -6,9 mkr. \u2013 Underskottet inom socialn\u00e4mnden och utbildnings- och kulturn\u00e4mnden har till st\u00f6rsta delen hanterats inom \u00e5rets budget genom ut\u00f6kade ekonomiska anslag, s\u00e4ger Bengt Germundsson.<\/p>\n<p>Gemensamma n\u00e4mnden f\u00f6r familjer\u00e4ttsliga fr\u00e5gor samt Gemensamma \u00f6verf\u00f6rmyndarn\u00e4mnden redovisar tillsammans ett \u00f6verskott om 0,2 mkr. Kommunfullm\u00e4ktiges anslag uppvisar ett \u00f6verskott om 13,5 mkr.<\/p>\n<p>I bokslutet har 15,2 mkr i form av reservationer i 2020 \u00e5rs bokslut \u00e5terf\u00f6rts till finansf\u00f6rvaltningen, medan nya reservationer gjorts f\u00f6r likv\u00e4rdig skola, schablonbidrag f\u00f6r nyanl\u00e4nda och f\u00f6r \u00e5terh\u00e4mtning efter Coronapandemin om ca 13 mkr. D\u00e4rut\u00f6ver finns det vid \u00e5rsskiftet 26,9 mkr av statliga flyktingmedel reserverade f\u00f6r kommande behov. Vidare \u00e4r totalt 28,9 mkr avsatta f\u00f6r den \u00e5terst\u00e5ende slutt\u00e4ckningen Alandsk\u00f6p, 0,7 mkr f\u00f6r eventuella realisationsf\u00f6rluster i samband med markexploateringar samt 0,2 mkr f\u00f6r avetablering av moduler f\u00f6r f\u00f6rskoleverksamhet.<\/p>\n<p>\u2013 Det k\u00e4nns v\u00e4ldigt bra att vi har kunnat s\u00e4tta av reserver f\u00f6r framtida behov, n\u00e5got som \u00e4r extra viktigt n\u00e4r skatteint\u00e4kter och statsbidrag varierar s\u00e5 kraftigt mellan och under \u00e5ren vilket varit fallet p\u00e5 senare tid, s\u00e4ger Bengt Germundsson. P\u00e5 s\u00e5 s\u00e4tt kan vi balansera int\u00e4ktsf\u00f6r\u00e4ndringar utan att det p\u00e5verkar v\u00e5ra k\u00e4rnverksamheter.<\/p>\n<p>Av investeringsbudgeten, som uppgick till 186,7 mkr, har 130,9 mkr f\u00f6rbrukats under 2021. Merparten av det \u00e5terst\u00e5ende anslaget kommer att anv\u00e4ndas under 2021 f\u00f6r finansiering av p\u00e5b\u00f6rjade projekt som ej var f\u00e4rdigst\u00e4llda vid \u00e5rsskiftet.<\/p>\n<p>Bengt Germundsson f\u00f6rklarar:<\/p>\n<p>\u2013 Investeringsvolymen 2021 \u00e4r den h\u00f6gsta n\u00e5gonsin i Markaryds kommuns historia. Med de satsningar vi nu genomf\u00f6r med nya f\u00f6rskolor, skolor, \u00e4ldreboenden och markexploateringar kommer vi att forts\u00e4tta ha en mycket h\u00f6g investeringsniv\u00e5.<\/p>\n<p>Marknadsv\u00e4rdet p\u00e5 de finansiella pensionstillg\u00e5ngarna uppgick vid \u00e5rsskiftet till 330,3 mkr, medan pensionsf\u00f6rpliktelserna uppgick till 264,3 mkr. Detta inneb\u00e4r en t\u00e4ckning av pensionsskulden motsvarande 125 %.<\/p>\n<p>\u2013 Markaryds kommun har en i grunden stark ekonomi, s\u00e4ger Bengt Germundsson. L\u00e5neskulden \u00e4r l\u00e5g och hela pensionsskulden \u00e4r t\u00e4ckt, vilket g\u00f6r att vi har en h\u00f6g soliditet. Med pensionsskulden inr\u00e4knad placerar vi oss bland de 10-15 kommuner i landet som har h\u00f6gst soliditet.<\/p>\n<p>Sjukfr\u00e5nvaron minskade under 2021, trots pandemin, med 0,36 procentenheter till 6,19 %. Markaryds kommun har den l\u00e4gsta sjukfr\u00e5nvaron bland Kronobergs kommuner och \u00e4r d\u00e4rmed en av de 15-20 kommunerna i hela landet med l\u00e4gst sjukfr\u00e5nvaro.<\/p>\n<p>Av kommunfullm\u00e4ktiges fyra \u00f6vergripande m\u00e5l bed\u00f6ms ett vara uppfyllt, tv\u00e5 delvis uppfyllda och ett ej uppfyllt. Dessa fyra \u00f6vergripande m\u00e5l har brutits ner till totalt 18 n\u00e4mndm\u00e5l. Av de 18 n\u00e4mndm\u00e5len \u00e4r 9 helt uppfyllda, 6 delvis uppfyllda och 3 ej uppfyllda.<\/p>\n<p>Av kommunfullm\u00e4ktiges sju finansiella m\u00e5l \u00e4r fyra helt uppfyllda och tv\u00e5 ej uppfyllda. Ett m\u00e5l \u00e4r inte m\u00f6jligt att m\u00e4ta eftersom j\u00e4mf\u00f6relsegrunden \u00e4ndrats till f\u00f6ljd av kommunfullm\u00e4ktiges beslut att \u00e5rsredovisningen ska uppr\u00e4ttas enligt fullfonderingsmodellen.<\/p>\n","protected":false},"excerpt":{"rendered":"<p>Kommunstyrelsen i Markaryds kommun har nu behandlat \u00e5rsredovisningen f\u00f6r 2021 och det \u00e4r positiva resultat som redovisas. \u2013 Vi g\u00f6r ett bra bokslut b\u00e5de ekonomiskt och verksamhetsm\u00e4ssigt, s\u00e4ger kommunstyrelsens ordf\u00f6rande Bengt Germundsson (KD). Samtidigt tar vi h\u00f6jd f\u00f6r de framtida utmaningar vi har genom de reservationer vi haft m\u00f6jlighet att g\u00f6ra, n\u00e5got som blir extra <a class=\"read-more-link\" href=\"https:\/\/wp.kristdemokraterna.se\/markaryd\/positivt-resultat-for-markaryds-kommun-nar-aret-2021-summeras\/\">Read More<\/a><\/p>\n","protected":false},"author":474,"featured_media":0,"comment_status":"closed","ping_status":"closed","sticky":false,"template":"","format":"standard","meta":{"_acf_changed":false,"footnotes":""},"categories":[10,1,3],"tags":[],"class_list":["post-854","post","type-post","status-publish","format-standard","hentry","category-inlagg","category-las-mer","category-nyheter"],"acf":[],"yoast_head":"<!-- This site is optimized with the Yoast SEO plugin v27.4 - https:\/\/yoast.com\/product\/yoast-seo-wordpress\/ -->\n<title>Positivt resultat f\u00f6r Markaryds kommun n\u00e4r \u00e5ret 2021 summeras - Markaryd<\/title>\n<meta name=\"robots\" content=\"index, follow, max-snippet:-1, max-image-preview:large, max-video-preview:-1\" \/>\n<link rel=\"canonical\" href=\"https:\/\/wp.kristdemokraterna.se\/markaryd\/positivt-resultat-for-markaryds-kommun-nar-aret-2021-summeras\/\" \/>\n<meta property=\"og:locale\" content=\"sv_SE\" \/>\n<meta property=\"og:type\" content=\"article\" \/>\n<meta property=\"og:title\" content=\"Positivt resultat f\u00f6r Markaryds kommun n\u00e4r \u00e5ret 2021 summeras - Markaryd\" \/>\n<meta property=\"og:description\" content=\"Kommunstyrelsen i Markaryds kommun har nu behandlat \u00e5rsredovisningen f\u00f6r 2021 och det \u00e4r positiva resultat som redovisas. \u2013 Vi g\u00f6r ett bra bokslut b\u00e5de ekonomiskt och verksamhetsm\u00e4ssigt, s\u00e4ger kommunstyrelsens ordf\u00f6rande Bengt Germundsson (KD). Samtidigt tar vi h\u00f6jd f\u00f6r de framtida utmaningar vi har genom de reservationer vi haft m\u00f6jlighet att g\u00f6ra, n\u00e5got som blir extra Read More\" \/>\n<meta property=\"og:url\" content=\"https:\/\/wp.kristdemokraterna.se\/markaryd\/positivt-resultat-for-markaryds-kommun-nar-aret-2021-summeras\/\" \/>\n<meta property=\"og:site_name\" content=\"Markaryd\" \/>\n<meta property=\"article:published_time\" content=\"2022-04-13T11:18:22+00:00\" \/>\n<meta property=\"article:modified_time\" content=\"2022-08-26T11:20:01+00:00\" \/>\n<meta name=\"author\" content=\"markaryd\" \/>\n<meta name=\"twitter:card\" content=\"summary_large_image\" \/>\n<meta name=\"twitter:label1\" content=\"Skriven av\" \/>\n\t<meta name=\"twitter:data1\" content=\"markaryd\" \/>\n\t<meta name=\"twitter:label2\" content=\"Ber\u00e4knad l\u00e4stid\" \/>\n\t<meta name=\"twitter:data2\" content=\"4 minuter\" \/>\n<script type=\"application\/ld+json\" class=\"yoast-schema-graph\">{\"@context\":\"https:\\\/\\\/schema.org\",\"@graph\":[{\"@type\":\"Article\",\"@id\":\"https:\\\/\\\/wp.kristdemokraterna.se\\\/markaryd\\\/positivt-resultat-for-markaryds-kommun-nar-aret-2021-summeras\\\/#article\",\"isPartOf\":{\"@id\":\"https:\\\/\\\/wp.kristdemokraterna.se\\\/markaryd\\\/positivt-resultat-for-markaryds-kommun-nar-aret-2021-summeras\\\/\"},\"author\":{\"name\":\"markaryd\",\"@id\":\"https:\\\/\\\/wp.kristdemokraterna.se\\\/markaryd\\\/#\\\/schema\\\/person\\\/20f6dab07249083ef0edb78a8d691118\"},\"headline\":\"Positivt resultat f\u00f6r Markaryds kommun n\u00e4r \u00e5ret 2021 summeras\",\"datePublished\":\"2022-04-13T11:18:22+00:00\",\"dateModified\":\"2022-08-26T11:20:01+00:00\",\"mainEntityOfPage\":{\"@id\":\"https:\\\/\\\/wp.kristdemokraterna.se\\\/markaryd\\\/positivt-resultat-for-markaryds-kommun-nar-aret-2021-summeras\\\/\"},\"wordCount\":718,\"articleSection\":[\"Inl\u00e4gg\",\"L\u00e4s mer\",\"Nyheter\"],\"inLanguage\":\"sv-SE\"},{\"@type\":\"WebPage\",\"@id\":\"https:\\\/\\\/wp.kristdemokraterna.se\\\/markaryd\\\/positivt-resultat-for-markaryds-kommun-nar-aret-2021-summeras\\\/\",\"url\":\"https:\\\/\\\/wp.kristdemokraterna.se\\\/markaryd\\\/positivt-resultat-for-markaryds-kommun-nar-aret-2021-summeras\\\/\",\"name\":\"Positivt resultat f\u00f6r Markaryds kommun n\u00e4r \u00e5ret 2021 summeras - Markaryd\",\"isPartOf\":{\"@id\":\"https:\\\/\\\/wp.kristdemokraterna.se\\\/markaryd\\\/#website\"},\"datePublished\":\"2022-04-13T11:18:22+00:00\",\"dateModified\":\"2022-08-26T11:20:01+00:00\",\"author\":{\"@id\":\"https:\\\/\\\/wp.kristdemokraterna.se\\\/markaryd\\\/#\\\/schema\\\/person\\\/20f6dab07249083ef0edb78a8d691118\"},\"breadcrumb\":{\"@id\":\"https:\\\/\\\/wp.kristdemokraterna.se\\\/markaryd\\\/positivt-resultat-for-markaryds-kommun-nar-aret-2021-summeras\\\/#breadcrumb\"},\"inLanguage\":\"sv-SE\",\"potentialAction\":[{\"@type\":\"ReadAction\",\"target\":[\"https:\\\/\\\/wp.kristdemokraterna.se\\\/markaryd\\\/positivt-resultat-for-markaryds-kommun-nar-aret-2021-summeras\\\/\"]}]},{\"@type\":\"BreadcrumbList\",\"@id\":\"https:\\\/\\\/wp.kristdemokraterna.se\\\/markaryd\\\/positivt-resultat-for-markaryds-kommun-nar-aret-2021-summeras\\\/#breadcrumb\",\"itemListElement\":[{\"@type\":\"ListItem\",\"position\":1,\"name\":\"Hem\",\"item\":\"https:\\\/\\\/wp.kristdemokraterna.se\\\/markaryd\\\/\"},{\"@type\":\"ListItem\",\"position\":2,\"name\":\"Positivt resultat f\u00f6r Markaryds kommun n\u00e4r \u00e5ret 2021 summeras\"}]},{\"@type\":\"WebSite\",\"@id\":\"https:\\\/\\\/wp.kristdemokraterna.se\\\/markaryd\\\/#website\",\"url\":\"https:\\\/\\\/wp.kristdemokraterna.se\\\/markaryd\\\/\",\"name\":\"Markaryd\",\"description\":\"En till Kristdemokraterna webbplats\",\"inLanguage\":\"sv-SE\"},{\"@type\":\"Person\",\"@id\":\"https:\\\/\\\/wp.kristdemokraterna.se\\\/markaryd\\\/#\\\/schema\\\/person\\\/20f6dab07249083ef0edb78a8d691118\",\"name\":\"markaryd\",\"image\":{\"@type\":\"ImageObject\",\"inLanguage\":\"sv-SE\",\"@id\":\"https:\\\/\\\/secure.gravatar.com\\\/avatar\\\/ce5f8ef50c9f87e03a57d5a1a3f910e145199216f82fa8b5dea22840de7efc0e?s=96&r=g\",\"url\":\"https:\\\/\\\/secure.gravatar.com\\\/avatar\\\/ce5f8ef50c9f87e03a57d5a1a3f910e145199216f82fa8b5dea22840de7efc0e?s=96&r=g\",\"contentUrl\":\"https:\\\/\\\/secure.gravatar.com\\\/avatar\\\/ce5f8ef50c9f87e03a57d5a1a3f910e145199216f82fa8b5dea22840de7efc0e?s=96&r=g\",\"caption\":\"markaryd\"},\"url\":\"https:\\\/\\\/wp.kristdemokraterna.se\\\/markaryd\\\/author\\\/markaryd\\\/\"}]}<\/script>\n<!-- \/ Yoast SEO plugin. -->","yoast_head_json":{"title":"Positivt resultat f\u00f6r Markaryds kommun n\u00e4r \u00e5ret 2021 summeras - Markaryd","robots":{"index":"index","follow":"follow","max-snippet":"max-snippet:-1","max-image-preview":"max-image-preview:large","max-video-preview":"max-video-preview:-1"},"canonical":"https:\/\/wp.kristdemokraterna.se\/markaryd\/positivt-resultat-for-markaryds-kommun-nar-aret-2021-summeras\/","og_locale":"sv_SE","og_type":"article","og_title":"Positivt resultat f\u00f6r Markaryds kommun n\u00e4r \u00e5ret 2021 summeras - Markaryd","og_description":"Kommunstyrelsen i Markaryds kommun har nu behandlat \u00e5rsredovisningen f\u00f6r 2021 och det \u00e4r positiva resultat som redovisas. \u2013 Vi g\u00f6r ett bra bokslut b\u00e5de ekonomiskt och verksamhetsm\u00e4ssigt, s\u00e4ger kommunstyrelsens ordf\u00f6rande Bengt Germundsson (KD). Samtidigt tar vi h\u00f6jd f\u00f6r de framtida utmaningar vi har genom de reservationer vi haft m\u00f6jlighet att g\u00f6ra, n\u00e5got som blir extra Read More","og_url":"https:\/\/wp.kristdemokraterna.se\/markaryd\/positivt-resultat-for-markaryds-kommun-nar-aret-2021-summeras\/","og_site_name":"Markaryd","article_published_time":"2022-04-13T11:18:22+00:00","article_modified_time":"2022-08-26T11:20:01+00:00","author":"markaryd","twitter_card":"summary_large_image","twitter_misc":{"Skriven av":"markaryd","Ber\u00e4knad l\u00e4stid":"4 minuter"},"schema":{"@context":"https:\/\/schema.org","@graph":[{"@type":"Article","@id":"https:\/\/wp.kristdemokraterna.se\/markaryd\/positivt-resultat-for-markaryds-kommun-nar-aret-2021-summeras\/#article","isPartOf":{"@id":"https:\/\/wp.kristdemokraterna.se\/markaryd\/positivt-resultat-for-markaryds-kommun-nar-aret-2021-summeras\/"},"author":{"name":"markaryd","@id":"https:\/\/wp.kristdemokraterna.se\/markaryd\/#\/schema\/person\/20f6dab07249083ef0edb78a8d691118"},"headline":"Positivt resultat f\u00f6r Markaryds kommun n\u00e4r \u00e5ret 2021 summeras","datePublished":"2022-04-13T11:18:22+00:00","dateModified":"2022-08-26T11:20:01+00:00","mainEntityOfPage":{"@id":"https:\/\/wp.kristdemokraterna.se\/markaryd\/positivt-resultat-for-markaryds-kommun-nar-aret-2021-summeras\/"},"wordCount":718,"articleSection":["Inl\u00e4gg","L\u00e4s mer","Nyheter"],"inLanguage":"sv-SE"},{"@type":"WebPage","@id":"https:\/\/wp.kristdemokraterna.se\/markaryd\/positivt-resultat-for-markaryds-kommun-nar-aret-2021-summeras\/","url":"https:\/\/wp.kristdemokraterna.se\/markaryd\/positivt-resultat-for-markaryds-kommun-nar-aret-2021-summeras\/","name":"Positivt resultat f\u00f6r Markaryds kommun n\u00e4r \u00e5ret 2021 summeras - Markaryd","isPartOf":{"@id":"https:\/\/wp.kristdemokraterna.se\/markaryd\/#website"},"datePublished":"2022-04-13T11:18:22+00:00","dateModified":"2022-08-26T11:20:01+00:00","author":{"@id":"https:\/\/wp.kristdemokraterna.se\/markaryd\/#\/schema\/person\/20f6dab07249083ef0edb78a8d691118"},"breadcrumb":{"@id":"https:\/\/wp.kristdemokraterna.se\/markaryd\/positivt-resultat-for-markaryds-kommun-nar-aret-2021-summeras\/#breadcrumb"},"inLanguage":"sv-SE","potentialAction":[{"@type":"ReadAction","target":["https:\/\/wp.kristdemokraterna.se\/markaryd\/positivt-resultat-for-markaryds-kommun-nar-aret-2021-summeras\/"]}]},{"@type":"BreadcrumbList","@id":"https:\/\/wp.kristdemokraterna.se\/markaryd\/positivt-resultat-for-markaryds-kommun-nar-aret-2021-summeras\/#breadcrumb","itemListElement":[{"@type":"ListItem","position":1,"name":"Hem","item":"https:\/\/wp.kristdemokraterna.se\/markaryd\/"},{"@type":"ListItem","position":2,"name":"Positivt resultat f\u00f6r Markaryds kommun n\u00e4r \u00e5ret 2021 summeras"}]},{"@type":"WebSite","@id":"https:\/\/wp.kristdemokraterna.se\/markaryd\/#website","url":"https:\/\/wp.kristdemokraterna.se\/markaryd\/","name":"Markaryd","description":"En till Kristdemokraterna webbplats","inLanguage":"sv-SE"},{"@type":"Person","@id":"https:\/\/wp.kristdemokraterna.se\/markaryd\/#\/schema\/person\/20f6dab07249083ef0edb78a8d691118","name":"markaryd","image":{"@type":"ImageObject","inLanguage":"sv-SE","@id":"https:\/\/secure.gravatar.com\/avatar\/ce5f8ef50c9f87e03a57d5a1a3f910e145199216f82fa8b5dea22840de7efc0e?s=96&r=g","url":"https:\/\/secure.gravatar.com\/avatar\/ce5f8ef50c9f87e03a57d5a1a3f910e145199216f82fa8b5dea22840de7efc0e?s=96&r=g","contentUrl":"https:\/\/secure.gravatar.com\/avatar\/ce5f8ef50c9f87e03a57d5a1a3f910e145199216f82fa8b5dea22840de7efc0e?s=96&r=g","caption":"markaryd"},"url":"https:\/\/wp.kristdemokraterna.se\/markaryd\/author\/markaryd\/"}]}},"_links":{"self":[{"href":"https:\/\/wp.kristdemokraterna.se\/markaryd\/wp-json\/wp\/v2\/posts\/854","targetHints":{"allow":["GET"]}}],"collection":[{"href":"https:\/\/wp.kristdemokraterna.se\/markaryd\/wp-json\/wp\/v2\/posts"}],"about":[{"href":"https:\/\/wp.kristdemokraterna.se\/markaryd\/wp-json\/wp\/v2\/types\/post"}],"author":[{"embeddable":true,"href":"https:\/\/wp.kristdemokraterna.se\/markaryd\/wp-json\/wp\/v2\/users\/474"}],"replies":[{"embeddable":true,"href":"https:\/\/wp.kristdemokraterna.se\/markaryd\/wp-json\/wp\/v2\/comments?post=854"}],"version-history":[{"count":1,"href":"https:\/\/wp.kristdemokraterna.se\/markaryd\/wp-json\/wp\/v2\/posts\/854\/revisions"}],"predecessor-version":[{"id":855,"href":"https:\/\/wp.kristdemokraterna.se\/markaryd\/wp-json\/wp\/v2\/posts\/854\/revisions\/855"}],"wp:attachment":[{"href":"https:\/\/wp.kristdemokraterna.se\/markaryd\/wp-json\/wp\/v2\/media?parent=854"}],"wp:term":[{"taxonomy":"category","embeddable":true,"href":"https:\/\/wp.kristdemokraterna.se\/markaryd\/wp-json\/wp\/v2\/categories?post=854"},{"taxonomy":"post_tag","embeddable":true,"href":"https:\/\/wp.kristdemokraterna.se\/markaryd\/wp-json\/wp\/v2\/tags?post=854"}],"curies":[{"name":"wp","href":"https:\/\/api.w.org\/{rel}","templated":true}]}}