{"id":1037,"date":"2014-04-23T17:30:39","date_gmt":"2014-04-23T15:30:39","guid":{"rendered":"http:\/\/wp.kristdemokraterna.se\/mjolby\/?p=1037"},"modified":"2014-10-28T13:30:23","modified_gmt":"2014-10-28T12:30:23","slug":"medlemsmote20140505","status":"publish","type":"post","link":"https:\/\/wp.kristdemokraterna.se\/mjolby\/medlemsmote20140505\/","title":{"rendered":"Medlemsm\u00f6ten tillsammans"},"content":{"rendered":"<p><strong><img loading=\"lazy\" decoding=\"async\" class=\"alignleft wp-image-1048 size-thumbnail\" src=\"http:\/\/wp.kristdemokraterna.se\/mjolby\/files\/2014\/04\/340-150x150.jpg\" alt=\"340\" width=\"150\" height=\"150\" srcset=\"https:\/\/wp.kristdemokraterna.se\/mjolby\/files\/2014\/04\/340-150x150.jpg 150w, https:\/\/wp.kristdemokraterna.se\/mjolby\/files\/2014\/04\/340-300x300.jpg 300w, https:\/\/wp.kristdemokraterna.se\/mjolby\/files\/2014\/04\/340-112x112.jpg 112w, https:\/\/wp.kristdemokraterna.se\/mjolby\/files\/2014\/04\/340.jpg 340w\" sizes=\"auto, (max-width: 150px) 100vw, 150px\" \/>Kristdemokraterna 50 \u00c5R<\/strong><br \/>\nDen 5 maj kl. 19.00<\/p>\n<p>Det firar vi i Mj\u00f6lby tillsammans med Motala<\/p>\n<p>Vi \u00e4r v\u00e4lkomna till<br \/>\nBengt-Olof Idmyr<br \/>\n\u00d6stra Eldsl\u00f6sa \u00d6stersborg MJ\u00d6LBY<\/p>\n<p>Det kostar 30 kr<br \/>\nV\u00c4LKOMNA!<\/p>\n<p>\u2022 L\u00e4r k\u00e4nna varandra<br \/>\n\u2022 Vi fixar n\u00e5got gott att \u00e4ta!<br \/>\n\u2022 N\u00e5gra ber\u00e4ttar KD s historia Mj\u00f6lby och riks<\/p>\n<p><strong>Anm\u00e4lan till:<\/strong><br \/>\n<a title=\"Birger Hagstr\u00f6m\" href=\"http:\/\/wp.kristdemokraterna.se\/mjolby\/personligt\/birger-hagstrom\/\">Birger Hagstr\u00f6m<\/a><br \/>\n070-896 93 28<br \/>\nbirgerhm@gmail.com<\/p>\n<p>eller<br \/>\n<a title=\"Gunvor Grans\u00f6\" href=\"http:\/\/wp.kristdemokraterna.se\/mjolby\/personligt\/gunvor-granso\/\">Gunvor Grans\u00f6<\/a><br \/>\n070-515 12 27<br \/>\ngunvor.granso@telia.com<br \/>\n<img loading=\"lazy\" decoding=\"async\" class=\"alignleft size-medium wp-image-1049\" src=\"http:\/\/wp.kristdemokraterna.se\/mjolby\/files\/2014\/04\/kdtarta-300x199.jpg\" alt=\"KDtarta\" width=\"300\" height=\"199\" srcset=\"https:\/\/wp.kristdemokraterna.se\/mjolby\/files\/2014\/04\/kdtarta-300x199.jpg 300w, https:\/\/wp.kristdemokraterna.se\/mjolby\/files\/2014\/04\/kdtarta-540x359.jpg 540w, https:\/\/wp.kristdemokraterna.se\/mjolby\/files\/2014\/04\/kdtarta-520x346.jpg 520w, https:\/\/wp.kristdemokraterna.se\/mjolby\/files\/2014\/04\/kdtarta-168x112.jpg 168w, https:\/\/wp.kristdemokraterna.se\/mjolby\/files\/2014\/04\/kdtarta.jpg 588w\" sizes=\"auto, (max-width: 300px) 100vw, 300px\" \/><\/p>\n","protected":false},"excerpt":{"rendered":"<p>Kristdemokraterna 50 \u00c5R Den 5 maj kl. 19.00 Det firar vi i Mj\u00f6lby tillsammans med Motala Vi \u00e4r v\u00e4lkomna till Bengt-Olof Idmyr \u00d6stra Eldsl\u00f6sa \u00d6stersborg MJ\u00d6LBY Det kostar 30 kr V\u00c4LKOMNA! \u2022 L\u00e4r k\u00e4nna varandra \u2022 Vi fixar n\u00e5got gott att \u00e4ta! \u2022 N\u00e5gra ber\u00e4ttar KD s historia Mj\u00f6lby och riks Anm\u00e4lan till: Birger Hagstr\u00f6m <a class=\"read-more-link\" href=\"https:\/\/wp.kristdemokraterna.se\/mjolby\/medlemsmote20140505\/\">Read More<\/a><\/p>\n","protected":false},"author":433,"featured_media":0,"comment_status":"closed","ping_status":"closed","sticky":false,"template":"","format":"standard","meta":{"_acf_changed":false,"footnotes":""},"categories":[7,8],"tags":[15,16],"class_list":["post-1037","post","type-post","status-publish","format-standard","hentry","category-medlemsmote","category-motala","tag-medlemsmote","tag-motala"],"acf":[],"yoast_head":"<!-- This site is optimized with the Yoast SEO plugin v27.4 - https:\/\/yoast.com\/product\/yoast-seo-wordpress\/ -->\n<title>Medlemsm\u00f6ten tillsammans - Mj\u00f6lby<\/title>\n<meta name=\"robots\" content=\"index, follow, max-snippet:-1, max-image-preview:large, max-video-preview:-1\" \/>\n<link rel=\"canonical\" href=\"https:\/\/wp.kristdemokraterna.se\/mjolby\/medlemsmote20140505\/\" \/>\n<meta property=\"og:locale\" content=\"sv_SE\" \/>\n<meta property=\"og:type\" content=\"article\" \/>\n<meta property=\"og:title\" content=\"Medlemsm\u00f6ten tillsammans - Mj\u00f6lby\" \/>\n<meta property=\"og:description\" content=\"Kristdemokraterna 50 \u00c5R Den 5 maj kl. 19.00 Det firar vi i Mj\u00f6lby tillsammans med Motala Vi \u00e4r v\u00e4lkomna till Bengt-Olof Idmyr \u00d6stra Eldsl\u00f6sa \u00d6stersborg MJ\u00d6LBY Det kostar 30 kr V\u00c4LKOMNA! \u2022 L\u00e4r k\u00e4nna varandra \u2022 Vi fixar n\u00e5got gott att \u00e4ta! \u2022 N\u00e5gra ber\u00e4ttar KD s historia Mj\u00f6lby och riks Anm\u00e4lan till: Birger Hagstr\u00f6m Read More\" \/>\n<meta property=\"og:url\" content=\"https:\/\/wp.kristdemokraterna.se\/mjolby\/medlemsmote20140505\/\" \/>\n<meta property=\"og:site_name\" content=\"Mj\u00f6lby\" \/>\n<meta property=\"article:published_time\" content=\"2014-04-23T15:30:39+00:00\" \/>\n<meta property=\"article:modified_time\" content=\"2014-10-28T12:30:23+00:00\" \/>\n<meta property=\"og:image\" content=\"http:\/\/wp.kristdemokraterna.se\/mjolby\/files\/2014\/04\/340-150x150.jpg\" \/>\n<meta name=\"author\" content=\"mjolby\" \/>\n<meta name=\"twitter:card\" content=\"summary_large_image\" \/>\n<meta name=\"twitter:label1\" content=\"Skriven av\" \/>\n\t<meta name=\"twitter:data1\" content=\"mjolby\" \/>\n<script type=\"application\/ld+json\" class=\"yoast-schema-graph\">{\"@context\":\"https:\\\/\\\/schema.org\",\"@graph\":[{\"@type\":\"Article\",\"@id\":\"https:\\\/\\\/wp.kristdemokraterna.se\\\/mjolby\\\/medlemsmote20140505\\\/#article\",\"isPartOf\":{\"@id\":\"https:\\\/\\\/wp.kristdemokraterna.se\\\/mjolby\\\/medlemsmote20140505\\\/\"},\"author\":{\"name\":\"mjolby\",\"@id\":\"https:\\\/\\\/wp.kristdemokraterna.se\\\/mjolby\\\/#\\\/schema\\\/person\\\/6d62e169e57d7eb21252f7fb8e9fb167\"},\"headline\":\"Medlemsm\u00f6ten tillsammans\",\"datePublished\":\"2014-04-23T15:30:39+00:00\",\"dateModified\":\"2014-10-28T12:30:23+00:00\",\"mainEntityOfPage\":{\"@id\":\"https:\\\/\\\/wp.kristdemokraterna.se\\\/mjolby\\\/medlemsmote20140505\\\/\"},\"wordCount\":76,\"image\":{\"@id\":\"https:\\\/\\\/wp.kristdemokraterna.se\\\/mjolby\\\/medlemsmote20140505\\\/#primaryimage\"},\"thumbnailUrl\":\"http:\\\/\\\/wp.kristdemokraterna.se\\\/mjolby\\\/files\\\/2014\\\/04\\\/340-150x150.jpg\",\"keywords\":[\"Medlemsm\u00f6te\",\"Motala\"],\"articleSection\":[\"Medlemsm\u00f6te\",\"Motala\"],\"inLanguage\":\"sv-SE\"},{\"@type\":\"WebPage\",\"@id\":\"https:\\\/\\\/wp.kristdemokraterna.se\\\/mjolby\\\/medlemsmote20140505\\\/\",\"url\":\"https:\\\/\\\/wp.kristdemokraterna.se\\\/mjolby\\\/medlemsmote20140505\\\/\",\"name\":\"Medlemsm\u00f6ten tillsammans - Mj\u00f6lby\",\"isPartOf\":{\"@id\":\"https:\\\/\\\/wp.kristdemokraterna.se\\\/mjolby\\\/#website\"},\"primaryImageOfPage\":{\"@id\":\"https:\\\/\\\/wp.kristdemokraterna.se\\\/mjolby\\\/medlemsmote20140505\\\/#primaryimage\"},\"image\":{\"@id\":\"https:\\\/\\\/wp.kristdemokraterna.se\\\/mjolby\\\/medlemsmote20140505\\\/#primaryimage\"},\"thumbnailUrl\":\"http:\\\/\\\/wp.kristdemokraterna.se\\\/mjolby\\\/files\\\/2014\\\/04\\\/340-150x150.jpg\",\"datePublished\":\"2014-04-23T15:30:39+00:00\",\"dateModified\":\"2014-10-28T12:30:23+00:00\",\"author\":{\"@id\":\"https:\\\/\\\/wp.kristdemokraterna.se\\\/mjolby\\\/#\\\/schema\\\/person\\\/6d62e169e57d7eb21252f7fb8e9fb167\"},\"breadcrumb\":{\"@id\":\"https:\\\/\\\/wp.kristdemokraterna.se\\\/mjolby\\\/medlemsmote20140505\\\/#breadcrumb\"},\"inLanguage\":\"sv-SE\",\"potentialAction\":[{\"@type\":\"ReadAction\",\"target\":[\"https:\\\/\\\/wp.kristdemokraterna.se\\\/mjolby\\\/medlemsmote20140505\\\/\"]}]},{\"@type\":\"ImageObject\",\"inLanguage\":\"sv-SE\",\"@id\":\"https:\\\/\\\/wp.kristdemokraterna.se\\\/mjolby\\\/medlemsmote20140505\\\/#primaryimage\",\"url\":\"https:\\\/\\\/wp.kristdemokraterna.se\\\/mjolby\\\/files\\\/2014\\\/04\\\/340.jpg\",\"contentUrl\":\"https:\\\/\\\/wp.kristdemokraterna.se\\\/mjolby\\\/files\\\/2014\\\/04\\\/340.jpg\",\"width\":340,\"height\":339},{\"@type\":\"BreadcrumbList\",\"@id\":\"https:\\\/\\\/wp.kristdemokraterna.se\\\/mjolby\\\/medlemsmote20140505\\\/#breadcrumb\",\"itemListElement\":[{\"@type\":\"ListItem\",\"position\":1,\"name\":\"Hem\",\"item\":\"https:\\\/\\\/wp.kristdemokraterna.se\\\/mjolby\\\/\"},{\"@type\":\"ListItem\",\"position\":2,\"name\":\"Medlemsm\u00f6ten tillsammans\"}]},{\"@type\":\"WebSite\",\"@id\":\"https:\\\/\\\/wp.kristdemokraterna.se\\\/mjolby\\\/#website\",\"url\":\"https:\\\/\\\/wp.kristdemokraterna.se\\\/mjolby\\\/\",\"name\":\"Mj\u00f6lby\",\"description\":\"Kristdemokraterna\",\"inLanguage\":\"sv-SE\"},{\"@type\":\"Person\",\"@id\":\"https:\\\/\\\/wp.kristdemokraterna.se\\\/mjolby\\\/#\\\/schema\\\/person\\\/6d62e169e57d7eb21252f7fb8e9fb167\",\"name\":\"mjolby\",\"image\":{\"@type\":\"ImageObject\",\"inLanguage\":\"sv-SE\",\"@id\":\"https:\\\/\\\/secure.gravatar.com\\\/avatar\\\/5b3f6ba44cd46bfc4328665043712cf669b54fc8192200eafbec52b20743e25e?s=96&d=mm&r=g\",\"url\":\"https:\\\/\\\/secure.gravatar.com\\\/avatar\\\/5b3f6ba44cd46bfc4328665043712cf669b54fc8192200eafbec52b20743e25e?s=96&d=mm&r=g\",\"contentUrl\":\"https:\\\/\\\/secure.gravatar.com\\\/avatar\\\/5b3f6ba44cd46bfc4328665043712cf669b54fc8192200eafbec52b20743e25e?s=96&d=mm&r=g\",\"caption\":\"mjolby\"},\"url\":\"https:\\\/\\\/wp.kristdemokraterna.se\\\/mjolby\\\/author\\\/mjolby\\\/\"}]}<\/script>\n<!-- \/ Yoast SEO plugin. -->","yoast_head_json":{"title":"Medlemsm\u00f6ten tillsammans - Mj\u00f6lby","robots":{"index":"index","follow":"follow","max-snippet":"max-snippet:-1","max-image-preview":"max-image-preview:large","max-video-preview":"max-video-preview:-1"},"canonical":"https:\/\/wp.kristdemokraterna.se\/mjolby\/medlemsmote20140505\/","og_locale":"sv_SE","og_type":"article","og_title":"Medlemsm\u00f6ten tillsammans - Mj\u00f6lby","og_description":"Kristdemokraterna 50 \u00c5R Den 5 maj kl. 19.00 Det firar vi i Mj\u00f6lby tillsammans med Motala Vi \u00e4r v\u00e4lkomna till Bengt-Olof Idmyr \u00d6stra Eldsl\u00f6sa \u00d6stersborg MJ\u00d6LBY Det kostar 30 kr V\u00c4LKOMNA! \u2022 L\u00e4r k\u00e4nna varandra \u2022 Vi fixar n\u00e5got gott att \u00e4ta! \u2022 N\u00e5gra ber\u00e4ttar KD s historia Mj\u00f6lby och riks Anm\u00e4lan till: Birger Hagstr\u00f6m Read More","og_url":"https:\/\/wp.kristdemokraterna.se\/mjolby\/medlemsmote20140505\/","og_site_name":"Mj\u00f6lby","article_published_time":"2014-04-23T15:30:39+00:00","article_modified_time":"2014-10-28T12:30:23+00:00","og_image":[{"url":"http:\/\/wp.kristdemokraterna.se\/mjolby\/files\/2014\/04\/340-150x150.jpg","type":"","width":"","height":""}],"author":"mjolby","twitter_card":"summary_large_image","twitter_misc":{"Skriven av":"mjolby"},"schema":{"@context":"https:\/\/schema.org","@graph":[{"@type":"Article","@id":"https:\/\/wp.kristdemokraterna.se\/mjolby\/medlemsmote20140505\/#article","isPartOf":{"@id":"https:\/\/wp.kristdemokraterna.se\/mjolby\/medlemsmote20140505\/"},"author":{"name":"mjolby","@id":"https:\/\/wp.kristdemokraterna.se\/mjolby\/#\/schema\/person\/6d62e169e57d7eb21252f7fb8e9fb167"},"headline":"Medlemsm\u00f6ten tillsammans","datePublished":"2014-04-23T15:30:39+00:00","dateModified":"2014-10-28T12:30:23+00:00","mainEntityOfPage":{"@id":"https:\/\/wp.kristdemokraterna.se\/mjolby\/medlemsmote20140505\/"},"wordCount":76,"image":{"@id":"https:\/\/wp.kristdemokraterna.se\/mjolby\/medlemsmote20140505\/#primaryimage"},"thumbnailUrl":"http:\/\/wp.kristdemokraterna.se\/mjolby\/files\/2014\/04\/340-150x150.jpg","keywords":["Medlemsm\u00f6te","Motala"],"articleSection":["Medlemsm\u00f6te","Motala"],"inLanguage":"sv-SE"},{"@type":"WebPage","@id":"https:\/\/wp.kristdemokraterna.se\/mjolby\/medlemsmote20140505\/","url":"https:\/\/wp.kristdemokraterna.se\/mjolby\/medlemsmote20140505\/","name":"Medlemsm\u00f6ten tillsammans - Mj\u00f6lby","isPartOf":{"@id":"https:\/\/wp.kristdemokraterna.se\/mjolby\/#website"},"primaryImageOfPage":{"@id":"https:\/\/wp.kristdemokraterna.se\/mjolby\/medlemsmote20140505\/#primaryimage"},"image":{"@id":"https:\/\/wp.kristdemokraterna.se\/mjolby\/medlemsmote20140505\/#primaryimage"},"thumbnailUrl":"http:\/\/wp.kristdemokraterna.se\/mjolby\/files\/2014\/04\/340-150x150.jpg","datePublished":"2014-04-23T15:30:39+00:00","dateModified":"2014-10-28T12:30:23+00:00","author":{"@id":"https:\/\/wp.kristdemokraterna.se\/mjolby\/#\/schema\/person\/6d62e169e57d7eb21252f7fb8e9fb167"},"breadcrumb":{"@id":"https:\/\/wp.kristdemokraterna.se\/mjolby\/medlemsmote20140505\/#breadcrumb"},"inLanguage":"sv-SE","potentialAction":[{"@type":"ReadAction","target":["https:\/\/wp.kristdemokraterna.se\/mjolby\/medlemsmote20140505\/"]}]},{"@type":"ImageObject","inLanguage":"sv-SE","@id":"https:\/\/wp.kristdemokraterna.se\/mjolby\/medlemsmote20140505\/#primaryimage","url":"https:\/\/wp.kristdemokraterna.se\/mjolby\/files\/2014\/04\/340.jpg","contentUrl":"https:\/\/wp.kristdemokraterna.se\/mjolby\/files\/2014\/04\/340.jpg","width":340,"height":339},{"@type":"BreadcrumbList","@id":"https:\/\/wp.kristdemokraterna.se\/mjolby\/medlemsmote20140505\/#breadcrumb","itemListElement":[{"@type":"ListItem","position":1,"name":"Hem","item":"https:\/\/wp.kristdemokraterna.se\/mjolby\/"},{"@type":"ListItem","position":2,"name":"Medlemsm\u00f6ten tillsammans"}]},{"@type":"WebSite","@id":"https:\/\/wp.kristdemokraterna.se\/mjolby\/#website","url":"https:\/\/wp.kristdemokraterna.se\/mjolby\/","name":"Mj\u00f6lby","description":"Kristdemokraterna","inLanguage":"sv-SE"},{"@type":"Person","@id":"https:\/\/wp.kristdemokraterna.se\/mjolby\/#\/schema\/person\/6d62e169e57d7eb21252f7fb8e9fb167","name":"mjolby","image":{"@type":"ImageObject","inLanguage":"sv-SE","@id":"https:\/\/secure.gravatar.com\/avatar\/5b3f6ba44cd46bfc4328665043712cf669b54fc8192200eafbec52b20743e25e?s=96&d=mm&r=g","url":"https:\/\/secure.gravatar.com\/avatar\/5b3f6ba44cd46bfc4328665043712cf669b54fc8192200eafbec52b20743e25e?s=96&d=mm&r=g","contentUrl":"https:\/\/secure.gravatar.com\/avatar\/5b3f6ba44cd46bfc4328665043712cf669b54fc8192200eafbec52b20743e25e?s=96&d=mm&r=g","caption":"mjolby"},"url":"https:\/\/wp.kristdemokraterna.se\/mjolby\/author\/mjolby\/"}]}},"_links":{"self":[{"href":"https:\/\/wp.kristdemokraterna.se\/mjolby\/wp-json\/wp\/v2\/posts\/1037","targetHints":{"allow":["GET"]}}],"collection":[{"href":"https:\/\/wp.kristdemokraterna.se\/mjolby\/wp-json\/wp\/v2\/posts"}],"about":[{"href":"https:\/\/wp.kristdemokraterna.se\/mjolby\/wp-json\/wp\/v2\/types\/post"}],"author":[{"embeddable":true,"href":"https:\/\/wp.kristdemokraterna.se\/mjolby\/wp-json\/wp\/v2\/users\/433"}],"replies":[{"embeddable":true,"href":"https:\/\/wp.kristdemokraterna.se\/mjolby\/wp-json\/wp\/v2\/comments?post=1037"}],"version-history":[{"count":11,"href":"https:\/\/wp.kristdemokraterna.se\/mjolby\/wp-json\/wp\/v2\/posts\/1037\/revisions"}],"predecessor-version":[{"id":1054,"href":"https:\/\/wp.kristdemokraterna.se\/mjolby\/wp-json\/wp\/v2\/posts\/1037\/revisions\/1054"}],"wp:attachment":[{"href":"https:\/\/wp.kristdemokraterna.se\/mjolby\/wp-json\/wp\/v2\/media?parent=1037"}],"wp:term":[{"taxonomy":"category","embeddable":true,"href":"https:\/\/wp.kristdemokraterna.se\/mjolby\/wp-json\/wp\/v2\/categories?post=1037"},{"taxonomy":"post_tag","embeddable":true,"href":"https:\/\/wp.kristdemokraterna.se\/mjolby\/wp-json\/wp\/v2\/tags?post=1037"}],"curies":[{"name":"wp","href":"https:\/\/api.w.org\/{rel}","templated":true}]}}