{"id":1160,"date":"2014-08-21T22:39:59","date_gmt":"2014-08-21T20:39:59","guid":{"rendered":"http:\/\/wp.kristdemokraterna.se\/mjolby\/?p=1160"},"modified":"2014-08-23T14:51:24","modified_gmt":"2014-08-23T12:51:24","slug":"valmaterial-2014","status":"publish","type":"post","link":"https:\/\/wp.kristdemokraterna.se\/mjolby\/valmaterial-2014\/","title":{"rendered":"Valmaterial 2014"},"content":{"rendered":"<p>H\u00e4r l\u00e4mnar <em>distriktet \u00d6sterg\u00f6tland<\/em> \u00f6ver riksdagskandidat Magnus Oscarsson till ordf\u00f6rande Birger Hagstr\u00f6m i Mj\u00f6lby tillsammmans med allt annat valmaterial. Ocks\u00e5 landstingsr\u00e5det Per Larsson har l\u00e4mnats i goda h\u00e4nder!<\/p>\n<p><img loading=\"lazy\" decoding=\"async\" class=\"alignleft size-full wp-image-1161\" src=\"http:\/\/wp.kristdemokraterna.se\/mjolby\/files\/2014\/08\/10574346_694781377259005_2521703044561096208_n.jpg\" alt=\"10574346_694781377259005_2521703044561096208_n\" width=\"960\" height=\"704\" srcset=\"https:\/\/wp.kristdemokraterna.se\/mjolby\/files\/2014\/08\/10574346_694781377259005_2521703044561096208_n.jpg 960w, https:\/\/wp.kristdemokraterna.se\/mjolby\/files\/2014\/08\/10574346_694781377259005_2521703044561096208_n-300x220.jpg 300w, https:\/\/wp.kristdemokraterna.se\/mjolby\/files\/2014\/08\/10574346_694781377259005_2521703044561096208_n-540x396.jpg 540w, https:\/\/wp.kristdemokraterna.se\/mjolby\/files\/2014\/08\/10574346_694781377259005_2521703044561096208_n-471x346.jpg 471w, https:\/\/wp.kristdemokraterna.se\/mjolby\/files\/2014\/08\/10574346_694781377259005_2521703044561096208_n-152x112.jpg 152w\" sizes=\"auto, (max-width: 960px) 100vw, 960px\" \/><\/p>\n","protected":false},"excerpt":{"rendered":"<p>H\u00e4r l\u00e4mnar distriktet \u00d6sterg\u00f6tland \u00f6ver riksdagskandidat Magnus Oscarsson till ordf\u00f6rande Birger Hagstr\u00f6m i Mj\u00f6lby tillsammmans med allt annat valmaterial. Ocks\u00e5 landstingsr\u00e5det Per Larsson har l\u00e4mnats i goda h\u00e4nder!<\/p>\n","protected":false},"author":433,"featured_media":0,"comment_status":"closed","ping_status":"closed","sticky":false,"template":"","format":"standard","meta":{"_acf_changed":false,"footnotes":""},"categories":[12,14],"tags":[20,22],"class_list":["post-1160","post","type-post","status-publish","format-standard","hentry","category-val","category-val2014","tag-val","tag-val2014"],"acf":[],"yoast_head":"<!-- This site is optimized with the Yoast SEO plugin v27.4 - https:\/\/yoast.com\/product\/yoast-seo-wordpress\/ -->\n<title>Valmaterial 2014 - Mj\u00f6lby<\/title>\n<meta name=\"robots\" content=\"index, follow, max-snippet:-1, max-image-preview:large, max-video-preview:-1\" \/>\n<link rel=\"canonical\" href=\"https:\/\/wp.kristdemokraterna.se\/mjolby\/valmaterial-2014\/\" \/>\n<meta property=\"og:locale\" content=\"sv_SE\" \/>\n<meta property=\"og:type\" content=\"article\" \/>\n<meta property=\"og:title\" content=\"Valmaterial 2014 - Mj\u00f6lby\" \/>\n<meta property=\"og:description\" content=\"H\u00e4r l\u00e4mnar distriktet \u00d6sterg\u00f6tland \u00f6ver riksdagskandidat Magnus Oscarsson till ordf\u00f6rande Birger Hagstr\u00f6m i Mj\u00f6lby tillsammmans med allt annat valmaterial. Ocks\u00e5 landstingsr\u00e5det Per Larsson har l\u00e4mnats i goda h\u00e4nder!\" \/>\n<meta property=\"og:url\" content=\"https:\/\/wp.kristdemokraterna.se\/mjolby\/valmaterial-2014\/\" \/>\n<meta property=\"og:site_name\" content=\"Mj\u00f6lby\" \/>\n<meta property=\"article:published_time\" content=\"2014-08-21T20:39:59+00:00\" \/>\n<meta property=\"article:modified_time\" content=\"2014-08-23T12:51:24+00:00\" \/>\n<meta property=\"og:image\" content=\"http:\/\/wp.kristdemokraterna.se\/mjolby\/files\/2014\/08\/10574346_694781377259005_2521703044561096208_n.jpg\" \/>\n<meta name=\"author\" content=\"mjolby\" \/>\n<meta name=\"twitter:card\" content=\"summary_large_image\" \/>\n<meta name=\"twitter:label1\" content=\"Skriven av\" \/>\n\t<meta name=\"twitter:data1\" content=\"mjolby\" \/>\n<script type=\"application\/ld+json\" class=\"yoast-schema-graph\">{\"@context\":\"https:\\\/\\\/schema.org\",\"@graph\":[{\"@type\":\"Article\",\"@id\":\"https:\\\/\\\/wp.kristdemokraterna.se\\\/mjolby\\\/valmaterial-2014\\\/#article\",\"isPartOf\":{\"@id\":\"https:\\\/\\\/wp.kristdemokraterna.se\\\/mjolby\\\/valmaterial-2014\\\/\"},\"author\":{\"name\":\"mjolby\",\"@id\":\"https:\\\/\\\/wp.kristdemokraterna.se\\\/mjolby\\\/#\\\/schema\\\/person\\\/6d62e169e57d7eb21252f7fb8e9fb167\"},\"headline\":\"Valmaterial 2014\",\"datePublished\":\"2014-08-21T20:39:59+00:00\",\"dateModified\":\"2014-08-23T12:51:24+00:00\",\"mainEntityOfPage\":{\"@id\":\"https:\\\/\\\/wp.kristdemokraterna.se\\\/mjolby\\\/valmaterial-2014\\\/\"},\"wordCount\":38,\"image\":{\"@id\":\"https:\\\/\\\/wp.kristdemokraterna.se\\\/mjolby\\\/valmaterial-2014\\\/#primaryimage\"},\"thumbnailUrl\":\"http:\\\/\\\/wp.kristdemokraterna.se\\\/mjolby\\\/files\\\/2014\\\/08\\\/10574346_694781377259005_2521703044561096208_n.jpg\",\"keywords\":[\"Val\",\"Val2014\"],\"articleSection\":[\"Val\",\"Val2014\"],\"inLanguage\":\"sv-SE\"},{\"@type\":\"WebPage\",\"@id\":\"https:\\\/\\\/wp.kristdemokraterna.se\\\/mjolby\\\/valmaterial-2014\\\/\",\"url\":\"https:\\\/\\\/wp.kristdemokraterna.se\\\/mjolby\\\/valmaterial-2014\\\/\",\"name\":\"Valmaterial 2014 - Mj\u00f6lby\",\"isPartOf\":{\"@id\":\"https:\\\/\\\/wp.kristdemokraterna.se\\\/mjolby\\\/#website\"},\"primaryImageOfPage\":{\"@id\":\"https:\\\/\\\/wp.kristdemokraterna.se\\\/mjolby\\\/valmaterial-2014\\\/#primaryimage\"},\"image\":{\"@id\":\"https:\\\/\\\/wp.kristdemokraterna.se\\\/mjolby\\\/valmaterial-2014\\\/#primaryimage\"},\"thumbnailUrl\":\"http:\\\/\\\/wp.kristdemokraterna.se\\\/mjolby\\\/files\\\/2014\\\/08\\\/10574346_694781377259005_2521703044561096208_n.jpg\",\"datePublished\":\"2014-08-21T20:39:59+00:00\",\"dateModified\":\"2014-08-23T12:51:24+00:00\",\"author\":{\"@id\":\"https:\\\/\\\/wp.kristdemokraterna.se\\\/mjolby\\\/#\\\/schema\\\/person\\\/6d62e169e57d7eb21252f7fb8e9fb167\"},\"breadcrumb\":{\"@id\":\"https:\\\/\\\/wp.kristdemokraterna.se\\\/mjolby\\\/valmaterial-2014\\\/#breadcrumb\"},\"inLanguage\":\"sv-SE\",\"potentialAction\":[{\"@type\":\"ReadAction\",\"target\":[\"https:\\\/\\\/wp.kristdemokraterna.se\\\/mjolby\\\/valmaterial-2014\\\/\"]}]},{\"@type\":\"ImageObject\",\"inLanguage\":\"sv-SE\",\"@id\":\"https:\\\/\\\/wp.kristdemokraterna.se\\\/mjolby\\\/valmaterial-2014\\\/#primaryimage\",\"url\":\"https:\\\/\\\/wp.kristdemokraterna.se\\\/mjolby\\\/files\\\/2014\\\/08\\\/10574346_694781377259005_2521703044561096208_n.jpg\",\"contentUrl\":\"https:\\\/\\\/wp.kristdemokraterna.se\\\/mjolby\\\/files\\\/2014\\\/08\\\/10574346_694781377259005_2521703044561096208_n.jpg\",\"width\":960,\"height\":704},{\"@type\":\"BreadcrumbList\",\"@id\":\"https:\\\/\\\/wp.kristdemokraterna.se\\\/mjolby\\\/valmaterial-2014\\\/#breadcrumb\",\"itemListElement\":[{\"@type\":\"ListItem\",\"position\":1,\"name\":\"Hem\",\"item\":\"https:\\\/\\\/wp.kristdemokraterna.se\\\/mjolby\\\/\"},{\"@type\":\"ListItem\",\"position\":2,\"name\":\"Valmaterial 2014\"}]},{\"@type\":\"WebSite\",\"@id\":\"https:\\\/\\\/wp.kristdemokraterna.se\\\/mjolby\\\/#website\",\"url\":\"https:\\\/\\\/wp.kristdemokraterna.se\\\/mjolby\\\/\",\"name\":\"Mj\u00f6lby\",\"description\":\"Kristdemokraterna\",\"inLanguage\":\"sv-SE\"},{\"@type\":\"Person\",\"@id\":\"https:\\\/\\\/wp.kristdemokraterna.se\\\/mjolby\\\/#\\\/schema\\\/person\\\/6d62e169e57d7eb21252f7fb8e9fb167\",\"name\":\"mjolby\",\"image\":{\"@type\":\"ImageObject\",\"inLanguage\":\"sv-SE\",\"@id\":\"https:\\\/\\\/secure.gravatar.com\\\/avatar\\\/5b3f6ba44cd46bfc4328665043712cf669b54fc8192200eafbec52b20743e25e?s=96&d=mm&r=g\",\"url\":\"https:\\\/\\\/secure.gravatar.com\\\/avatar\\\/5b3f6ba44cd46bfc4328665043712cf669b54fc8192200eafbec52b20743e25e?s=96&d=mm&r=g\",\"contentUrl\":\"https:\\\/\\\/secure.gravatar.com\\\/avatar\\\/5b3f6ba44cd46bfc4328665043712cf669b54fc8192200eafbec52b20743e25e?s=96&d=mm&r=g\",\"caption\":\"mjolby\"},\"url\":\"https:\\\/\\\/wp.kristdemokraterna.se\\\/mjolby\\\/author\\\/mjolby\\\/\"}]}<\/script>\n<!-- \/ Yoast SEO plugin. -->","yoast_head_json":{"title":"Valmaterial 2014 - Mj\u00f6lby","robots":{"index":"index","follow":"follow","max-snippet":"max-snippet:-1","max-image-preview":"max-image-preview:large","max-video-preview":"max-video-preview:-1"},"canonical":"https:\/\/wp.kristdemokraterna.se\/mjolby\/valmaterial-2014\/","og_locale":"sv_SE","og_type":"article","og_title":"Valmaterial 2014 - Mj\u00f6lby","og_description":"H\u00e4r l\u00e4mnar distriktet \u00d6sterg\u00f6tland \u00f6ver riksdagskandidat Magnus Oscarsson till ordf\u00f6rande Birger Hagstr\u00f6m i Mj\u00f6lby tillsammmans med allt annat valmaterial. Ocks\u00e5 landstingsr\u00e5det Per Larsson har l\u00e4mnats i goda h\u00e4nder!","og_url":"https:\/\/wp.kristdemokraterna.se\/mjolby\/valmaterial-2014\/","og_site_name":"Mj\u00f6lby","article_published_time":"2014-08-21T20:39:59+00:00","article_modified_time":"2014-08-23T12:51:24+00:00","og_image":[{"url":"http:\/\/wp.kristdemokraterna.se\/mjolby\/files\/2014\/08\/10574346_694781377259005_2521703044561096208_n.jpg","type":"","width":"","height":""}],"author":"mjolby","twitter_card":"summary_large_image","twitter_misc":{"Skriven av":"mjolby"},"schema":{"@context":"https:\/\/schema.org","@graph":[{"@type":"Article","@id":"https:\/\/wp.kristdemokraterna.se\/mjolby\/valmaterial-2014\/#article","isPartOf":{"@id":"https:\/\/wp.kristdemokraterna.se\/mjolby\/valmaterial-2014\/"},"author":{"name":"mjolby","@id":"https:\/\/wp.kristdemokraterna.se\/mjolby\/#\/schema\/person\/6d62e169e57d7eb21252f7fb8e9fb167"},"headline":"Valmaterial 2014","datePublished":"2014-08-21T20:39:59+00:00","dateModified":"2014-08-23T12:51:24+00:00","mainEntityOfPage":{"@id":"https:\/\/wp.kristdemokraterna.se\/mjolby\/valmaterial-2014\/"},"wordCount":38,"image":{"@id":"https:\/\/wp.kristdemokraterna.se\/mjolby\/valmaterial-2014\/#primaryimage"},"thumbnailUrl":"http:\/\/wp.kristdemokraterna.se\/mjolby\/files\/2014\/08\/10574346_694781377259005_2521703044561096208_n.jpg","keywords":["Val","Val2014"],"articleSection":["Val","Val2014"],"inLanguage":"sv-SE"},{"@type":"WebPage","@id":"https:\/\/wp.kristdemokraterna.se\/mjolby\/valmaterial-2014\/","url":"https:\/\/wp.kristdemokraterna.se\/mjolby\/valmaterial-2014\/","name":"Valmaterial 2014 - Mj\u00f6lby","isPartOf":{"@id":"https:\/\/wp.kristdemokraterna.se\/mjolby\/#website"},"primaryImageOfPage":{"@id":"https:\/\/wp.kristdemokraterna.se\/mjolby\/valmaterial-2014\/#primaryimage"},"image":{"@id":"https:\/\/wp.kristdemokraterna.se\/mjolby\/valmaterial-2014\/#primaryimage"},"thumbnailUrl":"http:\/\/wp.kristdemokraterna.se\/mjolby\/files\/2014\/08\/10574346_694781377259005_2521703044561096208_n.jpg","datePublished":"2014-08-21T20:39:59+00:00","dateModified":"2014-08-23T12:51:24+00:00","author":{"@id":"https:\/\/wp.kristdemokraterna.se\/mjolby\/#\/schema\/person\/6d62e169e57d7eb21252f7fb8e9fb167"},"breadcrumb":{"@id":"https:\/\/wp.kristdemokraterna.se\/mjolby\/valmaterial-2014\/#breadcrumb"},"inLanguage":"sv-SE","potentialAction":[{"@type":"ReadAction","target":["https:\/\/wp.kristdemokraterna.se\/mjolby\/valmaterial-2014\/"]}]},{"@type":"ImageObject","inLanguage":"sv-SE","@id":"https:\/\/wp.kristdemokraterna.se\/mjolby\/valmaterial-2014\/#primaryimage","url":"https:\/\/wp.kristdemokraterna.se\/mjolby\/files\/2014\/08\/10574346_694781377259005_2521703044561096208_n.jpg","contentUrl":"https:\/\/wp.kristdemokraterna.se\/mjolby\/files\/2014\/08\/10574346_694781377259005_2521703044561096208_n.jpg","width":960,"height":704},{"@type":"BreadcrumbList","@id":"https:\/\/wp.kristdemokraterna.se\/mjolby\/valmaterial-2014\/#breadcrumb","itemListElement":[{"@type":"ListItem","position":1,"name":"Hem","item":"https:\/\/wp.kristdemokraterna.se\/mjolby\/"},{"@type":"ListItem","position":2,"name":"Valmaterial 2014"}]},{"@type":"WebSite","@id":"https:\/\/wp.kristdemokraterna.se\/mjolby\/#website","url":"https:\/\/wp.kristdemokraterna.se\/mjolby\/","name":"Mj\u00f6lby","description":"Kristdemokraterna","inLanguage":"sv-SE"},{"@type":"Person","@id":"https:\/\/wp.kristdemokraterna.se\/mjolby\/#\/schema\/person\/6d62e169e57d7eb21252f7fb8e9fb167","name":"mjolby","image":{"@type":"ImageObject","inLanguage":"sv-SE","@id":"https:\/\/secure.gravatar.com\/avatar\/5b3f6ba44cd46bfc4328665043712cf669b54fc8192200eafbec52b20743e25e?s=96&d=mm&r=g","url":"https:\/\/secure.gravatar.com\/avatar\/5b3f6ba44cd46bfc4328665043712cf669b54fc8192200eafbec52b20743e25e?s=96&d=mm&r=g","contentUrl":"https:\/\/secure.gravatar.com\/avatar\/5b3f6ba44cd46bfc4328665043712cf669b54fc8192200eafbec52b20743e25e?s=96&d=mm&r=g","caption":"mjolby"},"url":"https:\/\/wp.kristdemokraterna.se\/mjolby\/author\/mjolby\/"}]}},"_links":{"self":[{"href":"https:\/\/wp.kristdemokraterna.se\/mjolby\/wp-json\/wp\/v2\/posts\/1160","targetHints":{"allow":["GET"]}}],"collection":[{"href":"https:\/\/wp.kristdemokraterna.se\/mjolby\/wp-json\/wp\/v2\/posts"}],"about":[{"href":"https:\/\/wp.kristdemokraterna.se\/mjolby\/wp-json\/wp\/v2\/types\/post"}],"author":[{"embeddable":true,"href":"https:\/\/wp.kristdemokraterna.se\/mjolby\/wp-json\/wp\/v2\/users\/433"}],"replies":[{"embeddable":true,"href":"https:\/\/wp.kristdemokraterna.se\/mjolby\/wp-json\/wp\/v2\/comments?post=1160"}],"version-history":[{"count":5,"href":"https:\/\/wp.kristdemokraterna.se\/mjolby\/wp-json\/wp\/v2\/posts\/1160\/revisions"}],"predecessor-version":[{"id":1166,"href":"https:\/\/wp.kristdemokraterna.se\/mjolby\/wp-json\/wp\/v2\/posts\/1160\/revisions\/1166"}],"wp:attachment":[{"href":"https:\/\/wp.kristdemokraterna.se\/mjolby\/wp-json\/wp\/v2\/media?parent=1160"}],"wp:term":[{"taxonomy":"category","embeddable":true,"href":"https:\/\/wp.kristdemokraterna.se\/mjolby\/wp-json\/wp\/v2\/categories?post=1160"},{"taxonomy":"post_tag","embeddable":true,"href":"https:\/\/wp.kristdemokraterna.se\/mjolby\/wp-json\/wp\/v2\/tags?post=1160"}],"curies":[{"name":"wp","href":"https:\/\/api.w.org\/{rel}","templated":true}]}}