{"id":1175,"date":"2014-09-01T17:02:30","date_gmt":"2014-09-01T15:02:30","guid":{"rendered":"http:\/\/wp.kristdemokraterna.se\/mjolby\/?p=1175"},"modified":"2014-09-01T17:15:54","modified_gmt":"2014-09-01T15:15:54","slug":"kampanj-pa-kanikeplan","status":"publish","type":"post","link":"https:\/\/wp.kristdemokraterna.se\/mjolby\/kampanj-pa-kanikeplan\/","title":{"rendered":"Kampanj p\u00e5 Kanikeplan"},"content":{"rendered":"<p><img loading=\"lazy\" decoding=\"async\" class=\"alignleft wp-image-1176 size-large\" src=\"http:\/\/wp.kristdemokraterna.se\/mjolby\/files\/2014\/09\/10441011_699676393436170_5587831942413025225_n-540x396.jpg\" alt=\"Birger Charlotte Gunvor | Foto: Lena K\u00e4cker Johansson |10441011_699676393436170_5587831942413025225_n\" width=\"540\" height=\"396\" srcset=\"https:\/\/wp.kristdemokraterna.se\/mjolby\/files\/2014\/09\/10441011_699676393436170_5587831942413025225_n-540x396.jpg 540w, https:\/\/wp.kristdemokraterna.se\/mjolby\/files\/2014\/09\/10441011_699676393436170_5587831942413025225_n-300x220.jpg 300w, https:\/\/wp.kristdemokraterna.se\/mjolby\/files\/2014\/09\/10441011_699676393436170_5587831942413025225_n-471x346.jpg 471w, https:\/\/wp.kristdemokraterna.se\/mjolby\/files\/2014\/09\/10441011_699676393436170_5587831942413025225_n-152x112.jpg 152w, https:\/\/wp.kristdemokraterna.se\/mjolby\/files\/2014\/09\/10441011_699676393436170_5587831942413025225_n.jpg 960w\" sizes=\"auto, (max-width: 540px) 100vw, 540px\" \/><br \/>\n\u00c5ter i Mj\u00f6lby f\u00f6r kampanj, Birger, Charlotte och Gunvor i farten. Tidigare har vi delat ut i brevl\u00e5dor och snart kommer Magnus Oscarsson kliva ur sin &#8221;pappersupplaga&#8221;<\/p>\n<p><img loading=\"lazy\" decoding=\"async\" class=\"alignleft wp-image-1177 size-large\" src=\"http:\/\/wp.kristdemokraterna.se\/mjolby\/files\/2014\/09\/1926243_699679876769155_9014931129533542155_o-540x403.jpg\" alt=\"Gunvor Magnus Birger | Foto: Lena K\u00e4cker Johansson | 1926243_699679876769155_9014931129533542155_o\" width=\"540\" height=\"403\" srcset=\"https:\/\/wp.kristdemokraterna.se\/mjolby\/files\/2014\/09\/1926243_699679876769155_9014931129533542155_o-540x403.jpg 540w, https:\/\/wp.kristdemokraterna.se\/mjolby\/files\/2014\/09\/1926243_699679876769155_9014931129533542155_o-300x223.jpg 300w, https:\/\/wp.kristdemokraterna.se\/mjolby\/files\/2014\/09\/1926243_699679876769155_9014931129533542155_o-463x346.jpg 463w, https:\/\/wp.kristdemokraterna.se\/mjolby\/files\/2014\/09\/1926243_699679876769155_9014931129533542155_o-150x112.jpg 150w, https:\/\/wp.kristdemokraterna.se\/mjolby\/files\/2014\/09\/1926243_699679876769155_9014931129533542155_o.jpg 2048w\" sizes=\"auto, (max-width: 540px) 100vw, 540px\" \/><\/p>\n<p>S\u00e5 d\u00e4r ja, Magnus p\u00e5 plats!<\/p>\n<p><strong>Det h\u00e4r vill Kristdemokraterna g\u00f6ra i Mj\u00f6lby<\/strong><br \/>\n\u2022 Minska barngruppernas storlek i f\u00f6rskola och p\u00e5 fritids.<br \/>\n\u2022 Garantera valfrihet i barnomsorgen genom v\u00e5rdnadsbidrag eller barnomsorgspeng.<br \/>\n\u2022 B\u00e4ttre kvalitet p\u00e5 \u00e4ldres mat och m\u00e5ltider.<br \/>\n\u2022 Ge \u00e4ldre r\u00e4tt att v\u00e4lja \u00e4ldreomsorg, f\u00e4rdtj\u00e4nst och hemlevererad<br \/>\nmat.<br \/>\n\u2022 Stoppa ungdomsbrotten i samverkan med polisen och<br \/>\ndet civila samh\u00e4llet.<br \/>\n\u2022 M\u00f6jligg\u00f6ra praktikplatser s\u00e5 att arbetsl\u00f6sa l\u00e4ttare kan f\u00e5 jobb.<br \/>\n\u2022 B\u00e4ttre villkor f\u00f6r f\u00f6retagande \u2013 tydligg\u00f6ra kommunens \u00e5tagande<br \/>\ngenom tj\u00e4nstegarantier.<br \/>\n\u2022 Duktiga l\u00e4rare ska ha bra l\u00f6n.<br \/>\n\u2022 F\u00f6renkla byggandet av nya bost\u00e4der.<\/p>\n<p>L\u00e4s mer<br \/>\n<a title=\"Valet 14 sept 2014\" href=\"http:\/\/wp.kristdemokraterna.se\/mjolby\/valet2014\/\">Valet 2014 <\/a><\/p>\n","protected":false},"excerpt":{"rendered":"<p>\u00c5ter i Mj\u00f6lby f\u00f6r kampanj, Birger, Charlotte och Gunvor i farten. Tidigare har vi delat ut i brevl\u00e5dor och snart kommer Magnus Oscarsson kliva ur sin &#8221;pappersupplaga&#8221; S\u00e5 d\u00e4r ja, Magnus p\u00e5 plats! Det h\u00e4r vill Kristdemokraterna g\u00f6ra i Mj\u00f6lby \u2022 Minska barngruppernas storlek i f\u00f6rskola och p\u00e5 fritids. \u2022 Garantera valfrihet i barnomsorgen genom <a class=\"read-more-link\" href=\"https:\/\/wp.kristdemokraterna.se\/mjolby\/kampanj-pa-kanikeplan\/\">Read More<\/a><\/p>\n","protected":false},"author":433,"featured_media":0,"comment_status":"closed","ping_status":"closed","sticky":false,"template":"","format":"standard","meta":{"_acf_changed":false,"footnotes":""},"categories":[12,14],"tags":[20,22],"class_list":["post-1175","post","type-post","status-publish","format-standard","hentry","category-val","category-val2014","tag-val","tag-val2014"],"acf":[],"yoast_head":"<!-- This site is optimized with the Yoast SEO plugin v27.4 - https:\/\/yoast.com\/product\/yoast-seo-wordpress\/ -->\n<title>Kampanj p\u00e5 Kanikeplan - Mj\u00f6lby<\/title>\n<meta name=\"robots\" content=\"index, follow, max-snippet:-1, max-image-preview:large, max-video-preview:-1\" \/>\n<link rel=\"canonical\" href=\"https:\/\/wp.kristdemokraterna.se\/mjolby\/kampanj-pa-kanikeplan\/\" \/>\n<meta property=\"og:locale\" content=\"sv_SE\" \/>\n<meta property=\"og:type\" content=\"article\" \/>\n<meta property=\"og:title\" content=\"Kampanj p\u00e5 Kanikeplan - Mj\u00f6lby\" \/>\n<meta property=\"og:description\" content=\"\u00c5ter i Mj\u00f6lby f\u00f6r kampanj, Birger, Charlotte och Gunvor i farten. Tidigare har vi delat ut i brevl\u00e5dor och snart kommer Magnus Oscarsson kliva ur sin &#8221;pappersupplaga&#8221; S\u00e5 d\u00e4r ja, Magnus p\u00e5 plats! Det h\u00e4r vill Kristdemokraterna g\u00f6ra i Mj\u00f6lby \u2022 Minska barngruppernas storlek i f\u00f6rskola och p\u00e5 fritids. \u2022 Garantera valfrihet i barnomsorgen genom Read More\" \/>\n<meta property=\"og:url\" content=\"https:\/\/wp.kristdemokraterna.se\/mjolby\/kampanj-pa-kanikeplan\/\" \/>\n<meta property=\"og:site_name\" content=\"Mj\u00f6lby\" \/>\n<meta property=\"article:published_time\" content=\"2014-09-01T15:02:30+00:00\" \/>\n<meta property=\"article:modified_time\" content=\"2014-09-01T15:15:54+00:00\" \/>\n<meta property=\"og:image\" content=\"http:\/\/wp.kristdemokraterna.se\/mjolby\/files\/2014\/09\/10441011_699676393436170_5587831942413025225_n-540x396.jpg\" \/>\n<meta name=\"author\" content=\"mjolby\" \/>\n<meta name=\"twitter:card\" content=\"summary_large_image\" \/>\n<meta name=\"twitter:label1\" content=\"Skriven av\" \/>\n\t<meta name=\"twitter:data1\" content=\"mjolby\" \/>\n\t<meta name=\"twitter:label2\" content=\"Ber\u00e4knad l\u00e4stid\" \/>\n\t<meta name=\"twitter:data2\" content=\"1 minut\" \/>\n<script type=\"application\/ld+json\" class=\"yoast-schema-graph\">{\"@context\":\"https:\\\/\\\/schema.org\",\"@graph\":[{\"@type\":\"Article\",\"@id\":\"https:\\\/\\\/wp.kristdemokraterna.se\\\/mjolby\\\/kampanj-pa-kanikeplan\\\/#article\",\"isPartOf\":{\"@id\":\"https:\\\/\\\/wp.kristdemokraterna.se\\\/mjolby\\\/kampanj-pa-kanikeplan\\\/\"},\"author\":{\"name\":\"mjolby\",\"@id\":\"https:\\\/\\\/wp.kristdemokraterna.se\\\/mjolby\\\/#\\\/schema\\\/person\\\/6d62e169e57d7eb21252f7fb8e9fb167\"},\"headline\":\"Kampanj p\u00e5 Kanikeplan\",\"datePublished\":\"2014-09-01T15:02:30+00:00\",\"dateModified\":\"2014-09-01T15:15:54+00:00\",\"mainEntityOfPage\":{\"@id\":\"https:\\\/\\\/wp.kristdemokraterna.se\\\/mjolby\\\/kampanj-pa-kanikeplan\\\/\"},\"wordCount\":148,\"image\":{\"@id\":\"https:\\\/\\\/wp.kristdemokraterna.se\\\/mjolby\\\/kampanj-pa-kanikeplan\\\/#primaryimage\"},\"thumbnailUrl\":\"http:\\\/\\\/wp.kristdemokraterna.se\\\/mjolby\\\/files\\\/2014\\\/09\\\/10441011_699676393436170_5587831942413025225_n-540x396.jpg\",\"keywords\":[\"Val\",\"Val2014\"],\"articleSection\":[\"Val\",\"Val2014\"],\"inLanguage\":\"sv-SE\"},{\"@type\":\"WebPage\",\"@id\":\"https:\\\/\\\/wp.kristdemokraterna.se\\\/mjolby\\\/kampanj-pa-kanikeplan\\\/\",\"url\":\"https:\\\/\\\/wp.kristdemokraterna.se\\\/mjolby\\\/kampanj-pa-kanikeplan\\\/\",\"name\":\"Kampanj p\u00e5 Kanikeplan - Mj\u00f6lby\",\"isPartOf\":{\"@id\":\"https:\\\/\\\/wp.kristdemokraterna.se\\\/mjolby\\\/#website\"},\"primaryImageOfPage\":{\"@id\":\"https:\\\/\\\/wp.kristdemokraterna.se\\\/mjolby\\\/kampanj-pa-kanikeplan\\\/#primaryimage\"},\"image\":{\"@id\":\"https:\\\/\\\/wp.kristdemokraterna.se\\\/mjolby\\\/kampanj-pa-kanikeplan\\\/#primaryimage\"},\"thumbnailUrl\":\"http:\\\/\\\/wp.kristdemokraterna.se\\\/mjolby\\\/files\\\/2014\\\/09\\\/10441011_699676393436170_5587831942413025225_n-540x396.jpg\",\"datePublished\":\"2014-09-01T15:02:30+00:00\",\"dateModified\":\"2014-09-01T15:15:54+00:00\",\"author\":{\"@id\":\"https:\\\/\\\/wp.kristdemokraterna.se\\\/mjolby\\\/#\\\/schema\\\/person\\\/6d62e169e57d7eb21252f7fb8e9fb167\"},\"breadcrumb\":{\"@id\":\"https:\\\/\\\/wp.kristdemokraterna.se\\\/mjolby\\\/kampanj-pa-kanikeplan\\\/#breadcrumb\"},\"inLanguage\":\"sv-SE\",\"potentialAction\":[{\"@type\":\"ReadAction\",\"target\":[\"https:\\\/\\\/wp.kristdemokraterna.se\\\/mjolby\\\/kampanj-pa-kanikeplan\\\/\"]}]},{\"@type\":\"ImageObject\",\"inLanguage\":\"sv-SE\",\"@id\":\"https:\\\/\\\/wp.kristdemokraterna.se\\\/mjolby\\\/kampanj-pa-kanikeplan\\\/#primaryimage\",\"url\":\"https:\\\/\\\/wp.kristdemokraterna.se\\\/mjolby\\\/files\\\/2014\\\/09\\\/10441011_699676393436170_5587831942413025225_n.jpg\",\"contentUrl\":\"https:\\\/\\\/wp.kristdemokraterna.se\\\/mjolby\\\/files\\\/2014\\\/09\\\/10441011_699676393436170_5587831942413025225_n.jpg\",\"width\":960,\"height\":704},{\"@type\":\"BreadcrumbList\",\"@id\":\"https:\\\/\\\/wp.kristdemokraterna.se\\\/mjolby\\\/kampanj-pa-kanikeplan\\\/#breadcrumb\",\"itemListElement\":[{\"@type\":\"ListItem\",\"position\":1,\"name\":\"Hem\",\"item\":\"https:\\\/\\\/wp.kristdemokraterna.se\\\/mjolby\\\/\"},{\"@type\":\"ListItem\",\"position\":2,\"name\":\"Kampanj p\u00e5 Kanikeplan\"}]},{\"@type\":\"WebSite\",\"@id\":\"https:\\\/\\\/wp.kristdemokraterna.se\\\/mjolby\\\/#website\",\"url\":\"https:\\\/\\\/wp.kristdemokraterna.se\\\/mjolby\\\/\",\"name\":\"Mj\u00f6lby\",\"description\":\"Kristdemokraterna\",\"inLanguage\":\"sv-SE\"},{\"@type\":\"Person\",\"@id\":\"https:\\\/\\\/wp.kristdemokraterna.se\\\/mjolby\\\/#\\\/schema\\\/person\\\/6d62e169e57d7eb21252f7fb8e9fb167\",\"name\":\"mjolby\",\"image\":{\"@type\":\"ImageObject\",\"inLanguage\":\"sv-SE\",\"@id\":\"https:\\\/\\\/secure.gravatar.com\\\/avatar\\\/5b3f6ba44cd46bfc4328665043712cf669b54fc8192200eafbec52b20743e25e?s=96&d=mm&r=g\",\"url\":\"https:\\\/\\\/secure.gravatar.com\\\/avatar\\\/5b3f6ba44cd46bfc4328665043712cf669b54fc8192200eafbec52b20743e25e?s=96&d=mm&r=g\",\"contentUrl\":\"https:\\\/\\\/secure.gravatar.com\\\/avatar\\\/5b3f6ba44cd46bfc4328665043712cf669b54fc8192200eafbec52b20743e25e?s=96&d=mm&r=g\",\"caption\":\"mjolby\"},\"url\":\"https:\\\/\\\/wp.kristdemokraterna.se\\\/mjolby\\\/author\\\/mjolby\\\/\"}]}<\/script>\n<!-- \/ Yoast SEO plugin. -->","yoast_head_json":{"title":"Kampanj p\u00e5 Kanikeplan - Mj\u00f6lby","robots":{"index":"index","follow":"follow","max-snippet":"max-snippet:-1","max-image-preview":"max-image-preview:large","max-video-preview":"max-video-preview:-1"},"canonical":"https:\/\/wp.kristdemokraterna.se\/mjolby\/kampanj-pa-kanikeplan\/","og_locale":"sv_SE","og_type":"article","og_title":"Kampanj p\u00e5 Kanikeplan - Mj\u00f6lby","og_description":"\u00c5ter i Mj\u00f6lby f\u00f6r kampanj, Birger, Charlotte och Gunvor i farten. Tidigare har vi delat ut i brevl\u00e5dor och snart kommer Magnus Oscarsson kliva ur sin &#8221;pappersupplaga&#8221; S\u00e5 d\u00e4r ja, Magnus p\u00e5 plats! Det h\u00e4r vill Kristdemokraterna g\u00f6ra i Mj\u00f6lby \u2022 Minska barngruppernas storlek i f\u00f6rskola och p\u00e5 fritids. \u2022 Garantera valfrihet i barnomsorgen genom Read More","og_url":"https:\/\/wp.kristdemokraterna.se\/mjolby\/kampanj-pa-kanikeplan\/","og_site_name":"Mj\u00f6lby","article_published_time":"2014-09-01T15:02:30+00:00","article_modified_time":"2014-09-01T15:15:54+00:00","og_image":[{"url":"http:\/\/wp.kristdemokraterna.se\/mjolby\/files\/2014\/09\/10441011_699676393436170_5587831942413025225_n-540x396.jpg","type":"","width":"","height":""}],"author":"mjolby","twitter_card":"summary_large_image","twitter_misc":{"Skriven av":"mjolby","Ber\u00e4knad l\u00e4stid":"1 minut"},"schema":{"@context":"https:\/\/schema.org","@graph":[{"@type":"Article","@id":"https:\/\/wp.kristdemokraterna.se\/mjolby\/kampanj-pa-kanikeplan\/#article","isPartOf":{"@id":"https:\/\/wp.kristdemokraterna.se\/mjolby\/kampanj-pa-kanikeplan\/"},"author":{"name":"mjolby","@id":"https:\/\/wp.kristdemokraterna.se\/mjolby\/#\/schema\/person\/6d62e169e57d7eb21252f7fb8e9fb167"},"headline":"Kampanj p\u00e5 Kanikeplan","datePublished":"2014-09-01T15:02:30+00:00","dateModified":"2014-09-01T15:15:54+00:00","mainEntityOfPage":{"@id":"https:\/\/wp.kristdemokraterna.se\/mjolby\/kampanj-pa-kanikeplan\/"},"wordCount":148,"image":{"@id":"https:\/\/wp.kristdemokraterna.se\/mjolby\/kampanj-pa-kanikeplan\/#primaryimage"},"thumbnailUrl":"http:\/\/wp.kristdemokraterna.se\/mjolby\/files\/2014\/09\/10441011_699676393436170_5587831942413025225_n-540x396.jpg","keywords":["Val","Val2014"],"articleSection":["Val","Val2014"],"inLanguage":"sv-SE"},{"@type":"WebPage","@id":"https:\/\/wp.kristdemokraterna.se\/mjolby\/kampanj-pa-kanikeplan\/","url":"https:\/\/wp.kristdemokraterna.se\/mjolby\/kampanj-pa-kanikeplan\/","name":"Kampanj p\u00e5 Kanikeplan - Mj\u00f6lby","isPartOf":{"@id":"https:\/\/wp.kristdemokraterna.se\/mjolby\/#website"},"primaryImageOfPage":{"@id":"https:\/\/wp.kristdemokraterna.se\/mjolby\/kampanj-pa-kanikeplan\/#primaryimage"},"image":{"@id":"https:\/\/wp.kristdemokraterna.se\/mjolby\/kampanj-pa-kanikeplan\/#primaryimage"},"thumbnailUrl":"http:\/\/wp.kristdemokraterna.se\/mjolby\/files\/2014\/09\/10441011_699676393436170_5587831942413025225_n-540x396.jpg","datePublished":"2014-09-01T15:02:30+00:00","dateModified":"2014-09-01T15:15:54+00:00","author":{"@id":"https:\/\/wp.kristdemokraterna.se\/mjolby\/#\/schema\/person\/6d62e169e57d7eb21252f7fb8e9fb167"},"breadcrumb":{"@id":"https:\/\/wp.kristdemokraterna.se\/mjolby\/kampanj-pa-kanikeplan\/#breadcrumb"},"inLanguage":"sv-SE","potentialAction":[{"@type":"ReadAction","target":["https:\/\/wp.kristdemokraterna.se\/mjolby\/kampanj-pa-kanikeplan\/"]}]},{"@type":"ImageObject","inLanguage":"sv-SE","@id":"https:\/\/wp.kristdemokraterna.se\/mjolby\/kampanj-pa-kanikeplan\/#primaryimage","url":"https:\/\/wp.kristdemokraterna.se\/mjolby\/files\/2014\/09\/10441011_699676393436170_5587831942413025225_n.jpg","contentUrl":"https:\/\/wp.kristdemokraterna.se\/mjolby\/files\/2014\/09\/10441011_699676393436170_5587831942413025225_n.jpg","width":960,"height":704},{"@type":"BreadcrumbList","@id":"https:\/\/wp.kristdemokraterna.se\/mjolby\/kampanj-pa-kanikeplan\/#breadcrumb","itemListElement":[{"@type":"ListItem","position":1,"name":"Hem","item":"https:\/\/wp.kristdemokraterna.se\/mjolby\/"},{"@type":"ListItem","position":2,"name":"Kampanj p\u00e5 Kanikeplan"}]},{"@type":"WebSite","@id":"https:\/\/wp.kristdemokraterna.se\/mjolby\/#website","url":"https:\/\/wp.kristdemokraterna.se\/mjolby\/","name":"Mj\u00f6lby","description":"Kristdemokraterna","inLanguage":"sv-SE"},{"@type":"Person","@id":"https:\/\/wp.kristdemokraterna.se\/mjolby\/#\/schema\/person\/6d62e169e57d7eb21252f7fb8e9fb167","name":"mjolby","image":{"@type":"ImageObject","inLanguage":"sv-SE","@id":"https:\/\/secure.gravatar.com\/avatar\/5b3f6ba44cd46bfc4328665043712cf669b54fc8192200eafbec52b20743e25e?s=96&d=mm&r=g","url":"https:\/\/secure.gravatar.com\/avatar\/5b3f6ba44cd46bfc4328665043712cf669b54fc8192200eafbec52b20743e25e?s=96&d=mm&r=g","contentUrl":"https:\/\/secure.gravatar.com\/avatar\/5b3f6ba44cd46bfc4328665043712cf669b54fc8192200eafbec52b20743e25e?s=96&d=mm&r=g","caption":"mjolby"},"url":"https:\/\/wp.kristdemokraterna.se\/mjolby\/author\/mjolby\/"}]}},"_links":{"self":[{"href":"https:\/\/wp.kristdemokraterna.se\/mjolby\/wp-json\/wp\/v2\/posts\/1175","targetHints":{"allow":["GET"]}}],"collection":[{"href":"https:\/\/wp.kristdemokraterna.se\/mjolby\/wp-json\/wp\/v2\/posts"}],"about":[{"href":"https:\/\/wp.kristdemokraterna.se\/mjolby\/wp-json\/wp\/v2\/types\/post"}],"author":[{"embeddable":true,"href":"https:\/\/wp.kristdemokraterna.se\/mjolby\/wp-json\/wp\/v2\/users\/433"}],"replies":[{"embeddable":true,"href":"https:\/\/wp.kristdemokraterna.se\/mjolby\/wp-json\/wp\/v2\/comments?post=1175"}],"version-history":[{"count":5,"href":"https:\/\/wp.kristdemokraterna.se\/mjolby\/wp-json\/wp\/v2\/posts\/1175\/revisions"}],"predecessor-version":[{"id":1182,"href":"https:\/\/wp.kristdemokraterna.se\/mjolby\/wp-json\/wp\/v2\/posts\/1175\/revisions\/1182"}],"wp:attachment":[{"href":"https:\/\/wp.kristdemokraterna.se\/mjolby\/wp-json\/wp\/v2\/media?parent=1175"}],"wp:term":[{"taxonomy":"category","embeddable":true,"href":"https:\/\/wp.kristdemokraterna.se\/mjolby\/wp-json\/wp\/v2\/categories?post=1175"},{"taxonomy":"post_tag","embeddable":true,"href":"https:\/\/wp.kristdemokraterna.se\/mjolby\/wp-json\/wp\/v2\/tags?post=1175"}],"curies":[{"name":"wp","href":"https:\/\/api.w.org\/{rel}","templated":true}]}}